{"id":167894,"date":"2026-01-04T15:15:00","date_gmt":"2026-01-04T18:15:00","guid":{"rendered":"https:\/\/www.correiobraziliense.com.br\/cbradar\/?p=167894"},"modified":"2026-01-03T21:17:20","modified_gmt":"2026-01-04T00:17:20","slug":"a-regra-gramatical-que-todo-mundo-erra-mas-poucos-admitem","status":"publish","type":"post","link":"https:\/\/www.correiobraziliense.com.br\/cbradar\/a-regra-gramatical-que-todo-mundo-erra-mas-poucos-admitem\/","title":{"rendered":"A regra gramatical que todo mundo erra mas poucos admitem"},"content":{"rendered":"\n<p>Entre as d\u00favidas gramaticais que mais geram confus\u00e3o na l\u00edngua portuguesa, o uso de <strong>\u201chaver\u201d<\/strong> e da express\u00e3o <strong>\u201ca ver\u201d<\/strong> est\u00e1 sempre entre as primeiras. As duas formas s\u00e3o muito ouvidas no dia a dia, soam praticamente iguais, mas exercem fun\u00e7\u00f5es completamente diferentes na frase, o que pode comprometer a clareza da comunica\u00e7\u00e3o, sobretudo em <strong>reda\u00e7\u00f5es, provas, concursos e textos profissionais<\/strong>.<\/p>\n\n\n\n<h2 class=\"wp-block-heading\">Qual \u00e9 a diferen\u00e7a principal entre haver e a ver<\/h2>\n\n\n\n<p>A diferen\u00e7a essencial entre <strong>\u201chaver\u201d<\/strong> e <strong>\u201ca ver\u201d<\/strong> est\u00e1 na <strong>classe gramatical<\/strong> e no <strong>sentido<\/strong> que cada um carrega. O verbo <strong>haver<\/strong>, em muitos casos, tem o sentido de <em>existir<\/em> ou de indicar <em>ocorr\u00eancia de algo<\/em>, funcionando como verbo impessoal em v\u00e1rios contextos.<\/p>\n\n\n\n<p>J\u00e1 a express\u00e3o <strong>\u201ca ver\u201d<\/strong> aparece para mostrar que uma coisa tem <strong>rela\u00e7\u00e3o, liga\u00e7\u00e3o ou afinidade<\/strong> com outra, ou justamente o contr\u00e1rio: que n\u00e3o h\u00e1 qualquer v\u00ednculo entre elas. Saber distinguir se a frase fala de <strong>exist\u00eancia<\/strong> ou de <strong>rela\u00e7\u00e3o<\/strong> \u00e9 o ponto central para evitar deslizes.<\/p>\n\n\n\n<p>Para aprofundarmos no tema, trouxemos o v\u00eddeo do professor M\u00e1rcio L\u00e1zaro:<\/p>\n\n\n\n<blockquote class=\"tiktok-embed\" cite=\"https:\/\/www.tiktok.com\/@prof.marciolazaro\/video\/7318135946921233669\" data-video-id=\"7318135946921233669\" style=\"max-width: 605px;min-width: 325px;\" > <section> <a target=\"_blank\" title=\"@prof.marciolazaro\" href=\"https:\/\/www.tiktok.com\/@prof.marciolazaro?refer=embed\">@prof.marciolazaro<\/a> HAVER X A VER <a title=\"linguaportuguesa\" target=\"_blank\" href=\"https:\/\/www.tiktok.com\/tag\/linguaportuguesa?refer=embed\">#linguaportuguesa<\/a> <a title=\"concurso\" target=\"_blank\" href=\"https:\/\/www.tiktok.com\/tag\/concurso?refer=embed\">#concurso<\/a> <a title=\"enem\" target=\"_blank\" href=\"https:\/\/www.tiktok.com\/tag\/enem?refer=embed\">#enem<\/a> <a title=\"escrevacorretamente\" target=\"_blank\" href=\"https:\/\/www.tiktok.com\/tag\/escrevacorretamente?refer=embed\">#escrevacorretamente<\/a> <a title=\"dicasdeportugues\" target=\"_blank\" href=\"https:\/\/www.tiktok.com\/tag\/dicasdeportugues?refer=embed\">#dicasdeportugues<\/a> <a target=\"_blank\" title=\"\u266c Epic Music(863502) - Draganov89\" href=\"https:\/\/www.tiktok.com\/music\/Epic-Music-863502-6873501791145691137?refer=embed\">\u266c Epic Music(863502) &#8211; Draganov89<\/a> <\/section> <\/blockquote> <script async src=\"https:\/\/www.tiktok.com\/embed.js\"><\/script>\n\n\n\n<h2 class=\"wp-block-heading\">Como usar haver de forma correta<\/h2>\n\n\n\n<p>O verbo <strong>haver<\/strong>, com sentido de exist\u00eancia, costuma aparecer na forma <strong>impessoal<\/strong>, isto \u00e9, sem sujeito, e por isso permanece <strong>sempre no singular<\/strong>, mesmo que a frase sugira algo no plural. Em constru\u00e7\u00f5es que indicam <strong>tempo decorrido<\/strong>, como \u201ch\u00e1 muitos anos\u201d, ele tamb\u00e9m pode substituir \u201cfazer\u201d, refor\u00e7ando a ideia de um per\u00edodo j\u00e1 passado.<\/p>\n\n\n\n<p>Em textos mais monitorados, o uso adequado de <strong>\u201chaver\u201d<\/strong> evita erros de concord\u00e2ncia como \u201chaviam muitas pessoas\u201d, forma inadequada nesse valor impessoal. A regra pr\u00e1tica \u00e9 simples: se o verbo puder ser trocado por <strong>\u201cexistir\u201d<\/strong> sem preju\u00edzo de sentido, a forma correta \u00e9 deixar \u201chaver\u201d no singular, o que resolve boa parte das d\u00favidas de concord\u00e2ncia.<\/p>\n\n\n\n<ul class=\"wp-block-list\">\n<li><strong>Sentido de exist\u00eancia:<\/strong> indica que algo <strong>existe<\/strong> ou est\u00e1 presente em determinado contexto.<\/li>\n\n\n\n<li><strong>Sentido de ocorr\u00eancia:<\/strong> marca que um fato <strong>pode acontecer<\/strong> ou <strong>ocorreu<\/strong>.<\/li>\n\n\n\n<li><strong>Indica\u00e7\u00e3o de tempo:<\/strong> aponta quanto <strong>tempo se passou<\/strong> desde determinado evento.<\/li>\n<\/ul>\n\n\n\n<h2 class=\"wp-block-heading\">Quando a express\u00e3o a ver deve ser usada<\/h2>\n\n\n\n<p>A express\u00e3o <strong>\u201ca ver\u201d<\/strong> n\u00e3o \u00e9 verbo e n\u00e3o indica exist\u00eancia ou tempo; ela marca <strong>rela\u00e7\u00e3o, associa\u00e7\u00e3o ou pertin\u00eancia<\/strong> entre ideias, pessoas, fatos ou temas. \u00c9 comum surgir em frases como \u201cisso n\u00e3o tem nada a ver com aquilo\u201d, nas quais se ressalta a <strong>falta de v\u00ednculo<\/strong> entre elementos.<\/p>\n\n\n\n<p>Al\u00e9m disso, <strong>\u201ca ver\u201d<\/strong> aparece com frequ\u00eancia em constru\u00e7\u00f5es que indicam <strong>afinidade, semelhan\u00e7a ou correspond\u00eancia<\/strong>. Em textos explicativos, not\u00edcias ou an\u00e1lises, essa express\u00e3o ajuda a esclarecer se uma informa\u00e7\u00e3o est\u00e1 relacionada a outra ou se trata de assunto independente, devendo-se evitar a confus\u00e3o com o verbo <strong>ver<\/strong>, que indica o ato de enxergar.<\/p>\n\n\n\n<ol class=\"wp-block-list\">\n<li><strong>Indicar afinidade:<\/strong> algo tem <strong>muito a ver<\/strong> com outra coisa.<\/li>\n\n\n\n<li><strong>Marcar contraste:<\/strong> algo n\u00e3o tem <strong>nada a ver<\/strong> com o assunto em discuss\u00e3o.<\/li>\n\n\n\n<li><strong>Mostrar pertin\u00eancia:<\/strong> tema diretamente <strong>a ver com<\/strong> determinado contexto.<\/li>\n<\/ol>\n\n\n\n<h2 class=\"wp-block-heading\">Como diferenciar haver e a ver no dia a dia<\/h2>\n\n\n\n<p>Uma estrat\u00e9gia pr\u00e1tica para diferenciar <strong>\u201chaver\u201d<\/strong> de <strong>\u201ca ver\u201d<\/strong> \u00e9 fazer dois testes simples em cada frase. Primeiro, verificar se o termo poderia ser trocado por <strong>\u201cexistir\u201d<\/strong> mantendo o sentido; se a resposta for positiva, a forma correta tende a ser o verbo <strong>\u201chaver\u201d<\/strong> impessoal.<\/p>\n\n\n\n<p>Em seguida, \u00e9 \u00fatil avaliar se a frase trata de <strong>rela\u00e7\u00e3o entre elementos<\/strong>; se for esse o caso, \u00e9 prov\u00e1vel que a op\u00e7\u00e3o adequada seja a express\u00e3o <strong>\u201ca ver\u201d<\/strong>. Em ambientes profissionais, acad\u00eamicos ou jur\u00eddicos, essa distin\u00e7\u00e3o ganha peso, pois mudan\u00e7as sutis podem gerar interpreta\u00e7\u00f5es diferentes, especialmente em <strong>documentos oficiais, contratos e comunica\u00e7\u00f5es institucionais<\/strong>.<\/p>\n\n\n\n<figure class=\"wp-block-image size-large\"><img decoding=\"async\" width=\"1024\" height=\"572\" src=\"https:\/\/www.correiobraziliense.com.br\/cbradar\/wp-content\/uploads\/2026\/01\/Haver-vs-A-Ver-1024x572.png\" alt=\"A regra gramatical que todo mundo erra mas poucos admitem\" class=\"wp-image-167901\" srcset=\"https:\/\/www.correiobraziliense.com.br\/cbradar\/wp-content\/uploads\/2026\/01\/Haver-vs-A-Ver-1024x572.png 1024w, https:\/\/www.correiobraziliense.com.br\/cbradar\/wp-content\/uploads\/2026\/01\/Haver-vs-A-Ver-300x167.png 300w, https:\/\/www.correiobraziliense.com.br\/cbradar\/wp-content\/uploads\/2026\/01\/Haver-vs-A-Ver-768x429.png 768w, https:\/\/www.correiobraziliense.com.br\/cbradar\/wp-content\/uploads\/2026\/01\/Haver-vs-A-Ver-750x419.png 750w, https:\/\/www.correiobraziliense.com.br\/cbradar\/wp-content\/uploads\/2026\/01\/Haver-vs-A-Ver-1140x636.png 1140w, https:\/\/www.correiobraziliense.com.br\/cbradar\/wp-content\/uploads\/2026\/01\/Haver-vs-A-Ver.png 1376w\" sizes=\"(max-width: 1024px) 100vw, 1024px\" \/><figcaption class=\"wp-element-caption\">Domine &#8220;haver&#8221; e &#8220;a ver&#8221; para elevar sua escrita em portugu\u00eas e brilhar em provas e reda\u00e7\u00f5es com confian\u00e7a total! <\/figcaption><\/figure>\n\n\n\n<h2 class=\"wp-block-heading\">Quais s\u00e3o exemplos pr\u00e1ticos do uso de haver e a ver<\/h2>\n\n\n\n<p>Para tornar a diferen\u00e7a mais clara, a tabela abaixo apresenta exemplos de frases que ilustram o uso de <strong>\u201chaver\u201d<\/strong> e de <strong>\u201ca ver\u201d<\/strong> em contextos variados. Em cada caso, \u00e9 indicado o <strong>sentido principal<\/strong> da constru\u00e7\u00e3o, facilitando a visualiza\u00e7\u00e3o da fun\u00e7\u00e3o de cada forma.<\/p>\n\n\n\n<p>Observe como, sempre que o enunciado expressa <strong>exist\u00eancia, ocorr\u00eancia ou tempo<\/strong>, aparece o verbo <strong>haver<\/strong>; quando a ideia \u00e9 de <strong>rela\u00e7\u00e3o, afinidade ou pertin\u00eancia<\/strong>, surge a express\u00e3o <strong>a ver<\/strong>. Com pr\u00e1tica na leitura e na escrita, essas escolhas tendem a se tornar mais naturais.<\/p>\n\n\n\n<figure class=\"wp-block-table\"><table class=\"has-fixed-layout\"><tbody><tr><th>Forma<\/th><th>Exemplo de frase<\/th><th>Sentido \/ Observa\u00e7\u00e3o<\/th><\/tr><tr><td><strong>haver<\/strong><\/td><td>Quando chove muito, pode haver enchentes na cidade.<\/td><td>Indica possibilidade de <strong>exist\u00eancia<\/strong> de enchentes.<\/td><\/tr><tr><td><strong>haver<\/strong><\/td><td>Havia muitos candidatos para poucas vagas.<\/td><td>Sentido de <strong>existir<\/strong>; verbo impessoal no singular.<\/td><\/tr><tr><td><strong>haver<\/strong><\/td><td>Houve mudan\u00e7as importantes nas regras do concurso.<\/td><td>Indica <strong>ocorr\u00eancia<\/strong> de mudan\u00e7as.<\/td><\/tr><tr><td><strong>haver<\/strong><\/td><td>H\u00e1 dez anos, o acesso \u00e0 internet era bem diferente.<\/td><td>Expressa <strong>tempo decorrido<\/strong>.<\/td><\/tr><tr><td><strong>a ver<\/strong><\/td><td>Esses dois assuntos n\u00e3o t\u00eam nada a ver um com o outro.<\/td><td>Mostra <strong>aus\u00eancia de rela\u00e7\u00e3o<\/strong> entre temas.<\/td><\/tr><tr><td><strong>a ver<\/strong><\/td><td>O atraso no projeto tem muito a ver com a falta de planejamento.<\/td><td>Indica <strong>liga\u00e7\u00e3o direta<\/strong> entre causa e efeito.<\/td><\/tr><tr><td><strong>a ver<\/strong><\/td><td>As mudan\u00e7as clim\u00e1ticas t\u00eam tudo a ver com o aumento de fen\u00f4menos extremos.<\/td><td>Aponta <strong>rela\u00e7\u00e3o forte<\/strong> entre dois fen\u00f4menos.<\/td><\/tr><tr><td><strong>a ver<\/strong><\/td><td>O estilo do relat\u00f3rio precisa estar a ver com a identidade da empresa.<\/td><td>Refere-se \u00e0 <strong>compatibilidade<\/strong> de estilo e imagem.<\/td><\/tr><\/tbody><\/table><\/figure>\n\n\n\n<p>O dom\u00ednio entre o uso de <strong>\u201chaver\u201d<\/strong> e <strong>\u201ca ver\u201d<\/strong> n\u00e3o depende apenas de decorar regras, mas de observar o <strong>sentido<\/strong> que cada frase deseja transmitir. Com aten\u00e7\u00e3o \u00e0 ideia de <strong>exist\u00eancia<\/strong> ou de <strong>rela\u00e7\u00e3o<\/strong> e um pouco de pr\u00e1tica, a tend\u00eancia \u00e9 que essas escolhas se tornem autom\u00e1ticas ao longo do tempo.<\/p>\n","protected":false},"excerpt":{"rendered":"<p>Desvende de vez a diferen\u00e7a entre \u201chaver\u201d e \u201ca ver\u201d com explica\u00e7\u00f5es claras, exemplos pr\u00e1ticos e tabela completa de usos no dia a dia.<\/p>\n","protected":false},"author":3,"featured_media":168210,"comment_status":"open","ping_status":"open","sticky":false,"template":"","format":"standard","meta":{"_yoast_wpseo_focuskw":"haver e a ver","_yoast_wpseo_title":"%%title%%","_yoast_wpseo_metadesc":"Desvende de vez a diferen\u00e7a entre \u201chaver\u201d e \u201ca ver\u201d com explica\u00e7\u00f5es claras, exemplos pr\u00e1ticos e tabela completa de usos no dia a dia.","jnews-multi-image_gallery":[],"jnews_single_post":{"format":"standard"},"jnews_primary_category":[],"jnews_social_meta":[],"jnews_override_counter":[],"footnotes":""},"categories":[112],"tags":[144,10902,11064,6081],"class_list":["post-167894","post","type-post","status-publish","format-standard","has-post-thumbnail","hentry","category-curiosidades","tag-curiosidades","tag-lingua-portuguesa","tag-linguas","tag-portugues"],"yoast_head":"<!-- This site is optimized with the Yoast SEO plugin v24.6 - https:\/\/yoast.com\/wordpress\/plugins\/seo\/ -->\n<title>A regra gramatical que todo mundo erra mas poucos admitem<\/title>\n<meta name=\"description\" content=\"Desvende de vez a diferen\u00e7a entre \u201chaver\u201d e \u201ca ver\u201d com explica\u00e7\u00f5es claras, exemplos pr\u00e1ticos e tabela completa de usos no dia a dia.\" \/>\n<meta name=\"robots\" content=\"index, follow, max-snippet:-1, max-image-preview:large, max-video-preview:-1\" \/>\n<link rel=\"canonical\" href=\"https:\/\/www.correiobraziliense.com.br\/cbradar\/a-regra-gramatical-que-todo-mundo-erra-mas-poucos-admitem\/\" \/>\n<meta property=\"og:locale\" content=\"pt_BR\" \/>\n<meta property=\"og:type\" content=\"article\" \/>\n<meta property=\"og:title\" content=\"A regra gramatical que todo mundo erra mas poucos admitem\" \/>\n<meta property=\"og:description\" content=\"Desvende de vez a diferen\u00e7a entre \u201chaver\u201d e \u201ca ver\u201d com explica\u00e7\u00f5es claras, exemplos pr\u00e1ticos e tabela completa de usos no dia a dia.\" \/>\n<meta property=\"og:url\" content=\"https:\/\/www.correiobraziliense.com.br\/cbradar\/a-regra-gramatical-que-todo-mundo-erra-mas-poucos-admitem\/\" \/>\n<meta property=\"og:site_name\" content=\"Correio Braziliense - Radar\" \/>\n<meta property=\"article:published_time\" content=\"2026-01-04T18:15:00+00:00\" \/>\n<meta property=\"og:image\" content=\"https:\/\/www.correiobraziliense.com.br\/cbradar\/wp-content\/uploads\/2026\/01\/freepik__imagem-realista-de-uma-gramtica-da-lngua-portugues__16368.png\" \/>\n\t<meta property=\"og:image:width\" content=\"1280\" \/>\n\t<meta property=\"og:image:height\" content=\"720\" \/>\n\t<meta property=\"og:image:type\" content=\"image\/png\" \/>\n<meta name=\"author\" content=\"Larissa Carvalho\" \/>\n<meta name=\"twitter:card\" content=\"summary_large_image\" \/>\n<meta name=\"twitter:label1\" content=\"Escrito por\" \/>\n\t<meta name=\"twitter:data1\" content=\"Larissa Carvalho\" \/>\n\t<meta name=\"twitter:label2\" content=\"Est. tempo de leitura\" \/>\n\t<meta name=\"twitter:data2\" content=\"6 minutos\" \/>\n<!-- \/ Yoast SEO plugin. -->","yoast_head_json":{"title":"A regra gramatical que todo mundo erra mas poucos admitem","description":"Desvende de vez a diferen\u00e7a entre \u201chaver\u201d e \u201ca ver\u201d com explica\u00e7\u00f5es claras, exemplos pr\u00e1ticos e tabela completa de usos no dia a dia.","robots":{"index":"index","follow":"follow","max-snippet":"max-snippet:-1","max-image-preview":"max-image-preview:large","max-video-preview":"max-video-preview:-1"},"canonical":"https:\/\/www.correiobraziliense.com.br\/cbradar\/a-regra-gramatical-que-todo-mundo-erra-mas-poucos-admitem\/","og_locale":"pt_BR","og_type":"article","og_title":"A regra gramatical que todo mundo erra mas poucos admitem","og_description":"Desvende de vez a diferen\u00e7a entre \u201chaver\u201d e \u201ca ver\u201d com explica\u00e7\u00f5es claras, exemplos pr\u00e1ticos e tabela completa de usos no dia a dia.","og_url":"https:\/\/www.correiobraziliense.com.br\/cbradar\/a-regra-gramatical-que-todo-mundo-erra-mas-poucos-admitem\/","og_site_name":"Correio Braziliense - Radar","article_published_time":"2026-01-04T18:15:00+00:00","og_image":[{"width":1280,"height":720,"url":"https:\/\/www.correiobraziliense.com.br\/cbradar\/wp-content\/uploads\/2026\/01\/freepik__imagem-realista-de-uma-gramtica-da-lngua-portugues__16368.png","type":"image\/png"}],"author":"Larissa Carvalho","twitter_card":"summary_large_image","twitter_misc":{"Escrito por":"Larissa Carvalho","Est. tempo de leitura":"6 minutos"},"schema":{"@context":"https:\/\/schema.org","@graph":[{"@type":"WebPage","@id":"https:\/\/www.correiobraziliense.com.br\/cbradar\/a-regra-gramatical-que-todo-mundo-erra-mas-poucos-admitem\/","url":"https:\/\/www.correiobraziliense.com.br\/cbradar\/a-regra-gramatical-que-todo-mundo-erra-mas-poucos-admitem\/","name":"A regra gramatical que todo mundo erra mas poucos admitem","isPartOf":{"@id":"https:\/\/www.correiobraziliense.com.br\/cbradar\/#website"},"primaryImageOfPage":{"@id":"https:\/\/www.correiobraziliense.com.br\/cbradar\/a-regra-gramatical-que-todo-mundo-erra-mas-poucos-admitem\/#primaryimage"},"image":{"@id":"https:\/\/www.correiobraziliense.com.br\/cbradar\/a-regra-gramatical-que-todo-mundo-erra-mas-poucos-admitem\/#primaryimage"},"thumbnailUrl":"https:\/\/www.correiobraziliense.com.br\/cbradar\/wp-content\/uploads\/2026\/01\/freepik__imagem-realista-de-uma-gramtica-da-lngua-portugues__16368.png","datePublished":"2026-01-04T18:15:00+00:00","author":{"@id":"https:\/\/www.correiobraziliense.com.br\/cbradar\/#\/schema\/person\/58422787644df994b53a19d3e56c1513"},"description":"Desvende de vez a diferen\u00e7a entre \u201chaver\u201d e \u201ca ver\u201d com explica\u00e7\u00f5es claras, exemplos pr\u00e1ticos e tabela completa de usos no dia a dia.","breadcrumb":{"@id":"https:\/\/www.correiobraziliense.com.br\/cbradar\/a-regra-gramatical-que-todo-mundo-erra-mas-poucos-admitem\/#breadcrumb"},"inLanguage":"pt-BR","potentialAction":[{"@type":"ReadAction","target":["https:\/\/www.correiobraziliense.com.br\/cbradar\/a-regra-gramatical-que-todo-mundo-erra-mas-poucos-admitem\/"]}]},{"@type":"ImageObject","inLanguage":"pt-BR","@id":"https:\/\/www.correiobraziliense.com.br\/cbradar\/a-regra-gramatical-que-todo-mundo-erra-mas-poucos-admitem\/#primaryimage","url":"https:\/\/www.correiobraziliense.com.br\/cbradar\/wp-content\/uploads\/2026\/01\/freepik__imagem-realista-de-uma-gramtica-da-lngua-portugues__16368.png","contentUrl":"https:\/\/www.correiobraziliense.com.br\/cbradar\/wp-content\/uploads\/2026\/01\/freepik__imagem-realista-de-uma-gramtica-da-lngua-portugues__16368.png","width":1280,"height":720,"caption":"A gram\u00e1tica organiza a l\u00edngua e garante clareza na comunica\u00e7\u00e3o"},{"@type":"BreadcrumbList","@id":"https:\/\/www.correiobraziliense.com.br\/cbradar\/a-regra-gramatical-que-todo-mundo-erra-mas-poucos-admitem\/#breadcrumb","itemListElement":[{"@type":"ListItem","position":1,"name":"In\u00edcio","item":"https:\/\/www.correiobraziliense.com.br\/cbradar\/"},{"@type":"ListItem","position":2,"name":"A regra gramatical que todo mundo erra mas poucos admitem"}]},{"@type":"WebSite","@id":"https:\/\/www.correiobraziliense.com.br\/cbradar\/#website","url":"https:\/\/www.correiobraziliense.com.br\/cbradar\/","name":"Correio Braziliense - Radar","description":"Acompanhe as \u00faltimas not\u00edcias e fique bem informado sobre tudo o que acontece no Brasil e no mundo.","potentialAction":[{"@type":"SearchAction","target":{"@type":"EntryPoint","urlTemplate":"https:\/\/www.correiobraziliense.com.br\/cbradar\/?s={search_term_string}"},"query-input":{"@type":"PropertyValueSpecification","valueRequired":true,"valueName":"search_term_string"}}],"inLanguage":"pt-BR"},{"@type":"Person","@id":"https:\/\/www.correiobraziliense.com.br\/cbradar\/#\/schema\/person\/58422787644df994b53a19d3e56c1513","name":"Larissa Carvalho","image":{"@type":"ImageObject","inLanguage":"pt-BR","@id":"https:\/\/www.correiobraziliense.com.br\/cbradar\/#\/schema\/person\/image\/","url":"https:\/\/secure.gravatar.com\/avatar\/fe4f91a0de32b52a838d0d612abdc1aa?s=96&d=mm&r=g","contentUrl":"https:\/\/secure.gravatar.com\/avatar\/fe4f91a0de32b52a838d0d612abdc1aa?s=96&d=mm&r=g","caption":"Larissa Carvalho"},"url":"https:\/\/www.correiobraziliense.com.br\/cbradar\/author\/larissamyth\/"}]}},"_links":{"self":[{"href":"https:\/\/www.correiobraziliense.com.br\/cbradar\/wp-json\/wp\/v2\/posts\/167894","targetHints":{"allow":["GET"]}}],"collection":[{"href":"https:\/\/www.correiobraziliense.com.br\/cbradar\/wp-json\/wp\/v2\/posts"}],"about":[{"href":"https:\/\/www.correiobraziliense.com.br\/cbradar\/wp-json\/wp\/v2\/types\/post"}],"author":[{"embeddable":true,"href":"https:\/\/www.correiobraziliense.com.br\/cbradar\/wp-json\/wp\/v2\/users\/3"}],"replies":[{"embeddable":true,"href":"https:\/\/www.correiobraziliense.com.br\/cbradar\/wp-json\/wp\/v2\/comments?post=167894"}],"version-history":[{"count":2,"href":"https:\/\/www.correiobraziliense.com.br\/cbradar\/wp-json\/wp\/v2\/posts\/167894\/revisions"}],"predecessor-version":[{"id":167903,"href":"https:\/\/www.correiobraziliense.com.br\/cbradar\/wp-json\/wp\/v2\/posts\/167894\/revisions\/167903"}],"wp:featuredmedia":[{"embeddable":true,"href":"https:\/\/www.correiobraziliense.com.br\/cbradar\/wp-json\/wp\/v2\/media\/168210"}],"wp:attachment":[{"href":"https:\/\/www.correiobraziliense.com.br\/cbradar\/wp-json\/wp\/v2\/media?parent=167894"}],"wp:term":[{"taxonomy":"category","embeddable":true,"href":"https:\/\/www.correiobraziliense.com.br\/cbradar\/wp-json\/wp\/v2\/categories?post=167894"},{"taxonomy":"post_tag","embeddable":true,"href":"https:\/\/www.correiobraziliense.com.br\/cbradar\/wp-json\/wp\/v2\/tags?post=167894"}],"curies":[{"name":"wp","href":"https:\/\/api.w.org\/{rel}","templated":true}]}}