{"id":167937,"date":"2026-01-04T16:58:00","date_gmt":"2026-01-04T19:58:00","guid":{"rendered":"https:\/\/www.correiobraziliense.com.br\/cbradar\/?p=167937"},"modified":"2026-01-04T13:49:23","modified_gmt":"2026-01-04T16:49:23","slug":"por-que-sentimos-raiva-de-barulhos-repetitivos","status":"publish","type":"post","link":"https:\/\/www.correiobraziliense.com.br\/cbradar\/por-que-sentimos-raiva-de-barulhos-repetitivos\/","title":{"rendered":"Por que sentimos raiva de barulhos repetitivos"},"content":{"rendered":"\n<p>Em muitas situa\u00e7\u00f5es do dia a dia, sons repetitivos como mastiga\u00e7\u00e3o, caneta clicando ou algu\u00e9m batucando na mesa despertam um inc\u00f4modo desproporcional em algumas pessoas. Em vez de simples irrita\u00e7\u00e3o, surge uma sensa\u00e7\u00e3o intensa de raiva, ansiedade ou necessidade urgente de sair daquele ambiente. Esse fen\u00f4meno tem nome: <strong>misofonia<\/strong>, um quadro ainda em estudo, mas cada vez mais reconhecido pela ci\u00eancia como um problema real, ligado ao funcionamento do c\u00e9rebro e n\u00e3o a \u201cfrescura\u201d ou falta de toler\u00e2ncia.<\/p>\n\n\n\n<h2 class=\"wp-block-heading\">O que \u00e9 misofonia e por que a rea\u00e7\u00e3o aos sons parece exagerada<\/h2>\n\n\n\n<p>A palavra <strong>misofonia<\/strong> significa, literalmente, \u201c\u00f3dio ao som\u201d e descreve uma rea\u00e7\u00e3o emocional intensa desencadeada por <strong>gatilhos sonoros espec\u00edficos<\/strong>, geralmente repetitivos e associados a outras pessoas. N\u00e3o \u00e9 qualquer ru\u00eddo que provoca esse mal-estar; muitas vezes, sons ambientais fortes, como tr\u00e2nsito ou obras, n\u00e3o causam a mesma resposta que um simples mastigar ou fungar constante, como explica a pesquisa <a href=\"https:\/\/pubmed.ncbi.nlm.nih.gov\/31101901\/\" target=\"_blank\" rel=\"noreferrer noopener\">&#8220;Misophonia is associated with altered brain activity in the auditory cortex and salience network&#8221;.<\/a><\/p>\n\n\n\n<p>Pesquisas em <strong>neuroci\u00eancia<\/strong> sugerem que, em quem tem misofonia, o c\u00e9rebro faz uma liga\u00e7\u00e3o exagerada entre a \u00e1rea respons\u00e1vel pela audi\u00e7\u00e3o e regi\u00f5es ligadas \u00e0 emo\u00e7\u00e3o e \u00e0 amea\u00e7a, como a <strong>am\u00edgdala<\/strong> e o <strong>c\u00f3rtex insular<\/strong>. Isso faz com que barulhos banais sejam interpretados como algo potencialmente perigoso ou intoler\u00e1vel, disparando rea\u00e7\u00f5es como taquicardia, tens\u00e3o e forte necessidade de fuga.<\/p>\n\n\n\n<p>Para aprofundarmos no tema, trouxemos o v\u00eddeo do Dr. Daniel Martins de Barros, que j\u00e1 conta com mais de 24 mil visualiza\u00e7\u00f5es nas redes:<\/p>\n\n\n\n<iframe loading=\"lazy\" width=\"560\" height=\"315\" src=\"https:\/\/www.youtube.com\/embed\/esVtDut6x7A?si=bs2lSuAYuiQwEGqf\" title=\"YouTube video player\" frameborder=\"0\" allow=\"accelerometer; autoplay; clipboard-write; encrypted-media; gyroscope; picture-in-picture; web-share\" referrerpolicy=\"strict-origin-when-cross-origin\" allowfullscreen><\/iframe>\n\n\n\n<h2 class=\"wp-block-heading\">O que acontece no c\u00e9rebro quando sentimos raiva de barulhos repetitivos<\/h2>\n\n\n\n<p>A <strong>raiva diante de sons repetitivos<\/strong> parece estar ligada a um tipo de \u201ccurto-circuito\u201d entre a percep\u00e7\u00e3o auditiva e os sistemas de aten\u00e7\u00e3o e defesa do organismo. Estudos de imagem cerebral apontam que, em pessoas com misofonia, h\u00e1 <strong>ativa\u00e7\u00e3o aumentada<\/strong> em \u00e1reas envolvidas com a detec\u00e7\u00e3o de relev\u00e2ncia e com o processamento de nojo, irrita\u00e7\u00e3o e amea\u00e7a social.<\/p>\n\n\n\n<p>De forma simples, o c\u00e9rebro passa a tratar aquele som como um sinal de <strong>invas\u00e3o de espa\u00e7o<\/strong> ou de falta de respeito, mesmo quando n\u00e3o h\u00e1 essa inten\u00e7\u00e3o. Isso explica por que muitos gatilhos sonoros est\u00e3o ligados a pessoas pr\u00f3ximas, como familiares ou colegas de trabalho, e por que quanto mais a pessoa foca no som, mais o ciclo se retroalimenta, tornando o inc\u00f4modo ainda maior.<\/p>\n\n\n\n<h2 class=\"wp-block-heading\">Quais s\u00e3o os gatilhos sonoros mais comuns na misofonia<\/h2>\n\n\n\n<p>Embora cada pessoa possa ter gatilhos espec\u00edficos, alguns sons aparecem com frequ\u00eancia em relatos de misofonia, especialmente ru\u00eddos de boca, respira\u00e7\u00e3o e pequenos movimentos repetidos. O inc\u00f4modo pode surgir tanto ao vivo quanto por grava\u00e7\u00f5es, a depender da <strong>sensibilidade individual<\/strong> e do contexto em que o som ocorre.<\/p>\n\n\n\n<p>Entre os <strong>gatilhos sonoros mais comuns<\/strong>, destacam-se:<\/p>\n\n\n\n<ul class=\"wp-block-list\">\n<li><strong>Mastiga\u00e7\u00e3o<\/strong> com a boca aberta ou barulho de l\u00edngua e saliva;<\/li>\n\n\n\n<li>Chupar l\u00edquidos com canudo ou sorver bebidas quentes;<\/li>\n\n\n\n<li>Estalos de caneta, clicar de mouse ou batidas com o p\u00e9;<\/li>\n\n\n\n<li>Respira\u00e7\u00e3o pesada, fungadas constantes e pigarros repetidos;<\/li>\n\n\n\n<li>Estalos de dedos, roer unhas ou mexer em embalagens ruidosas;<\/li>\n\n\n\n<li>Rel\u00f3gios fazendo \u201ctic-tac\u201d ou pingos de torneira;<\/li>\n\n\n\n<li>Digita\u00e7\u00e3o intensa ou toques repetidos em superf\u00edcies.<\/li>\n<\/ul>\n\n\n\n<h2 class=\"wp-block-heading\">Como lidar com a misofonia no dia a dia de forma pr\u00e1tica<\/h2>\n\n\n\n<p>Apesar de n\u00e3o haver uma <strong>cura definitiva<\/strong>, existem estrat\u00e9gias que podem reduzir o impacto da misofonia na rotina. O objetivo \u00e9 suavizar o inc\u00f4modo, ampliar a sensa\u00e7\u00e3o de controle e preservar rela\u00e7\u00f5es, especialmente em situa\u00e7\u00f5es comuns como refei\u00e7\u00f5es em fam\u00edlia, estudos e ambientes de trabalho.<\/p>\n\n\n\n<p>Algumas medidas pr\u00e1ticas incluem o uso de <strong>som de fundo<\/strong> (m\u00fasica suave, ru\u00eddo branco), fones com cancelamento de ru\u00eddo em escrit\u00f3rios e transportes, e t\u00e9cnicas de respira\u00e7\u00e3o e relaxamento para reduzir a resposta de estresse. Tamb\u00e9m ajuda organizar os espa\u00e7os, afastando-se de fontes previs\u00edveis de ru\u00eddo, e buscar <strong>psicoterapia<\/strong>, como terapia cognitivo-comportamental, para aprender a gerenciar pensamentos e rea\u00e7\u00f5es fisiol\u00f3gicas.<\/p>\n\n\n\n<figure class=\"wp-block-image size-large\"><img decoding=\"async\" width=\"1024\" height=\"576\" src=\"https:\/\/www.correiobraziliense.com.br\/cbradar\/wp-content\/uploads\/2026\/01\/\u2705-BANNER-MYTH-40-1024x576.png\" alt=\"Por que sentimos raiva de barulhos repetitivos\" class=\"wp-image-167943\" srcset=\"https:\/\/www.correiobraziliense.com.br\/cbradar\/wp-content\/uploads\/2026\/01\/\u2705-BANNER-MYTH-40-1024x576.png 1024w, https:\/\/www.correiobraziliense.com.br\/cbradar\/wp-content\/uploads\/2026\/01\/\u2705-BANNER-MYTH-40-300x169.png 300w, https:\/\/www.correiobraziliense.com.br\/cbradar\/wp-content\/uploads\/2026\/01\/\u2705-BANNER-MYTH-40-768x432.png 768w, https:\/\/www.correiobraziliense.com.br\/cbradar\/wp-content\/uploads\/2026\/01\/\u2705-BANNER-MYTH-40-750x422.png 750w, https:\/\/www.correiobraziliense.com.br\/cbradar\/wp-content\/uploads\/2026\/01\/\u2705-BANNER-MYTH-40-1140x641.png 1140w, https:\/\/www.correiobraziliense.com.br\/cbradar\/wp-content\/uploads\/2026\/01\/\u2705-BANNER-MYTH-40.png 1280w\" sizes=\"(max-width: 1024px) 100vw, 1024px\" \/><figcaption class=\"wp-element-caption\">Supere a misofonia e reconquiste a paz em refei\u00e7\u00f5es e ambientes barulhentos com estrat\u00e9gias eficazes!<\/figcaption><\/figure>\n\n\n\n<h2 class=\"wp-block-heading\">Quando \u00e9 importante buscar ajuda profissional para misofonia<\/h2>\n\n\n\n<p>Em alguns casos, a misofonia passa de um simples inc\u00f4modo para uma condi\u00e7\u00e3o que altera significativamente a rotina, afetando a conviv\u00eancia social, o desempenho no trabalho ou o rendimento escolar. Quando a <strong>raiva de barulhos repetitivos<\/strong> leva a isolamento, discuss\u00f5es frequentes ou sofrimento constante, a avalia\u00e7\u00e3o por profissionais de sa\u00fade mental \u00e9 recomendada.<\/p>\n\n\n\n<p><strong>Psic\u00f3logos<\/strong>, <strong>psiquiatras<\/strong> e, em alguns casos, <strong>otorrinolaringologistas<\/strong> podem ajudar a descartar outras condi\u00e7\u00f5es associadas, como transtornos de ansiedade, hiperacusia ou transtorno obsessivo-compulsivo. Reconhecer a misofonia como um fen\u00f4meno neurol\u00f3gico espec\u00edfico reduz a culpa e a ideia de que a rea\u00e7\u00e3o \u00e9 \u201csem sentido\u201d, favorecendo uma rela\u00e7\u00e3o mais equilibrada e saud\u00e1vel com os sons do cotidiano.<\/p>\n","protected":false},"excerpt":{"rendered":"<p>Descubra por que sentimos raiva de barulhos repetitivos: misofonia, causas neurol\u00f3gicas, gatilhos sonoros comuns e dicas pr\u00e1ticas para lidar.<\/p>\n","protected":false},"author":3,"featured_media":168224,"comment_status":"open","ping_status":"open","sticky":false,"template":"","format":"standard","meta":{"jnews-multi-image_gallery":[],"jnews_single_post":{"format":"standard"},"jnews_primary_category":[],"jnews_social_meta":[],"jnews_override_counter":[],"footnotes":""},"categories":[112],"post_tag":[11341,13417,144,404],"class_list":["post-167937","post","type-post","status-publish","format-standard","has-post-thumbnail","hentry","category-curiosidades","tag-barulhos","tag-barulhos-repetitivos","tag-curiosidades","tag-psicologia"],"yoast_head":"<!-- This site is optimized with the Yoast SEO plugin v24.6 - https:\/\/yoast.com\/wordpress\/plugins\/seo\/ -->\n<title>Por que sentimos raiva de barulhos repetitivos<\/title>\n<meta name=\"description\" content=\"Descubra por que sentimos raiva de barulhos repetitivos: misofonia, causas neurol\u00f3gicas, gatilhos sonoros comuns e dicas pr\u00e1ticas para lidar.\" \/>\n<meta name=\"robots\" content=\"index, follow, max-snippet:-1, max-image-preview:large, max-video-preview:-1\" \/>\n<link rel=\"canonical\" href=\"https:\/\/www.correiobraziliense.com.br\/cbradar\/por-que-sentimos-raiva-de-barulhos-repetitivos\/\" \/>\n<meta property=\"og:locale\" content=\"pt_BR\" \/>\n<meta property=\"og:type\" content=\"article\" \/>\n<meta property=\"og:title\" content=\"Por que sentimos raiva de barulhos repetitivos\" \/>\n<meta property=\"og:description\" content=\"Descubra por que sentimos raiva de barulhos repetitivos: misofonia, causas neurol\u00f3gicas, gatilhos sonoros comuns e dicas pr\u00e1ticas para lidar.\" \/>\n<meta property=\"og:url\" content=\"https:\/\/www.correiobraziliense.com.br\/cbradar\/por-que-sentimos-raiva-de-barulhos-repetitivos\/\" \/>\n<meta property=\"og:site_name\" content=\"Correio Braziliense - Radar\" \/>\n<meta property=\"article:published_time\" content=\"2026-01-04T19:58:00+00:00\" \/>\n<meta property=\"og:image\" content=\"https:\/\/www.correiobraziliense.com.br\/cbradar\/wp-content\/uploads\/2026\/01\/freepik__imagem-realista-de-uma-pessoa-com-raiva__40653.png\" \/>\n\t<meta property=\"og:image:width\" content=\"1280\" \/>\n\t<meta property=\"og:image:height\" content=\"720\" \/>\n\t<meta property=\"og:image:type\" content=\"image\/png\" \/>\n<meta name=\"author\" content=\"Larissa Carvalho\" \/>\n<meta name=\"twitter:card\" content=\"summary_large_image\" \/>\n<meta name=\"twitter:label1\" content=\"Escrito por\" \/>\n\t<meta name=\"twitter:data1\" content=\"Larissa Carvalho\" \/>\n\t<meta name=\"twitter:label2\" content=\"Est. tempo de leitura\" \/>\n\t<meta name=\"twitter:data2\" content=\"5 minutos\" \/>\n<!-- \/ Yoast SEO plugin. -->","yoast_head_json":{"title":"Por que sentimos raiva de barulhos repetitivos","description":"Descubra por que sentimos raiva de barulhos repetitivos: misofonia, causas neurol\u00f3gicas, gatilhos sonoros comuns e dicas pr\u00e1ticas para lidar.","robots":{"index":"index","follow":"follow","max-snippet":"max-snippet:-1","max-image-preview":"max-image-preview:large","max-video-preview":"max-video-preview:-1"},"canonical":"https:\/\/www.correiobraziliense.com.br\/cbradar\/por-que-sentimos-raiva-de-barulhos-repetitivos\/","og_locale":"pt_BR","og_type":"article","og_title":"Por que sentimos raiva de barulhos repetitivos","og_description":"Descubra por que sentimos raiva de barulhos repetitivos: misofonia, causas neurol\u00f3gicas, gatilhos sonoros comuns e dicas pr\u00e1ticas para lidar.","og_url":"https:\/\/www.correiobraziliense.com.br\/cbradar\/por-que-sentimos-raiva-de-barulhos-repetitivos\/","og_site_name":"Correio Braziliense - Radar","article_published_time":"2026-01-04T19:58:00+00:00","og_image":[{"width":1280,"height":720,"url":"https:\/\/www.correiobraziliense.com.br\/cbradar\/wp-content\/uploads\/2026\/01\/freepik__imagem-realista-de-uma-pessoa-com-raiva__40653.png","type":"image\/png"}],"author":"Larissa Carvalho","twitter_card":"summary_large_image","twitter_misc":{"Escrito por":"Larissa Carvalho","Est. tempo de leitura":"5 minutos"},"schema":{"@context":"https:\/\/schema.org","@graph":[{"@type":"WebPage","@id":"https:\/\/www.correiobraziliense.com.br\/cbradar\/por-que-sentimos-raiva-de-barulhos-repetitivos\/","url":"https:\/\/www.correiobraziliense.com.br\/cbradar\/por-que-sentimos-raiva-de-barulhos-repetitivos\/","name":"Por que sentimos raiva de barulhos repetitivos","isPartOf":{"@id":"https:\/\/www.correiobraziliense.com.br\/cbradar\/#website"},"primaryImageOfPage":{"@id":"https:\/\/www.correiobraziliense.com.br\/cbradar\/por-que-sentimos-raiva-de-barulhos-repetitivos\/#primaryimage"},"image":{"@id":"https:\/\/www.correiobraziliense.com.br\/cbradar\/por-que-sentimos-raiva-de-barulhos-repetitivos\/#primaryimage"},"thumbnailUrl":"https:\/\/www.correiobraziliense.com.br\/cbradar\/wp-content\/uploads\/2026\/01\/freepik__imagem-realista-de-uma-pessoa-com-raiva__40653.png","datePublished":"2026-01-04T19:58:00+00:00","author":{"@id":"https:\/\/www.correiobraziliense.com.br\/cbradar\/#\/schema\/person\/58422787644df994b53a19d3e56c1513"},"description":"Descubra por que sentimos raiva de barulhos repetitivos: misofonia, causas neurol\u00f3gicas, gatilhos sonoros comuns e dicas pr\u00e1ticas para lidar.","breadcrumb":{"@id":"https:\/\/www.correiobraziliense.com.br\/cbradar\/por-que-sentimos-raiva-de-barulhos-repetitivos\/#breadcrumb"},"inLanguage":"pt-BR","potentialAction":[{"@type":"ReadAction","target":["https:\/\/www.correiobraziliense.com.br\/cbradar\/por-que-sentimos-raiva-de-barulhos-repetitivos\/"]}]},{"@type":"ImageObject","inLanguage":"pt-BR","@id":"https:\/\/www.correiobraziliense.com.br\/cbradar\/por-que-sentimos-raiva-de-barulhos-repetitivos\/#primaryimage","url":"https:\/\/www.correiobraziliense.com.br\/cbradar\/wp-content\/uploads\/2026\/01\/freepik__imagem-realista-de-uma-pessoa-com-raiva__40653.png","contentUrl":"https:\/\/www.correiobraziliense.com.br\/cbradar\/wp-content\/uploads\/2026\/01\/freepik__imagem-realista-de-uma-pessoa-com-raiva__40653.png","width":1280,"height":720,"caption":"Rea\u00e7\u00e3o intensa a sons espec\u00edficos que desencadeia raiva ou ansiedade"},{"@type":"BreadcrumbList","@id":"https:\/\/www.correiobraziliense.com.br\/cbradar\/por-que-sentimos-raiva-de-barulhos-repetitivos\/#breadcrumb","itemListElement":[{"@type":"ListItem","position":1,"name":"In\u00edcio","item":"https:\/\/www.correiobraziliense.com.br\/cbradar\/"},{"@type":"ListItem","position":2,"name":"Por que sentimos raiva de barulhos repetitivos"}]},{"@type":"WebSite","@id":"https:\/\/www.correiobraziliense.com.br\/cbradar\/#website","url":"https:\/\/www.correiobraziliense.com.br\/cbradar\/","name":"Correio Braziliense - Radar","description":"Acompanhe as \u00faltimas not\u00edcias e fique bem informado sobre tudo o que acontece no Brasil e no mundo.","potentialAction":[{"@type":"SearchAction","target":{"@type":"EntryPoint","urlTemplate":"https:\/\/www.correiobraziliense.com.br\/cbradar\/?s={search_term_string}"},"query-input":{"@type":"PropertyValueSpecification","valueRequired":true,"valueName":"search_term_string"}}],"inLanguage":"pt-BR"},{"@type":"Person","@id":"https:\/\/www.correiobraziliense.com.br\/cbradar\/#\/schema\/person\/58422787644df994b53a19d3e56c1513","name":"Larissa Carvalho","image":{"@type":"ImageObject","inLanguage":"pt-BR","@id":"https:\/\/www.correiobraziliense.com.br\/cbradar\/#\/schema\/person\/image\/","url":"https:\/\/secure.gravatar.com\/avatar\/fe4f91a0de32b52a838d0d612abdc1aa?s=96&d=mm&r=g","contentUrl":"https:\/\/secure.gravatar.com\/avatar\/fe4f91a0de32b52a838d0d612abdc1aa?s=96&d=mm&r=g","caption":"Larissa Carvalho"},"url":"https:\/\/www.correiobraziliense.com.br\/cbradar\/author\/larissamyth\/"}]}},"_links":{"self":[{"href":"https:\/\/www.correiobraziliense.com.br\/cbradar\/wp-json\/wp\/v2\/posts\/167937","targetHints":{"allow":["GET"]}}],"collection":[{"href":"https:\/\/www.correiobraziliense.com.br\/cbradar\/wp-json\/wp\/v2\/posts"}],"about":[{"href":"https:\/\/www.correiobraziliense.com.br\/cbradar\/wp-json\/wp\/v2\/types\/post"}],"author":[{"embeddable":true,"href":"https:\/\/www.correiobraziliense.com.br\/cbradar\/wp-json\/wp\/v2\/users\/3"}],"replies":[{"embeddable":true,"href":"https:\/\/www.correiobraziliense.com.br\/cbradar\/wp-json\/wp\/v2\/comments?post=167937"}],"version-history":[{"count":2,"href":"https:\/\/www.correiobraziliense.com.br\/cbradar\/wp-json\/wp\/v2\/posts\/167937\/revisions"}],"predecessor-version":[{"id":167944,"href":"https:\/\/www.correiobraziliense.com.br\/cbradar\/wp-json\/wp\/v2\/posts\/167937\/revisions\/167944"}],"wp:featuredmedia":[{"embeddable":true,"href":"https:\/\/www.correiobraziliense.com.br\/cbradar\/wp-json\/wp\/v2\/media\/168224"}],"wp:attachment":[{"href":"https:\/\/www.correiobraziliense.com.br\/cbradar\/wp-json\/wp\/v2\/media?parent=167937"}],"wp:term":[{"taxonomy":"category","embeddable":true,"href":"https:\/\/www.correiobraziliense.com.br\/cbradar\/wp-json\/wp\/v2\/categories?post=167937"},{"taxonomy":"post_tag","embeddable":true,"href":"https:\/\/www.correiobraziliense.com.br\/cbradar\/wp-json\/wp\/v2\/post_tag?post=167937"}],"curies":[{"name":"wp","href":"https:\/\/api.w.org\/{rel}","templated":true}]}}