{"id":167995,"date":"2026-01-06T13:45:00","date_gmt":"2026-01-06T16:45:00","guid":{"rendered":"https:\/\/www.correiobraziliense.com.br\/cbradar\/?p=167995"},"modified":"2026-01-05T17:05:55","modified_gmt":"2026-01-05T20:05:55","slug":"o-que-significa-ter-dificuldade-de-receber-elogios-segundo-a-psicologia","status":"publish","type":"post","link":"https:\/\/www.correiobraziliense.com.br\/cbradar\/o-que-significa-ter-dificuldade-de-receber-elogios-segundo-a-psicologia\/","title":{"rendered":"O que significa ter dificuldade de receber elogios, segundo a psicologia"},"content":{"rendered":"\n<p>Ter dificuldade de receber elogios \u00e9 mais comum do que parece. Em muitos casos, a pessoa se sente desconfort\u00e1vel, muda de assunto rapidamente, faz piadas para desviar a aten\u00e7\u00e3o ou at\u00e9 discorda do que ouviu. Em vez de simplesmente agradecer, tende a minimizar o pr\u00f3prio esfor\u00e7o, como se n\u00e3o merecesse reconhecimento algum, o que costuma estar ligado \u00e0 forma como se enxerga e ao lugar que acredita ocupar nas rela\u00e7\u00f5es.<\/p>\n\n\n\n<h2 class=\"wp-block-heading\">O que significa ter dificuldade de receber elogios<\/h2>\n\n\n\n<p>Ter dificuldade de receber elogios significa n\u00e3o conseguir acolher coment\u00e1rios positivos de forma simples e direta. Em vez de ouvir, reconhecer e agradecer, a pessoa pode reagir negando o elogio, devolvendo com outro elogio para tirar o foco de si, justificando o resultado como \u201csorte\u201d ou se sentindo constrangida, como traz a pesquisa &#8220;<a href=\"https:\/\/pubmed.ncbi.nlm.nih.gov\/17884328\/\" target=\"_blank\" rel=\"noreferrer noopener\">The Fear of Positive Evaluation Scale: assessing a proposed cognitive component of social anxiety&#8221;<\/a>.<\/p>\n\n\n\n<p>Esse padr\u00e3o n\u00e3o \u00e9 apenas timidez; muitas vezes \u00e9 um sinal de conflito com a pr\u00f3pria <strong>autoestima<\/strong>. A pessoa pode pensar que n\u00e3o \u00e9 t\u00e3o competente, bonita, interessante ou capaz quanto o elogio sugere, e cada coment\u00e1rio positivo soa exagerado ou \u201cmentiroso\u201d, afetando rela\u00e7\u00f5es profissionais, amorosas e familiares.<\/p>\n\n\n\n<p>Para aprofundarmos no tema, trouxemos o v\u00eddeo do psic\u00f3logo <strong>Mateus<\/strong>:<\/p>\n\n\n\n<blockquote class=\"tiktok-embed\" cite=\"https:\/\/www.tiktok.com\/@psicologo.mateus\/video\/7484031302782471479\" data-video-id=\"7484031302782471479\" style=\"max-width: 605px;min-width: 325px;\" > <section> <a target=\"_blank\" title=\"@psicologo.mateus\" href=\"https:\/\/www.tiktok.com\/@psicologo.mateus?refer=embed\">@psicologo.mateus<\/a> \u2728 \u201cPor que voc\u00ea tem dificuldade em aceitar elogios?\u201d \ud83d\udcac Voc\u00ea se arruma, escolhe a melhor roupa, cuida de cada detalhe\u2026 mas quando algu\u00e9m diz \u201cVoc\u00ea est\u00e1 incr\u00edvel hoje!\u201d, a resposta vem quase autom\u00e1tica: \u201cAh, imagina\u2026 foi s\u00f3 a primeira coisa que achei no arm\u00e1rio.\u201d Por que fazemos isso? \ud83e\udde0 O motivo est\u00e1 nas experi\u00eancias que moldaram a forma como voc\u00ea se v\u00ea. Se elogios vinham seguidos de cr\u00edticas, se nunca houve reconhecimento ou se voc\u00ea aprendeu que se valorizar era arrog\u00e2ncia, aceitar um elogio pode parecer desconfort\u00e1vel. \ud83d\udc9b Mas negar um elogio n\u00e3o te torna mais humilde. S\u00f3 refor\u00e7a essa dificuldade de se enxergar com carinho. Aceitar um elogio com um simples \u201cobrigado\u201d n\u00e3o \u00e9 presun\u00e7\u00e3o\u2014\u00e9 dar espa\u00e7o para reconhecer seu pr\u00f3prio valor. \u26a1 Ajudo voc\u00ea a ressignificar essas quest\u00f5es e reconstruir sua autoestima no Clube dos Traumas. Quer aprender a se sentir mais confort\u00e1vel recebendo elogios? Acesse o LINK DA BIO <a title=\"feridasemocionais\" target=\"_blank\" href=\"https:\/\/www.tiktok.com\/tag\/feridasemocionais?refer=embed\">#feridasemocionais<\/a> <a title=\"dependenciaemocional\" target=\"_blank\" href=\"https:\/\/www.tiktok.com\/tag\/dependenciaemocional?refer=embed\">#dependenciaemocional<\/a> <a title=\"traumasdeinfancia\" target=\"_blank\" href=\"https:\/\/www.tiktok.com\/tag\/traumasdeinfancia?refer=embed\">#traumasdeinfancia<\/a> <a title=\"traumas\" target=\"_blank\" href=\"https:\/\/www.tiktok.com\/tag\/traumas?refer=embed\">#traumas<\/a> <a target=\"_blank\" title=\"\u266c som original - Psic\u00f3logo Mateus\" href=\"https:\/\/www.tiktok.com\/music\/som-original-7484031302597331718?refer=embed\">\u266c som original &#8211; Psic\u00f3logo Mateus<\/a> <\/section> <\/blockquote> <script async src=\"https:\/\/www.tiktok.com\/embed.js\"><\/script>\n\n\n\n<h2 class=\"wp-block-heading\">Como a dificuldade em receber elogios se relaciona com autoimagem e medo de destaque<\/h2>\n\n\n\n<p>A palavra-chave aqui \u00e9 <strong>autoimagem<\/strong>, ou seja, a forma como a pessoa se v\u00ea, tanto nas qualidades quanto nas limita\u00e7\u00f5es. Quando essa autoimagem \u00e9 fr\u00e1gil ou muito cr\u00edtica, os elogios entram em conflito com o que j\u00e1 est\u00e1 consolidado internamente, gerando um estranhamento que faz o reconhecimento parecer incoerente.<\/p>\n\n\n\n<p>Outro ponto central \u00e9 o <strong>medo de destaque<\/strong>, comum em ambientes competitivos ou com muita cobran\u00e7a. Para evitar exposi\u00e7\u00e3o, responsabilidade ou inveja, alguns preferem se manter \u201cembaixo do radar\u201d, associando aceitar elogios \u00e0 falta de humildade e desenvolvendo uma esp\u00e9cie de <strong>mod\u00e9stia autom\u00e1tica<\/strong>.<\/p>\n\n\n\n<h2 class=\"wp-block-heading\">Qual a diferen\u00e7a entre autoestima saud\u00e1vel e mod\u00e9stia excessiva<\/h2>\n\n\n\n<p>Para entender melhor essa din\u00e2mica, ajuda comparar uma postura de <strong>autoestima saud\u00e1vel<\/strong> com um padr\u00e3o de <strong>mod\u00e9stia excessiva<\/strong>. Embora ambos possam incluir atitudes discretas e respeito aos outros, o impacto interno \u00e9 bem diferente e influencia diretamente como a pessoa lida com o reconhecimento.<\/p>\n\n\n\n<ul class=\"wp-block-list\">\n<li><strong>Autoestima saud\u00e1vel:<\/strong> a pessoa reconhece qualidades e limites de forma realista; consegue ouvir elogios sem se sentir superior, mas tamb\u00e9m sem se diminuir; v\u00ea o reconhecimento como resultado de esfor\u00e7o, talento ou dedica\u00e7\u00e3o.<\/li>\n\n\n\n<li><strong>Mod\u00e9stia excessiva:<\/strong> a pessoa se desvaloriza com frequ\u00eancia; reage a elogios com nega\u00e7\u00e3o, piada ou desconforto; sente culpa ou constrangimento ao ser reconhecida; teme parecer vaidosa ou ser criticada por \u201cse achar\u201d.<\/li>\n<\/ul>\n\n\n\n<p>Um modo simples de visualizar essa diferen\u00e7a \u00e9 perceber como cada postura responde ao elogio. Enquanto a <strong>autoestima saud\u00e1vel<\/strong> permite aceitar o reconhecimento com naturalidade, a <strong>mod\u00e9stia excessiva<\/strong> leva \u00e0 autocr\u00edtica constante, em que o elogio \u00e9 sempre suspeito ou exagerado.<\/p>\n\n\n\n<ul class=\"wp-block-list\">\n<li><strong>Autoestima saud\u00e1vel:<\/strong> aceita elogios com naturalidade; consegue dizer \u201cobrigado\u201d sem se justificar; usa o elogio como informa\u00e7\u00e3o sobre seu desempenho.<\/li>\n\n\n\n<li><strong>Mod\u00e9stia excessiva:<\/strong> sente necessidade de se corrigir o tempo todo; responde ao elogio com frases como \u201cnem \u00e9 tudo isso\u201d ou \u201cqualquer um faria igual\u201d; ignora o reconhecimento e foca apenas nos erros.<\/li>\n<\/ul>\n\n\n\n<figure class=\"wp-block-image size-large\"><img decoding=\"async\" width=\"1024\" height=\"576\" src=\"https:\/\/www.correiobraziliense.com.br\/cbradar\/wp-content\/uploads\/2026\/01\/\u2705-BANNER-MYTH-44-1024x576.png\" alt=\"O que significa ter dificuldade de receber elogios, segundo a psicologia\" class=\"wp-image-167997\" srcset=\"https:\/\/www.correiobraziliense.com.br\/cbradar\/wp-content\/uploads\/2026\/01\/\u2705-BANNER-MYTH-44-1024x576.png 1024w, https:\/\/www.correiobraziliense.com.br\/cbradar\/wp-content\/uploads\/2026\/01\/\u2705-BANNER-MYTH-44-300x169.png 300w, https:\/\/www.correiobraziliense.com.br\/cbradar\/wp-content\/uploads\/2026\/01\/\u2705-BANNER-MYTH-44-768x432.png 768w, https:\/\/www.correiobraziliense.com.br\/cbradar\/wp-content\/uploads\/2026\/01\/\u2705-BANNER-MYTH-44-750x422.png 750w, https:\/\/www.correiobraziliense.com.br\/cbradar\/wp-content\/uploads\/2026\/01\/\u2705-BANNER-MYTH-44-1140x641.png 1140w, https:\/\/www.correiobraziliense.com.br\/cbradar\/wp-content\/uploads\/2026\/01\/\u2705-BANNER-MYTH-44.png 1280w\" sizes=\"(max-width: 1024px) 100vw, 1024px\" \/><figcaption class=\"wp-element-caption\">Baixa autoestima causa ansiedade social ao receber elogios, ativando cren\u00e7as disfuncionais de merecimento.<\/figcaption><\/figure>\n\n\n\n<h2 class=\"wp-block-heading\">Como aprender a aceitar elogios de forma mais tranquila<\/h2>\n\n\n\n<p>A habilidade de receber elogios pode ser treinada, construindo uma rela\u00e7\u00e3o mais equilibrada com a pr\u00f3pria imagem. N\u00e3o se trata de virar o centro das aten\u00e7\u00f5es, mas de reconhecer que acolher um elogio com um simples <strong>\u201cobrigado\u201d<\/strong> \u00e9 um gesto de maturidade emocional e n\u00e3o de vaidade.<\/p>\n\n\n\n<p>Algumas estrat\u00e9gias pr\u00e1ticas ajudam nesse processo e tornam o elogio uma fonte de fortalecimento interno em vez de desconforto. Com o tempo, essas a\u00e7\u00f5es contribuem para alinhar a <strong>autoimagem<\/strong> com a realidade, permitindo que o reconhecimento seja incorporado de forma mais serena.<\/p>\n\n\n\n<ul class=\"wp-block-list\">\n<li><strong>Pausar antes de responder:<\/strong> em vez de negar o elogio imediatamente, fazer uma breve pausa para respirar e ouvir de fato o que est\u00e1 sendo dito.<\/li>\n\n\n\n<li><strong>Come\u00e7ar pelo \u201cobrigado\u201d:<\/strong> adotar o h\u00e1bito de responder com um simples \u201cobrigado\u201d antes de qualquer explica\u00e7\u00e3o ou coment\u00e1rio extra.<\/li>\n\n\n\n<li><strong>Observar os padr\u00f5es de pensamento:<\/strong> identificar frases internas como \u201cn\u00e3o mere\u00e7o\u201d ou \u201cfoi sorte\u201d e questionar essas ideias, buscando interpreta\u00e7\u00f5es mais equilibradas.<\/li>\n\n\n\n<li><strong>Registrar elogios importantes:<\/strong> anotar em um caderno ou no celular alguns elogios recebidos, para ter um registro concreto quando a autocr\u00edtica estiver mais forte.<\/li>\n\n\n\n<li><strong>Diferenciar humildade de autossabotagem:<\/strong> reconhecer que aceitar um elogio n\u00e3o elimina a humildade; expressar gratid\u00e3o \u00e9 compat\u00edvel com respeito e simplicidade.<\/li>\n<\/ul>\n","protected":false},"excerpt":{"rendered":"<p>Ter dificuldade de receber elogios revela conflitos na autoimagem e medo de destaque; veja quadro autoestima saud\u00e1vel x mod\u00e9stia excessiva.<\/p>\n","protected":false},"author":3,"featured_media":169468,"comment_status":"open","ping_status":"open","sticky":false,"template":"","format":"standard","meta":{"_yoast_wpseo_focuskw":"dificuldade receber elogios","_yoast_wpseo_title":"%%title%%","_yoast_wpseo_metadesc":"Ter dificuldade de receber elogios revela conflitos na autoimagem e medo de destaque; veja quadro autoestima saud\u00e1vel x mod\u00e9stia excessiva.","jnews-multi-image_gallery":[],"jnews_single_post":{"format":"standard"},"jnews_primary_category":[],"jnews_social_meta":[],"jnews_override_counter":[],"footnotes":""},"categories":[112],"tags":[144,13424,4753,404],"class_list":["post-167995","post","type-post","status-publish","format-standard","has-post-thumbnail","hentry","category-curiosidades","tag-curiosidades","tag-elogio","tag-elogios","tag-psicologia"],"yoast_head":"<!-- This site is optimized with the Yoast SEO plugin v24.6 - https:\/\/yoast.com\/wordpress\/plugins\/seo\/ -->\n<title>O que significa ter dificuldade de receber elogios, segundo a psicologia<\/title>\n<meta name=\"description\" content=\"Ter dificuldade de receber elogios revela conflitos na autoimagem e medo de destaque; veja quadro autoestima saud\u00e1vel x mod\u00e9stia excessiva.\" \/>\n<meta name=\"robots\" content=\"index, follow, max-snippet:-1, max-image-preview:large, max-video-preview:-1\" \/>\n<link rel=\"canonical\" href=\"https:\/\/www.correiobraziliense.com.br\/cbradar\/o-que-significa-ter-dificuldade-de-receber-elogios-segundo-a-psicologia\/\" \/>\n<meta property=\"og:locale\" content=\"pt_BR\" \/>\n<meta property=\"og:type\" content=\"article\" \/>\n<meta property=\"og:title\" content=\"O que significa ter dificuldade de receber elogios, segundo a psicologia\" \/>\n<meta property=\"og:description\" content=\"Ter dificuldade de receber elogios revela conflitos na autoimagem e medo de destaque; veja quadro autoestima saud\u00e1vel x mod\u00e9stia excessiva.\" \/>\n<meta property=\"og:url\" content=\"https:\/\/www.correiobraziliense.com.br\/cbradar\/o-que-significa-ter-dificuldade-de-receber-elogios-segundo-a-psicologia\/\" \/>\n<meta property=\"og:site_name\" content=\"Correio Braziliense - Radar\" \/>\n<meta property=\"article:published_time\" content=\"2026-01-06T16:45:00+00:00\" \/>\n<meta property=\"og:image\" content=\"https:\/\/www.correiobraziliense.com.br\/cbradar\/wp-content\/uploads\/2026\/01\/freepik__imagem-realista-de-uma-pessoa-brasileria-com-dific__7899.png\" \/>\n\t<meta property=\"og:image:width\" content=\"1280\" \/>\n\t<meta property=\"og:image:height\" content=\"720\" \/>\n\t<meta property=\"og:image:type\" content=\"image\/png\" \/>\n<meta name=\"author\" content=\"Larissa Carvalho\" \/>\n<meta name=\"twitter:card\" content=\"summary_large_image\" \/>\n<meta name=\"twitter:label1\" content=\"Escrito por\" \/>\n\t<meta name=\"twitter:data1\" content=\"Larissa Carvalho\" \/>\n\t<meta name=\"twitter:label2\" content=\"Est. tempo de leitura\" \/>\n\t<meta name=\"twitter:data2\" content=\"5 minutos\" \/>\n<!-- \/ Yoast SEO plugin. -->","yoast_head_json":{"title":"O que significa ter dificuldade de receber elogios, segundo a psicologia","description":"Ter dificuldade de receber elogios revela conflitos na autoimagem e medo de destaque; veja quadro autoestima saud\u00e1vel x mod\u00e9stia excessiva.","robots":{"index":"index","follow":"follow","max-snippet":"max-snippet:-1","max-image-preview":"max-image-preview:large","max-video-preview":"max-video-preview:-1"},"canonical":"https:\/\/www.correiobraziliense.com.br\/cbradar\/o-que-significa-ter-dificuldade-de-receber-elogios-segundo-a-psicologia\/","og_locale":"pt_BR","og_type":"article","og_title":"O que significa ter dificuldade de receber elogios, segundo a psicologia","og_description":"Ter dificuldade de receber elogios revela conflitos na autoimagem e medo de destaque; veja quadro autoestima saud\u00e1vel x mod\u00e9stia excessiva.","og_url":"https:\/\/www.correiobraziliense.com.br\/cbradar\/o-que-significa-ter-dificuldade-de-receber-elogios-segundo-a-psicologia\/","og_site_name":"Correio Braziliense - Radar","article_published_time":"2026-01-06T16:45:00+00:00","og_image":[{"width":1280,"height":720,"url":"https:\/\/www.correiobraziliense.com.br\/cbradar\/wp-content\/uploads\/2026\/01\/freepik__imagem-realista-de-uma-pessoa-brasileria-com-dific__7899.png","type":"image\/png"}],"author":"Larissa Carvalho","twitter_card":"summary_large_image","twitter_misc":{"Escrito por":"Larissa Carvalho","Est. tempo de leitura":"5 minutos"},"schema":{"@context":"https:\/\/schema.org","@graph":[{"@type":"WebPage","@id":"https:\/\/www.correiobraziliense.com.br\/cbradar\/o-que-significa-ter-dificuldade-de-receber-elogios-segundo-a-psicologia\/","url":"https:\/\/www.correiobraziliense.com.br\/cbradar\/o-que-significa-ter-dificuldade-de-receber-elogios-segundo-a-psicologia\/","name":"O que significa ter dificuldade de receber elogios, segundo a psicologia","isPartOf":{"@id":"https:\/\/www.correiobraziliense.com.br\/cbradar\/#website"},"primaryImageOfPage":{"@id":"https:\/\/www.correiobraziliense.com.br\/cbradar\/o-que-significa-ter-dificuldade-de-receber-elogios-segundo-a-psicologia\/#primaryimage"},"image":{"@id":"https:\/\/www.correiobraziliense.com.br\/cbradar\/o-que-significa-ter-dificuldade-de-receber-elogios-segundo-a-psicologia\/#primaryimage"},"thumbnailUrl":"https:\/\/www.correiobraziliense.com.br\/cbradar\/wp-content\/uploads\/2026\/01\/freepik__imagem-realista-de-uma-pessoa-brasileria-com-dific__7899.png","datePublished":"2026-01-06T16:45:00+00:00","author":{"@id":"https:\/\/www.correiobraziliense.com.br\/cbradar\/#\/schema\/person\/58422787644df994b53a19d3e56c1513"},"description":"Ter dificuldade de receber elogios revela conflitos na autoimagem e medo de destaque; veja quadro autoestima saud\u00e1vel x mod\u00e9stia excessiva.","breadcrumb":{"@id":"https:\/\/www.correiobraziliense.com.br\/cbradar\/o-que-significa-ter-dificuldade-de-receber-elogios-segundo-a-psicologia\/#breadcrumb"},"inLanguage":"pt-BR","potentialAction":[{"@type":"ReadAction","target":["https:\/\/www.correiobraziliense.com.br\/cbradar\/o-que-significa-ter-dificuldade-de-receber-elogios-segundo-a-psicologia\/"]}]},{"@type":"ImageObject","inLanguage":"pt-BR","@id":"https:\/\/www.correiobraziliense.com.br\/cbradar\/o-que-significa-ter-dificuldade-de-receber-elogios-segundo-a-psicologia\/#primaryimage","url":"https:\/\/www.correiobraziliense.com.br\/cbradar\/wp-content\/uploads\/2026\/01\/freepik__imagem-realista-de-uma-pessoa-brasileria-com-dific__7899.png","contentUrl":"https:\/\/www.correiobraziliense.com.br\/cbradar\/wp-content\/uploads\/2026\/01\/freepik__imagem-realista-de-uma-pessoa-brasileria-com-dific__7899.png","width":1280,"height":720,"caption":"Dificuldade em aceitar elogios est\u00e1 ligada \u00e0 baixa autoestima"},{"@type":"BreadcrumbList","@id":"https:\/\/www.correiobraziliense.com.br\/cbradar\/o-que-significa-ter-dificuldade-de-receber-elogios-segundo-a-psicologia\/#breadcrumb","itemListElement":[{"@type":"ListItem","position":1,"name":"In\u00edcio","item":"https:\/\/www.correiobraziliense.com.br\/cbradar\/"},{"@type":"ListItem","position":2,"name":"O que significa ter dificuldade de receber elogios, segundo a psicologia"}]},{"@type":"WebSite","@id":"https:\/\/www.correiobraziliense.com.br\/cbradar\/#website","url":"https:\/\/www.correiobraziliense.com.br\/cbradar\/","name":"Correio Braziliense - Radar","description":"Acompanhe as \u00faltimas not\u00edcias e fique bem informado sobre tudo o que acontece no Brasil e no mundo.","potentialAction":[{"@type":"SearchAction","target":{"@type":"EntryPoint","urlTemplate":"https:\/\/www.correiobraziliense.com.br\/cbradar\/?s={search_term_string}"},"query-input":{"@type":"PropertyValueSpecification","valueRequired":true,"valueName":"search_term_string"}}],"inLanguage":"pt-BR"},{"@type":"Person","@id":"https:\/\/www.correiobraziliense.com.br\/cbradar\/#\/schema\/person\/58422787644df994b53a19d3e56c1513","name":"Larissa Carvalho","image":{"@type":"ImageObject","inLanguage":"pt-BR","@id":"https:\/\/www.correiobraziliense.com.br\/cbradar\/#\/schema\/person\/image\/","url":"https:\/\/secure.gravatar.com\/avatar\/fe4f91a0de32b52a838d0d612abdc1aa?s=96&d=mm&r=g","contentUrl":"https:\/\/secure.gravatar.com\/avatar\/fe4f91a0de32b52a838d0d612abdc1aa?s=96&d=mm&r=g","caption":"Larissa Carvalho"},"url":"https:\/\/www.correiobraziliense.com.br\/cbradar\/author\/larissamyth\/"}]}},"_links":{"self":[{"href":"https:\/\/www.correiobraziliense.com.br\/cbradar\/wp-json\/wp\/v2\/posts\/167995","targetHints":{"allow":["GET"]}}],"collection":[{"href":"https:\/\/www.correiobraziliense.com.br\/cbradar\/wp-json\/wp\/v2\/posts"}],"about":[{"href":"https:\/\/www.correiobraziliense.com.br\/cbradar\/wp-json\/wp\/v2\/types\/post"}],"author":[{"embeddable":true,"href":"https:\/\/www.correiobraziliense.com.br\/cbradar\/wp-json\/wp\/v2\/users\/3"}],"replies":[{"embeddable":true,"href":"https:\/\/www.correiobraziliense.com.br\/cbradar\/wp-json\/wp\/v2\/comments?post=167995"}],"version-history":[{"count":3,"href":"https:\/\/www.correiobraziliense.com.br\/cbradar\/wp-json\/wp\/v2\/posts\/167995\/revisions"}],"predecessor-version":[{"id":169611,"href":"https:\/\/www.correiobraziliense.com.br\/cbradar\/wp-json\/wp\/v2\/posts\/167995\/revisions\/169611"}],"wp:featuredmedia":[{"embeddable":true,"href":"https:\/\/www.correiobraziliense.com.br\/cbradar\/wp-json\/wp\/v2\/media\/169468"}],"wp:attachment":[{"href":"https:\/\/www.correiobraziliense.com.br\/cbradar\/wp-json\/wp\/v2\/media?parent=167995"}],"wp:term":[{"taxonomy":"category","embeddable":true,"href":"https:\/\/www.correiobraziliense.com.br\/cbradar\/wp-json\/wp\/v2\/categories?post=167995"},{"taxonomy":"post_tag","embeddable":true,"href":"https:\/\/www.correiobraziliense.com.br\/cbradar\/wp-json\/wp\/v2\/tags?post=167995"}],"curies":[{"name":"wp","href":"https:\/\/api.w.org\/{rel}","templated":true}]}}