{"id":168277,"date":"2026-01-07T16:55:00","date_gmt":"2026-01-07T19:55:00","guid":{"rendered":"https:\/\/www.correiobraziliense.com.br\/cbradar\/?p=168277"},"modified":"2026-01-05T15:48:17","modified_gmt":"2026-01-05T18:48:17","slug":"nao-jogue-fora-a-agua-do-macarrao-o-ouro-liquido-para-suas-plantas-e-molhos","status":"publish","type":"post","link":"https:\/\/www.correiobraziliense.com.br\/cbradar\/nao-jogue-fora-a-agua-do-macarrao-o-ouro-liquido-para-suas-plantas-e-molhos\/","title":{"rendered":"N\u00e3o jogue fora a \u00e1gua do macarr\u00e3o: o &#8220;ouro l\u00edquido&#8221; para suas plantas e molhos"},"content":{"rendered":"\n<p>Ver aquele l\u00edquido turvo descendo pelo ralo da pia \u00e9 uma cena comum, mas chefs da <strong>It\u00e1lia<\/strong> consideram esse ato um verdadeiro desperd\u00edcio culin\u00e1rio. A chamada &#8220;\u00e1gua do macarr\u00e3o&#8221; \u00e9 um ingrediente funcional rico em propriedades qu\u00edmicas que elevam o n\u00edvel dos seus pratos. Conhecido profissionalmente como &#8220;ouro l\u00edquido&#8221;, esse subproduto do cozimento carrega uma alta concentra\u00e7\u00e3o de <strong>amido<\/strong> liberado pela massa. <\/p>\n\n\n\n<h2 class=\"wp-block-heading\">O segredo da emulsifica\u00e7\u00e3o perfeita nos molhos<\/h2>\n\n\n\n<p>O maior benef\u00edcio gastron\u00f4mico dessa \u00e1gua est\u00e1 na sua capacidade de criar uma <strong>emulsifica\u00e7\u00e3o<\/strong> est\u00e1vel. O amido dissolvido atua como um agente de liga\u00e7\u00e3o, for\u00e7ando a gordura (como azeite ou manteiga) e os l\u00edquidos do molho a se misturarem homogeneamente.<\/p>\n\n\n\n<p>Sem esse componente, o molho tende a escorregar da massa e acumular no fundo do prato, criando uma experi\u00eancia aquosa e sem gra\u00e7a. Ao adicionar uma concha da \u00e1gua do cozimento, voc\u00ea obt\u00e9m uma textura cremosa que adere perfeitamente ao <strong>fusilli<\/strong> ou espaguete.<\/p>\n\n\n\n<figure class=\"wp-block-image aligncenter size-large\"><img decoding=\"async\" width=\"1024\" height=\"576\" src=\"https:\/\/www.correiobraziliense.com.br\/cbradar\/wp-content\/uploads\/2026\/01\/imagem_2026-01-03_230829680-1024x576.png\" alt=\"\u00c1gua do macarr\u00e3o rica em amido que nutre plantas e d\u00e1 textura a molhos caseiros\n\" class=\"wp-image-168278\" srcset=\"https:\/\/www.correiobraziliense.com.br\/cbradar\/wp-content\/uploads\/2026\/01\/imagem_2026-01-03_230829680-1024x576.png 1024w, https:\/\/www.correiobraziliense.com.br\/cbradar\/wp-content\/uploads\/2026\/01\/imagem_2026-01-03_230829680-300x169.png 300w, https:\/\/www.correiobraziliense.com.br\/cbradar\/wp-content\/uploads\/2026\/01\/imagem_2026-01-03_230829680-768x432.png 768w, https:\/\/www.correiobraziliense.com.br\/cbradar\/wp-content\/uploads\/2026\/01\/imagem_2026-01-03_230829680-750x422.png 750w, https:\/\/www.correiobraziliense.com.br\/cbradar\/wp-content\/uploads\/2026\/01\/imagem_2026-01-03_230829680-1140x641.png 1140w, https:\/\/www.correiobraziliense.com.br\/cbradar\/wp-content\/uploads\/2026\/01\/imagem_2026-01-03_230829680.png 1280w\" sizes=\"(max-width: 1024px) 100vw, 1024px\" \/><figcaption class=\"wp-element-caption\">\u00c1gua do macarr\u00e3o rica em amido que nutre plantas e d\u00e1 textura a molhos caseiros\n<\/figcaption><\/figure>\n\n\n\n<h2 class=\"wp-block-heading\">Diferen\u00e7as vis\u00edveis no resultado final do prato<\/h2>\n\n\n\n<p>A t\u00e9cnica altera fisicamente a viscosidade e o sabor da refei\u00e7\u00e3o, diferenciando um prato caseiro de um preparado em restaurante. Entenda como a presen\u00e7a do amido modifica a estrutura do seu molho na compara\u00e7\u00e3o abaixo.<\/p>\n\n\n\n<figure class=\"wp-block-table\"><table class=\"has-fixed-layout\"><thead><tr><th>Caracter\u00edstica<\/th><th>Sem \u00c1gua do Cozimento<\/th><th>Com &#8220;Ouro L\u00edquido&#8221;<\/th><\/tr><\/thead><tbody><tr><td>Ader\u00eancia<\/td><td>O molho escorre para o fundo<\/td><td>O molho abra\u00e7a a massa<\/td><\/tr><tr><td>Textura<\/td><td>Separada e oleosa<\/td><td>Cremosa e aveludada<\/td><\/tr><tr><td>Sabor<\/td><td>Menos integrado<\/td><td>Rico e real\u00e7ado (pelo sal)<\/td><\/tr><\/tbody><\/table><\/figure>\n\n\n\n<h2 class=\"wp-block-heading\">Como suas plantas podem se beneficiar disso?<\/h2>\n\n\n\n<p>Longe do fog\u00e3o, esse l\u00edquido serve como um fertilizante suave para o seu jardim, desde que observados alguns cuidados cr\u00edticos. O <strong>f\u00f3sforo<\/strong>, nitrog\u00eanio e pot\u00e1ssio liberados pelo trigo durante a fervura s\u00e3o nutrientes essenciais para o crescimento vegetal.<\/p>\n\n\n\n<p>O amido presente na \u00e1gua estimula a atividade de microrganismos ben\u00e9ficos no solo da sua <strong>horta<\/strong> ou vasos ornamentais. Essa &#8220;sopa de nutrientes&#8221; ajuda na reten\u00e7\u00e3o de umidade e fortalece as ra\u00edzes de forma org\u00e2nica.<\/p>\n\n\n\n<figure class=\"wp-block-image aligncenter size-large\"><img decoding=\"async\" width=\"1024\" height=\"576\" src=\"https:\/\/www.correiobraziliense.com.br\/cbradar\/wp-content\/uploads\/2026\/01\/imagem_2026-01-03_231015285-1024x576.png\" alt=\"\u00c1gua do macarr\u00e3o rica em amido que nutre plantas e d\u00e1 textura a molhos caseiros\n\" class=\"wp-image-168279\" srcset=\"https:\/\/www.correiobraziliense.com.br\/cbradar\/wp-content\/uploads\/2026\/01\/imagem_2026-01-03_231015285-1024x576.png 1024w, https:\/\/www.correiobraziliense.com.br\/cbradar\/wp-content\/uploads\/2026\/01\/imagem_2026-01-03_231015285-300x169.png 300w, https:\/\/www.correiobraziliense.com.br\/cbradar\/wp-content\/uploads\/2026\/01\/imagem_2026-01-03_231015285-768x432.png 768w, https:\/\/www.correiobraziliense.com.br\/cbradar\/wp-content\/uploads\/2026\/01\/imagem_2026-01-03_231015285-750x422.png 750w, https:\/\/www.correiobraziliense.com.br\/cbradar\/wp-content\/uploads\/2026\/01\/imagem_2026-01-03_231015285-1140x641.png 1140w, https:\/\/www.correiobraziliense.com.br\/cbradar\/wp-content\/uploads\/2026\/01\/imagem_2026-01-03_231015285.png 1280w\" sizes=\"(max-width: 1024px) 100vw, 1024px\" \/><figcaption class=\"wp-element-caption\">\u00c1gua do macarr\u00e3o rica em amido que nutre plantas e d\u00e1 textura a molhos caseiros\n<\/figcaption><\/figure>\n\n\n\n<h2 class=\"wp-block-heading\">O perigo do sal e da temperatura<\/h2>\n\n\n\n<p>\u00c9 fundamental ter cautela: se voc\u00ea salgou a \u00e1gua para cozinhar o macarr\u00e3o &#8220;como o mar&#8221;, essa mistura torna-se t\u00f3xica para a maioria das <strong>plantas<\/strong>. O excesso de s\u00f3dio desidrata as ra\u00edzes e pode matar esp\u00e9cies sens\u00edveis rapidamente.<\/p>\n\n\n\n<p>Outro ponto de aten\u00e7\u00e3o \u00e9 a temperatura, pois regar o solo com \u00e1gua fervente cozinhar\u00e1 o sistema radicular instantaneamente. O ideal \u00e9 separar a \u00e1gua sem sal (ou com teor m\u00ednimo), deixar esfriar at\u00e9 a temperatura ambiente e s\u00f3 ent\u00e3o aplicar no solo.<\/p>\n\n\n\n<p>Leia tamb\u00e9m: <a href=\"http:\/\/www.correiobraziliense.com.br\/cbradar\/misturar-folhas-de-louro-e-bicarbonato-de-sodio-multiplos-usos-domesticos\/\" target=\"_blank\" rel=\"noreferrer noopener\">Misturar folhas de louro e bicarbonato de s\u00f3dio: m\u00faltiplos usos dom\u00e9sticos<\/a><\/p>\n\n\n\n<h2 class=\"wp-block-heading\">Vantagens de reutilizar o amido na rotina<\/h2>\n\n\n\n<p>Integrar esse h\u00e1bito simples evita o desperd\u00edcio de recursos valiosos e melhora tanto a sua alimenta\u00e7\u00e3o quanto o cuidado dom\u00e9stico. A mudan\u00e7a de mentalidade transforma um res\u00edduo em um recurso multifuncional.<\/p>\n\n\n\n<p>Veja na lista a seguir:<\/p>\n\n\n\n<ul class=\"wp-block-list\">\n<li><strong>Gastronomia elevada:<\/strong> Seus pratos de massa ganham qualidade profissional com custo zero, apenas aproveitando o que j\u00e1 estava na panela.<\/li>\n\n\n\n<li><strong>Economia de \u00e1gua:<\/strong> Reutilizar o l\u00edquido para regar plantas ou deixar lou\u00e7a de molho reduz o consumo total da resid\u00eancia.<\/li>\n\n\n\n<li><strong>Nutri\u00e7\u00e3o vegetal:<\/strong> Oferece um suplemento mineral peri\u00f3dico para suas flores e hortali\u00e7as sem a necessidade de produtos qu\u00edmicos industriais.<\/li>\n<\/ul>\n","protected":false},"excerpt":{"rendered":"<p>Ver aquele l\u00edquido turvo descendo pelo ralo da pia \u00e9 uma cena comum, mas chefs da It\u00e1lia consideram esse ato um verdadeiro desperd\u00edcio culin\u00e1rio. A chamada &#8220;\u00e1gua do macarr\u00e3o&#8221; \u00e9 um ingrediente funcional rico em propriedades qu\u00edmicas que elevam o n\u00edvel dos seus pratos. Conhecido profissionalmente como &#8220;ouro l\u00edquido&#8221;, esse subproduto do cozimento carrega uma [&hellip;]<\/p>\n","protected":false},"author":11,"featured_media":169561,"comment_status":"open","ping_status":"open","sticky":false,"template":"","format":"standard","meta":{"_yoast_wpseo_focuskw":"\u00c1gua do macarr\u00e3o","_yoast_wpseo_title":"","_yoast_wpseo_metadesc":"\u00c1gua do macarr\u00e3o rica em amido pode enriquecer molhos e nutrir plantas reaproveitando um recurso simples da cozinha di\u00e1ria","jnews-multi-image_gallery":[],"jnews_single_post":{"format":"standard"},"jnews_primary_category":[],"jnews_social_meta":[],"jnews_override_counter":[],"footnotes":""},"categories":[143],"post_tag":[13452,13451,224],"class_list":["post-168277","post","type-post","status-publish","format-standard","has-post-thumbnail","hentry","category-casa-e-decoracao","tag-agua-do-macarrao","tag-macarrao-2","tag-plantas"],"yoast_head":"<!-- This site is optimized with the Yoast SEO plugin v24.6 - https:\/\/yoast.com\/wordpress\/plugins\/seo\/ -->\n<title>N\u00e3o jogue fora a \u00e1gua do macarr\u00e3o: o &quot;ouro l\u00edquido&quot; para suas plantas e molhos - Correio Braziliense - Radar<\/title>\n<meta name=\"description\" content=\"\u00c1gua do macarr\u00e3o rica em amido pode enriquecer molhos e nutrir plantas reaproveitando um recurso simples da cozinha di\u00e1ria\" \/>\n<meta name=\"robots\" content=\"index, follow, max-snippet:-1, max-image-preview:large, max-video-preview:-1\" \/>\n<link rel=\"canonical\" href=\"https:\/\/www.correiobraziliense.com.br\/cbradar\/nao-jogue-fora-a-agua-do-macarrao-o-ouro-liquido-para-suas-plantas-e-molhos\/\" \/>\n<meta property=\"og:locale\" content=\"pt_BR\" \/>\n<meta property=\"og:type\" content=\"article\" \/>\n<meta property=\"og:title\" content=\"N\u00e3o jogue fora a \u00e1gua do macarr\u00e3o: o &quot;ouro l\u00edquido&quot; para suas plantas e molhos - Correio Braziliense - Radar\" \/>\n<meta property=\"og:description\" content=\"\u00c1gua do macarr\u00e3o rica em amido pode enriquecer molhos e nutrir plantas reaproveitando um recurso simples da cozinha di\u00e1ria\" \/>\n<meta property=\"og:url\" content=\"https:\/\/www.correiobraziliense.com.br\/cbradar\/nao-jogue-fora-a-agua-do-macarrao-o-ouro-liquido-para-suas-plantas-e-molhos\/\" \/>\n<meta property=\"og:site_name\" content=\"Correio Braziliense - Radar\" \/>\n<meta property=\"article:published_time\" content=\"2026-01-07T19:55:00+00:00\" \/>\n<meta property=\"og:image\" content=\"https:\/\/www.correiobraziliense.com.br\/cbradar\/wp-content\/uploads\/2026\/01\/freepik__imagem-realista-da-gua-do-macarro__7934.png\" \/>\n\t<meta property=\"og:image:width\" content=\"1280\" \/>\n\t<meta property=\"og:image:height\" content=\"720\" \/>\n\t<meta property=\"og:image:type\" content=\"image\/png\" \/>\n<meta name=\"author\" content=\"Paulo Custodio\" \/>\n<meta name=\"twitter:card\" content=\"summary_large_image\" \/>\n<meta name=\"twitter:label1\" content=\"Escrito por\" \/>\n\t<meta name=\"twitter:data1\" content=\"Paulo Custodio\" \/>\n\t<meta name=\"twitter:label2\" content=\"Est. tempo de leitura\" \/>\n\t<meta name=\"twitter:data2\" content=\"4 minutos\" \/>\n<!-- \/ Yoast SEO plugin. -->","yoast_head_json":{"title":"N\u00e3o jogue fora a \u00e1gua do macarr\u00e3o: o \"ouro l\u00edquido\" para suas plantas e molhos - Correio Braziliense - Radar","description":"\u00c1gua do macarr\u00e3o rica em amido pode enriquecer molhos e nutrir plantas reaproveitando um recurso simples da cozinha di\u00e1ria","robots":{"index":"index","follow":"follow","max-snippet":"max-snippet:-1","max-image-preview":"max-image-preview:large","max-video-preview":"max-video-preview:-1"},"canonical":"https:\/\/www.correiobraziliense.com.br\/cbradar\/nao-jogue-fora-a-agua-do-macarrao-o-ouro-liquido-para-suas-plantas-e-molhos\/","og_locale":"pt_BR","og_type":"article","og_title":"N\u00e3o jogue fora a \u00e1gua do macarr\u00e3o: o \"ouro l\u00edquido\" para suas plantas e molhos - Correio Braziliense - Radar","og_description":"\u00c1gua do macarr\u00e3o rica em amido pode enriquecer molhos e nutrir plantas reaproveitando um recurso simples da cozinha di\u00e1ria","og_url":"https:\/\/www.correiobraziliense.com.br\/cbradar\/nao-jogue-fora-a-agua-do-macarrao-o-ouro-liquido-para-suas-plantas-e-molhos\/","og_site_name":"Correio Braziliense - Radar","article_published_time":"2026-01-07T19:55:00+00:00","og_image":[{"width":1280,"height":720,"url":"https:\/\/www.correiobraziliense.com.br\/cbradar\/wp-content\/uploads\/2026\/01\/freepik__imagem-realista-da-gua-do-macarro__7934.png","type":"image\/png"}],"author":"Paulo Custodio","twitter_card":"summary_large_image","twitter_misc":{"Escrito por":"Paulo Custodio","Est. tempo de leitura":"4 minutos"},"schema":{"@context":"https:\/\/schema.org","@graph":[{"@type":"WebPage","@id":"https:\/\/www.correiobraziliense.com.br\/cbradar\/nao-jogue-fora-a-agua-do-macarrao-o-ouro-liquido-para-suas-plantas-e-molhos\/","url":"https:\/\/www.correiobraziliense.com.br\/cbradar\/nao-jogue-fora-a-agua-do-macarrao-o-ouro-liquido-para-suas-plantas-e-molhos\/","name":"N\u00e3o jogue fora a \u00e1gua do macarr\u00e3o: o \"ouro l\u00edquido\" para suas plantas e molhos - Correio Braziliense - Radar","isPartOf":{"@id":"https:\/\/www.correiobraziliense.com.br\/cbradar\/#website"},"primaryImageOfPage":{"@id":"https:\/\/www.correiobraziliense.com.br\/cbradar\/nao-jogue-fora-a-agua-do-macarrao-o-ouro-liquido-para-suas-plantas-e-molhos\/#primaryimage"},"image":{"@id":"https:\/\/www.correiobraziliense.com.br\/cbradar\/nao-jogue-fora-a-agua-do-macarrao-o-ouro-liquido-para-suas-plantas-e-molhos\/#primaryimage"},"thumbnailUrl":"https:\/\/www.correiobraziliense.com.br\/cbradar\/wp-content\/uploads\/2026\/01\/freepik__imagem-realista-da-gua-do-macarro__7934.png","datePublished":"2026-01-07T19:55:00+00:00","author":{"@id":"https:\/\/www.correiobraziliense.com.br\/cbradar\/#\/schema\/person\/4cec7857301a9a1a2ef249893cd908d3"},"description":"\u00c1gua do macarr\u00e3o rica em amido pode enriquecer molhos e nutrir plantas reaproveitando um recurso simples da cozinha di\u00e1ria","breadcrumb":{"@id":"https:\/\/www.correiobraziliense.com.br\/cbradar\/nao-jogue-fora-a-agua-do-macarrao-o-ouro-liquido-para-suas-plantas-e-molhos\/#breadcrumb"},"inLanguage":"pt-BR","potentialAction":[{"@type":"ReadAction","target":["https:\/\/www.correiobraziliense.com.br\/cbradar\/nao-jogue-fora-a-agua-do-macarrao-o-ouro-liquido-para-suas-plantas-e-molhos\/"]}]},{"@type":"ImageObject","inLanguage":"pt-BR","@id":"https:\/\/www.correiobraziliense.com.br\/cbradar\/nao-jogue-fora-a-agua-do-macarrao-o-ouro-liquido-para-suas-plantas-e-molhos\/#primaryimage","url":"https:\/\/www.correiobraziliense.com.br\/cbradar\/wp-content\/uploads\/2026\/01\/freepik__imagem-realista-da-gua-do-macarro__7934.png","contentUrl":"https:\/\/www.correiobraziliense.com.br\/cbradar\/wp-content\/uploads\/2026\/01\/freepik__imagem-realista-da-gua-do-macarro__7934.png","width":1280,"height":720,"caption":"Rica em amido natural liberado durante o cozimento da massa"},{"@type":"BreadcrumbList","@id":"https:\/\/www.correiobraziliense.com.br\/cbradar\/nao-jogue-fora-a-agua-do-macarrao-o-ouro-liquido-para-suas-plantas-e-molhos\/#breadcrumb","itemListElement":[{"@type":"ListItem","position":1,"name":"In\u00edcio","item":"https:\/\/www.correiobraziliense.com.br\/cbradar\/"},{"@type":"ListItem","position":2,"name":"N\u00e3o jogue fora a \u00e1gua do macarr\u00e3o: o &#8220;ouro l\u00edquido&#8221; para suas plantas e molhos"}]},{"@type":"WebSite","@id":"https:\/\/www.correiobraziliense.com.br\/cbradar\/#website","url":"https:\/\/www.correiobraziliense.com.br\/cbradar\/","name":"Correio Braziliense - Radar","description":"Acompanhe as \u00faltimas not\u00edcias e fique bem informado sobre tudo o que acontece no Brasil e no mundo.","potentialAction":[{"@type":"SearchAction","target":{"@type":"EntryPoint","urlTemplate":"https:\/\/www.correiobraziliense.com.br\/cbradar\/?s={search_term_string}"},"query-input":{"@type":"PropertyValueSpecification","valueRequired":true,"valueName":"search_term_string"}}],"inLanguage":"pt-BR"},{"@type":"Person","@id":"https:\/\/www.correiobraziliense.com.br\/cbradar\/#\/schema\/person\/4cec7857301a9a1a2ef249893cd908d3","name":"Paulo Custodio","image":{"@type":"ImageObject","inLanguage":"pt-BR","@id":"https:\/\/www.correiobraziliense.com.br\/cbradar\/#\/schema\/person\/image\/","url":"https:\/\/secure.gravatar.com\/avatar\/bcd67168d1534e8fcf4f45c726a87cea?s=96&d=mm&r=g","contentUrl":"https:\/\/secure.gravatar.com\/avatar\/bcd67168d1534e8fcf4f45c726a87cea?s=96&d=mm&r=g","caption":"Paulo Custodio"},"sameAs":["https:\/\/www.correiobraziliense.com.br\/cbradar"],"url":"https:\/\/www.correiobraziliense.com.br\/cbradar\/author\/paulomyth\/"}]}},"_links":{"self":[{"href":"https:\/\/www.correiobraziliense.com.br\/cbradar\/wp-json\/wp\/v2\/posts\/168277","targetHints":{"allow":["GET"]}}],"collection":[{"href":"https:\/\/www.correiobraziliense.com.br\/cbradar\/wp-json\/wp\/v2\/posts"}],"about":[{"href":"https:\/\/www.correiobraziliense.com.br\/cbradar\/wp-json\/wp\/v2\/types\/post"}],"author":[{"embeddable":true,"href":"https:\/\/www.correiobraziliense.com.br\/cbradar\/wp-json\/wp\/v2\/users\/11"}],"replies":[{"embeddable":true,"href":"https:\/\/www.correiobraziliense.com.br\/cbradar\/wp-json\/wp\/v2\/comments?post=168277"}],"version-history":[{"count":1,"href":"https:\/\/www.correiobraziliense.com.br\/cbradar\/wp-json\/wp\/v2\/posts\/168277\/revisions"}],"predecessor-version":[{"id":168280,"href":"https:\/\/www.correiobraziliense.com.br\/cbradar\/wp-json\/wp\/v2\/posts\/168277\/revisions\/168280"}],"wp:featuredmedia":[{"embeddable":true,"href":"https:\/\/www.correiobraziliense.com.br\/cbradar\/wp-json\/wp\/v2\/media\/169561"}],"wp:attachment":[{"href":"https:\/\/www.correiobraziliense.com.br\/cbradar\/wp-json\/wp\/v2\/media?parent=168277"}],"wp:term":[{"taxonomy":"category","embeddable":true,"href":"https:\/\/www.correiobraziliense.com.br\/cbradar\/wp-json\/wp\/v2\/categories?post=168277"},{"taxonomy":"post_tag","embeddable":true,"href":"https:\/\/www.correiobraziliense.com.br\/cbradar\/wp-json\/wp\/v2\/post_tag?post=168277"}],"curies":[{"name":"wp","href":"https:\/\/api.w.org\/{rel}","templated":true}]}}