{"id":168694,"date":"2026-01-05T08:15:00","date_gmt":"2026-01-05T11:15:00","guid":{"rendered":"https:\/\/www.correiobraziliense.com.br\/cbradar\/?p=168694"},"modified":"2026-01-04T05:50:12","modified_gmt":"2026-01-04T08:50:12","slug":"o-que-significa-sentir-que-nasceu-na-epoca-errada-e-que-prefere-coisas-antigas","status":"publish","type":"post","link":"https:\/\/www.correiobraziliense.com.br\/cbradar\/o-que-significa-sentir-que-nasceu-na-epoca-errada-e-que-prefere-coisas-antigas\/","title":{"rendered":"O que significa sentir que nasceu na \u00e9poca errada e que prefere coisas antigas?"},"content":{"rendered":"\n<p><strong>Sentir que \u201cnasceu na \u00e9poca errada\u201d \u00e9 uma sensa\u00e7\u00e3o mais comum do que parece e costuma aparecer quando algu\u00e9m n\u00e3o se reconhece totalmente nos valores, ritmos ou expectativas do tempo em que vive.<\/strong> Esse sentimento pode gerar nostalgia por per\u00edodos n\u00e3o vividos, desconex\u00e3o com o presente e a impress\u00e3o de n\u00e3o pertencer \u2014 mas tamb\u00e9m traz pistas importantes sobre identidade, prop\u00f3sito e necessidades emocionais.<\/p>\n\n\n\n<h2 class=\"wp-block-heading\">Esse sentimento \u00e9 normal ou sinal de algo errado?<\/h2>\n\n\n\n<p><strong>\u00c9 normal sentir que nasceu na \u00e9poca errada, e isso n\u00e3o indica que h\u00e1 algo errado com voc\u00ea, segundo o estudo de psicologia \u201c<a href=\"https:\/\/www.scielo.br\/j\/pusp\/a\/4vCzHgNShqHf8DLqNRxxRKq\/?format=html&amp;lang=pt\" target=\"_blank\" rel=\"noreferrer noopener\">A experi\u00eancia e o tempo na passagem da adolesc\u00eancia contempor\u00e2nea<\/a><\/strong>\u201d, muitas pessoas experimentam essa percep\u00e7\u00e3o em fases de transi\u00e7\u00e3o, quando questionam escolhas, carreira, relacionamentos ou o rumo da pr\u00f3pria vida.<\/p>\n\n\n\n<p>Geralmente, a sensa\u00e7\u00e3o surge quando h\u00e1 um descompasso entre valores pessoais e o contexto social atual. N\u00e3o \u00e9 rejei\u00e7\u00e3o ao presente em si, mas a busca por ambientes e ritmos que fa\u00e7am mais sentido internamente.<\/p>\n\n\n<div class=\"wp-block-image\">\n<figure class=\"aligncenter size-large\"><img decoding=\"async\" width=\"1024\" height=\"576\" src=\"https:\/\/www.correiobraziliense.com.br\/cbradar\/wp-content\/uploads\/2026\/01\/aaa-13-1024x576.png\" alt=\"O que significa sentir que nasceu na \u00e9poca errada e que prefere coisas antigas?\" class=\"wp-image-168745\" srcset=\"https:\/\/www.correiobraziliense.com.br\/cbradar\/wp-content\/uploads\/2026\/01\/aaa-13-1024x576.png 1024w, https:\/\/www.correiobraziliense.com.br\/cbradar\/wp-content\/uploads\/2026\/01\/aaa-13-300x169.png 300w, https:\/\/www.correiobraziliense.com.br\/cbradar\/wp-content\/uploads\/2026\/01\/aaa-13-768x432.png 768w, https:\/\/www.correiobraziliense.com.br\/cbradar\/wp-content\/uploads\/2026\/01\/aaa-13-750x422.png 750w, https:\/\/www.correiobraziliense.com.br\/cbradar\/wp-content\/uploads\/2026\/01\/aaa-13-1140x641.png 1140w, https:\/\/www.correiobraziliense.com.br\/cbradar\/wp-content\/uploads\/2026\/01\/aaa-13.png 1280w\" sizes=\"(max-width: 1024px) 100vw, 1024px\" \/><figcaption class=\"wp-element-caption\"> Elas tendem a perceber nuances do ambiente e a sentir impacto maior das mudan\u00e7as sociais e tecnol\u00f3gicas.<\/figcaption><\/figure><\/div>\n\n\n<h2 class=\"wp-block-heading\">O que pode causar a sensa\u00e7\u00e3o de n\u00e3o pertencer ao tempo atual?<\/h2>\n\n\n\n<p><strong>A sensa\u00e7\u00e3o de ter nascido na \u00e9poca errada costuma estar ligada a valores, est\u00e9tica, ritmo de vida e formas de se relacionar.<\/strong> Pessoas que valorizam profundidade, sil\u00eancio, processos mais lentos ou v\u00ednculos duradouros podem se sentir deslocadas em contextos acelerados e hiper conectados.<\/p>\n\n\n\n<p>Al\u00e9m disso, a idealiza\u00e7\u00e3o de outras \u00e9pocas \u2014 muitas vezes baseada em narrativas culturais \u2014 pode intensificar a compara\u00e7\u00e3o. Para entender melhor, observe fatores comuns associados a esse sentimento:<\/p>\n\n\n\n<ul class=\"wp-block-list\">\n<li>Identifica\u00e7\u00e3o com costumes, artes ou valores de outros per\u00edodos<\/li>\n\n\n\n<li>Cansa\u00e7o com a pressa, a superficialidade ou a exposi\u00e7\u00e3o constante<\/li>\n\n\n\n<li>Dificuldade de se reconhecer nos modelos atuais de sucesso<\/li>\n<\/ul>\n\n\n\n<p>Esses pontos ajudam a perceber que a quest\u00e3o \u00e9 de encaixe, n\u00e3o de inadequa\u00e7\u00e3o.<\/p>\n\n\n\n<p><strong>Entenda as raz\u00f5es por tr\u00e1s da inquietante sensa\u00e7\u00e3o de n\u00e3o pertencer ao mundo contempor\u00e2neo e como encontrar o seu lugar. <\/strong>O v\u00eddeo \u00e9 do canal <strong>Andr\u00e9 Massolini<\/strong>,<strong> <\/strong>que conta com mais de <strong>380 mil inscritos<\/strong>, e reflete sobre o sentimento de estar deslocado, sugerindo que a busca por grupos com pensamentos semelhantes e o autoconhecimento s\u00e3o caminhos para lidar com essa percep\u00e7\u00e3o de ter nascido na \u00e9poca errada:<\/p>\n\n\n\n<figure class=\"wp-block-embed aligncenter is-type-video is-provider-youtube wp-block-embed-youtube wp-embed-aspect-16-9 wp-has-aspect-ratio\"><div class=\"wp-block-embed__wrapper\">\n<div class=\"jeg_video_container jeg_video_content\"><iframe loading=\"lazy\" title=\"Sensa\u00e7\u00e3o de ter nascido na \u00e9poca errada\" width=\"500\" height=\"281\" src=\"https:\/\/www.youtube.com\/embed\/8LN0txix4kc?feature=oembed\" frameborder=\"0\" allow=\"accelerometer; autoplay; clipboard-write; encrypted-media; gyroscope; picture-in-picture; web-share\" referrerpolicy=\"strict-origin-when-cross-origin\" allowfullscreen><\/iframe><\/div>\n<\/div><\/figure>\n\n\n\n<h2 class=\"wp-block-heading\">Nostalgia por \u00e9pocas n\u00e3o vividas \u00e9 fuga da realidade?<\/h2>\n\n\n\n<p><strong>N\u00e3o necessariamente; a nostalgia pode ser uma linguagem emocional para expressar necessidades atuais.<\/strong> Ao se imaginar em outro tempo, a pessoa aponta o que sente falta hoje \u2014 mais estabilidade, sentido, conex\u00e3o ou autenticidade.<\/p>\n\n\n\n<p>O cuidado est\u00e1 em n\u00e3o usar a nostalgia como paralisia. Quando ela vira recusa do presente, pode limitar experi\u00eancias reais. Quando vira b\u00fassola, ajuda a escolher ambientes e rotinas mais alinhados ao que se valoriza.<\/p>\n\n\n\n<p><strong>Leia tamb\u00e9m: <a href=\"https:\/\/www.correiobraziliense.com.br\/cbradar\/uma-das-melhores-escapadas-do-litoral-e-a-perola-do-atlantico-com-praias-faceis-e-santuarios-quase-secretos\/\" target=\"_blank\" rel=\"noreferrer noopener\">Uma das melhores escapadas do litoral \u00e9 a &#8220;P\u00e9rola do Atl\u00e2ntico&#8221; com praias f\u00e1ceis e santu\u00e1rios quase secretos.<\/a><\/strong><\/p>\n\n\n<div class=\"wp-block-image\">\n<figure class=\"aligncenter size-large\"><img decoding=\"async\" width=\"1024\" height=\"576\" src=\"https:\/\/www.correiobraziliense.com.br\/cbradar\/wp-content\/uploads\/2026\/01\/aaa-11-1024x576.png\" alt=\"\" class=\"wp-image-168744\" srcset=\"https:\/\/www.correiobraziliense.com.br\/cbradar\/wp-content\/uploads\/2026\/01\/aaa-11-1024x576.png 1024w, https:\/\/www.correiobraziliense.com.br\/cbradar\/wp-content\/uploads\/2026\/01\/aaa-11-300x169.png 300w, https:\/\/www.correiobraziliense.com.br\/cbradar\/wp-content\/uploads\/2026\/01\/aaa-11-768x432.png 768w, https:\/\/www.correiobraziliense.com.br\/cbradar\/wp-content\/uploads\/2026\/01\/aaa-11-750x422.png 750w, https:\/\/www.correiobraziliense.com.br\/cbradar\/wp-content\/uploads\/2026\/01\/aaa-11-1140x641.png 1140w, https:\/\/www.correiobraziliense.com.br\/cbradar\/wp-content\/uploads\/2026\/01\/aaa-11.png 1280w\" sizes=\"(max-width: 1024px) 100vw, 1024px\" \/><figcaption class=\"wp-element-caption\"> \u00c9 poss\u00edvel criar \u201cilhas de pertencimento\u201d hoje: escolher c\u00edrculos, h\u00e1bitos e trabalhos que reflitam quem voc\u00ea \u00e9.<\/figcaption><\/figure><\/div>\n\n\n<h2 class=\"wp-block-heading\">Isso tem rela\u00e7\u00e3o com personalidade ou sensibilidade emocional?<\/h2>\n\n\n\n<p><strong>Sim, pessoas mais sens\u00edveis, introspectivas ou criativas relatam esse sentimento com mais frequ\u00eancia.<\/strong> Elas tendem a perceber nuances do ambiente e a sentir impacto maior das mudan\u00e7as sociais e tecnol\u00f3gicas.<\/p>\n\n\n\n<p>Para diferenciar tra\u00e7o de personalidade de sofrimento emocional, observe padr\u00f5es ao longo do tempo. A tabela abaixo ajuda a contextualizar:<\/p>\n\n\n\n<figure class=\"wp-block-table\"><table class=\"has-fixed-layout\"><thead><tr><th>Situa\u00e7\u00e3o<\/th><th>O que costuma indicar<\/th><\/tr><\/thead><tbody><tr><td>Identifica\u00e7\u00e3o est\u00e9tica\/cultural<\/td><td>Prefer\u00eancias e valores pessoais<\/td><\/tr><tr><td>Desconforto social pontual<\/td><td>Fase de transi\u00e7\u00e3o<\/td><\/tr><tr><td>Isolamento e tristeza persistentes<\/td><td>Sinal de aten\u00e7\u00e3o emocional<\/td><\/tr><\/tbody><\/table><\/figure>\n\n\n\n<h2 class=\"wp-block-heading\">Como lidar com a sensa\u00e7\u00e3o de ter nascido na \u00e9poca errada?<\/h2>\n\n\n\n<p><strong>Lidar bem com esse sentimento envolve integrar valores pessoais ao presente, em vez de rejeit\u00e1-lo por completo.<\/strong> \u00c9 poss\u00edvel criar \u201cilhas de pertencimento\u201d hoje: escolher c\u00edrculos, h\u00e1bitos e trabalhos que reflitam quem voc\u00ea \u00e9.<\/p>\n\n\n\n<p>Construir rotina com prop\u00f3sito, buscar comunidades afins e limitar excessos que drenam energia ajudam a reconciliar passado idealizado e presente real. <strong>Sentir que nasceu na \u00e9poca errada n\u00e3o \u00e9 um erro de origem, mas um convite para viver de forma mais fiel aos pr\u00f3prios valores \u2014 aqui e agora.<\/strong><\/p>\n","protected":false},"excerpt":{"rendered":"<p>Sentir que \u201cnasceu na \u00e9poca errada\u201d \u00e9 uma sensa\u00e7\u00e3o mais comum do que parece e costuma aparecer quando algu\u00e9m n\u00e3o se reconhece totalmente nos valores, ritmos ou expectativas do tempo em que vive. Esse sentimento pode gerar nostalgia por per\u00edodos n\u00e3o vividos, desconex\u00e3o com o presente e a impress\u00e3o de n\u00e3o pertencer \u2014 mas tamb\u00e9m [&hellip;]<\/p>\n","protected":false},"author":8,"featured_media":168743,"comment_status":"open","ping_status":"open","sticky":false,"template":"","format":"standard","meta":{"jnews-multi-image_gallery":[],"jnews_single_post":{"format":"standard"},"jnews_primary_category":[],"jnews_social_meta":[],"jnews_override_counter":[],"footnotes":""},"categories":[112],"post_tag":[13480,3097],"class_list":["post-168694","post","type-post","status-publish","format-standard","has-post-thumbnail","hentry","category-curiosidades","tag-sentir-que-nasceu-na-epoca-errada","tag-vintage"],"yoast_head":"<!-- This site is optimized with the Yoast SEO plugin v24.6 - https:\/\/yoast.com\/wordpress\/plugins\/seo\/ -->\n<title>O que significa sentir que nasceu na \u00e9poca errada e que prefere coisas antigas? - Correio Braziliense - Radar<\/title>\n<meta name=\"description\" content=\"Sentir que nasceu na \u00e9poca errada vai al\u00e9m da nostalgia e pode estar ligado \u00e0 forma como voc\u00ea se conecta com o mundo.\" \/>\n<meta name=\"robots\" content=\"index, follow, max-snippet:-1, max-image-preview:large, max-video-preview:-1\" \/>\n<link rel=\"canonical\" href=\"https:\/\/www.correiobraziliense.com.br\/cbradar\/o-que-significa-sentir-que-nasceu-na-epoca-errada-e-que-prefere-coisas-antigas\/\" \/>\n<meta property=\"og:locale\" content=\"pt_BR\" \/>\n<meta property=\"og:type\" content=\"article\" \/>\n<meta property=\"og:title\" content=\"O que significa sentir que nasceu na \u00e9poca errada e que prefere coisas antigas? - Correio Braziliense - Radar\" \/>\n<meta property=\"og:description\" content=\"Sentir que nasceu na \u00e9poca errada vai al\u00e9m da nostalgia e pode estar ligado \u00e0 forma como voc\u00ea se conecta com o mundo.\" \/>\n<meta property=\"og:url\" content=\"https:\/\/www.correiobraziliense.com.br\/cbradar\/o-que-significa-sentir-que-nasceu-na-epoca-errada-e-que-prefere-coisas-antigas\/\" \/>\n<meta property=\"og:site_name\" content=\"Correio Braziliense - Radar\" \/>\n<meta property=\"article:published_time\" content=\"2026-01-05T11:15:00+00:00\" \/>\n<meta property=\"og:image\" content=\"https:\/\/www.correiobraziliense.com.br\/cbradar\/wp-content\/uploads\/2026\/01\/unnamed-18.jpg\" \/>\n\t<meta property=\"og:image:width\" content=\"1024\" \/>\n\t<meta property=\"og:image:height\" content=\"572\" \/>\n\t<meta property=\"og:image:type\" content=\"image\/jpeg\" \/>\n<meta name=\"author\" content=\"Maura Pereira\" \/>\n<meta name=\"twitter:card\" content=\"summary_large_image\" \/>\n<meta name=\"twitter:label1\" content=\"Escrito por\" \/>\n\t<meta name=\"twitter:data1\" content=\"Maura Pereira\" \/>\n\t<meta name=\"twitter:label2\" content=\"Est. tempo de leitura\" \/>\n\t<meta name=\"twitter:data2\" content=\"5 minutos\" \/>\n<!-- \/ Yoast SEO plugin. -->","yoast_head_json":{"title":"O que significa sentir que nasceu na \u00e9poca errada e que prefere coisas antigas? - Correio Braziliense - Radar","description":"Sentir que nasceu na \u00e9poca errada vai al\u00e9m da nostalgia e pode estar ligado \u00e0 forma como voc\u00ea se conecta com o mundo.","robots":{"index":"index","follow":"follow","max-snippet":"max-snippet:-1","max-image-preview":"max-image-preview:large","max-video-preview":"max-video-preview:-1"},"canonical":"https:\/\/www.correiobraziliense.com.br\/cbradar\/o-que-significa-sentir-que-nasceu-na-epoca-errada-e-que-prefere-coisas-antigas\/","og_locale":"pt_BR","og_type":"article","og_title":"O que significa sentir que nasceu na \u00e9poca errada e que prefere coisas antigas? - Correio Braziliense - Radar","og_description":"Sentir que nasceu na \u00e9poca errada vai al\u00e9m da nostalgia e pode estar ligado \u00e0 forma como voc\u00ea se conecta com o mundo.","og_url":"https:\/\/www.correiobraziliense.com.br\/cbradar\/o-que-significa-sentir-que-nasceu-na-epoca-errada-e-que-prefere-coisas-antigas\/","og_site_name":"Correio Braziliense - Radar","article_published_time":"2026-01-05T11:15:00+00:00","og_image":[{"width":1024,"height":572,"url":"https:\/\/www.correiobraziliense.com.br\/cbradar\/wp-content\/uploads\/2026\/01\/unnamed-18.jpg","type":"image\/jpeg"}],"author":"Maura Pereira","twitter_card":"summary_large_image","twitter_misc":{"Escrito por":"Maura Pereira","Est. tempo de leitura":"5 minutos"},"schema":{"@context":"https:\/\/schema.org","@graph":[{"@type":"WebPage","@id":"https:\/\/www.correiobraziliense.com.br\/cbradar\/o-que-significa-sentir-que-nasceu-na-epoca-errada-e-que-prefere-coisas-antigas\/","url":"https:\/\/www.correiobraziliense.com.br\/cbradar\/o-que-significa-sentir-que-nasceu-na-epoca-errada-e-que-prefere-coisas-antigas\/","name":"O que significa sentir que nasceu na \u00e9poca errada e que prefere coisas antigas? - Correio Braziliense - Radar","isPartOf":{"@id":"https:\/\/www.correiobraziliense.com.br\/cbradar\/#website"},"primaryImageOfPage":{"@id":"https:\/\/www.correiobraziliense.com.br\/cbradar\/o-que-significa-sentir-que-nasceu-na-epoca-errada-e-que-prefere-coisas-antigas\/#primaryimage"},"image":{"@id":"https:\/\/www.correiobraziliense.com.br\/cbradar\/o-que-significa-sentir-que-nasceu-na-epoca-errada-e-que-prefere-coisas-antigas\/#primaryimage"},"thumbnailUrl":"https:\/\/www.correiobraziliense.com.br\/cbradar\/wp-content\/uploads\/2026\/01\/unnamed-18.jpg","datePublished":"2026-01-05T11:15:00+00:00","author":{"@id":"https:\/\/www.correiobraziliense.com.br\/cbradar\/#\/schema\/person\/4053c651a9bfc785afc6f4cbc9032fd3"},"description":"Sentir que nasceu na \u00e9poca errada vai al\u00e9m da nostalgia e pode estar ligado \u00e0 forma como voc\u00ea se conecta com o mundo.","breadcrumb":{"@id":"https:\/\/www.correiobraziliense.com.br\/cbradar\/o-que-significa-sentir-que-nasceu-na-epoca-errada-e-que-prefere-coisas-antigas\/#breadcrumb"},"inLanguage":"pt-BR","potentialAction":[{"@type":"ReadAction","target":["https:\/\/www.correiobraziliense.com.br\/cbradar\/o-que-significa-sentir-que-nasceu-na-epoca-errada-e-que-prefere-coisas-antigas\/"]}]},{"@type":"ImageObject","inLanguage":"pt-BR","@id":"https:\/\/www.correiobraziliense.com.br\/cbradar\/o-que-significa-sentir-que-nasceu-na-epoca-errada-e-que-prefere-coisas-antigas\/#primaryimage","url":"https:\/\/www.correiobraziliense.com.br\/cbradar\/wp-content\/uploads\/2026\/01\/unnamed-18.jpg","contentUrl":"https:\/\/www.correiobraziliense.com.br\/cbradar\/wp-content\/uploads\/2026\/01\/unnamed-18.jpg","width":1024,"height":572,"caption":"A sensa\u00e7\u00e3o de ter nascido na \u00e9poca errada costuma estar ligada a valores, est\u00e9tica, ritmo de vida e formas de se relacionar."},{"@type":"BreadcrumbList","@id":"https:\/\/www.correiobraziliense.com.br\/cbradar\/o-que-significa-sentir-que-nasceu-na-epoca-errada-e-que-prefere-coisas-antigas\/#breadcrumb","itemListElement":[{"@type":"ListItem","position":1,"name":"In\u00edcio","item":"https:\/\/www.correiobraziliense.com.br\/cbradar\/"},{"@type":"ListItem","position":2,"name":"O que significa sentir que nasceu na \u00e9poca errada e que prefere coisas antigas?"}]},{"@type":"WebSite","@id":"https:\/\/www.correiobraziliense.com.br\/cbradar\/#website","url":"https:\/\/www.correiobraziliense.com.br\/cbradar\/","name":"Correio Braziliense - Radar","description":"Acompanhe as \u00faltimas not\u00edcias e fique bem informado sobre tudo o que acontece no Brasil e no mundo.","potentialAction":[{"@type":"SearchAction","target":{"@type":"EntryPoint","urlTemplate":"https:\/\/www.correiobraziliense.com.br\/cbradar\/?s={search_term_string}"},"query-input":{"@type":"PropertyValueSpecification","valueRequired":true,"valueName":"search_term_string"}}],"inLanguage":"pt-BR"},{"@type":"Person","@id":"https:\/\/www.correiobraziliense.com.br\/cbradar\/#\/schema\/person\/4053c651a9bfc785afc6f4cbc9032fd3","name":"Maura Pereira","image":{"@type":"ImageObject","inLanguage":"pt-BR","@id":"https:\/\/www.correiobraziliense.com.br\/cbradar\/#\/schema\/person\/image\/","url":"https:\/\/secure.gravatar.com\/avatar\/3effd6bdadfa447f15089c7f7144eaa6?s=96&d=mm&r=g","contentUrl":"https:\/\/secure.gravatar.com\/avatar\/3effd6bdadfa447f15089c7f7144eaa6?s=96&d=mm&r=g","caption":"Maura Pereira"},"sameAs":["https:\/\/www.correiobraziliense.com.br\/"],"url":"https:\/\/www.correiobraziliense.com.br\/cbradar\/author\/mauramyth\/"}]}},"_links":{"self":[{"href":"https:\/\/www.correiobraziliense.com.br\/cbradar\/wp-json\/wp\/v2\/posts\/168694","targetHints":{"allow":["GET"]}}],"collection":[{"href":"https:\/\/www.correiobraziliense.com.br\/cbradar\/wp-json\/wp\/v2\/posts"}],"about":[{"href":"https:\/\/www.correiobraziliense.com.br\/cbradar\/wp-json\/wp\/v2\/types\/post"}],"author":[{"embeddable":true,"href":"https:\/\/www.correiobraziliense.com.br\/cbradar\/wp-json\/wp\/v2\/users\/8"}],"replies":[{"embeddable":true,"href":"https:\/\/www.correiobraziliense.com.br\/cbradar\/wp-json\/wp\/v2\/comments?post=168694"}],"version-history":[{"count":12,"href":"https:\/\/www.correiobraziliense.com.br\/cbradar\/wp-json\/wp\/v2\/posts\/168694\/revisions"}],"predecessor-version":[{"id":168754,"href":"https:\/\/www.correiobraziliense.com.br\/cbradar\/wp-json\/wp\/v2\/posts\/168694\/revisions\/168754"}],"wp:featuredmedia":[{"embeddable":true,"href":"https:\/\/www.correiobraziliense.com.br\/cbradar\/wp-json\/wp\/v2\/media\/168743"}],"wp:attachment":[{"href":"https:\/\/www.correiobraziliense.com.br\/cbradar\/wp-json\/wp\/v2\/media?parent=168694"}],"wp:term":[{"taxonomy":"category","embeddable":true,"href":"https:\/\/www.correiobraziliense.com.br\/cbradar\/wp-json\/wp\/v2\/categories?post=168694"},{"taxonomy":"post_tag","embeddable":true,"href":"https:\/\/www.correiobraziliense.com.br\/cbradar\/wp-json\/wp\/v2\/post_tag?post=168694"}],"curies":[{"name":"wp","href":"https:\/\/api.w.org\/{rel}","templated":true}]}}