{"id":16875,"date":"2025-03-30T09:30:00","date_gmt":"2025-03-30T12:30:00","guid":{"rendered":"https:\/\/www.correiobraziliense.com.br\/cbradar\/?p=16875"},"modified":"2025-03-29T13:57:54","modified_gmt":"2025-03-29T16:57:54","slug":"conheca-a-cidade-onde-os-moradores-se-comunicam-por-espelhos","status":"publish","type":"post","link":"https:\/\/www.correiobraziliense.com.br\/cbradar\/conheca-a-cidade-onde-os-moradores-se-comunicam-por-espelhos\/","title":{"rendered":"Conhe\u00e7a a cidade onde os moradores se comunicam por espelhos"},"content":{"rendered":"\n<p>Imagine viver em um vilarejo onde <strong>o sol desaparece por tr\u00eas meses inteiros todos os anos<\/strong>. Isso \u00e9 realidade em <strong>Viganella<\/strong>, uma pequena cidade no norte da <strong>It\u00e1lia<\/strong>, aninhada entre montanhas t\u00e3o altas que <strong>bloqueiam completamente a luz solar de novembro a fevereiro<\/strong>.<\/p>\n\n\n\n<p>Mas a criatividade humana brilhou \u2014 literalmente. Para resolver esse problema, Viganella <strong>instalou um enorme espelho m\u00f3vel nas montanhas<\/strong>, que <strong>reflete a luz solar diretamente para a pra\u00e7a central da cidade<\/strong>, permitindo que seus habitantes recebam <strong>a luz do sol mesmo na sombra das montanhas<\/strong>.<\/p>\n\n\n\n<h2 class=\"wp-block-heading\"><strong>Como funciona o espelho solar de Viganella?<\/strong><\/h2>\n\n\n\n<p>O espelho \u00e9 chamado de <strong>heliostato<\/strong> e foi instalado em 2006 em uma encosta pr\u00f3xima. Ele mede <strong>8 metros de largura por 5 metros de altura<\/strong> e \u00e9 controlado por computador para:<\/p>\n\n\n\n<ul class=\"wp-block-list\">\n<li><strong>Seguir o movimento do sol ao longo do dia<\/strong><\/li>\n\n\n\n<li><strong>Refletir a luz para um ponto espec\u00edfico da cidade \u2014 a pra\u00e7a principal<\/strong><\/li>\n\n\n\n<li><strong>Compensar a aus\u00eancia de luz natural nos meses de inverno<\/strong><\/li>\n<\/ul>\n\n\n\n<p>Gra\u00e7as a essa tecnologia, <strong>a cidade \u201cconversa\u201d com o sol por meio de espelhos<\/strong>, transformando o que antes era um per\u00edodo de escurid\u00e3o total em <strong>dias iluminados e mais animados<\/strong>.<\/p>\n\n\n\n<figure class=\"wp-block-image size-large\"><img decoding=\"async\" width=\"1024\" height=\"576\" src=\"https:\/\/www.correiobraziliense.com.br\/cbradar\/wp-content\/uploads\/2025\/03\/Italia_1743250095538-1024x576.jpg\" alt=\"Conhe\u00e7a a cidade onde os moradores se comunicam por espelhos\" class=\"wp-image-16877\" srcset=\"https:\/\/www.correiobraziliense.com.br\/cbradar\/wp-content\/uploads\/2025\/03\/Italia_1743250095538-1024x576.jpg 1024w, https:\/\/www.correiobraziliense.com.br\/cbradar\/wp-content\/uploads\/2025\/03\/Italia_1743250095538-300x169.jpg 300w, https:\/\/www.correiobraziliense.com.br\/cbradar\/wp-content\/uploads\/2025\/03\/Italia_1743250095538-768x432.jpg 768w, https:\/\/www.correiobraziliense.com.br\/cbradar\/wp-content\/uploads\/2025\/03\/Italia_1743250095538-750x422.jpg 750w, https:\/\/www.correiobraziliense.com.br\/cbradar\/wp-content\/uploads\/2025\/03\/Italia_1743250095538-1140x642.jpg 1140w, https:\/\/www.correiobraziliense.com.br\/cbradar\/wp-content\/uploads\/2025\/03\/Italia_1743250095538.jpg 1279w\" sizes=\"(max-width: 1024px) 100vw, 1024px\" \/><figcaption class=\"wp-element-caption\">It\u00e1lia. Cr\u00e9ditos: depositphotos.com \/ Balate Dorin<\/figcaption><\/figure>\n\n\n\n<h2 class=\"wp-block-heading\"><strong>Por que Viganella criou esse projeto?<\/strong><\/h2>\n\n\n\n<p>A falta de sol trazia s\u00e9rios impactos para os moradores:<\/p>\n\n\n\n<ul class=\"wp-block-list\">\n<li><strong>Tristeza sazonal e queda na sa\u00fade mental<\/strong><\/li>\n\n\n\n<li><strong>Preju\u00edzos ao com\u00e9rcio local e \u00e0 vida social<\/strong><\/li>\n\n\n\n<li><strong>Sensa\u00e7\u00e3o de isolamento extremo durante o inverno<\/strong><\/li>\n<\/ul>\n\n\n\n<p>A solu\u00e7\u00e3o veio de uma parceria entre a prefeitura, engenheiros e arquitetos, que decidiram investir em uma <strong>obra p\u00fablica criativa e funcional<\/strong>, custando cerca de <strong>100 mil euros<\/strong>.<\/p>\n\n\n\n<h2 class=\"wp-block-heading\"><strong>Curiosidades sobre Viganella e seu espelho solar<\/strong><\/h2>\n\n\n\n<ul class=\"wp-block-list\">\n<li><strong>O espelho \u00e9 alimentado por energia solar e tem manuten\u00e7\u00e3o anual.<\/strong><\/li>\n\n\n\n<li><strong>O projeto inspirou outras cidades de montanha ao redor do mundo.<\/strong><\/li>\n\n\n\n<li><strong>O primeiro \u201craio artificial de sol\u201d foi comemorado com festa na pra\u00e7a.<\/strong><\/li>\n\n\n\n<li><strong>Durante o ver\u00e3o, o espelho \u00e9 desligado, pois a cidade recebe luz naturalmente.<\/strong><\/li>\n\n\n\n<li><strong>Viganella virou ponto tur\u00edstico para quem quer ver como um espelho pode mudar a rotina de um vilarejo.<\/strong><\/li>\n<\/ul>\n\n\n\n<p>Viganella \u00e9 a prova de que <strong>at\u00e9 a sombra mais longa pode ser iluminada com engenhosidade<\/strong> \u2014 e que, com a ajuda de um espelho bem posicionado, <strong>o sol pode chegar onde parecia imposs\u00edvel<\/strong>.<\/p>\n","protected":false},"excerpt":{"rendered":"<p>Em Viganella, It\u00e1lia, um espelho gigante reflete a luz do sol para o vilarejo sombreado. Conhe\u00e7a a cidade que conversa com o sol por reflexo!<\/p>\n","protected":false},"author":3,"featured_media":16876,"comment_status":"open","ping_status":"open","sticky":false,"template":"","format":"standard","meta":{"_yoast_wpseo_focuskw":"cidade comunicam espelhos","_yoast_wpseo_title":"%%title%%","_yoast_wpseo_metadesc":"Em Viganella, It\u00e1lia, um espelho gigante reflete a luz do sol para o vilarejo sombreado. Conhe\u00e7a a cidade que conversa com o sol por reflexo!","jnews-multi-image_gallery":[],"jnews_single_post":{"format":"standard"},"jnews_primary_category":[],"jnews_social_meta":[],"jnews_override_counter":[],"footnotes":""},"categories":[108],"tags":[109],"class_list":["post-16875","post","type-post","status-publish","format-standard","has-post-thumbnail","hentry","category-cidades","tag-cidades"],"yoast_head":"<!-- This site is optimized with the Yoast SEO plugin v24.6 - https:\/\/yoast.com\/wordpress\/plugins\/seo\/ -->\n<title>Conhe\u00e7a a cidade onde os moradores se comunicam por espelhos<\/title>\n<meta name=\"description\" content=\"Em Viganella, It\u00e1lia, um espelho gigante reflete a luz do sol para o vilarejo sombreado. Conhe\u00e7a a cidade que conversa com o sol por reflexo!\" \/>\n<meta name=\"robots\" content=\"index, follow, max-snippet:-1, max-image-preview:large, max-video-preview:-1\" \/>\n<link rel=\"canonical\" href=\"https:\/\/www.correiobraziliense.com.br\/cbradar\/conheca-a-cidade-onde-os-moradores-se-comunicam-por-espelhos\/\" \/>\n<meta property=\"og:locale\" content=\"pt_BR\" \/>\n<meta property=\"og:type\" content=\"article\" \/>\n<meta property=\"og:title\" content=\"Conhe\u00e7a a cidade onde os moradores se comunicam por espelhos\" \/>\n<meta property=\"og:description\" content=\"Em Viganella, It\u00e1lia, um espelho gigante reflete a luz do sol para o vilarejo sombreado. Conhe\u00e7a a cidade que conversa com o sol por reflexo!\" \/>\n<meta property=\"og:url\" content=\"https:\/\/www.correiobraziliense.com.br\/cbradar\/conheca-a-cidade-onde-os-moradores-se-comunicam-por-espelhos\/\" \/>\n<meta property=\"og:site_name\" content=\"Correio Braziliense - Radar\" \/>\n<meta property=\"article:published_time\" content=\"2025-03-30T12:30:00+00:00\" \/>\n<meta property=\"og:image\" content=\"https:\/\/www.correiobraziliense.com.br\/cbradar\/wp-content\/uploads\/2025\/03\/Italia_1743250053505.jpg\" \/>\n\t<meta property=\"og:image:width\" content=\"1280\" \/>\n\t<meta property=\"og:image:height\" content=\"720\" \/>\n\t<meta property=\"og:image:type\" content=\"image\/jpeg\" \/>\n<meta name=\"author\" content=\"Larissa Carvalho\" \/>\n<meta name=\"twitter:card\" content=\"summary_large_image\" \/>\n<meta name=\"twitter:label1\" content=\"Escrito por\" \/>\n\t<meta name=\"twitter:data1\" content=\"Larissa Carvalho\" \/>\n\t<meta name=\"twitter:label2\" content=\"Est. tempo de leitura\" \/>\n\t<meta name=\"twitter:data2\" content=\"3 minutos\" \/>\n<!-- \/ Yoast SEO plugin. -->","yoast_head_json":{"title":"Conhe\u00e7a a cidade onde os moradores se comunicam por espelhos","description":"Em Viganella, It\u00e1lia, um espelho gigante reflete a luz do sol para o vilarejo sombreado. Conhe\u00e7a a cidade que conversa com o sol por reflexo!","robots":{"index":"index","follow":"follow","max-snippet":"max-snippet:-1","max-image-preview":"max-image-preview:large","max-video-preview":"max-video-preview:-1"},"canonical":"https:\/\/www.correiobraziliense.com.br\/cbradar\/conheca-a-cidade-onde-os-moradores-se-comunicam-por-espelhos\/","og_locale":"pt_BR","og_type":"article","og_title":"Conhe\u00e7a a cidade onde os moradores se comunicam por espelhos","og_description":"Em Viganella, It\u00e1lia, um espelho gigante reflete a luz do sol para o vilarejo sombreado. Conhe\u00e7a a cidade que conversa com o sol por reflexo!","og_url":"https:\/\/www.correiobraziliense.com.br\/cbradar\/conheca-a-cidade-onde-os-moradores-se-comunicam-por-espelhos\/","og_site_name":"Correio Braziliense - Radar","article_published_time":"2025-03-30T12:30:00+00:00","og_image":[{"width":1280,"height":720,"url":"https:\/\/www.correiobraziliense.com.br\/cbradar\/wp-content\/uploads\/2025\/03\/Italia_1743250053505.jpg","type":"image\/jpeg"}],"author":"Larissa Carvalho","twitter_card":"summary_large_image","twitter_misc":{"Escrito por":"Larissa Carvalho","Est. tempo de leitura":"3 minutos"},"schema":{"@context":"https:\/\/schema.org","@graph":[{"@type":"WebPage","@id":"https:\/\/www.correiobraziliense.com.br\/cbradar\/conheca-a-cidade-onde-os-moradores-se-comunicam-por-espelhos\/","url":"https:\/\/www.correiobraziliense.com.br\/cbradar\/conheca-a-cidade-onde-os-moradores-se-comunicam-por-espelhos\/","name":"Conhe\u00e7a a cidade onde os moradores se comunicam por espelhos","isPartOf":{"@id":"https:\/\/www.correiobraziliense.com.br\/cbradar\/#website"},"primaryImageOfPage":{"@id":"https:\/\/www.correiobraziliense.com.br\/cbradar\/conheca-a-cidade-onde-os-moradores-se-comunicam-por-espelhos\/#primaryimage"},"image":{"@id":"https:\/\/www.correiobraziliense.com.br\/cbradar\/conheca-a-cidade-onde-os-moradores-se-comunicam-por-espelhos\/#primaryimage"},"thumbnailUrl":"https:\/\/www.correiobraziliense.com.br\/cbradar\/wp-content\/uploads\/2025\/03\/Italia_1743250053505.jpg","datePublished":"2025-03-30T12:30:00+00:00","author":{"@id":"https:\/\/www.correiobraziliense.com.br\/cbradar\/#\/schema\/person\/58422787644df994b53a19d3e56c1513"},"description":"Em Viganella, It\u00e1lia, um espelho gigante reflete a luz do sol para o vilarejo sombreado. Conhe\u00e7a a cidade que conversa com o sol por reflexo!","breadcrumb":{"@id":"https:\/\/www.correiobraziliense.com.br\/cbradar\/conheca-a-cidade-onde-os-moradores-se-comunicam-por-espelhos\/#breadcrumb"},"inLanguage":"pt-BR","potentialAction":[{"@type":"ReadAction","target":["https:\/\/www.correiobraziliense.com.br\/cbradar\/conheca-a-cidade-onde-os-moradores-se-comunicam-por-espelhos\/"]}]},{"@type":"ImageObject","inLanguage":"pt-BR","@id":"https:\/\/www.correiobraziliense.com.br\/cbradar\/conheca-a-cidade-onde-os-moradores-se-comunicam-por-espelhos\/#primaryimage","url":"https:\/\/www.correiobraziliense.com.br\/cbradar\/wp-content\/uploads\/2025\/03\/Italia_1743250053505.jpg","contentUrl":"https:\/\/www.correiobraziliense.com.br\/cbradar\/wp-content\/uploads\/2025\/03\/Italia_1743250053505.jpg","width":1280,"height":720,"caption":"It\u00e1lia. Cr\u00e9ditos: depositphotos.com \/ SOLOTU"},{"@type":"BreadcrumbList","@id":"https:\/\/www.correiobraziliense.com.br\/cbradar\/conheca-a-cidade-onde-os-moradores-se-comunicam-por-espelhos\/#breadcrumb","itemListElement":[{"@type":"ListItem","position":1,"name":"In\u00edcio","item":"https:\/\/www.correiobraziliense.com.br\/cbradar\/"},{"@type":"ListItem","position":2,"name":"Conhe\u00e7a a cidade onde os moradores se comunicam por espelhos"}]},{"@type":"WebSite","@id":"https:\/\/www.correiobraziliense.com.br\/cbradar\/#website","url":"https:\/\/www.correiobraziliense.com.br\/cbradar\/","name":"Correio Braziliense - Radar","description":"Acompanhe as \u00faltimas not\u00edcias e fique bem informado sobre tudo o que acontece no Brasil e no mundo.","potentialAction":[{"@type":"SearchAction","target":{"@type":"EntryPoint","urlTemplate":"https:\/\/www.correiobraziliense.com.br\/cbradar\/?s={search_term_string}"},"query-input":{"@type":"PropertyValueSpecification","valueRequired":true,"valueName":"search_term_string"}}],"inLanguage":"pt-BR"},{"@type":"Person","@id":"https:\/\/www.correiobraziliense.com.br\/cbradar\/#\/schema\/person\/58422787644df994b53a19d3e56c1513","name":"Larissa Carvalho","image":{"@type":"ImageObject","inLanguage":"pt-BR","@id":"https:\/\/www.correiobraziliense.com.br\/cbradar\/#\/schema\/person\/image\/","url":"https:\/\/secure.gravatar.com\/avatar\/fe4f91a0de32b52a838d0d612abdc1aa?s=96&d=mm&r=g","contentUrl":"https:\/\/secure.gravatar.com\/avatar\/fe4f91a0de32b52a838d0d612abdc1aa?s=96&d=mm&r=g","caption":"Larissa Carvalho"},"url":"https:\/\/www.correiobraziliense.com.br\/cbradar\/author\/larissamyth\/"}]}},"_links":{"self":[{"href":"https:\/\/www.correiobraziliense.com.br\/cbradar\/wp-json\/wp\/v2\/posts\/16875","targetHints":{"allow":["GET"]}}],"collection":[{"href":"https:\/\/www.correiobraziliense.com.br\/cbradar\/wp-json\/wp\/v2\/posts"}],"about":[{"href":"https:\/\/www.correiobraziliense.com.br\/cbradar\/wp-json\/wp\/v2\/types\/post"}],"author":[{"embeddable":true,"href":"https:\/\/www.correiobraziliense.com.br\/cbradar\/wp-json\/wp\/v2\/users\/3"}],"replies":[{"embeddable":true,"href":"https:\/\/www.correiobraziliense.com.br\/cbradar\/wp-json\/wp\/v2\/comments?post=16875"}],"version-history":[{"count":1,"href":"https:\/\/www.correiobraziliense.com.br\/cbradar\/wp-json\/wp\/v2\/posts\/16875\/revisions"}],"predecessor-version":[{"id":16878,"href":"https:\/\/www.correiobraziliense.com.br\/cbradar\/wp-json\/wp\/v2\/posts\/16875\/revisions\/16878"}],"wp:featuredmedia":[{"embeddable":true,"href":"https:\/\/www.correiobraziliense.com.br\/cbradar\/wp-json\/wp\/v2\/media\/16876"}],"wp:attachment":[{"href":"https:\/\/www.correiobraziliense.com.br\/cbradar\/wp-json\/wp\/v2\/media?parent=16875"}],"wp:term":[{"taxonomy":"category","embeddable":true,"href":"https:\/\/www.correiobraziliense.com.br\/cbradar\/wp-json\/wp\/v2\/categories?post=16875"},{"taxonomy":"post_tag","embeddable":true,"href":"https:\/\/www.correiobraziliense.com.br\/cbradar\/wp-json\/wp\/v2\/tags?post=16875"}],"curies":[{"name":"wp","href":"https:\/\/api.w.org\/{rel}","templated":true}]}}