{"id":16883,"date":"2025-03-30T12:30:00","date_gmt":"2025-03-30T15:30:00","guid":{"rendered":"https:\/\/www.correiobraziliense.com.br\/cbradar\/?p=16883"},"modified":"2025-03-29T13:56:56","modified_gmt":"2025-03-29T16:56:56","slug":"essa-e-a-picape-mais-barata-da-ford-conheca-a-ranger","status":"publish","type":"post","link":"https:\/\/www.correiobraziliense.com.br\/cbradar\/essa-e-a-picape-mais-barata-da-ford-conheca-a-ranger\/","title":{"rendered":"Essa \u00e9 a picape mais barata da Ford, conhe\u00e7a a Ranger"},"content":{"rendered":"\n<p>A <strong>Ford Ranger Black<\/strong> se destaca como a porta de entrada para o segmento de picapes m\u00e9dias da renomada montadora americana. Lan\u00e7ada inicialmente por R$ 219.990, a caminhonete viu seu pre\u00e7o subir para R$ 238,9 mil em poucos meses. Este aumento reflete a popularidade e a demanda crescente por este modelo no mercado brasileiro.<\/p>\n\n\n\n<p>Durante uma semana de testes, a Ranger Black percorreu mais de 500 quil\u00f4metros em ambientes urbanos e rodovi\u00e1rios. Os dados de consumo, fornecidos pelo <strong>Instituto Nacional de Metrologia, Qualidade e Tecnologia (Inmetro)<\/strong>, indicam um consumo m\u00e9dio de 10,1 km\/l na cidade. No entanto, os testes revelaram m\u00e9dias ligeiramente inferiores, variando entre 9,0 km\/l e 9,5 km\/l em trajetos urbanos.<\/p>\n\n\n\n<h2 class=\"wp-block-heading\"><strong>Quais s\u00e3o as vantagens da Ranger Black em compara\u00e7\u00e3o com a XL?<\/strong><\/h2>\n\n\n\n<p>A Ranger Black se posiciona abaixo da vers\u00e3o XL, que custa R$ 256,5 mil. Apesar da diferen\u00e7a de pre\u00e7o de R$ 17,6 mil, a Ranger Black oferece vantagens significativas para quem busca conforto e tecnologia em uma picape urbana. Equipamentos como c\u00e2mbio autom\u00e1tico de seis velocidades, far\u00f3is Full LED e rodas aro 18 s\u00e3o alguns dos diferenciais em rela\u00e7\u00e3o \u00e0 vers\u00e3o XL, que possui c\u00e2mbio manual e luzes hal\u00f3genas.<\/p>\n\n\n\n<p>Al\u00e9m disso, a Ranger Black inclui itens de conveni\u00eancia como seis alto-falantes, quatro entradas USB, partida remota com ar-condicionado e carregador por indu\u00e7\u00e3o. Esses recursos tornam a vers\u00e3o Black uma escolha atraente para quem valoriza tecnologia e conforto.<\/p>\n\n\n\n<figure class=\"wp-block-image size-large\"><img decoding=\"async\" width=\"1024\" height=\"576\" src=\"https:\/\/www.correiobraziliense.com.br\/cbradar\/wp-content\/uploads\/2025\/03\/Ford-Ranger-Black-2-1024x576.png\" alt=\"Essa \u00e9 a picape mais barata da Ford, conhe\u00e7a a Ranger\" class=\"wp-image-16885\" srcset=\"https:\/\/www.correiobraziliense.com.br\/cbradar\/wp-content\/uploads\/2025\/03\/Ford-Ranger-Black-2-1024x576.png 1024w, https:\/\/www.correiobraziliense.com.br\/cbradar\/wp-content\/uploads\/2025\/03\/Ford-Ranger-Black-2-300x169.png 300w, https:\/\/www.correiobraziliense.com.br\/cbradar\/wp-content\/uploads\/2025\/03\/Ford-Ranger-Black-2-768x432.png 768w, https:\/\/www.correiobraziliense.com.br\/cbradar\/wp-content\/uploads\/2025\/03\/Ford-Ranger-Black-2-750x422.png 750w, https:\/\/www.correiobraziliense.com.br\/cbradar\/wp-content\/uploads\/2025\/03\/Ford-Ranger-Black-2-1140x641.png 1140w, https:\/\/www.correiobraziliense.com.br\/cbradar\/wp-content\/uploads\/2025\/03\/Ford-Ranger-Black-2.png 1280w\" sizes=\"(max-width: 1024px) 100vw, 1024px\" \/><figcaption class=\"wp-element-caption\">Ford Ranger Black. Fonte: divulga\u00e7\u00e3o \/ Ford<\/figcaption><\/figure>\n\n\n\n<h2 class=\"wp-block-heading\"><strong>Desempenho e capacidade da Ford Ranger Black<\/strong><\/h2>\n\n\n\n<p>Em termos de desempenho, a Ranger Black \u00e9 equipada com um motor 2.0 turbodiesel que entrega 170 cv e 41,2 kgfm de torque. No entanto, a capacidade de carga da vers\u00e3o Black \u00e9 de 1.005 kg, ligeiramente inferior \u00e0 vers\u00e3o XL, que suporta 1.071 kg. Por outro lado, a Ranger Black se destaca na capacidade de reboque, podendo puxar at\u00e9 3.100 kg, enquanto a XL reboque at\u00e9 2.930 kg.<\/p>\n\n\n\n<p>As dimens\u00f5es da picape incluem um comprimento de 5.370 mm, altura de 1.884 mm, largura com espelhos de 2.208 mm e entre-eixos de 3.270 mm. O tanque de combust\u00edvel comporta 80 litros, proporcionando uma boa autonomia para viagens longas.<\/p>\n\n\n\n<figure class=\"wp-block-image size-large\"><img decoding=\"async\" width=\"1024\" height=\"576\" src=\"https:\/\/www.correiobraziliense.com.br\/cbradar\/wp-content\/uploads\/2025\/03\/Ford-Ranger-Black-3-1024x576.png\" alt=\"Essa \u00e9 a picape mais barata da Ford, conhe\u00e7a a Ranger\" class=\"wp-image-16884\" srcset=\"https:\/\/www.correiobraziliense.com.br\/cbradar\/wp-content\/uploads\/2025\/03\/Ford-Ranger-Black-3-1024x576.png 1024w, https:\/\/www.correiobraziliense.com.br\/cbradar\/wp-content\/uploads\/2025\/03\/Ford-Ranger-Black-3-300x169.png 300w, https:\/\/www.correiobraziliense.com.br\/cbradar\/wp-content\/uploads\/2025\/03\/Ford-Ranger-Black-3-768x432.png 768w, https:\/\/www.correiobraziliense.com.br\/cbradar\/wp-content\/uploads\/2025\/03\/Ford-Ranger-Black-3-750x422.png 750w, https:\/\/www.correiobraziliense.com.br\/cbradar\/wp-content\/uploads\/2025\/03\/Ford-Ranger-Black-3-1140x641.png 1140w, https:\/\/www.correiobraziliense.com.br\/cbradar\/wp-content\/uploads\/2025\/03\/Ford-Ranger-Black-3.png 1280w\" sizes=\"(max-width: 1024px) 100vw, 1024px\" \/><figcaption class=\"wp-element-caption\">Ford Ranger Black. Fonte: divulga\u00e7\u00e3o \/ Ford<\/figcaption><\/figure>\n\n\n\n<h2 class=\"wp-block-heading\"><strong>Como a nova gera\u00e7\u00e3o da Ranger Black impactou o mercado?<\/strong><\/h2>\n\n\n\n<p>A atualiza\u00e7\u00e3o da Ranger Black em 2023 trouxe resultados positivos para a Ford no Brasil. Em 2022, antes da nova gera\u00e7\u00e3o, a picape emplacou 14 mil unidades, posicionando-se como a quarta picape m\u00e9dia mais vendida no pa\u00eds. J\u00e1 em 2024, as vendas dispararam para 31 mil unidades, tornando-a a vice-l\u00edder de vendas no segmento.<\/p>\n\n\n\n<p>O sucesso de vendas levou a Ford a introduzir a vers\u00e3o de entrada Black, que combina um pre\u00e7o mais acess\u00edvel com tecnologia avan\u00e7ada. Essa estrat\u00e9gia se mostrou eficaz, ampliando a presen\u00e7a da Ford no competitivo mercado de picapes m\u00e9dias.<\/p>\n","protected":false},"excerpt":{"rendered":"<p>Conhe\u00e7a a Ford Ranger Black, a acess\u00edvel picape da montadora americana. Oferecendo tecnologia avan\u00e7ada e conforto, tornou-se vice-l\u00edder.<\/p>\n","protected":false},"author":3,"featured_media":16886,"comment_status":"open","ping_status":"open","sticky":false,"template":"","format":"standard","meta":{"_yoast_wpseo_focuskw":"Ford picape","_yoast_wpseo_title":"%%title%%","_yoast_wpseo_metadesc":"Conhe\u00e7a a Ford Ranger Black, a acess\u00edvel picape da montadora americana. Oferecendo tecnologia avan\u00e7ada e conforto, tornou-se vice-l\u00edder.","jnews-multi-image_gallery":[],"jnews_single_post":{"format":"standard"},"jnews_primary_category":[],"jnews_social_meta":[],"jnews_override_counter":[],"footnotes":""},"categories":[122],"post_tag":[1683,2597],"class_list":["post-16883","post","type-post","status-publish","format-standard","has-post-thumbnail","hentry","category-automobilismo","tag-ford","tag-ford-ranger-black"],"yoast_head":"<!-- This site is optimized with the Yoast SEO plugin v24.6 - https:\/\/yoast.com\/wordpress\/plugins\/seo\/ -->\n<title>Essa \u00e9 a picape mais barata da Ford, conhe\u00e7a a Ranger<\/title>\n<meta name=\"description\" content=\"Conhe\u00e7a a Ford Ranger Black, a acess\u00edvel picape da montadora americana. Oferecendo tecnologia avan\u00e7ada e conforto, tornou-se vice-l\u00edder.\" \/>\n<meta name=\"robots\" content=\"index, follow, max-snippet:-1, max-image-preview:large, max-video-preview:-1\" \/>\n<link rel=\"canonical\" href=\"https:\/\/www.correiobraziliense.com.br\/cbradar\/essa-e-a-picape-mais-barata-da-ford-conheca-a-ranger\/\" \/>\n<meta property=\"og:locale\" content=\"pt_BR\" \/>\n<meta property=\"og:type\" content=\"article\" \/>\n<meta property=\"og:title\" content=\"Essa \u00e9 a picape mais barata da Ford, conhe\u00e7a a Ranger\" \/>\n<meta property=\"og:description\" content=\"Conhe\u00e7a a Ford Ranger Black, a acess\u00edvel picape da montadora americana. Oferecendo tecnologia avan\u00e7ada e conforto, tornou-se vice-l\u00edder.\" \/>\n<meta property=\"og:url\" content=\"https:\/\/www.correiobraziliense.com.br\/cbradar\/essa-e-a-picape-mais-barata-da-ford-conheca-a-ranger\/\" \/>\n<meta property=\"og:site_name\" content=\"Correio Braziliense - Radar\" \/>\n<meta property=\"article:published_time\" content=\"2025-03-30T15:30:00+00:00\" \/>\n<meta property=\"og:image\" content=\"https:\/\/www.correiobraziliense.com.br\/cbradar\/wp-content\/uploads\/2025\/03\/Ford-Ranger-Black.png\" \/>\n\t<meta property=\"og:image:width\" content=\"1280\" \/>\n\t<meta property=\"og:image:height\" content=\"720\" \/>\n\t<meta property=\"og:image:type\" content=\"image\/png\" \/>\n<meta name=\"author\" content=\"Larissa Carvalho\" \/>\n<meta name=\"twitter:card\" content=\"summary_large_image\" \/>\n<meta name=\"twitter:label1\" content=\"Escrito por\" \/>\n\t<meta name=\"twitter:data1\" content=\"Larissa Carvalho\" \/>\n\t<meta name=\"twitter:label2\" content=\"Est. tempo de leitura\" \/>\n\t<meta name=\"twitter:data2\" content=\"4 minutos\" \/>\n<!-- \/ Yoast SEO plugin. -->","yoast_head_json":{"title":"Essa \u00e9 a picape mais barata da Ford, conhe\u00e7a a Ranger","description":"Conhe\u00e7a a Ford Ranger Black, a acess\u00edvel picape da montadora americana. Oferecendo tecnologia avan\u00e7ada e conforto, tornou-se vice-l\u00edder.","robots":{"index":"index","follow":"follow","max-snippet":"max-snippet:-1","max-image-preview":"max-image-preview:large","max-video-preview":"max-video-preview:-1"},"canonical":"https:\/\/www.correiobraziliense.com.br\/cbradar\/essa-e-a-picape-mais-barata-da-ford-conheca-a-ranger\/","og_locale":"pt_BR","og_type":"article","og_title":"Essa \u00e9 a picape mais barata da Ford, conhe\u00e7a a Ranger","og_description":"Conhe\u00e7a a Ford Ranger Black, a acess\u00edvel picape da montadora americana. Oferecendo tecnologia avan\u00e7ada e conforto, tornou-se vice-l\u00edder.","og_url":"https:\/\/www.correiobraziliense.com.br\/cbradar\/essa-e-a-picape-mais-barata-da-ford-conheca-a-ranger\/","og_site_name":"Correio Braziliense - Radar","article_published_time":"2025-03-30T15:30:00+00:00","og_image":[{"width":1280,"height":720,"url":"https:\/\/www.correiobraziliense.com.br\/cbradar\/wp-content\/uploads\/2025\/03\/Ford-Ranger-Black.png","type":"image\/png"}],"author":"Larissa Carvalho","twitter_card":"summary_large_image","twitter_misc":{"Escrito por":"Larissa Carvalho","Est. tempo de leitura":"4 minutos"},"schema":{"@context":"https:\/\/schema.org","@graph":[{"@type":"WebPage","@id":"https:\/\/www.correiobraziliense.com.br\/cbradar\/essa-e-a-picape-mais-barata-da-ford-conheca-a-ranger\/","url":"https:\/\/www.correiobraziliense.com.br\/cbradar\/essa-e-a-picape-mais-barata-da-ford-conheca-a-ranger\/","name":"Essa \u00e9 a picape mais barata da Ford, conhe\u00e7a a Ranger","isPartOf":{"@id":"https:\/\/www.correiobraziliense.com.br\/cbradar\/#website"},"primaryImageOfPage":{"@id":"https:\/\/www.correiobraziliense.com.br\/cbradar\/essa-e-a-picape-mais-barata-da-ford-conheca-a-ranger\/#primaryimage"},"image":{"@id":"https:\/\/www.correiobraziliense.com.br\/cbradar\/essa-e-a-picape-mais-barata-da-ford-conheca-a-ranger\/#primaryimage"},"thumbnailUrl":"https:\/\/www.correiobraziliense.com.br\/cbradar\/wp-content\/uploads\/2025\/03\/Ford-Ranger-Black.png","datePublished":"2025-03-30T15:30:00+00:00","author":{"@id":"https:\/\/www.correiobraziliense.com.br\/cbradar\/#\/schema\/person\/58422787644df994b53a19d3e56c1513"},"description":"Conhe\u00e7a a Ford Ranger Black, a acess\u00edvel picape da montadora americana. Oferecendo tecnologia avan\u00e7ada e conforto, tornou-se vice-l\u00edder.","breadcrumb":{"@id":"https:\/\/www.correiobraziliense.com.br\/cbradar\/essa-e-a-picape-mais-barata-da-ford-conheca-a-ranger\/#breadcrumb"},"inLanguage":"pt-BR","potentialAction":[{"@type":"ReadAction","target":["https:\/\/www.correiobraziliense.com.br\/cbradar\/essa-e-a-picape-mais-barata-da-ford-conheca-a-ranger\/"]}]},{"@type":"ImageObject","inLanguage":"pt-BR","@id":"https:\/\/www.correiobraziliense.com.br\/cbradar\/essa-e-a-picape-mais-barata-da-ford-conheca-a-ranger\/#primaryimage","url":"https:\/\/www.correiobraziliense.com.br\/cbradar\/wp-content\/uploads\/2025\/03\/Ford-Ranger-Black.png","contentUrl":"https:\/\/www.correiobraziliense.com.br\/cbradar\/wp-content\/uploads\/2025\/03\/Ford-Ranger-Black.png","width":1280,"height":720,"caption":"Ford Ranger Black. Fonte: divulga\u00e7\u00e3o \/ Ford"},{"@type":"BreadcrumbList","@id":"https:\/\/www.correiobraziliense.com.br\/cbradar\/essa-e-a-picape-mais-barata-da-ford-conheca-a-ranger\/#breadcrumb","itemListElement":[{"@type":"ListItem","position":1,"name":"In\u00edcio","item":"https:\/\/www.correiobraziliense.com.br\/cbradar\/"},{"@type":"ListItem","position":2,"name":"Essa \u00e9 a picape mais barata da Ford, conhe\u00e7a a Ranger"}]},{"@type":"WebSite","@id":"https:\/\/www.correiobraziliense.com.br\/cbradar\/#website","url":"https:\/\/www.correiobraziliense.com.br\/cbradar\/","name":"Correio Braziliense - Radar","description":"Acompanhe as \u00faltimas not\u00edcias e fique bem informado sobre tudo o que acontece no Brasil e no mundo.","potentialAction":[{"@type":"SearchAction","target":{"@type":"EntryPoint","urlTemplate":"https:\/\/www.correiobraziliense.com.br\/cbradar\/?s={search_term_string}"},"query-input":{"@type":"PropertyValueSpecification","valueRequired":true,"valueName":"search_term_string"}}],"inLanguage":"pt-BR"},{"@type":"Person","@id":"https:\/\/www.correiobraziliense.com.br\/cbradar\/#\/schema\/person\/58422787644df994b53a19d3e56c1513","name":"Larissa Carvalho","image":{"@type":"ImageObject","inLanguage":"pt-BR","@id":"https:\/\/www.correiobraziliense.com.br\/cbradar\/#\/schema\/person\/image\/","url":"https:\/\/secure.gravatar.com\/avatar\/fe4f91a0de32b52a838d0d612abdc1aa?s=96&d=mm&r=g","contentUrl":"https:\/\/secure.gravatar.com\/avatar\/fe4f91a0de32b52a838d0d612abdc1aa?s=96&d=mm&r=g","caption":"Larissa Carvalho"},"url":"https:\/\/www.correiobraziliense.com.br\/cbradar\/author\/larissamyth\/"}]}},"_links":{"self":[{"href":"https:\/\/www.correiobraziliense.com.br\/cbradar\/wp-json\/wp\/v2\/posts\/16883","targetHints":{"allow":["GET"]}}],"collection":[{"href":"https:\/\/www.correiobraziliense.com.br\/cbradar\/wp-json\/wp\/v2\/posts"}],"about":[{"href":"https:\/\/www.correiobraziliense.com.br\/cbradar\/wp-json\/wp\/v2\/types\/post"}],"author":[{"embeddable":true,"href":"https:\/\/www.correiobraziliense.com.br\/cbradar\/wp-json\/wp\/v2\/users\/3"}],"replies":[{"embeddable":true,"href":"https:\/\/www.correiobraziliense.com.br\/cbradar\/wp-json\/wp\/v2\/comments?post=16883"}],"version-history":[{"count":1,"href":"https:\/\/www.correiobraziliense.com.br\/cbradar\/wp-json\/wp\/v2\/posts\/16883\/revisions"}],"predecessor-version":[{"id":16887,"href":"https:\/\/www.correiobraziliense.com.br\/cbradar\/wp-json\/wp\/v2\/posts\/16883\/revisions\/16887"}],"wp:featuredmedia":[{"embeddable":true,"href":"https:\/\/www.correiobraziliense.com.br\/cbradar\/wp-json\/wp\/v2\/media\/16886"}],"wp:attachment":[{"href":"https:\/\/www.correiobraziliense.com.br\/cbradar\/wp-json\/wp\/v2\/media?parent=16883"}],"wp:term":[{"taxonomy":"category","embeddable":true,"href":"https:\/\/www.correiobraziliense.com.br\/cbradar\/wp-json\/wp\/v2\/categories?post=16883"},{"taxonomy":"post_tag","embeddable":true,"href":"https:\/\/www.correiobraziliense.com.br\/cbradar\/wp-json\/wp\/v2\/post_tag?post=16883"}],"curies":[{"name":"wp","href":"https:\/\/api.w.org\/{rel}","templated":true}]}}