{"id":16904,"date":"2025-03-30T16:10:00","date_gmt":"2025-03-30T19:10:00","guid":{"rendered":"https:\/\/www.correiobraziliense.com.br\/cbradar\/?p=16904"},"modified":"2025-03-29T13:09:46","modified_gmt":"2025-03-29T16:09:46","slug":"entenda-o-prazo-para-substituir-os-modelos-antigos-de-antena-parabolica","status":"publish","type":"post","link":"https:\/\/www.correiobraziliense.com.br\/cbradar\/entenda-o-prazo-para-substituir-os-modelos-antigos-de-antena-parabolica\/","title":{"rendered":"Entenda o prazo para substituir os modelos antigos de antena parab\u00f3lica"},"content":{"rendered":"\n<p>Com a chegada do 5G no <strong>Brasil<\/strong>, a substitui\u00e7\u00e3o das antenas parab\u00f3licas tradicionais por vers\u00f5es digitais tornou-se uma necessidade urgente. O motivo principal \u00e9 a interfer\u00eancia causada pela nova tecnologia de internet m\u00f3vel, que opera na mesma faixa de frequ\u00eancia das transmiss\u00f5es de TV aberta, a <strong>Banda C<\/strong>. Essa sobreposi\u00e7\u00e3o de frequ\u00eancias pode resultar em problemas como imagens distorcidas e at\u00e9 mesmo a perda completa do sinal de TV.<\/p>\n\n\n\n<p>O prazo para realizar essa troca vai at\u00e9 dezembro de 2025, mas as emissoras podem desligar o sinal das antenas antigas antes disso. Portanto, \u00e9 aconselh\u00e1vel que as fam\u00edlias n\u00e3o esperem at\u00e9 o \u00faltimo momento para realizar a substitui\u00e7\u00e3o. Estima-se que cerca de 4,9 milh\u00f5es de fam\u00edlias brasileiras j\u00e1 tenham feito a transi\u00e7\u00e3o para as antenas digitais, mas muitas ainda precisam se adequar para continuar assistindo \u00e0 TV aberta sem interrup\u00e7\u00f5es.<\/p>\n\n\n\n<h2 class=\"wp-block-heading\"><strong>Como funciona a substitui\u00e7\u00e3o gratuita das antenas parab\u00f3licas?<\/strong><\/h2>\n\n\n\n<p>Fam\u00edlias de baixa renda podem solicitar a substitui\u00e7\u00e3o gratuita das antenas parab\u00f3licas tradicionais por digitais. Para ter direito a essa instala\u00e7\u00e3o gratuita, \u00e9 necess\u00e1rio estar inscrito em algum programa social do Governo Federal e ter uma parab\u00f3lica tradicional instalada e em funcionamento. O prazo para solicitar a troca gratuita \u00e9 at\u00e9 30 de junho de 2025, \u00e0s 20h, hor\u00e1rio de Bras\u00edlia.<\/p>\n\n\n\n<p>O agendamento para a instala\u00e7\u00e3o do kit com a nova parab\u00f3lica digital pode ser feito atrav\u00e9s do site da Siga Antenado ou pelo telefone 0800 729 2404. Este servi\u00e7o \u00e9 uma iniciativa para garantir que todas as fam\u00edlias, independentemente de sua condi\u00e7\u00e3o financeira, possam continuar a ter acesso \u00e0 programa\u00e7\u00e3o de TV aberta sem custos adicionais.<\/p>\n\n\n\n<figure class=\"wp-block-image size-large\"><img decoding=\"async\" width=\"1024\" height=\"576\" src=\"https:\/\/www.correiobraziliense.com.br\/cbradar\/wp-content\/uploads\/2025\/03\/antena-parabolica_1743253327169-1024x576.jpg\" alt=\"Entenda o prazo para substituir os modelos antigos de antena parab\u00f3lica\" class=\"wp-image-16906\" srcset=\"https:\/\/www.correiobraziliense.com.br\/cbradar\/wp-content\/uploads\/2025\/03\/antena-parabolica_1743253327169-1024x576.jpg 1024w, https:\/\/www.correiobraziliense.com.br\/cbradar\/wp-content\/uploads\/2025\/03\/antena-parabolica_1743253327169-300x169.jpg 300w, https:\/\/www.correiobraziliense.com.br\/cbradar\/wp-content\/uploads\/2025\/03\/antena-parabolica_1743253327169-768x432.jpg 768w, https:\/\/www.correiobraziliense.com.br\/cbradar\/wp-content\/uploads\/2025\/03\/antena-parabolica_1743253327169-750x422.jpg 750w, https:\/\/www.correiobraziliense.com.br\/cbradar\/wp-content\/uploads\/2025\/03\/antena-parabolica_1743253327169-1140x641.jpg 1140w, https:\/\/www.correiobraziliense.com.br\/cbradar\/wp-content\/uploads\/2025\/03\/antena-parabolica_1743253327169.jpg 1280w\" sizes=\"(max-width: 1024px) 100vw, 1024px\" \/><figcaption class=\"wp-element-caption\">antena parab\u00f3lica. Cr\u00e9ditos: depositphotos.com \/ kennytong<\/figcaption><\/figure>\n\n\n\n<h2 class=\"wp-block-heading\"><strong>O que acontece se a troca n\u00e3o for realizada?<\/strong><\/h2>\n\n\n\n<p>Quem n\u00e3o realizar a troca da antena parab\u00f3lica tradicional pela vers\u00e3o digital perder\u00e1 o sinal de TV aberta. Isso ocorre porque a Anatel determinou o desligamento de todos os sinais das parab\u00f3licas antigas como parte das regras para o in\u00edcio das opera\u00e7\u00f5es do 5G no Brasil. A nova antena parab\u00f3lica digital, que \u00e9 menor e feita com uma chapa r\u00edgida, opera em uma faixa de frequ\u00eancia diferente, livre das interfer\u00eancias causadas pelo 5G.<\/p>\n\n\n\n<p>Al\u00e9m disso, \u00e9 importante destacar que as antenas externas, conhecidas como \u201cespinha de peixe\u201d, e as antenas internas j\u00e1 possuem sinal digital e n\u00e3o precisam ser substitu\u00eddas. Portanto, a troca \u00e9 necess\u00e1ria apenas para quem ainda utiliza as parab\u00f3licas tradicionais.<\/p>\n\n\n\n<h2 class=\"wp-block-heading\"><strong>Quais s\u00e3o os benef\u00edcios da antena parab\u00f3lica digital?<\/strong><\/h2>\n\n\n\n<p>A antena parab\u00f3lica digital oferece uma s\u00e9rie de vantagens em compara\u00e7\u00e3o com o modelo tradicional. Primeiramente, ela elimina os problemas de interfer\u00eancia, garantindo uma qualidade de imagem superior e sem interrup\u00e7\u00f5es. Al\u00e9m disso, a instala\u00e7\u00e3o da antena digital \u00e9 mais simples e o equipamento \u00e9 mais compacto, ocupando menos espa\u00e7o.<\/p>\n\n\n\n<p>Outro benef\u00edcio significativo \u00e9 a possibilidade de acessar uma maior variedade de canais e conte\u00fados, uma vez que a tecnologia digital permite a transmiss\u00e3o de sinais de alta defini\u00e7\u00e3o. Isso proporciona uma experi\u00eancia de visualiza\u00e7\u00e3o mais rica e diversificada para os telespectadores.<\/p>\n\n\n\n<h2 class=\"wp-block-heading\"><strong>Como a implementa\u00e7\u00e3o do 5G impacta a transmiss\u00e3o de TV?<\/strong><\/h2>\n\n\n\n<p>A implementa\u00e7\u00e3o do 5G no Brasil representa um avan\u00e7o significativo na conectividade m\u00f3vel, mas tamb\u00e9m traz desafios para a transmiss\u00e3o de TV aberta. A opera\u00e7\u00e3o do 5G na Banda C, a mesma utilizada pelas parab\u00f3licas tradicionais, causa interfer\u00eancias que afetam a qualidade do sinal de TV. Por isso, a substitui\u00e7\u00e3o das antenas \u00e9 crucial para evitar esses problemas.<\/p>\n\n\n\n<p>Com a nova antena parab\u00f3lica digital, as transmiss\u00f5es de TV s\u00e3o realizadas em uma faixa de frequ\u00eancia diferente, que n\u00e3o sofre interfer\u00eancia do 5G. Isso garante que os telespectadores possam continuar a assistir \u00e0 programa\u00e7\u00e3o de TV aberta com qualidade e sem interrup\u00e7\u00f5es, mesmo com a expans\u00e3o da tecnologia 5G em todo o pa\u00eds.<\/p>\n","protected":false},"excerpt":{"rendered":"<p>A chegada do 5G interfere nas antenas parab\u00f3licas tradicionais. Saiba por que \u00e9 necess\u00e1rio substitu\u00ed-las por vers\u00f5es digitais at\u00e9 dezembro de 2025.<\/p>\n","protected":false},"author":3,"featured_media":16905,"comment_status":"open","ping_status":"open","sticky":false,"template":"","format":"standard","meta":{"_yoast_wpseo_focuskw":"antena parab\u00f3lica","_yoast_wpseo_title":"%%title%%","_yoast_wpseo_metadesc":"A chegada do 5G interfere nas antenas parab\u00f3licas tradicionais. Saiba por que \u00e9 necess\u00e1rio substitu\u00ed-las por vers\u00f5es digitais at\u00e9 dezembro de 2025.","jnews-multi-image_gallery":[],"jnews_single_post":{"format":"standard"},"jnews_primary_category":[],"jnews_social_meta":[],"jnews_override_counter":[],"footnotes":""},"categories":[112],"post_tag":[2591],"class_list":["post-16904","post","type-post","status-publish","format-standard","has-post-thumbnail","hentry","category-curiosidades","tag-antena-parabolica"],"yoast_head":"<!-- This site is optimized with the Yoast SEO plugin v24.6 - https:\/\/yoast.com\/wordpress\/plugins\/seo\/ -->\n<title>Entenda o prazo para substituir os modelos antigos de antena parab\u00f3lica<\/title>\n<meta name=\"description\" content=\"A chegada do 5G interfere nas antenas parab\u00f3licas tradicionais. Saiba por que \u00e9 necess\u00e1rio substitu\u00ed-las por vers\u00f5es digitais at\u00e9 dezembro de 2025.\" \/>\n<meta name=\"robots\" content=\"index, follow, max-snippet:-1, max-image-preview:large, max-video-preview:-1\" \/>\n<link rel=\"canonical\" href=\"https:\/\/www.correiobraziliense.com.br\/cbradar\/entenda-o-prazo-para-substituir-os-modelos-antigos-de-antena-parabolica\/\" \/>\n<meta property=\"og:locale\" content=\"pt_BR\" \/>\n<meta property=\"og:type\" content=\"article\" \/>\n<meta property=\"og:title\" content=\"Entenda o prazo para substituir os modelos antigos de antena parab\u00f3lica\" \/>\n<meta property=\"og:description\" content=\"A chegada do 5G interfere nas antenas parab\u00f3licas tradicionais. Saiba por que \u00e9 necess\u00e1rio substitu\u00ed-las por vers\u00f5es digitais at\u00e9 dezembro de 2025.\" \/>\n<meta property=\"og:url\" content=\"https:\/\/www.correiobraziliense.com.br\/cbradar\/entenda-o-prazo-para-substituir-os-modelos-antigos-de-antena-parabolica\/\" \/>\n<meta property=\"og:site_name\" content=\"Correio Braziliense - Radar\" \/>\n<meta property=\"article:published_time\" content=\"2025-03-30T19:10:00+00:00\" \/>\n<meta property=\"og:image\" content=\"https:\/\/www.correiobraziliense.com.br\/cbradar\/wp-content\/uploads\/2025\/03\/antena-parabolica_1743253300475.jpg\" \/>\n\t<meta property=\"og:image:width\" content=\"1280\" \/>\n\t<meta property=\"og:image:height\" content=\"720\" \/>\n\t<meta property=\"og:image:type\" content=\"image\/jpeg\" \/>\n<meta name=\"author\" content=\"Larissa Carvalho\" \/>\n<meta name=\"twitter:card\" content=\"summary_large_image\" \/>\n<meta name=\"twitter:label1\" content=\"Escrito por\" \/>\n\t<meta name=\"twitter:data1\" content=\"Larissa Carvalho\" \/>\n\t<meta name=\"twitter:label2\" content=\"Est. tempo de leitura\" \/>\n\t<meta name=\"twitter:data2\" content=\"4 minutos\" \/>\n<!-- \/ Yoast SEO plugin. -->","yoast_head_json":{"title":"Entenda o prazo para substituir os modelos antigos de antena parab\u00f3lica","description":"A chegada do 5G interfere nas antenas parab\u00f3licas tradicionais. Saiba por que \u00e9 necess\u00e1rio substitu\u00ed-las por vers\u00f5es digitais at\u00e9 dezembro de 2025.","robots":{"index":"index","follow":"follow","max-snippet":"max-snippet:-1","max-image-preview":"max-image-preview:large","max-video-preview":"max-video-preview:-1"},"canonical":"https:\/\/www.correiobraziliense.com.br\/cbradar\/entenda-o-prazo-para-substituir-os-modelos-antigos-de-antena-parabolica\/","og_locale":"pt_BR","og_type":"article","og_title":"Entenda o prazo para substituir os modelos antigos de antena parab\u00f3lica","og_description":"A chegada do 5G interfere nas antenas parab\u00f3licas tradicionais. Saiba por que \u00e9 necess\u00e1rio substitu\u00ed-las por vers\u00f5es digitais at\u00e9 dezembro de 2025.","og_url":"https:\/\/www.correiobraziliense.com.br\/cbradar\/entenda-o-prazo-para-substituir-os-modelos-antigos-de-antena-parabolica\/","og_site_name":"Correio Braziliense - Radar","article_published_time":"2025-03-30T19:10:00+00:00","og_image":[{"width":1280,"height":720,"url":"https:\/\/www.correiobraziliense.com.br\/cbradar\/wp-content\/uploads\/2025\/03\/antena-parabolica_1743253300475.jpg","type":"image\/jpeg"}],"author":"Larissa Carvalho","twitter_card":"summary_large_image","twitter_misc":{"Escrito por":"Larissa Carvalho","Est. tempo de leitura":"4 minutos"},"schema":{"@context":"https:\/\/schema.org","@graph":[{"@type":"WebPage","@id":"https:\/\/www.correiobraziliense.com.br\/cbradar\/entenda-o-prazo-para-substituir-os-modelos-antigos-de-antena-parabolica\/","url":"https:\/\/www.correiobraziliense.com.br\/cbradar\/entenda-o-prazo-para-substituir-os-modelos-antigos-de-antena-parabolica\/","name":"Entenda o prazo para substituir os modelos antigos de antena parab\u00f3lica","isPartOf":{"@id":"https:\/\/www.correiobraziliense.com.br\/cbradar\/#website"},"primaryImageOfPage":{"@id":"https:\/\/www.correiobraziliense.com.br\/cbradar\/entenda-o-prazo-para-substituir-os-modelos-antigos-de-antena-parabolica\/#primaryimage"},"image":{"@id":"https:\/\/www.correiobraziliense.com.br\/cbradar\/entenda-o-prazo-para-substituir-os-modelos-antigos-de-antena-parabolica\/#primaryimage"},"thumbnailUrl":"https:\/\/www.correiobraziliense.com.br\/cbradar\/wp-content\/uploads\/2025\/03\/antena-parabolica_1743253300475.jpg","datePublished":"2025-03-30T19:10:00+00:00","author":{"@id":"https:\/\/www.correiobraziliense.com.br\/cbradar\/#\/schema\/person\/58422787644df994b53a19d3e56c1513"},"description":"A chegada do 5G interfere nas antenas parab\u00f3licas tradicionais. Saiba por que \u00e9 necess\u00e1rio substitu\u00ed-las por vers\u00f5es digitais at\u00e9 dezembro de 2025.","breadcrumb":{"@id":"https:\/\/www.correiobraziliense.com.br\/cbradar\/entenda-o-prazo-para-substituir-os-modelos-antigos-de-antena-parabolica\/#breadcrumb"},"inLanguage":"pt-BR","potentialAction":[{"@type":"ReadAction","target":["https:\/\/www.correiobraziliense.com.br\/cbradar\/entenda-o-prazo-para-substituir-os-modelos-antigos-de-antena-parabolica\/"]}]},{"@type":"ImageObject","inLanguage":"pt-BR","@id":"https:\/\/www.correiobraziliense.com.br\/cbradar\/entenda-o-prazo-para-substituir-os-modelos-antigos-de-antena-parabolica\/#primaryimage","url":"https:\/\/www.correiobraziliense.com.br\/cbradar\/wp-content\/uploads\/2025\/03\/antena-parabolica_1743253300475.jpg","contentUrl":"https:\/\/www.correiobraziliense.com.br\/cbradar\/wp-content\/uploads\/2025\/03\/antena-parabolica_1743253300475.jpg","width":1280,"height":720,"caption":"antena parab\u00f3lica. Cr\u00e9ditos: depositphotos.com \/ rakim-"},{"@type":"BreadcrumbList","@id":"https:\/\/www.correiobraziliense.com.br\/cbradar\/entenda-o-prazo-para-substituir-os-modelos-antigos-de-antena-parabolica\/#breadcrumb","itemListElement":[{"@type":"ListItem","position":1,"name":"In\u00edcio","item":"https:\/\/www.correiobraziliense.com.br\/cbradar\/"},{"@type":"ListItem","position":2,"name":"Entenda o prazo para substituir os modelos antigos de antena parab\u00f3lica"}]},{"@type":"WebSite","@id":"https:\/\/www.correiobraziliense.com.br\/cbradar\/#website","url":"https:\/\/www.correiobraziliense.com.br\/cbradar\/","name":"Correio Braziliense - Radar","description":"Acompanhe as \u00faltimas not\u00edcias e fique bem informado sobre tudo o que acontece no Brasil e no mundo.","potentialAction":[{"@type":"SearchAction","target":{"@type":"EntryPoint","urlTemplate":"https:\/\/www.correiobraziliense.com.br\/cbradar\/?s={search_term_string}"},"query-input":{"@type":"PropertyValueSpecification","valueRequired":true,"valueName":"search_term_string"}}],"inLanguage":"pt-BR"},{"@type":"Person","@id":"https:\/\/www.correiobraziliense.com.br\/cbradar\/#\/schema\/person\/58422787644df994b53a19d3e56c1513","name":"Larissa Carvalho","image":{"@type":"ImageObject","inLanguage":"pt-BR","@id":"https:\/\/www.correiobraziliense.com.br\/cbradar\/#\/schema\/person\/image\/","url":"https:\/\/secure.gravatar.com\/avatar\/fe4f91a0de32b52a838d0d612abdc1aa?s=96&d=mm&r=g","contentUrl":"https:\/\/secure.gravatar.com\/avatar\/fe4f91a0de32b52a838d0d612abdc1aa?s=96&d=mm&r=g","caption":"Larissa Carvalho"},"url":"https:\/\/www.correiobraziliense.com.br\/cbradar\/author\/larissamyth\/"}]}},"_links":{"self":[{"href":"https:\/\/www.correiobraziliense.com.br\/cbradar\/wp-json\/wp\/v2\/posts\/16904","targetHints":{"allow":["GET"]}}],"collection":[{"href":"https:\/\/www.correiobraziliense.com.br\/cbradar\/wp-json\/wp\/v2\/posts"}],"about":[{"href":"https:\/\/www.correiobraziliense.com.br\/cbradar\/wp-json\/wp\/v2\/types\/post"}],"author":[{"embeddable":true,"href":"https:\/\/www.correiobraziliense.com.br\/cbradar\/wp-json\/wp\/v2\/users\/3"}],"replies":[{"embeddable":true,"href":"https:\/\/www.correiobraziliense.com.br\/cbradar\/wp-json\/wp\/v2\/comments?post=16904"}],"version-history":[{"count":1,"href":"https:\/\/www.correiobraziliense.com.br\/cbradar\/wp-json\/wp\/v2\/posts\/16904\/revisions"}],"predecessor-version":[{"id":16907,"href":"https:\/\/www.correiobraziliense.com.br\/cbradar\/wp-json\/wp\/v2\/posts\/16904\/revisions\/16907"}],"wp:featuredmedia":[{"embeddable":true,"href":"https:\/\/www.correiobraziliense.com.br\/cbradar\/wp-json\/wp\/v2\/media\/16905"}],"wp:attachment":[{"href":"https:\/\/www.correiobraziliense.com.br\/cbradar\/wp-json\/wp\/v2\/media?parent=16904"}],"wp:term":[{"taxonomy":"category","embeddable":true,"href":"https:\/\/www.correiobraziliense.com.br\/cbradar\/wp-json\/wp\/v2\/categories?post=16904"},{"taxonomy":"post_tag","embeddable":true,"href":"https:\/\/www.correiobraziliense.com.br\/cbradar\/wp-json\/wp\/v2\/post_tag?post=16904"}],"curies":[{"name":"wp","href":"https:\/\/api.w.org\/{rel}","templated":true}]}}