{"id":169131,"date":"2026-01-07T19:35:00","date_gmt":"2026-01-07T22:35:00","guid":{"rendered":"https:\/\/www.correiobraziliense.com.br\/cbradar\/?p=169131"},"modified":"2026-01-06T18:13:35","modified_gmt":"2026-01-06T21:13:35","slug":"o-que-acontece-com-seu-corpo-quando-voce-come-demais","status":"publish","type":"post","link":"https:\/\/www.correiobraziliense.com.br\/cbradar\/o-que-acontece-com-seu-corpo-quando-voce-come-demais\/","title":{"rendered":"O que acontece com seu corpo quando voc\u00ea come demais"},"content":{"rendered":"\n<p>Em muitos feriados e celebra\u00e7\u00f5es, \u00e9 comum que as refei\u00e7\u00f5es sejam mais volumosas do que no dia a dia, fazendo o corpo lidar com um <strong>excesso de alimentos em pouco tempo<\/strong> e provocando uma s\u00e9rie de rea\u00e7\u00f5es f\u00edsicas simult\u00e2neas. Mesmo parecendo apenas um exagero tempor\u00e1rio, <strong>comer demais<\/strong> afeta v\u00e1rios sistemas do organismo de forma integrada, ajudando a explicar sensa\u00e7\u00f5es como <strong>peso, sono, azia, mal-estar<\/strong> e at\u00e9 altera\u00e7\u00f5es na glicose e no funcionamento do cora\u00e7\u00e3o.<\/p>\n\n\n\n<h2 class=\"wp-block-heading\">O que acontece no corpo ao comer demais<\/h2>\n\n\n\n<p>Quando h\u00e1 <strong>exagero alimentar<\/strong>, o sistema digestivo entra em esp\u00e9cie de \u201cfor\u00e7a-tarefa\u201d. O est\u00f4mago se expande al\u00e9m do habitual para comportar o excesso de comida, o intestino passa a trabalhar mais intensamente e o fluxo sangu\u00edneo \u00e9 redistribu\u00eddo para priorizar a digest\u00e3o, o que altera temporariamente <strong>temperatura corporal, ritmo card\u00edaco e n\u00edveis de energia<\/strong>.<\/p>\n\n\n\n<p>O est\u00f4mago, que em repouso \u00e9 relativamente pequeno, funciona como um \u00f3rg\u00e3o el\u00e1stico. Ao receber grandes por\u00e7\u00f5es, ele se distende, pode pressionar estruturas vizinhas e gerar sensa\u00e7\u00e3o de <strong>empachamento, dor ou n\u00e1usea<\/strong>. Em paralelo, o organismo intensifica a produ\u00e7\u00e3o de <strong>sucos g\u00e1stricos e enzimas digestivas<\/strong> e altera hormonas como <strong>grelina<\/strong> e <strong>leptina<\/strong>, o que interfere na saciedade e pode prolongar o desconforto.<\/p>\n\n\n\n<p>Para aprofundarmos no tema, trouxemos o v\u00eddeo do Tiago Rocha:<\/p>\n\n\n\n<iframe loading=\"lazy\" width=\"560\" height=\"315\" src=\"https:\/\/www.youtube.com\/embed\/6f8hYLAIX3I?si=eW85xRwvpTzoGXcT\" title=\"YouTube video player\" frameborder=\"0\" allow=\"accelerometer; autoplay; clipboard-write; encrypted-media; gyroscope; picture-in-picture; web-share\" referrerpolicy=\"strict-origin-when-cross-origin\" allowfullscreen><\/iframe>\n\n\n\n<h2 class=\"wp-block-heading\">Como comer demais afeta o metabolismo e o cora\u00e7\u00e3o<\/h2>\n\n\n\n<p>A ingest\u00e3o exagerada de alimentos faz o <strong>metabolismo acelerar temporariamente<\/strong>, fen\u00f4meno conhecido como efeito t\u00e9rmico da alimenta\u00e7\u00e3o. Para processar tantos nutrientes, o corpo aumenta o gasto energ\u00e9tico por algumas horas, o que pode provocar <strong>sensa\u00e7\u00e3o de calor, sudorese leve e tontura<\/strong> em pessoas mais sens\u00edveis, sobretudo quando a refei\u00e7\u00e3o \u00e9 rica em gorduras e prote\u00ednas.<\/p>\n\n\n\n<p>O sistema cardiovascular tamb\u00e9m entra em a\u00e7\u00e3o, pois o cora\u00e7\u00e3o passa a bombear mais sangue para o est\u00f4mago e intestinos. Essa redistribui\u00e7\u00e3o reduz momentaneamente a oferta de sangue para m\u00fasculos e c\u00e9rebro, favorecendo <strong>cansa\u00e7o, sonol\u00eancia<\/strong> e, em algumas pessoas, <strong>batimentos card\u00edacos mais r\u00e1pidos<\/strong>. Em indiv\u00edduos com doen\u00e7as card\u00edacas pr\u00e9vias, esse esfor\u00e7o extra pode representar um desafio adicional ao organismo.<\/p>\n\n\n\n<h2 class=\"wp-block-heading\">Quais s\u00e3o as consequ\u00eancias de comer demais para o a\u00e7\u00facar no sangue<\/h2>\n\n\n\n<p>O <strong>exagero alimentar<\/strong> impacta diretamente os n\u00edveis de glicose, sobretudo em refei\u00e7\u00f5es ricas em <strong>carboidratos simples<\/strong>, como p\u00e3es brancos, doces e refrigerantes. A glicose sobe rapidamente, o p\u00e2ncreas aumenta a libera\u00e7\u00e3o de <strong>insulina<\/strong> e, quando a resposta \u00e9 intensa, pode ocorrer uma subida r\u00e1pida seguida de queda acentuada, gerando <strong>fraqueza, tremores, irritabilidade<\/strong> e vontade de comer novamente.<\/p>\n\n\n\n<p>Al\u00e9m da glicose, os n\u00edveis de <strong>gordura no sangue<\/strong> tamb\u00e9m podem subir temporariamente ap\u00f3s um grande banquete, especialmente com consumo elevado de frituras e carnes gordas. Quando esses picos de glicose e lip\u00eddios se repetem com frequ\u00eancia, aumentam o risco de <strong>ganho de peso, aumento da circunfer\u00eancia abdominal<\/strong> e complica\u00e7\u00f5es metab\u00f3licas como <strong>resist\u00eancia \u00e0 insulina, pr\u00e9-diabetes e diabetes tipo 2<\/strong>.<\/p>\n\n\n\n<h2 class=\"wp-block-heading\">Por que comer demais causa cansa\u00e7o, azia e mal-estar<\/h2>\n\n\n\n<p>Um dos efeitos mais percebidos do <strong>excesso de comida<\/strong> \u00e9 a fadiga. Como grande parte da energia corporal \u00e9 direcionada para o sistema digestivo, atividades simples podem parecer mais cansativas nas horas seguintes, favorecendo o desejo de <strong>deitar-se ou ficar inativo<\/strong>. A azia e o refluxo tamb\u00e9m s\u00e3o queixas frequentes, pois com o est\u00f4mago muito cheio o conte\u00fado \u00e1cido retorna com mais facilidade em dire\u00e7\u00e3o ao es\u00f4fago.<\/p>\n\n\n\n<p>Para reduzir esses desconfortos em epis\u00f3dios pontuais de exagero alimentar, algumas estrat\u00e9gias simples costumam ser indicadas por profissionais de sa\u00fade e podem aliviar rapidamente sintomas como <strong>queima\u00e7\u00e3o, empachamento e mal-estar geral<\/strong>:<\/p>\n\n\n\n<ul class=\"wp-block-list\">\n<li>Dar prefer\u00eancia a uma <strong>caminhada leve<\/strong> em vez de deitar logo ap\u00f3s a refei\u00e7\u00e3o.<\/li>\n\n\n\n<li>Beber <strong>\u00e1gua em pequenas quantidades<\/strong>, evitando grandes volumes de l\u00edquido de uma s\u00f3 vez.<\/li>\n\n\n\n<li>Optar por uma <strong>refei\u00e7\u00e3o mais leve na pr\u00f3xima ocasi\u00e3o<\/strong>, com foco em frutas, legumes e alimentos menos gordurosos.<\/li>\n\n\n\n<li>Evitar <strong>roupas muito apertadas<\/strong> na regi\u00e3o abdominal, que aumentam a sensa\u00e7\u00e3o de press\u00e3o e refluxo.<\/li>\n<\/ul>\n\n\n<div class=\"wp-block-image\">\n<figure class=\"aligncenter size-large\"><img decoding=\"async\" width=\"1024\" height=\"576\" src=\"https:\/\/www.correiobraziliense.com.br\/cbradar\/wp-content\/uploads\/2026\/01\/\u2705-BANNER-MYTH-94-1024x576.png\" alt=\"O que acontece com seu corpo quando voc\u00ea come demais\" class=\"wp-image-169163\" srcset=\"https:\/\/www.correiobraziliense.com.br\/cbradar\/wp-content\/uploads\/2026\/01\/\u2705-BANNER-MYTH-94-1024x576.png 1024w, https:\/\/www.correiobraziliense.com.br\/cbradar\/wp-content\/uploads\/2026\/01\/\u2705-BANNER-MYTH-94-300x169.png 300w, https:\/\/www.correiobraziliense.com.br\/cbradar\/wp-content\/uploads\/2026\/01\/\u2705-BANNER-MYTH-94-768x432.png 768w, https:\/\/www.correiobraziliense.com.br\/cbradar\/wp-content\/uploads\/2026\/01\/\u2705-BANNER-MYTH-94-750x422.png 750w, https:\/\/www.correiobraziliense.com.br\/cbradar\/wp-content\/uploads\/2026\/01\/\u2705-BANNER-MYTH-94-1140x641.png 1140w, https:\/\/www.correiobraziliense.com.br\/cbradar\/wp-content\/uploads\/2026\/01\/\u2705-BANNER-MYTH-94.png 1280w\" sizes=\"(max-width: 1024px) 100vw, 1024px\" \/><figcaption class=\"wp-element-caption\">Supere o peso p\u00f3s-feriado! Entenda como o corpo reage ao exagero alimentar e recupere o equil\u00edbrio com vitalidade renovada.<\/figcaption><\/figure><\/div>\n\n\n<h2 class=\"wp-block-heading\">Como evitar os efeitos de comer demais no dia a dia<\/h2>\n\n\n\n<p>Para limitar os impactos de <strong>comer em excesso<\/strong>, o planejamento das refei\u00e7\u00f5es \u00e9 fundamental. Fazer <strong>lanches intermedi\u00e1rios equilibrados<\/strong> ao longo do dia reduz a probabilidade de chegar \u00e0s principais refei\u00e7\u00f5es com fome extrema, enquanto mastigar devagar, apoiar os talheres entre as garfadas e prestar aten\u00e7\u00e3o aos <strong>sinais de saciedade<\/strong> ajuda a diminuir a ingest\u00e3o total.<\/p>\n\n\n\n<p>Em per\u00edodos de festas, \u00e9 \u00fatil priorizar <strong>alimentos ricos em fibras<\/strong>, como saladas e legumes, antes dos pratos principais, pois aumentam a sensa\u00e7\u00e3o de est\u00f4mago cheio com menos calorias e colaboram para um tr\u00e2nsito intestinal mais regular. De forma geral, um epis\u00f3dio isolado de exagero tende a ser bem manejado pelo organismo, mas quando <strong>comer demais se torna um h\u00e1bito<\/strong>, os efeitos sobre peso, sistema digestivo, controle do a\u00e7\u00facar e sa\u00fade cardiovascular tornam-se mais evidentes, exigindo mais aten\u00e7\u00e3o ao tamanho das por\u00e7\u00f5es e \u00e0 qualidade dos alimentos.<\/p>\n","protected":false},"excerpt":{"rendered":"<p>Comer demais sobrecarrega o corpo: veja o que acontece ao est\u00f4mago, metabolismo, cora\u00e7\u00e3o e a\u00e7\u00facar no sangue ap\u00f3s os excessos alimentares.<\/p>\n","protected":false},"author":3,"featured_media":170000,"comment_status":"open","ping_status":"open","sticky":false,"template":"","format":"standard","meta":{"jnews-multi-image_gallery":[],"jnews_single_post":{"format":"standard"},"jnews_primary_category":[],"jnews_social_meta":[],"jnews_override_counter":[],"footnotes":""},"categories":[112],"post_tag":[281,3559,144,565],"class_list":["post-169131","post","type-post","status-publish","format-standard","has-post-thumbnail","hentry","category-curiosidades","tag-alimentacao","tag-corpo-humano","tag-curiosidades","tag-saude"],"yoast_head":"<!-- This site is optimized with the Yoast SEO plugin v24.6 - https:\/\/yoast.com\/wordpress\/plugins\/seo\/ -->\n<title>O que acontece com seu corpo quando voc\u00ea come demais<\/title>\n<meta name=\"description\" content=\"Comer demais sobrecarrega o corpo: veja o que acontece ao est\u00f4mago, metabolismo, cora\u00e7\u00e3o e a\u00e7\u00facar no sangue ap\u00f3s os excessos alimentares.\" \/>\n<meta name=\"robots\" content=\"index, follow, max-snippet:-1, max-image-preview:large, max-video-preview:-1\" \/>\n<link rel=\"canonical\" href=\"https:\/\/www.correiobraziliense.com.br\/cbradar\/o-que-acontece-com-seu-corpo-quando-voce-come-demais\/\" \/>\n<meta property=\"og:locale\" content=\"pt_BR\" \/>\n<meta property=\"og:type\" content=\"article\" \/>\n<meta property=\"og:title\" content=\"O que acontece com seu corpo quando voc\u00ea come demais\" \/>\n<meta property=\"og:description\" content=\"Comer demais sobrecarrega o corpo: veja o que acontece ao est\u00f4mago, metabolismo, cora\u00e7\u00e3o e a\u00e7\u00facar no sangue ap\u00f3s os excessos alimentares.\" \/>\n<meta property=\"og:url\" content=\"https:\/\/www.correiobraziliense.com.br\/cbradar\/o-que-acontece-com-seu-corpo-quando-voce-come-demais\/\" \/>\n<meta property=\"og:site_name\" content=\"Correio Braziliense - Radar\" \/>\n<meta property=\"article:published_time\" content=\"2026-01-07T22:35:00+00:00\" \/>\n<meta property=\"og:image\" content=\"https:\/\/www.correiobraziliense.com.br\/cbradar\/wp-content\/uploads\/2026\/01\/freepik__imagem-realista-de-uma-mesa-cheia-de-pratos-vazios__16121.png\" \/>\n\t<meta property=\"og:image:width\" content=\"1280\" \/>\n\t<meta property=\"og:image:height\" content=\"720\" \/>\n\t<meta property=\"og:image:type\" content=\"image\/png\" \/>\n<meta name=\"author\" content=\"Larissa Carvalho\" \/>\n<meta name=\"twitter:card\" content=\"summary_large_image\" \/>\n<meta name=\"twitter:label1\" content=\"Escrito por\" \/>\n\t<meta name=\"twitter:data1\" content=\"Larissa Carvalho\" \/>\n\t<meta name=\"twitter:label2\" content=\"Est. tempo de leitura\" \/>\n\t<meta name=\"twitter:data2\" content=\"5 minutos\" \/>\n<!-- \/ Yoast SEO plugin. -->","yoast_head_json":{"title":"O que acontece com seu corpo quando voc\u00ea come demais","description":"Comer demais sobrecarrega o corpo: veja o que acontece ao est\u00f4mago, metabolismo, cora\u00e7\u00e3o e a\u00e7\u00facar no sangue ap\u00f3s os excessos alimentares.","robots":{"index":"index","follow":"follow","max-snippet":"max-snippet:-1","max-image-preview":"max-image-preview:large","max-video-preview":"max-video-preview:-1"},"canonical":"https:\/\/www.correiobraziliense.com.br\/cbradar\/o-que-acontece-com-seu-corpo-quando-voce-come-demais\/","og_locale":"pt_BR","og_type":"article","og_title":"O que acontece com seu corpo quando voc\u00ea come demais","og_description":"Comer demais sobrecarrega o corpo: veja o que acontece ao est\u00f4mago, metabolismo, cora\u00e7\u00e3o e a\u00e7\u00facar no sangue ap\u00f3s os excessos alimentares.","og_url":"https:\/\/www.correiobraziliense.com.br\/cbradar\/o-que-acontece-com-seu-corpo-quando-voce-come-demais\/","og_site_name":"Correio Braziliense - Radar","article_published_time":"2026-01-07T22:35:00+00:00","og_image":[{"width":1280,"height":720,"url":"https:\/\/www.correiobraziliense.com.br\/cbradar\/wp-content\/uploads\/2026\/01\/freepik__imagem-realista-de-uma-mesa-cheia-de-pratos-vazios__16121.png","type":"image\/png"}],"author":"Larissa Carvalho","twitter_card":"summary_large_image","twitter_misc":{"Escrito por":"Larissa Carvalho","Est. tempo de leitura":"5 minutos"},"schema":{"@context":"https:\/\/schema.org","@graph":[{"@type":"WebPage","@id":"https:\/\/www.correiobraziliense.com.br\/cbradar\/o-que-acontece-com-seu-corpo-quando-voce-come-demais\/","url":"https:\/\/www.correiobraziliense.com.br\/cbradar\/o-que-acontece-com-seu-corpo-quando-voce-come-demais\/","name":"O que acontece com seu corpo quando voc\u00ea come demais","isPartOf":{"@id":"https:\/\/www.correiobraziliense.com.br\/cbradar\/#website"},"primaryImageOfPage":{"@id":"https:\/\/www.correiobraziliense.com.br\/cbradar\/o-que-acontece-com-seu-corpo-quando-voce-come-demais\/#primaryimage"},"image":{"@id":"https:\/\/www.correiobraziliense.com.br\/cbradar\/o-que-acontece-com-seu-corpo-quando-voce-come-demais\/#primaryimage"},"thumbnailUrl":"https:\/\/www.correiobraziliense.com.br\/cbradar\/wp-content\/uploads\/2026\/01\/freepik__imagem-realista-de-uma-mesa-cheia-de-pratos-vazios__16121.png","datePublished":"2026-01-07T22:35:00+00:00","author":{"@id":"https:\/\/www.correiobraziliense.com.br\/cbradar\/#\/schema\/person\/58422787644df994b53a19d3e56c1513"},"description":"Comer demais sobrecarrega o corpo: veja o que acontece ao est\u00f4mago, metabolismo, cora\u00e7\u00e3o e a\u00e7\u00facar no sangue ap\u00f3s os excessos alimentares.","breadcrumb":{"@id":"https:\/\/www.correiobraziliense.com.br\/cbradar\/o-que-acontece-com-seu-corpo-quando-voce-come-demais\/#breadcrumb"},"inLanguage":"pt-BR","potentialAction":[{"@type":"ReadAction","target":["https:\/\/www.correiobraziliense.com.br\/cbradar\/o-que-acontece-com-seu-corpo-quando-voce-come-demais\/"]}]},{"@type":"ImageObject","inLanguage":"pt-BR","@id":"https:\/\/www.correiobraziliense.com.br\/cbradar\/o-que-acontece-com-seu-corpo-quando-voce-come-demais\/#primaryimage","url":"https:\/\/www.correiobraziliense.com.br\/cbradar\/wp-content\/uploads\/2026\/01\/freepik__imagem-realista-de-uma-mesa-cheia-de-pratos-vazios__16121.png","contentUrl":"https:\/\/www.correiobraziliense.com.br\/cbradar\/wp-content\/uploads\/2026\/01\/freepik__imagem-realista-de-uma-mesa-cheia-de-pratos-vazios__16121.png","width":1280,"height":720,"caption":"Sobrecarga do sistema digestivo devido ao aumento do volume alimentar"},{"@type":"BreadcrumbList","@id":"https:\/\/www.correiobraziliense.com.br\/cbradar\/o-que-acontece-com-seu-corpo-quando-voce-come-demais\/#breadcrumb","itemListElement":[{"@type":"ListItem","position":1,"name":"In\u00edcio","item":"https:\/\/www.correiobraziliense.com.br\/cbradar\/"},{"@type":"ListItem","position":2,"name":"O que acontece com seu corpo quando voc\u00ea come demais"}]},{"@type":"WebSite","@id":"https:\/\/www.correiobraziliense.com.br\/cbradar\/#website","url":"https:\/\/www.correiobraziliense.com.br\/cbradar\/","name":"Correio Braziliense - Radar","description":"Acompanhe as \u00faltimas not\u00edcias e fique bem informado sobre tudo o que acontece no Brasil e no mundo.","potentialAction":[{"@type":"SearchAction","target":{"@type":"EntryPoint","urlTemplate":"https:\/\/www.correiobraziliense.com.br\/cbradar\/?s={search_term_string}"},"query-input":{"@type":"PropertyValueSpecification","valueRequired":true,"valueName":"search_term_string"}}],"inLanguage":"pt-BR"},{"@type":"Person","@id":"https:\/\/www.correiobraziliense.com.br\/cbradar\/#\/schema\/person\/58422787644df994b53a19d3e56c1513","name":"Larissa Carvalho","image":{"@type":"ImageObject","inLanguage":"pt-BR","@id":"https:\/\/www.correiobraziliense.com.br\/cbradar\/#\/schema\/person\/image\/","url":"https:\/\/secure.gravatar.com\/avatar\/fe4f91a0de32b52a838d0d612abdc1aa?s=96&d=mm&r=g","contentUrl":"https:\/\/secure.gravatar.com\/avatar\/fe4f91a0de32b52a838d0d612abdc1aa?s=96&d=mm&r=g","caption":"Larissa Carvalho"},"url":"https:\/\/www.correiobraziliense.com.br\/cbradar\/author\/larissamyth\/"}]}},"_links":{"self":[{"href":"https:\/\/www.correiobraziliense.com.br\/cbradar\/wp-json\/wp\/v2\/posts\/169131","targetHints":{"allow":["GET"]}}],"collection":[{"href":"https:\/\/www.correiobraziliense.com.br\/cbradar\/wp-json\/wp\/v2\/posts"}],"about":[{"href":"https:\/\/www.correiobraziliense.com.br\/cbradar\/wp-json\/wp\/v2\/types\/post"}],"author":[{"embeddable":true,"href":"https:\/\/www.correiobraziliense.com.br\/cbradar\/wp-json\/wp\/v2\/users\/3"}],"replies":[{"embeddable":true,"href":"https:\/\/www.correiobraziliense.com.br\/cbradar\/wp-json\/wp\/v2\/comments?post=169131"}],"version-history":[{"count":4,"href":"https:\/\/www.correiobraziliense.com.br\/cbradar\/wp-json\/wp\/v2\/posts\/169131\/revisions"}],"predecessor-version":[{"id":170100,"href":"https:\/\/www.correiobraziliense.com.br\/cbradar\/wp-json\/wp\/v2\/posts\/169131\/revisions\/170100"}],"wp:featuredmedia":[{"embeddable":true,"href":"https:\/\/www.correiobraziliense.com.br\/cbradar\/wp-json\/wp\/v2\/media\/170000"}],"wp:attachment":[{"href":"https:\/\/www.correiobraziliense.com.br\/cbradar\/wp-json\/wp\/v2\/media?parent=169131"}],"wp:term":[{"taxonomy":"category","embeddable":true,"href":"https:\/\/www.correiobraziliense.com.br\/cbradar\/wp-json\/wp\/v2\/categories?post=169131"},{"taxonomy":"post_tag","embeddable":true,"href":"https:\/\/www.correiobraziliense.com.br\/cbradar\/wp-json\/wp\/v2\/post_tag?post=169131"}],"curies":[{"name":"wp","href":"https:\/\/api.w.org\/{rel}","templated":true}]}}