{"id":16916,"date":"2025-03-30T18:10:00","date_gmt":"2025-03-30T21:10:00","guid":{"rendered":"https:\/\/www.correiobraziliense.com.br\/cbradar\/?p=16916"},"modified":"2025-03-29T13:09:05","modified_gmt":"2025-03-29T16:09:05","slug":"duna-parte-dois-chega-ao-streaming-saiba-como-assistir","status":"publish","type":"post","link":"https:\/\/www.correiobraziliense.com.br\/cbradar\/duna-parte-dois-chega-ao-streaming-saiba-como-assistir\/","title":{"rendered":"Duna: Parte Dois chega ao streaming, saiba como assistir"},"content":{"rendered":"\n<p>A fic\u00e7\u00e3o cient\u00edfica tem conquistado um espa\u00e7o significativo no cen\u00e1rio cinematogr\u00e1fico, especialmente com a franquia\u00a0<strong>Duna<\/strong>. Recentemente, &#8220;<strong>Duna: Parte Dois<\/strong>&#8221; recebeu destaque ao ser indicado ao Oscar em cinco categorias, incluindo <strong>Melhor Filme<\/strong> e <strong>Melhores Efeitos Visuais<\/strong>. Este reconhecimento ressalta a complexidade e o impacto visual da obra, que continua a fascinar tanto cr\u00edticos quanto o p\u00fablico em geral.<\/p>\n\n\n\n<p>Lan\u00e7ado em 2021, o primeiro filme de &#8220;<strong>Duna<\/strong>&#8221; enfrentou o desafio de adaptar o romance de 1965 de <strong>Frank Herbert<\/strong>, uma tarefa que j\u00e1 havia sido tentada por <strong>David Lynch<\/strong> em 1984. A nova adapta\u00e7\u00e3o, dirigida por <strong>Denis Villeneuve,<\/strong> trouxe uma vis\u00e3o renovada e ambiciosa, conquistando tanto novos f\u00e3s quanto os admiradores da obra original. Agora, com &#8220;Duna: Parte Dois&#8221; dispon\u00edvel em plataformas de streaming, o interesse pela saga s\u00f3 tende a crescer.<\/p>\n\n\n\n<h2 class=\"wp-block-heading\"><strong>O que torna &#8220;Duna: Parte Dois&#8221; t\u00e3o especial?<\/strong><\/h2>\n\n\n\n<p>&#8220;Duna: Parte Dois&#8221; n\u00e3o apenas continua a narrativa \u00e9pica iniciada no primeiro filme, mas tamb\u00e9m aprofunda o universo complexo criado por <strong>Herbert<\/strong>. A hist\u00f3ria segue a jornada de <strong>Paul Atreides<\/strong>, interpretado por <strong>Timoth\u00e9e Chalamet<\/strong>, enquanto ele enfrenta desafios pol\u00edticos e pessoais em um mundo repleto de intrigas e perigos. A aten\u00e7\u00e3o aos detalhes visuais e a fidelidade ao material original s\u00e3o aspectos que contribu\u00edram para o sucesso da produ\u00e7\u00e3o.<\/p>\n\n\n\n<p>Al\u00e9m disso, a cinematografia e os efeitos visuais s\u00e3o elementos que se destacam, proporcionando uma experi\u00eancia imersiva para o espectador. A equipe de produ\u00e7\u00e3o conseguiu criar um ambiente visualmente deslumbrante, que captura a ess\u00eancia do deserto de Arrakis e a grandiosidade dos conflitos interplanet\u00e1rios. Esses elementos foram fundamentais para as indica\u00e7\u00f5es ao Oscar, destacando a excel\u00eancia t\u00e9cnica do filme.<\/p>\n\n\n\n<iframe loading=\"lazy\" width=\"560\" height=\"315\" src=\"https:\/\/www.youtube.com\/embed\/QqmbrvluQRA?si=O38dmAgmTAzN56QN\" title=\"YouTube video player\" frameborder=\"0\" allow=\"accelerometer; autoplay; clipboard-write; encrypted-media; gyroscope; picture-in-picture; web-share\" referrerpolicy=\"strict-origin-when-cross-origin\" allowfullscreen><\/iframe>\n\n\n\n<h2 class=\"wp-block-heading\"><strong>Como a franquia Duna est\u00e1 se expandindo?<\/strong><\/h2>\n\n\n\n<p>O sucesso de &#8220;Duna: Parte Dois&#8221; n\u00e3o apenas consolidou a franquia no cinema, mas tamb\u00e9m abriu portas para novas produ\u00e7\u00f5es dentro deste universo. Uma s\u00e9rie spin-off intitulada\u00a0<em><strong>Duna: A Profecia<\/strong><\/em>\u00a0est\u00e1 em desenvolvimento, explorando as origens e os eventos que antecedem a hist\u00f3ria principal. Esta expans\u00e3o permite que os f\u00e3s mergulhem ainda mais fundo no rico universo criado por Herbert.<\/p>\n\n\n\n<p>Al\u00e9m disso, um terceiro filme j\u00e1 est\u00e1 em fase de planejamento, baseado no romance &#8220;<strong>O Messias de Duna<\/strong>&#8220;. Esta continua\u00e7\u00e3o promete dar sequ\u00eancia \u00e0 saga de Paul Atreides, explorando novas dimens\u00f5es de sua jornada e os desdobramentos de suas escolhas. A expectativa \u00e9 que esta expans\u00e3o continue a atrair tanto o p\u00fablico fiel quanto novos espectadores, mantendo o legado de Duna vivo por muitos anos.<\/p>\n\n\n\n<figure class=\"wp-block-image size-large\"><img decoding=\"async\" width=\"1024\" height=\"576\" src=\"https:\/\/www.correiobraziliense.com.br\/cbradar\/wp-content\/uploads\/2025\/03\/Duna-Parte-Dois-1024x576.png\" alt=\"Duna: Parte Dois chega ao streaming, saiba como assistir\" class=\"wp-image-16918\" srcset=\"https:\/\/www.correiobraziliense.com.br\/cbradar\/wp-content\/uploads\/2025\/03\/Duna-Parte-Dois-1024x576.png 1024w, https:\/\/www.correiobraziliense.com.br\/cbradar\/wp-content\/uploads\/2025\/03\/Duna-Parte-Dois-300x169.png 300w, https:\/\/www.correiobraziliense.com.br\/cbradar\/wp-content\/uploads\/2025\/03\/Duna-Parte-Dois-768x432.png 768w, https:\/\/www.correiobraziliense.com.br\/cbradar\/wp-content\/uploads\/2025\/03\/Duna-Parte-Dois-750x422.png 750w, https:\/\/www.correiobraziliense.com.br\/cbradar\/wp-content\/uploads\/2025\/03\/Duna-Parte-Dois-1140x641.png 1140w, https:\/\/www.correiobraziliense.com.br\/cbradar\/wp-content\/uploads\/2025\/03\/Duna-Parte-Dois.png 1280w\" sizes=\"(max-width: 1024px) 100vw, 1024px\" \/><figcaption class=\"wp-element-caption\">Duna Parte Dois. Fonte: divulga\u00e7\u00e3o \/ Warner Bros Pictures<\/figcaption><\/figure>\n\n\n\n<h2 class=\"wp-block-heading\"><strong>Por que Duna continua a fascinar o p\u00fablico?<\/strong><\/h2>\n\n\n\n<p>A saga de Duna \u00e9 mais do que uma simples hist\u00f3ria de fic\u00e7\u00e3o cient\u00edfica; \u00e9 uma reflex\u00e3o sobre poder, ecologia e destino. Os temas abordados no romance de Herbert ressoam com quest\u00f5es contempor\u00e2neas, tornando a narrativa relevante e instigante. A habilidade de Villeneuve em traduzir esses temas para a tela grande \u00e9 um dos fatores que contribuem para o sucesso cont\u00ednuo da franquia.<\/p>\n\n\n\n<p>Al\u00e9m disso, a riqueza dos personagens e a complexidade das rela\u00e7\u00f5es interpessoais s\u00e3o aspectos que atraem o p\u00fablico. A jornada de Paul Atreides \u00e9 tanto uma aventura \u00e9pica quanto uma explora\u00e7\u00e3o \u00edntima de identidade e prop\u00f3sito. Esta dualidade \u00e9 o que torna Duna uma obra atemporal, capaz de cativar diferentes gera\u00e7\u00f5es de espectadores.<\/p>\n","protected":false},"excerpt":{"rendered":"<p>Explora\u00e7\u00e3o do sucesso cinematogr\u00e1fico da franquia Duna, incluindo sua indica\u00e7\u00e3o ao Oscar e a expans\u00e3o da saga nos cinemas e s\u00e9ries.<\/p>\n","protected":false},"author":3,"featured_media":16917,"comment_status":"open","ping_status":"open","sticky":false,"template":"","format":"standard","meta":{"_yoast_wpseo_focuskw":"Duna parte dois","_yoast_wpseo_title":"%%title%%","_yoast_wpseo_metadesc":"Explora\u00e7\u00e3o do sucesso cinematogr\u00e1fico da franquia Duna, incluindo sua indica\u00e7\u00e3o ao Oscar e a expans\u00e3o da saga nos cinemas e s\u00e9ries.","jnews-multi-image_gallery":[],"jnews_single_post":{"format":"standard"},"jnews_primary_category":[],"jnews_social_meta":[],"jnews_override_counter":[],"footnotes":""},"categories":[140],"post_tag":[2586,568],"class_list":["post-16916","post","type-post","status-publish","format-standard","has-post-thumbnail","hentry","category-entretenimento","tag-duna","tag-series-e-filmes"],"yoast_head":"<!-- This site is optimized with the Yoast SEO plugin v24.6 - https:\/\/yoast.com\/wordpress\/plugins\/seo\/ -->\n<title>Duna: Parte Dois chega ao streaming, saiba como assistir<\/title>\n<meta name=\"description\" content=\"Explora\u00e7\u00e3o do sucesso cinematogr\u00e1fico da franquia Duna, incluindo sua indica\u00e7\u00e3o ao Oscar e a expans\u00e3o da saga nos cinemas e s\u00e9ries.\" \/>\n<meta name=\"robots\" content=\"index, follow, max-snippet:-1, max-image-preview:large, max-video-preview:-1\" \/>\n<link rel=\"canonical\" href=\"https:\/\/www.correiobraziliense.com.br\/cbradar\/duna-parte-dois-chega-ao-streaming-saiba-como-assistir\/\" \/>\n<meta property=\"og:locale\" content=\"pt_BR\" \/>\n<meta property=\"og:type\" content=\"article\" \/>\n<meta property=\"og:title\" content=\"Duna: Parte Dois chega ao streaming, saiba como assistir\" \/>\n<meta property=\"og:description\" content=\"Explora\u00e7\u00e3o do sucesso cinematogr\u00e1fico da franquia Duna, incluindo sua indica\u00e7\u00e3o ao Oscar e a expans\u00e3o da saga nos cinemas e s\u00e9ries.\" \/>\n<meta property=\"og:url\" content=\"https:\/\/www.correiobraziliense.com.br\/cbradar\/duna-parte-dois-chega-ao-streaming-saiba-como-assistir\/\" \/>\n<meta property=\"og:site_name\" content=\"Correio Braziliense - Radar\" \/>\n<meta property=\"article:published_time\" content=\"2025-03-30T21:10:00+00:00\" \/>\n<meta property=\"og:image\" content=\"https:\/\/www.correiobraziliense.com.br\/cbradar\/wp-content\/uploads\/2025\/03\/Duna-Parte-Dois-2.png\" \/>\n\t<meta property=\"og:image:width\" content=\"1280\" \/>\n\t<meta property=\"og:image:height\" content=\"720\" \/>\n\t<meta property=\"og:image:type\" content=\"image\/png\" \/>\n<meta name=\"author\" content=\"Larissa Carvalho\" \/>\n<meta name=\"twitter:card\" content=\"summary_large_image\" \/>\n<meta name=\"twitter:label1\" content=\"Escrito por\" \/>\n\t<meta name=\"twitter:data1\" content=\"Larissa Carvalho\" \/>\n\t<meta name=\"twitter:label2\" content=\"Est. tempo de leitura\" \/>\n\t<meta name=\"twitter:data2\" content=\"4 minutos\" \/>\n<!-- \/ Yoast SEO plugin. -->","yoast_head_json":{"title":"Duna: Parte Dois chega ao streaming, saiba como assistir","description":"Explora\u00e7\u00e3o do sucesso cinematogr\u00e1fico da franquia Duna, incluindo sua indica\u00e7\u00e3o ao Oscar e a expans\u00e3o da saga nos cinemas e s\u00e9ries.","robots":{"index":"index","follow":"follow","max-snippet":"max-snippet:-1","max-image-preview":"max-image-preview:large","max-video-preview":"max-video-preview:-1"},"canonical":"https:\/\/www.correiobraziliense.com.br\/cbradar\/duna-parte-dois-chega-ao-streaming-saiba-como-assistir\/","og_locale":"pt_BR","og_type":"article","og_title":"Duna: Parte Dois chega ao streaming, saiba como assistir","og_description":"Explora\u00e7\u00e3o do sucesso cinematogr\u00e1fico da franquia Duna, incluindo sua indica\u00e7\u00e3o ao Oscar e a expans\u00e3o da saga nos cinemas e s\u00e9ries.","og_url":"https:\/\/www.correiobraziliense.com.br\/cbradar\/duna-parte-dois-chega-ao-streaming-saiba-como-assistir\/","og_site_name":"Correio Braziliense - Radar","article_published_time":"2025-03-30T21:10:00+00:00","og_image":[{"width":1280,"height":720,"url":"https:\/\/www.correiobraziliense.com.br\/cbradar\/wp-content\/uploads\/2025\/03\/Duna-Parte-Dois-2.png","type":"image\/png"}],"author":"Larissa Carvalho","twitter_card":"summary_large_image","twitter_misc":{"Escrito por":"Larissa Carvalho","Est. tempo de leitura":"4 minutos"},"schema":{"@context":"https:\/\/schema.org","@graph":[{"@type":"WebPage","@id":"https:\/\/www.correiobraziliense.com.br\/cbradar\/duna-parte-dois-chega-ao-streaming-saiba-como-assistir\/","url":"https:\/\/www.correiobraziliense.com.br\/cbradar\/duna-parte-dois-chega-ao-streaming-saiba-como-assistir\/","name":"Duna: Parte Dois chega ao streaming, saiba como assistir","isPartOf":{"@id":"https:\/\/www.correiobraziliense.com.br\/cbradar\/#website"},"primaryImageOfPage":{"@id":"https:\/\/www.correiobraziliense.com.br\/cbradar\/duna-parte-dois-chega-ao-streaming-saiba-como-assistir\/#primaryimage"},"image":{"@id":"https:\/\/www.correiobraziliense.com.br\/cbradar\/duna-parte-dois-chega-ao-streaming-saiba-como-assistir\/#primaryimage"},"thumbnailUrl":"https:\/\/www.correiobraziliense.com.br\/cbradar\/wp-content\/uploads\/2025\/03\/Duna-Parte-Dois-2.png","datePublished":"2025-03-30T21:10:00+00:00","author":{"@id":"https:\/\/www.correiobraziliense.com.br\/cbradar\/#\/schema\/person\/58422787644df994b53a19d3e56c1513"},"description":"Explora\u00e7\u00e3o do sucesso cinematogr\u00e1fico da franquia Duna, incluindo sua indica\u00e7\u00e3o ao Oscar e a expans\u00e3o da saga nos cinemas e s\u00e9ries.","breadcrumb":{"@id":"https:\/\/www.correiobraziliense.com.br\/cbradar\/duna-parte-dois-chega-ao-streaming-saiba-como-assistir\/#breadcrumb"},"inLanguage":"pt-BR","potentialAction":[{"@type":"ReadAction","target":["https:\/\/www.correiobraziliense.com.br\/cbradar\/duna-parte-dois-chega-ao-streaming-saiba-como-assistir\/"]}]},{"@type":"ImageObject","inLanguage":"pt-BR","@id":"https:\/\/www.correiobraziliense.com.br\/cbradar\/duna-parte-dois-chega-ao-streaming-saiba-como-assistir\/#primaryimage","url":"https:\/\/www.correiobraziliense.com.br\/cbradar\/wp-content\/uploads\/2025\/03\/Duna-Parte-Dois-2.png","contentUrl":"https:\/\/www.correiobraziliense.com.br\/cbradar\/wp-content\/uploads\/2025\/03\/Duna-Parte-Dois-2.png","width":1280,"height":720,"caption":"Duna Parte Dois. Fonte: divulga\u00e7\u00e3o \/ Warner Bros Pictures"},{"@type":"BreadcrumbList","@id":"https:\/\/www.correiobraziliense.com.br\/cbradar\/duna-parte-dois-chega-ao-streaming-saiba-como-assistir\/#breadcrumb","itemListElement":[{"@type":"ListItem","position":1,"name":"In\u00edcio","item":"https:\/\/www.correiobraziliense.com.br\/cbradar\/"},{"@type":"ListItem","position":2,"name":"Duna: Parte Dois chega ao streaming, saiba como assistir"}]},{"@type":"WebSite","@id":"https:\/\/www.correiobraziliense.com.br\/cbradar\/#website","url":"https:\/\/www.correiobraziliense.com.br\/cbradar\/","name":"Correio Braziliense - Radar","description":"Acompanhe as \u00faltimas not\u00edcias e fique bem informado sobre tudo o que acontece no Brasil e no mundo.","potentialAction":[{"@type":"SearchAction","target":{"@type":"EntryPoint","urlTemplate":"https:\/\/www.correiobraziliense.com.br\/cbradar\/?s={search_term_string}"},"query-input":{"@type":"PropertyValueSpecification","valueRequired":true,"valueName":"search_term_string"}}],"inLanguage":"pt-BR"},{"@type":"Person","@id":"https:\/\/www.correiobraziliense.com.br\/cbradar\/#\/schema\/person\/58422787644df994b53a19d3e56c1513","name":"Larissa Carvalho","image":{"@type":"ImageObject","inLanguage":"pt-BR","@id":"https:\/\/www.correiobraziliense.com.br\/cbradar\/#\/schema\/person\/image\/","url":"https:\/\/secure.gravatar.com\/avatar\/fe4f91a0de32b52a838d0d612abdc1aa?s=96&d=mm&r=g","contentUrl":"https:\/\/secure.gravatar.com\/avatar\/fe4f91a0de32b52a838d0d612abdc1aa?s=96&d=mm&r=g","caption":"Larissa Carvalho"},"url":"https:\/\/www.correiobraziliense.com.br\/cbradar\/author\/larissamyth\/"}]}},"_links":{"self":[{"href":"https:\/\/www.correiobraziliense.com.br\/cbradar\/wp-json\/wp\/v2\/posts\/16916","targetHints":{"allow":["GET"]}}],"collection":[{"href":"https:\/\/www.correiobraziliense.com.br\/cbradar\/wp-json\/wp\/v2\/posts"}],"about":[{"href":"https:\/\/www.correiobraziliense.com.br\/cbradar\/wp-json\/wp\/v2\/types\/post"}],"author":[{"embeddable":true,"href":"https:\/\/www.correiobraziliense.com.br\/cbradar\/wp-json\/wp\/v2\/users\/3"}],"replies":[{"embeddable":true,"href":"https:\/\/www.correiobraziliense.com.br\/cbradar\/wp-json\/wp\/v2\/comments?post=16916"}],"version-history":[{"count":1,"href":"https:\/\/www.correiobraziliense.com.br\/cbradar\/wp-json\/wp\/v2\/posts\/16916\/revisions"}],"predecessor-version":[{"id":16919,"href":"https:\/\/www.correiobraziliense.com.br\/cbradar\/wp-json\/wp\/v2\/posts\/16916\/revisions\/16919"}],"wp:featuredmedia":[{"embeddable":true,"href":"https:\/\/www.correiobraziliense.com.br\/cbradar\/wp-json\/wp\/v2\/media\/16917"}],"wp:attachment":[{"href":"https:\/\/www.correiobraziliense.com.br\/cbradar\/wp-json\/wp\/v2\/media?parent=16916"}],"wp:term":[{"taxonomy":"category","embeddable":true,"href":"https:\/\/www.correiobraziliense.com.br\/cbradar\/wp-json\/wp\/v2\/categories?post=16916"},{"taxonomy":"post_tag","embeddable":true,"href":"https:\/\/www.correiobraziliense.com.br\/cbradar\/wp-json\/wp\/v2\/post_tag?post=16916"}],"curies":[{"name":"wp","href":"https:\/\/api.w.org\/{rel}","templated":true}]}}