{"id":169234,"date":"2026-01-05T15:55:00","date_gmt":"2026-01-05T18:55:00","guid":{"rendered":"https:\/\/www.correiobraziliense.com.br\/cbradar\/?p=169234"},"modified":"2026-01-04T18:23:25","modified_gmt":"2026-01-04T21:23:25","slug":"o-risco-silencioso-da-pneumonia-que-preocupa-medicos","status":"publish","type":"post","link":"https:\/\/www.correiobraziliense.com.br\/cbradar\/o-risco-silencioso-da-pneumonia-que-preocupa-medicos\/","title":{"rendered":"O risco silencioso da pneumonia que preocupa m\u00e9dicos"},"content":{"rendered":"\n<p>A <strong>Pneumonia <\/strong>\u00e9 uma infec\u00e7\u00e3o dos pulm\u00f5es que afeta especialmente crian\u00e7as e idosos, caracterizando-se como uma das causas mais comuns de interna\u00e7\u00e3o nos hospitais do Brasil. Com uma taxa crescente de hospitaliza\u00e7\u00f5es entre 2019 e 2023, a doen\u00e7a tem registros significativos nos meses de abril e maio, quando as condi\u00e7\u00f5es clim\u00e1ticas favorecem a propaga\u00e7\u00e3o de v\u00edrus respirat\u00f3rios. As regi\u00f5es mais afetadas incluem o Sudeste e o Nordeste, enquanto crian\u00e7as de 1 a 4 anos s\u00e3o as mais vulner\u00e1veis, principalmente devido \u00e0 exposi\u00e7\u00e3o coletiva em creches e escolas.<\/p>\n\n\n\n<p>A condi\u00e7\u00e3o \u00e9 definida pela inflama\u00e7\u00e3o nos alv\u00e9olos pulmonares, locais onde ocorrem as trocas gasosas essenciais para a oxigena\u00e7\u00e3o do sangue. Na Pneumonia, esses alv\u00e9olos ficam cheios de l\u00edquido, comprometendo a respira\u00e7\u00e3o e a capta\u00e7\u00e3o de oxig\u00eanio pelo organismo. Essa condi\u00e7\u00e3o pode ser contra\u00edda de duas maneiras principais: pela inala\u00e7\u00e3o de gotas contaminadas no ar, comum em pneumonias virais, ou pela aspira\u00e7\u00e3o de secre\u00e7\u00f5es das vias a\u00e9reas superiores, caso t\u00edpico de infec\u00e7\u00f5es bacterianas como a sinusite.<\/p>\n\n\n\n<h2 class=\"wp-block-heading\">Quais s\u00e3o os sintomas da Pneumonia?<\/h2>\n\n\n\n<p>Os sinais caracter\u00edsticos da Pneumonia incluem tosse, que muitas vezes vem acompanhada de catarro amarelado, dor tor\u00e1cica e falta de ar em casos mais severos. Outros sintomas incluem febre, perda de apetite e uma sensa\u00e7\u00e3o constante de cansa\u00e7o. \u00c9 importante buscar orienta\u00e7\u00e3o m\u00e9dica quando os sintomas persistirem por mais de dois dias ou se forem observados sinais graves, como dificuldades respirat\u00f3rias ou altera\u00e7\u00f5es no estado mental, que podem ser os \u00fanicos sintomas presentes em pessoas idosas.<\/p>\n\n\n\n<figure class=\"wp-block-image aligncenter size-large\"><img decoding=\"async\" width=\"1024\" height=\"576\" src=\"https:\/\/www.correiobraziliense.com.br\/cbradar\/wp-content\/uploads\/2025\/05\/pneumonia_1748010756425-1024x576.jpg\" alt=\"\" class=\"wp-image-41749\" srcset=\"https:\/\/www.correiobraziliense.com.br\/cbradar\/wp-content\/uploads\/2025\/05\/pneumonia_1748010756425-1024x576.jpg 1024w, https:\/\/www.correiobraziliense.com.br\/cbradar\/wp-content\/uploads\/2025\/05\/pneumonia_1748010756425-300x169.jpg 300w, https:\/\/www.correiobraziliense.com.br\/cbradar\/wp-content\/uploads\/2025\/05\/pneumonia_1748010756425-768x432.jpg 768w, https:\/\/www.correiobraziliense.com.br\/cbradar\/wp-content\/uploads\/2025\/05\/pneumonia_1748010756425-750x422.jpg 750w, https:\/\/www.correiobraziliense.com.br\/cbradar\/wp-content\/uploads\/2025\/05\/pneumonia_1748010756425-1140x642.jpg 1140w, https:\/\/www.correiobraziliense.com.br\/cbradar\/wp-content\/uploads\/2025\/05\/pneumonia_1748010756425.jpg 1279w\" sizes=\"(max-width: 1024px) 100vw, 1024px\" \/><figcaption class=\"wp-element-caption\">os sinais discretos de uma pneumonia que pode matar &#8211; Cr\u00e9ditos: depositphotos.com \/ AsierRomeroCarballo\n\n<\/figcaption><\/figure>\n\n\n\n<h2 class=\"wp-block-heading\">Quem est\u00e1 em maior risco de contrair Pneumonia?<\/h2>\n\n\n\n<p>A Pneumonia \u00e9 mais comumente observada em crian\u00e7as menores de dois anos e em idosos. Al\u00e9m disso, pessoas com o sistema imunol\u00f3gico suprimido, como aquelas submetidas a tratamentos de quimioterapia ou portadoras de doen\u00e7as cr\u00f4nicas como diabetes e enfisema, s\u00e3o mais suscept\u00edveis \u00e0 infec\u00e7\u00e3o. A incid\u00eancia \u00e9 ainda maior durante o outono e inverno, quando o ar seco e frio tende a enfraquecer as defesas das vias respirat\u00f3rias.<\/p>\n\n\n\n<h2 class=\"wp-block-heading\">Como prevenir a Pneumonia?<\/h2>\n\n\n\n<p>A preven\u00e7\u00e3o da Pneumonia envolve um conjunto de medidas pr\u00e1ticas e eficazes. Destacam-se a vacina\u00e7\u00e3o contra agentes infecciosos como o pneumococo, a gripe e o v\u00edrus respirat\u00f3rio sincicial (RSV). O ato de isolar pacientes infectados, usar m\u00e1scaras em situa\u00e7\u00f5es de contato pr\u00f3ximo e evitar aglomera\u00e7\u00f5es s\u00e3o pr\u00e1ticas fundamentais para limitar a propaga\u00e7\u00e3o da doen\u00e7a. A rotina de higieniza\u00e7\u00e3o das m\u00e3os tamb\u00e9m \u00e9 crucial, auxiliando na redu\u00e7\u00e3o do risco de infec\u00e7\u00e3o.<\/p>\n\n\n\n<p>O Sistema \u00danico de <a href=\"https:\/\/www.correiobraziliense.com.br\/cbradar\/o-melhor-estimulante-natural-da-memoria-que-quase-ninguem-usa\/\" target=\"_blank\" rel=\"noreferrer noopener\">Sa\u00fade <\/a>(SUS) do Brasil oferece vacinas como Pneumo 10, Pneumo 15 e Pneumo 23, destinadas a crian\u00e7as e indiv\u00edduos com condi\u00e7\u00f5es imunol\u00f3gicas comprometidas. Essas vacinas s\u00e3o parte das estrat\u00e9gias para reduzir significativamente a ocorr\u00eancia de casos graves de Pneumonia, refor\u00e7ando a import\u00e2ncia da imuniza\u00e7\u00e3o como barreira contra essa infec\u00e7\u00e3o potencialmente fatal.<\/p>\n\n\n<a href=\"https:\/\/www.instagram.com\/dra.annaluisabf\/\" target=\"_blank\" rel=\"noopener\" style=\"text-decoration: none; color: inherit;\">\n    <span style=\"display: inline-block; border: 1px solid #ccc; border-radius: 10px; padding: 15px; max-width: 550px; font-family: sans-serif; box-shadow: 0 2px 5px rgba(0,0,0,0.1); width: 100%;\">\n\n      <!-- T\u00edtulo -->\n      <span style=\"display: block; margin: 0 0 15px 0; font-weight: bold; color: #2c3e50; text-align: center;\">\n        Entre em contato:\n      <\/span>\n\n      <!-- Linha do perfil -->\n      <span style=\"display: flex; align-items: center; gap: 15px;\">\n        <img decoding=\"async\"\n          src=\"https:\/\/www.correiobraziliense.com.br\/cbradar\/wp-content\/uploads\/2025\/08\/dra_anna_luisa.jpeg\"\n          alt=\"Foto da Dra. Anna Lu\u00edsa\"\n          style=\"border-radius: 50%; width: 80px; height: 80px; object-fit: cover;\"\n        \/>\n        <span style=\"display: flex; flex-direction: column;\">\n          <span style=\"font-size: 18px; font-weight: 700; color: #2c3e50;\">Dra. Anna Lu\u00edsa Barbosa Fernandes<\/span>\n          <span style=\"color: #555;\">CRM-GO 33.271<\/span>\n        <\/span>\n      <\/span>\n\n      <!-- Redes -->\n      <span style=\"display: flex; align-items: center; gap: 10px; margin-top: 12px;\">\n        <img decoding=\"async\" src=\"https:\/\/cdn-icons-png.flaticon.com\/24\/1384\/1384063.png\" alt=\"Instagram\" width=\"24\" height=\"24\" \/>\n        <span style=\"text-decoration: underline; color: #2c3e50;\">@dra.annaluisabf<\/span>\n      <\/span>\n\n    <\/span>\n  <\/a>\n\n\n<p><\/p>\n","protected":false},"excerpt":{"rendered":"<p>A Pneumonia \u00e9 uma infec\u00e7\u00e3o dos pulm\u00f5es que afeta especialmente crian\u00e7as e idosos, caracterizando-se como uma das causas mais comuns de interna\u00e7\u00e3o nos hospitais do Brasil. Com uma taxa crescente de hospitaliza\u00e7\u00f5es entre 2019 e 2023, a doen\u00e7a tem registros significativos nos meses de abril e maio, quando as condi\u00e7\u00f5es clim\u00e1ticas favorecem a propaga\u00e7\u00e3o de [&hellip;]<\/p>\n","protected":false},"author":14,"featured_media":41748,"comment_status":"open","ping_status":"open","sticky":false,"template":"","format":"standard","meta":{"jnews-multi-image_gallery":[],"jnews_single_post":{"format":"standard"},"jnews_primary_category":[],"jnews_social_meta":[],"jnews_override_counter":[],"footnotes":""},"categories":[4404],"post_tag":[144,9924,1318],"class_list":["post-169234","post","type-post","status-publish","format-standard","has-post-thumbnail","hentry","category-saude","tag-curiosidades","tag-pneumonia","tag-saude-2"],"yoast_head":"<!-- This site is optimized with the Yoast SEO plugin v24.6 - https:\/\/yoast.com\/wordpress\/plugins\/seo\/ -->\n<title>O risco silencioso da pneumonia que preocupa m\u00e9dicos - Correio Braziliense - Radar<\/title>\n<meta name=\"description\" content=\"A pneumonia \u00e9 uma infec\u00e7\u00e3o pulmonar comum e pode se tornar grave, especialmente em crian\u00e7as e idosos, exigindo aten\u00e7\u00e3o aos sinais.\" \/>\n<meta name=\"robots\" content=\"index, follow, max-snippet:-1, max-image-preview:large, max-video-preview:-1\" \/>\n<link rel=\"canonical\" href=\"https:\/\/www.correiobraziliense.com.br\/cbradar\/o-risco-silencioso-da-pneumonia-que-preocupa-medicos\/\" \/>\n<meta property=\"og:locale\" content=\"pt_BR\" \/>\n<meta property=\"og:type\" content=\"article\" \/>\n<meta property=\"og:title\" content=\"O risco silencioso da pneumonia que preocupa m\u00e9dicos - Correio Braziliense - Radar\" \/>\n<meta property=\"og:description\" content=\"A pneumonia \u00e9 uma infec\u00e7\u00e3o pulmonar comum e pode se tornar grave, especialmente em crian\u00e7as e idosos, exigindo aten\u00e7\u00e3o aos sinais.\" \/>\n<meta property=\"og:url\" content=\"https:\/\/www.correiobraziliense.com.br\/cbradar\/o-risco-silencioso-da-pneumonia-que-preocupa-medicos\/\" \/>\n<meta property=\"og:site_name\" content=\"Correio Braziliense - Radar\" \/>\n<meta property=\"article:published_time\" content=\"2026-01-05T18:55:00+00:00\" \/>\n<meta property=\"og:image\" content=\"https:\/\/www.correiobraziliense.com.br\/cbradar\/wp-content\/uploads\/2025\/05\/pneumonia_1748010658210.jpg\" \/>\n\t<meta property=\"og:image:width\" content=\"1280\" \/>\n\t<meta property=\"og:image:height\" content=\"720\" \/>\n\t<meta property=\"og:image:type\" content=\"image\/jpeg\" \/>\n<meta name=\"author\" content=\"guilherme_saude\" \/>\n<meta name=\"twitter:card\" content=\"summary_large_image\" \/>\n<meta name=\"twitter:label1\" content=\"Escrito por\" \/>\n\t<meta name=\"twitter:data1\" content=\"guilherme_saude\" \/>\n\t<meta name=\"twitter:label2\" content=\"Est. tempo de leitura\" \/>\n\t<meta name=\"twitter:data2\" content=\"4 minutos\" \/>\n<!-- \/ Yoast SEO plugin. -->","yoast_head_json":{"title":"O risco silencioso da pneumonia que preocupa m\u00e9dicos - Correio Braziliense - Radar","description":"A pneumonia \u00e9 uma infec\u00e7\u00e3o pulmonar comum e pode se tornar grave, especialmente em crian\u00e7as e idosos, exigindo aten\u00e7\u00e3o aos sinais.","robots":{"index":"index","follow":"follow","max-snippet":"max-snippet:-1","max-image-preview":"max-image-preview:large","max-video-preview":"max-video-preview:-1"},"canonical":"https:\/\/www.correiobraziliense.com.br\/cbradar\/o-risco-silencioso-da-pneumonia-que-preocupa-medicos\/","og_locale":"pt_BR","og_type":"article","og_title":"O risco silencioso da pneumonia que preocupa m\u00e9dicos - Correio Braziliense - Radar","og_description":"A pneumonia \u00e9 uma infec\u00e7\u00e3o pulmonar comum e pode se tornar grave, especialmente em crian\u00e7as e idosos, exigindo aten\u00e7\u00e3o aos sinais.","og_url":"https:\/\/www.correiobraziliense.com.br\/cbradar\/o-risco-silencioso-da-pneumonia-que-preocupa-medicos\/","og_site_name":"Correio Braziliense - Radar","article_published_time":"2026-01-05T18:55:00+00:00","og_image":[{"width":1280,"height":720,"url":"https:\/\/www.correiobraziliense.com.br\/cbradar\/wp-content\/uploads\/2025\/05\/pneumonia_1748010658210.jpg","type":"image\/jpeg"}],"author":"guilherme_saude","twitter_card":"summary_large_image","twitter_misc":{"Escrito por":"guilherme_saude","Est. tempo de leitura":"4 minutos"},"schema":{"@context":"https:\/\/schema.org","@graph":[{"@type":"WebPage","@id":"https:\/\/www.correiobraziliense.com.br\/cbradar\/o-risco-silencioso-da-pneumonia-que-preocupa-medicos\/","url":"https:\/\/www.correiobraziliense.com.br\/cbradar\/o-risco-silencioso-da-pneumonia-que-preocupa-medicos\/","name":"O risco silencioso da pneumonia que preocupa m\u00e9dicos - Correio Braziliense - Radar","isPartOf":{"@id":"https:\/\/www.correiobraziliense.com.br\/cbradar\/#website"},"primaryImageOfPage":{"@id":"https:\/\/www.correiobraziliense.com.br\/cbradar\/o-risco-silencioso-da-pneumonia-que-preocupa-medicos\/#primaryimage"},"image":{"@id":"https:\/\/www.correiobraziliense.com.br\/cbradar\/o-risco-silencioso-da-pneumonia-que-preocupa-medicos\/#primaryimage"},"thumbnailUrl":"https:\/\/www.correiobraziliense.com.br\/cbradar\/wp-content\/uploads\/2025\/05\/pneumonia_1748010658210.jpg","datePublished":"2026-01-05T18:55:00+00:00","author":{"@id":"https:\/\/www.correiobraziliense.com.br\/cbradar\/#\/schema\/person\/5aa4bf3c8fa699c267933611de12978b"},"description":"A pneumonia \u00e9 uma infec\u00e7\u00e3o pulmonar comum e pode se tornar grave, especialmente em crian\u00e7as e idosos, exigindo aten\u00e7\u00e3o aos sinais.","breadcrumb":{"@id":"https:\/\/www.correiobraziliense.com.br\/cbradar\/o-risco-silencioso-da-pneumonia-que-preocupa-medicos\/#breadcrumb"},"inLanguage":"pt-BR","potentialAction":[{"@type":"ReadAction","target":["https:\/\/www.correiobraziliense.com.br\/cbradar\/o-risco-silencioso-da-pneumonia-que-preocupa-medicos\/"]}]},{"@type":"ImageObject","inLanguage":"pt-BR","@id":"https:\/\/www.correiobraziliense.com.br\/cbradar\/o-risco-silencioso-da-pneumonia-que-preocupa-medicos\/#primaryimage","url":"https:\/\/www.correiobraziliense.com.br\/cbradar\/wp-content\/uploads\/2025\/05\/pneumonia_1748010658210.jpg","contentUrl":"https:\/\/www.correiobraziliense.com.br\/cbradar\/wp-content\/uploads\/2025\/05\/pneumonia_1748010658210.jpg","width":1280,"height":720,"caption":"alerta: infec\u00e7\u00e3o respirat\u00f3ria cresce sem dar sinais claros - Cr\u00e9ditos: depositphotos.com \/ HayDmitriy"},{"@type":"BreadcrumbList","@id":"https:\/\/www.correiobraziliense.com.br\/cbradar\/o-risco-silencioso-da-pneumonia-que-preocupa-medicos\/#breadcrumb","itemListElement":[{"@type":"ListItem","position":1,"name":"In\u00edcio","item":"https:\/\/www.correiobraziliense.com.br\/cbradar\/"},{"@type":"ListItem","position":2,"name":"O risco silencioso da pneumonia que preocupa m\u00e9dicos"}]},{"@type":"WebSite","@id":"https:\/\/www.correiobraziliense.com.br\/cbradar\/#website","url":"https:\/\/www.correiobraziliense.com.br\/cbradar\/","name":"Correio Braziliense - Radar","description":"Acompanhe as \u00faltimas not\u00edcias e fique bem informado sobre tudo o que acontece no Brasil e no mundo.","potentialAction":[{"@type":"SearchAction","target":{"@type":"EntryPoint","urlTemplate":"https:\/\/www.correiobraziliense.com.br\/cbradar\/?s={search_term_string}"},"query-input":{"@type":"PropertyValueSpecification","valueRequired":true,"valueName":"search_term_string"}}],"inLanguage":"pt-BR"},{"@type":"Person","@id":"https:\/\/www.correiobraziliense.com.br\/cbradar\/#\/schema\/person\/5aa4bf3c8fa699c267933611de12978b","name":"guilherme_saude","image":{"@type":"ImageObject","inLanguage":"pt-BR","@id":"https:\/\/www.correiobraziliense.com.br\/cbradar\/#\/schema\/person\/image\/","url":"https:\/\/secure.gravatar.com\/avatar\/df9adfb835d344bc0af109d41756253f?s=96&d=mm&r=g","contentUrl":"https:\/\/secure.gravatar.com\/avatar\/df9adfb835d344bc0af109d41756253f?s=96&d=mm&r=g","caption":"guilherme_saude"},"url":"https:\/\/www.correiobraziliense.com.br\/cbradar\/author\/guilherme_saude\/"}]}},"_links":{"self":[{"href":"https:\/\/www.correiobraziliense.com.br\/cbradar\/wp-json\/wp\/v2\/posts\/169234","targetHints":{"allow":["GET"]}}],"collection":[{"href":"https:\/\/www.correiobraziliense.com.br\/cbradar\/wp-json\/wp\/v2\/posts"}],"about":[{"href":"https:\/\/www.correiobraziliense.com.br\/cbradar\/wp-json\/wp\/v2\/types\/post"}],"author":[{"embeddable":true,"href":"https:\/\/www.correiobraziliense.com.br\/cbradar\/wp-json\/wp\/v2\/users\/14"}],"replies":[{"embeddable":true,"href":"https:\/\/www.correiobraziliense.com.br\/cbradar\/wp-json\/wp\/v2\/comments?post=169234"}],"version-history":[{"count":1,"href":"https:\/\/www.correiobraziliense.com.br\/cbradar\/wp-json\/wp\/v2\/posts\/169234\/revisions"}],"predecessor-version":[{"id":169237,"href":"https:\/\/www.correiobraziliense.com.br\/cbradar\/wp-json\/wp\/v2\/posts\/169234\/revisions\/169237"}],"wp:featuredmedia":[{"embeddable":true,"href":"https:\/\/www.correiobraziliense.com.br\/cbradar\/wp-json\/wp\/v2\/media\/41748"}],"wp:attachment":[{"href":"https:\/\/www.correiobraziliense.com.br\/cbradar\/wp-json\/wp\/v2\/media?parent=169234"}],"wp:term":[{"taxonomy":"category","embeddable":true,"href":"https:\/\/www.correiobraziliense.com.br\/cbradar\/wp-json\/wp\/v2\/categories?post=169234"},{"taxonomy":"post_tag","embeddable":true,"href":"https:\/\/www.correiobraziliense.com.br\/cbradar\/wp-json\/wp\/v2\/post_tag?post=169234"}],"curies":[{"name":"wp","href":"https:\/\/api.w.org\/{rel}","templated":true}]}}