{"id":16924,"date":"2025-03-30T18:30:00","date_gmt":"2025-03-30T21:30:00","guid":{"rendered":"https:\/\/www.correiobraziliense.com.br\/cbradar\/?p=16924"},"modified":"2025-03-29T13:08:57","modified_gmt":"2025-03-29T16:08:57","slug":"conheca-a-cidade-onde-moradores-pagam-aluguel-com-arte","status":"publish","type":"post","link":"https:\/\/www.correiobraziliense.com.br\/cbradar\/conheca-a-cidade-onde-moradores-pagam-aluguel-com-arte\/","title":{"rendered":"Conhe\u00e7a a cidade onde moradores pagam aluguel com arte"},"content":{"rendered":"\n<p>Na efervescente <strong>Buenos Aires<\/strong>, capital da <strong>Argentina<\/strong>, a arte n\u00e3o est\u00e1 apenas nas ruas, museus e teatros \u2014 ela tamb\u00e9m <strong>serve como moeda de troca para viver<\/strong>. Em alguns bairros criativos da cidade, moradores participam de <strong>projetos culturais que permitem pagar parte (ou todo) o aluguel com arte<\/strong>, performances ou oficinas, transformando o cotidiano em um grande ateli\u00ea colaborativo.<\/p>\n\n\n\n<p>\u00c9 uma iniciativa que une <strong>acesso \u00e0 moradia, incentivo \u00e0 cultura e regenera\u00e7\u00e3o urbana criativa<\/strong>, especialmente em zonas antes degradadas.<\/p>\n\n\n\n<h2 class=\"wp-block-heading\"><strong>Como funciona o pagamento de aluguel com arte?<\/strong><\/h2>\n\n\n\n<p>Em bairros como <strong>La Boca<\/strong> e <strong>Barracas<\/strong>, com forte tradi\u00e7\u00e3o art\u00edstica, surgiram programas alternativos em que:<\/p>\n\n\n\n<ul class=\"wp-block-list\">\n<li>Moradores podem <strong>ocupar ateli\u00eas, casas coletivas ou est\u00fadios culturais<\/strong> em troca de produ\u00e7\u00f5es art\u00edsticas.<\/li>\n\n\n\n<li>Os \u201cpagamentos\u201d podem ser feitos por meio de <strong>murais, exposi\u00e7\u00f5es, shows, oficinas, aulas ou interven\u00e7\u00f5es urbanas<\/strong>.<\/li>\n\n\n\n<li>As iniciativas s\u00e3o apoiadas por <strong>organiza\u00e7\u00f5es culturais, ONGs, artistas locais e at\u00e9 pelo governo municipal<\/strong>.<\/li>\n\n\n\n<li>Os espa\u00e7os s\u00e3o muitas vezes <strong>compartilhados por coletivos<\/strong>, onde a arte cria la\u00e7os e sustenta o ambiente.<\/li>\n<\/ul>\n\n\n\n<p>Essa proposta n\u00e3o s\u00f3 valoriza a arte como <strong>instrumento social e econ\u00f4mico<\/strong>, mas tamb\u00e9m promove <strong>a inclus\u00e3o de artistas emergentes em \u00e1reas centrais da cidade<\/strong>.<\/p>\n\n\n\n<figure class=\"wp-block-image size-large\"><img decoding=\"async\" width=\"1024\" height=\"576\" src=\"https:\/\/www.correiobraziliense.com.br\/cbradar\/wp-content\/uploads\/2025\/03\/Buenos-Aires_1743255420943-1024x576.jpg\" alt=\"Conhe\u00e7a a cidade onde moradores pagam aluguel com arte\" class=\"wp-image-16926\" srcset=\"https:\/\/www.correiobraziliense.com.br\/cbradar\/wp-content\/uploads\/2025\/03\/Buenos-Aires_1743255420943-1024x576.jpg 1024w, https:\/\/www.correiobraziliense.com.br\/cbradar\/wp-content\/uploads\/2025\/03\/Buenos-Aires_1743255420943-300x169.jpg 300w, https:\/\/www.correiobraziliense.com.br\/cbradar\/wp-content\/uploads\/2025\/03\/Buenos-Aires_1743255420943-768x432.jpg 768w, https:\/\/www.correiobraziliense.com.br\/cbradar\/wp-content\/uploads\/2025\/03\/Buenos-Aires_1743255420943-750x422.jpg 750w, https:\/\/www.correiobraziliense.com.br\/cbradar\/wp-content\/uploads\/2025\/03\/Buenos-Aires_1743255420943-1140x641.jpg 1140w, https:\/\/www.correiobraziliense.com.br\/cbradar\/wp-content\/uploads\/2025\/03\/Buenos-Aires_1743255420943.jpg 1280w\" sizes=\"(max-width: 1024px) 100vw, 1024px\" \/><figcaption class=\"wp-element-caption\">Buenos Aires. Cr\u00e9ditos: depositphotos.com \/ RudiErnst<\/figcaption><\/figure>\n\n\n\n<h2 class=\"wp-block-heading\"><strong>Por que Buenos Aires adotou esse modelo?<\/strong><\/h2>\n\n\n\n<p>A cidade enfrenta, como muitas metr\u00f3poles latino-americanas, desafios como:<\/p>\n\n\n\n<ul class=\"wp-block-list\">\n<li><strong>Aumento no custo de vida e da moradia<\/strong><\/li>\n\n\n\n<li><strong>Desvaloriza\u00e7\u00e3o de bairros hist\u00f3ricos<\/strong><\/li>\n\n\n\n<li><strong>Desequil\u00edbrio entre produ\u00e7\u00e3o cultural e acesso a espa\u00e7os urbanos<\/strong><\/li>\n<\/ul>\n\n\n\n<p>Transformar im\u00f3veis subutilizados em <strong>resid\u00eancias culturais ativas<\/strong> permitiu:<\/p>\n\n\n\n<ul class=\"wp-block-list\">\n<li>Revitalizar regi\u00f5es urbanas de forma sustent\u00e1vel<\/li>\n\n\n\n<li>Estimular o turismo criativo e a economia local<\/li>\n\n\n\n<li>Criar comunidades de troca e apoio art\u00edstico<\/li>\n\n\n\n<li>Democratizar o acesso \u00e0 moradia para artistas independentes<\/li>\n<\/ul>\n\n\n\n<h2 class=\"wp-block-heading\"><strong>Curiosidades sobre Buenos Aires e sua economia criativa<\/strong><\/h2>\n\n\n\n<ul class=\"wp-block-list\">\n<li><strong>A cidade \u00e9 considerada a capital cultural da Am\u00e9rica Latina<\/strong>, com mais teatros que Nova York.<\/li>\n\n\n\n<li><strong>O bairro de San Telmo tem feiras de arte onde parte do lucro vai para programas sociais.<\/strong><\/li>\n\n\n\n<li><strong>Murais pagos com hospedagem j\u00e1 viraram cart\u00e3o-postal da cidade.<\/strong><\/li>\n\n\n\n<li><strong>Muitos edif\u00edcios antigos foram reabilitados por meio de arte urbana e habita\u00e7\u00e3o criativa.<\/strong><\/li>\n\n\n\n<li><strong>A pr\u00e1tica inspirou projetos semelhantes em cidades como Valpara\u00edso, Lisboa e Medell\u00edn.<\/strong><\/li>\n<\/ul>\n\n\n\n<p>Buenos Aires mostra que <strong>a arte pode ser muito mais do que express\u00e3o \u2014 pode ser moeda, moradia e ferramenta de transforma\u00e7\u00e3o social<\/strong>, onde <strong>criar \u00e9, literalmente, viver<\/strong>.<\/p>\n","protected":false},"excerpt":{"rendered":"<p>Em Buenos Aires, artistas podem pagar aluguel com arte. Descubra como projetos culturais transformaram bairros criativos em moradia colaborativa!<\/p>\n","protected":false},"author":3,"featured_media":16925,"comment_status":"open","ping_status":"open","sticky":false,"template":"","format":"standard","meta":{"_yoast_wpseo_focuskw":"cidade aluguel artes","_yoast_wpseo_title":"%%title%%","_yoast_wpseo_metadesc":"Em Buenos Aires, artistas podem pagar aluguel com arte. Descubra como projetos culturais transformaram bairros criativos em moradia colaborativa!","jnews-multi-image_gallery":[],"jnews_single_post":{"format":"standard"},"jnews_primary_category":[],"jnews_social_meta":[],"jnews_override_counter":[],"footnotes":""},"categories":[108],"tags":[109],"class_list":["post-16924","post","type-post","status-publish","format-standard","has-post-thumbnail","hentry","category-cidades","tag-cidades"],"yoast_head":"<!-- This site is optimized with the Yoast SEO plugin v24.6 - https:\/\/yoast.com\/wordpress\/plugins\/seo\/ -->\n<title>Conhe\u00e7a a cidade onde moradores pagam aluguel com arte<\/title>\n<meta name=\"description\" content=\"Em Buenos Aires, artistas podem pagar aluguel com arte. Descubra como projetos culturais transformaram bairros criativos em moradia colaborativa!\" \/>\n<meta name=\"robots\" content=\"index, follow, max-snippet:-1, max-image-preview:large, max-video-preview:-1\" \/>\n<link rel=\"canonical\" href=\"https:\/\/www.correiobraziliense.com.br\/cbradar\/conheca-a-cidade-onde-moradores-pagam-aluguel-com-arte\/\" \/>\n<meta property=\"og:locale\" content=\"pt_BR\" \/>\n<meta property=\"og:type\" content=\"article\" \/>\n<meta property=\"og:title\" content=\"Conhe\u00e7a a cidade onde moradores pagam aluguel com arte\" \/>\n<meta property=\"og:description\" content=\"Em Buenos Aires, artistas podem pagar aluguel com arte. Descubra como projetos culturais transformaram bairros criativos em moradia colaborativa!\" \/>\n<meta property=\"og:url\" content=\"https:\/\/www.correiobraziliense.com.br\/cbradar\/conheca-a-cidade-onde-moradores-pagam-aluguel-com-arte\/\" \/>\n<meta property=\"og:site_name\" content=\"Correio Braziliense - Radar\" \/>\n<meta property=\"article:published_time\" content=\"2025-03-30T21:30:00+00:00\" \/>\n<meta property=\"og:image\" content=\"https:\/\/www.correiobraziliense.com.br\/cbradar\/wp-content\/uploads\/2025\/03\/Buenos-Aires_1743255393417.jpg\" \/>\n\t<meta property=\"og:image:width\" content=\"1280\" \/>\n\t<meta property=\"og:image:height\" content=\"720\" \/>\n\t<meta property=\"og:image:type\" content=\"image\/jpeg\" \/>\n<meta name=\"author\" content=\"Larissa Carvalho\" \/>\n<meta name=\"twitter:card\" content=\"summary_large_image\" \/>\n<meta name=\"twitter:label1\" content=\"Escrito por\" \/>\n\t<meta name=\"twitter:data1\" content=\"Larissa Carvalho\" \/>\n\t<meta name=\"twitter:label2\" content=\"Est. tempo de leitura\" \/>\n\t<meta name=\"twitter:data2\" content=\"3 minutos\" \/>\n<!-- \/ Yoast SEO plugin. -->","yoast_head_json":{"title":"Conhe\u00e7a a cidade onde moradores pagam aluguel com arte","description":"Em Buenos Aires, artistas podem pagar aluguel com arte. Descubra como projetos culturais transformaram bairros criativos em moradia colaborativa!","robots":{"index":"index","follow":"follow","max-snippet":"max-snippet:-1","max-image-preview":"max-image-preview:large","max-video-preview":"max-video-preview:-1"},"canonical":"https:\/\/www.correiobraziliense.com.br\/cbradar\/conheca-a-cidade-onde-moradores-pagam-aluguel-com-arte\/","og_locale":"pt_BR","og_type":"article","og_title":"Conhe\u00e7a a cidade onde moradores pagam aluguel com arte","og_description":"Em Buenos Aires, artistas podem pagar aluguel com arte. Descubra como projetos culturais transformaram bairros criativos em moradia colaborativa!","og_url":"https:\/\/www.correiobraziliense.com.br\/cbradar\/conheca-a-cidade-onde-moradores-pagam-aluguel-com-arte\/","og_site_name":"Correio Braziliense - Radar","article_published_time":"2025-03-30T21:30:00+00:00","og_image":[{"width":1280,"height":720,"url":"https:\/\/www.correiobraziliense.com.br\/cbradar\/wp-content\/uploads\/2025\/03\/Buenos-Aires_1743255393417.jpg","type":"image\/jpeg"}],"author":"Larissa Carvalho","twitter_card":"summary_large_image","twitter_misc":{"Escrito por":"Larissa Carvalho","Est. tempo de leitura":"3 minutos"},"schema":{"@context":"https:\/\/schema.org","@graph":[{"@type":"WebPage","@id":"https:\/\/www.correiobraziliense.com.br\/cbradar\/conheca-a-cidade-onde-moradores-pagam-aluguel-com-arte\/","url":"https:\/\/www.correiobraziliense.com.br\/cbradar\/conheca-a-cidade-onde-moradores-pagam-aluguel-com-arte\/","name":"Conhe\u00e7a a cidade onde moradores pagam aluguel com arte","isPartOf":{"@id":"https:\/\/www.correiobraziliense.com.br\/cbradar\/#website"},"primaryImageOfPage":{"@id":"https:\/\/www.correiobraziliense.com.br\/cbradar\/conheca-a-cidade-onde-moradores-pagam-aluguel-com-arte\/#primaryimage"},"image":{"@id":"https:\/\/www.correiobraziliense.com.br\/cbradar\/conheca-a-cidade-onde-moradores-pagam-aluguel-com-arte\/#primaryimage"},"thumbnailUrl":"https:\/\/www.correiobraziliense.com.br\/cbradar\/wp-content\/uploads\/2025\/03\/Buenos-Aires_1743255393417.jpg","datePublished":"2025-03-30T21:30:00+00:00","author":{"@id":"https:\/\/www.correiobraziliense.com.br\/cbradar\/#\/schema\/person\/58422787644df994b53a19d3e56c1513"},"description":"Em Buenos Aires, artistas podem pagar aluguel com arte. Descubra como projetos culturais transformaram bairros criativos em moradia colaborativa!","breadcrumb":{"@id":"https:\/\/www.correiobraziliense.com.br\/cbradar\/conheca-a-cidade-onde-moradores-pagam-aluguel-com-arte\/#breadcrumb"},"inLanguage":"pt-BR","potentialAction":[{"@type":"ReadAction","target":["https:\/\/www.correiobraziliense.com.br\/cbradar\/conheca-a-cidade-onde-moradores-pagam-aluguel-com-arte\/"]}]},{"@type":"ImageObject","inLanguage":"pt-BR","@id":"https:\/\/www.correiobraziliense.com.br\/cbradar\/conheca-a-cidade-onde-moradores-pagam-aluguel-com-arte\/#primaryimage","url":"https:\/\/www.correiobraziliense.com.br\/cbradar\/wp-content\/uploads\/2025\/03\/Buenos-Aires_1743255393417.jpg","contentUrl":"https:\/\/www.correiobraziliense.com.br\/cbradar\/wp-content\/uploads\/2025\/03\/Buenos-Aires_1743255393417.jpg","width":1280,"height":720,"caption":"Buenos Aires. Cr\u00e9ditos: depositphotos.com \/ SmilePhotoArg"},{"@type":"BreadcrumbList","@id":"https:\/\/www.correiobraziliense.com.br\/cbradar\/conheca-a-cidade-onde-moradores-pagam-aluguel-com-arte\/#breadcrumb","itemListElement":[{"@type":"ListItem","position":1,"name":"In\u00edcio","item":"https:\/\/www.correiobraziliense.com.br\/cbradar\/"},{"@type":"ListItem","position":2,"name":"Conhe\u00e7a a cidade onde moradores pagam aluguel com arte"}]},{"@type":"WebSite","@id":"https:\/\/www.correiobraziliense.com.br\/cbradar\/#website","url":"https:\/\/www.correiobraziliense.com.br\/cbradar\/","name":"Correio Braziliense - Radar","description":"Acompanhe as \u00faltimas not\u00edcias e fique bem informado sobre tudo o que acontece no Brasil e no mundo.","potentialAction":[{"@type":"SearchAction","target":{"@type":"EntryPoint","urlTemplate":"https:\/\/www.correiobraziliense.com.br\/cbradar\/?s={search_term_string}"},"query-input":{"@type":"PropertyValueSpecification","valueRequired":true,"valueName":"search_term_string"}}],"inLanguage":"pt-BR"},{"@type":"Person","@id":"https:\/\/www.correiobraziliense.com.br\/cbradar\/#\/schema\/person\/58422787644df994b53a19d3e56c1513","name":"Larissa Carvalho","image":{"@type":"ImageObject","inLanguage":"pt-BR","@id":"https:\/\/www.correiobraziliense.com.br\/cbradar\/#\/schema\/person\/image\/","url":"https:\/\/secure.gravatar.com\/avatar\/fe4f91a0de32b52a838d0d612abdc1aa?s=96&d=mm&r=g","contentUrl":"https:\/\/secure.gravatar.com\/avatar\/fe4f91a0de32b52a838d0d612abdc1aa?s=96&d=mm&r=g","caption":"Larissa Carvalho"},"url":"https:\/\/www.correiobraziliense.com.br\/cbradar\/author\/larissamyth\/"}]}},"_links":{"self":[{"href":"https:\/\/www.correiobraziliense.com.br\/cbradar\/wp-json\/wp\/v2\/posts\/16924","targetHints":{"allow":["GET"]}}],"collection":[{"href":"https:\/\/www.correiobraziliense.com.br\/cbradar\/wp-json\/wp\/v2\/posts"}],"about":[{"href":"https:\/\/www.correiobraziliense.com.br\/cbradar\/wp-json\/wp\/v2\/types\/post"}],"author":[{"embeddable":true,"href":"https:\/\/www.correiobraziliense.com.br\/cbradar\/wp-json\/wp\/v2\/users\/3"}],"replies":[{"embeddable":true,"href":"https:\/\/www.correiobraziliense.com.br\/cbradar\/wp-json\/wp\/v2\/comments?post=16924"}],"version-history":[{"count":1,"href":"https:\/\/www.correiobraziliense.com.br\/cbradar\/wp-json\/wp\/v2\/posts\/16924\/revisions"}],"predecessor-version":[{"id":16927,"href":"https:\/\/www.correiobraziliense.com.br\/cbradar\/wp-json\/wp\/v2\/posts\/16924\/revisions\/16927"}],"wp:featuredmedia":[{"embeddable":true,"href":"https:\/\/www.correiobraziliense.com.br\/cbradar\/wp-json\/wp\/v2\/media\/16925"}],"wp:attachment":[{"href":"https:\/\/www.correiobraziliense.com.br\/cbradar\/wp-json\/wp\/v2\/media?parent=16924"}],"wp:term":[{"taxonomy":"category","embeddable":true,"href":"https:\/\/www.correiobraziliense.com.br\/cbradar\/wp-json\/wp\/v2\/categories?post=16924"},{"taxonomy":"post_tag","embeddable":true,"href":"https:\/\/www.correiobraziliense.com.br\/cbradar\/wp-json\/wp\/v2\/tags?post=16924"}],"curies":[{"name":"wp","href":"https:\/\/api.w.org\/{rel}","templated":true}]}}