{"id":169328,"date":"2026-01-06T07:05:22","date_gmt":"2026-01-06T10:05:22","guid":{"rendered":"https:\/\/www.correiobraziliense.com.br\/cbradar\/?p=169328"},"modified":"2026-01-05T10:09:35","modified_gmt":"2026-01-05T13:09:35","slug":"o-cha-tradicional-usado-para-aliviar-garganta-seca-e-irritada-de-forma-natural","status":"publish","type":"post","link":"https:\/\/www.correiobraziliense.com.br\/cbradar\/o-cha-tradicional-usado-para-aliviar-garganta-seca-e-irritada-de-forma-natural\/","title":{"rendered":"O ch\u00e1 tradicional usado para aliviar garganta seca e irritada de forma natural"},"content":{"rendered":"\n<p>O ch\u00e1 de <strong>malva<\/strong> \u00e9 conhecido tradicionalmente como um aliado para aliviar a garganta seca e inflamada. Essa planta, de nome cient\u00edfico <em><strong>Malva sylvestris<\/strong><\/em>, \u00e9 usada h\u00e1 gera\u00e7\u00f5es por causa de suas propriedades emolientes, ou seja, sua capacidade de formar uma esp\u00e9cie de filme protetor sobre as mucosas, sendo lembrada em per\u00edodos de clima seco, mudan\u00e7as bruscas de temperatura ou irrita\u00e7\u00f5es causadas por esfor\u00e7o vocal intenso.<\/p>\n\n\n\n<h2 class=\"wp-block-heading\">Como o ch\u00e1 de malva age na garganta seca e inflamada<\/h2>\n\n\n\n<p>A principal caracter\u00edstica do ch\u00e1 de <strong>malva<\/strong> para garganta \u00e9 sua a\u00e7\u00e3o emoliente. As flores e folhas da planta s\u00e3o ricas em mucilagens, subst\u00e2ncias de textura viscosa que, ao entrarem em contato com a mucosa irritada, ajudam a formar uma barreira protetora que reduz a sensa\u00e7\u00e3o de secura e o atrito ao engolir.<\/p>\n\n\n\n<p>Al\u00e9m do efeito emoliente, o ch\u00e1 de <strong>malva<\/strong> costuma ser consumido morno, o que favorece a hidrata\u00e7\u00e3o da regi\u00e3o bucal e da faringe. A \u00e1gua quente (mas n\u00e3o fervendo) contribui para fluidificar secre\u00e7\u00f5es e suavizar a sensa\u00e7\u00e3o de garganta \u00e1spera, podendo ser associada a ingest\u00e3o adequada de \u00e1gua, descanso vocal e controle de fatores irritantes.<\/p>\n\n\n<div class=\"wp-block-image\">\n<figure class=\"aligncenter size-large\"><img decoding=\"async\" width=\"1024\" height=\"576\" src=\"https:\/\/www.correiobraziliense.com.br\/cbradar\/wp-content\/uploads\/2025\/07\/Malva-sylvestris_1753388710456-1024x576.jpg\" alt=\"\" class=\"wp-image-74756\" srcset=\"https:\/\/www.correiobraziliense.com.br\/cbradar\/wp-content\/uploads\/2025\/07\/Malva-sylvestris_1753388710456-1024x576.jpg 1024w, https:\/\/www.correiobraziliense.com.br\/cbradar\/wp-content\/uploads\/2025\/07\/Malva-sylvestris_1753388710456-300x169.jpg 300w, https:\/\/www.correiobraziliense.com.br\/cbradar\/wp-content\/uploads\/2025\/07\/Malva-sylvestris_1753388710456-768x432.jpg 768w, https:\/\/www.correiobraziliense.com.br\/cbradar\/wp-content\/uploads\/2025\/07\/Malva-sylvestris_1753388710456-750x422.jpg 750w, https:\/\/www.correiobraziliense.com.br\/cbradar\/wp-content\/uploads\/2025\/07\/Malva-sylvestris_1753388710456-1140x641.jpg 1140w, https:\/\/www.correiobraziliense.com.br\/cbradar\/wp-content\/uploads\/2025\/07\/Malva-sylvestris_1753388710456.jpg 1280w\" sizes=\"(max-width: 1024px) 100vw, 1024px\" \/><figcaption class=\"wp-element-caption\">Protege as c\u00e9lulas contra o estresse oxidativo &#8211; Cr\u00e9ditos: depositphotos.com \/ hecos<\/figcaption><\/figure><\/div>\n\n\n<p>Leia tamb\u00e9m: <a href=\"https:\/\/www.correiobraziliense.com.br\/cbradar\/a-fruta-tradicional-que-ajuda-o-intestino-e-ainda-cresce-no-quintal\/\" target=\"_blank\" rel=\"noreferrer noopener\">A fruta tradicional que ajuda o intestino e ainda cresce no quintal<\/a><\/p>\n\n\n\n<h2 class=\"wp-block-heading\">Como preparar o ch\u00e1 de malva para garganta seca com seguran\u00e7a<\/h2>\n\n\n\n<p>Para aproveitar as propriedades do ch\u00e1 de <strong>malva<\/strong> para garganta seca, a forma mais comum de uso \u00e9 a infus\u00e3o das flores e folhas secas em \u00e1gua quente. A prepara\u00e7\u00e3o \u00e9 simples e pode ser feita em casa, desde que se utilize produtos de proced\u00eancia confi\u00e1vel, adquiridos em farm\u00e1cias de manipula\u00e7\u00e3o, lojas de produtos naturais ou hortas bem cuidadas.<\/p>\n\n\n\n<p>Um preparo b\u00e1sico costuma seguir propor\u00e7\u00f5es aproximadas de 1 colher de sopa de flores e folhas secas para cada x\u00edcara de \u00e1gua quente. A \u00e1gua \u00e9 aquecida at\u00e9 o in\u00edcio da fervura, desligada do fogo e, em seguida, o material vegetal \u00e9 adicionado, permanecendo em infus\u00e3o tampada por alguns minutos antes de ser coado e ingerido preferencialmente morno.<\/p>\n\n\n\n<h2 class=\"wp-block-heading\">Quais cuidados adotar ao usar ch\u00e1 de malva para garganta inflamada<\/h2>\n\n\n\n<p>O uso do ch\u00e1 de <strong>malva<\/strong> para garganta inflamada exige aten\u00e7\u00e3o a alguns pontos, pois a inflama\u00e7\u00e3o pode ter causas variadas, como infec\u00e7\u00f5es virais, bacterianas, alergias ou irrita\u00e7\u00f5es qu\u00edmicas. O ch\u00e1 atua como medida complementar de conforto, mas n\u00e3o substitui diagn\u00f3stico profissional, exames ou tratamentos espec\u00edficos quando necess\u00e1rios.<\/p>\n\n\n\n<p>Algumas orienta\u00e7\u00f5es gerais costumam ser recomendadas ao incorporar a <strong>malva<\/strong> na rotina, especialmente para grupos mais sens\u00edveis e em situa\u00e7\u00f5es de maior gravidade dos sintomas:<\/p>\n\n\n\n<ul class=\"wp-block-list\">\n<li><strong>Evitar<\/strong> temperaturas extremas: bebidas muito quentes podem agravar a irrita\u00e7\u00e3o da mucosa;<\/li>\n\n\n\n<li><strong>Observar<\/strong> poss\u00edveis rea\u00e7\u00f5es: embora raras, coceira, vermelhid\u00e3o ou desconforto gastrointestinal devem ser observados;<\/li>\n\n\n\n<li><strong>Consultar<\/strong> profissionais de sa\u00fade: especialmente gestantes, lactantes, crian\u00e7as, idosos e pessoas com doen\u00e7as cr\u00f4nicas;<\/li>\n\n\n\n<li><strong>Buscar<\/strong> ajuda imediata: em caso de dor intensa, febre persistente, dificuldade para engolir ou respirar.<\/li>\n<\/ul>\n\n\n\n<p>Separamos esse v\u00eddeo do canal <a href=\"https:\/\/www.youtube.com\/@mundoverdeorganico\" target=\"_blank\" rel=\"noreferrer noopener\">Mundo verde org\u00e2nico<\/a> mostrando os benef\u00edcios da malva na sa\u00fade: <\/p>\n\n\n\n<figure class=\"wp-block-embed is-type-video is-provider-youtube wp-block-embed-youtube wp-embed-aspect-16-9 wp-has-aspect-ratio\"><div class=\"wp-block-embed__wrapper\">\n<div class=\"jeg_video_container jeg_video_content\"><iframe loading=\"lazy\" title=\"Benef\u00edcios da MALVA! Bronquite, Expectorante, Aftas, Azia, Rejuvenescer, Emagrecimento...\" width=\"500\" height=\"281\" src=\"https:\/\/www.youtube.com\/embed\/DPXdZ61jAMY?start=10&#038;feature=oembed\" frameborder=\"0\" allow=\"accelerometer; autoplay; clipboard-write; encrypted-media; gyroscope; picture-in-picture; web-share\" referrerpolicy=\"strict-origin-when-cross-origin\" allowfullscreen><\/iframe><\/div>\n<\/div><\/figure>\n\n\n\n<h2 class=\"wp-block-heading\">Quais benef\u00edcios gerais o ch\u00e1 de malva pode oferecer \u00e0 garganta<\/h2>\n\n\n\n<p>Al\u00e9m do al\u00edvio da sensa\u00e7\u00e3o de garganta seca e inflamada, a <strong>malva<\/strong> \u00e9 frequentemente lembrada por outros potenciais benef\u00edcios para as vias a\u00e9reas superiores. Seu uso tradicional inclui apoio em quadros de tosse seca leve, irrita\u00e7\u00f5es na boca e desconfortos decorrentes de ressecamento ambiental, sempre como complemento e n\u00e3o como \u00fanico tratamento.<\/p>\n\n\n\n<p>Em uma rotina de cuidado com a garganta, o ch\u00e1 de <strong>malva<\/strong> pode ser integrado a outras medidas simples que ajudam a preservar a mucosa, reduzir irrita\u00e7\u00f5es recorrentes e melhorar o conforto respirat\u00f3rio di\u00e1rio.<\/p>\n\n\n\n<ol class=\"wp-block-list\">\n<li><strong>Ingest\u00e3o<\/strong> regular de \u00e1gua ao longo do dia;<\/li>\n\n\n\n<li>Evitar exposi\u00e7\u00e3o prolongada a ambientes muito secos;<\/li>\n\n\n\n<li>Reduzir o contato com fuma\u00e7a de cigarro e poluentes;<\/li>\n\n\n\n<li>Fazer pausas vocais para quem utiliza muito a voz;<\/li>\n\n\n\n<li>Manter uma alimenta\u00e7\u00e3o equilibrada, com frutas e verduras ricas em \u00e1gua.<\/li>\n<\/ol>\n\n\n\n<h2 class=\"wp-block-heading\">Tabela resumo do uso do ch\u00e1 de malva para garganta seca e inflamada<\/h2>\n\n\n\n<p>A tabela a seguir re\u00fane informa\u00e7\u00f5es gerais sobre o uso tradicional do ch\u00e1 de <strong>malva<\/strong> relacionado \u00e0 garganta, servindo como refer\u00eancia r\u00e1pida para entender quando e como utiliz\u00e1-lo de forma mais consciente.<\/p>\n\n\n\n<style>\n  \/* CONFIGURA\u00c7\u00d5ES GERAIS *\/\n  .nutri-wrap {\n    max-width: 900px;\n    margin: 40px auto;\n    padding: 0 20px;\n    font-family: system-ui, -apple-system, Segoe UI, Roboto, sans-serif;\n    color: #1f2a24;\n  }\n\n  \/* T\u00cdTULO *\/\n  .nutri-title {\n    display: flex;\n    align-items: center;\n    gap: 10px;\n    font-size: 28px;\n    margin: 0 0 18px;\n    color: #2e7d32;\n  }\n  .nutri-title span { font-size: 26px; }\n\n  \/* TABELA - ESTRUTURA *\/\n  .nutri-table {\n    width: 100%;\n    border-collapse: separate;\n    border-spacing: 0;\n    border: 2px solid #cfe7d3;\n    border-radius: 18px;\n    overflow: hidden;\n    background: #ffffff;\n    box-shadow: 0 12px 26px rgba(46,125,50,.10);\n  }\n\n  \/* CABE\u00c7ALHO DA TABELA *\/\n  .nutri-table thead {\n    background: linear-gradient(135deg, #e6f4ea, #f1f8f4);\n  }\n\n  .nutri-table th, .nutri-table td {\n    padding: 16px;\n    text-align: left;\n    font-size: 14.5px;\n  }\n\n  .nutri-table th {\n    color: #2e7d32;\n    font-weight: 800;\n    border-bottom: 1px solid #cfe7d3;\n  }\n\n  .nutri-table td {\n    color: #355f3b;\n    border-bottom: 1px solid #eef5f0;\n    vertical-align: top;\n  }\n\n  .nutri-table tr:last-child td { border-bottom: none; }\n\n  \/* EFEITO HOVER NAS LINHAS *\/\n  .nutri-table tbody tr:transition { background: .2s ease; }\n  .nutri-table tbody tr:hover { background: #f1f8f4; }\n\n  \/* RESPONSIVIDADE (MOBILE) *\/\n  @media (max-width: 900px) {\n    .nutri-table thead { display: none; }\n\n    .nutri-table, .nutri-table tbody, .nutri-table tr, .nutri-table td {\n      display: block;\n      width: 100%;\n    }\n\n    .nutri-table tr {\n      margin-bottom: 16px;\n      border: 1px solid #cfe7d3;\n      border-radius: 16px;\n      background: #ffffff;\n      box-shadow: 0 4px 10px rgba(0,0,0,0.05);\n    }\n\n    .nutri-table td {\n      border: none;\n      padding: 12px 16px;\n      position: relative;\n      padding-left: 50%;\n      text-align: right;\n    }\n\n    \/* Labels ajustados *\/\n    .nutri-table td::before {\n      content: attr(data-label);\n      position: absolute;\n      left: 16px;\n      width: 40%;\n      text-align: left;\n      font-size: 13px;\n      font-weight: 800;\n      color: #2e7d32;\n      top: 12px;\n    }\n    \n    .nutri-table td {\n        display: flex;\n        justify-content: space-between;\n        align-items: center;\n        text-align: right;\n        padding-left: 16px;\n    }\n    .nutri-table td::before {\n        position: static;\n        width: auto;\n        margin-right: 10px;\n    }\n  }\n<\/style>\n\n<div class=\"nutri-wrap\">\n  <h2 class=\"nutri-title\">\n    <span>\ud83c\udf38<\/span> Guia: Ch\u00e1 de Malva\n  <\/h2>\n\n  <table class=\"nutri-table\">\n    <thead>\n      <tr>\n        <th>Aspecto<\/th>\n        <th>Informa\u00e7\u00e3o<\/th>\n      <\/tr>\n    <\/thead>\n    <tbody>\n      <tr>\n        <td data-label=\"Aspecto\">\ud83c\udf3f Planta utilizada<\/td>\n        <td data-label=\"Informa\u00e7\u00e3o\">Malva (<i>Malva sylvestris<\/i>) \u2013 flores e folhas secas.<\/td>\n      <\/tr>\n\n      <tr>\n        <td data-label=\"Aspecto\">\ud83d\udee1\ufe0f Principal a\u00e7\u00e3o<\/td>\n        <td data-label=\"Informa\u00e7\u00e3o\">Efeito emoliente, formando pel\u00edcula protetora sobre a mucosa da garganta.<\/td>\n      <\/tr>\n\n      <tr>\n        <td data-label=\"Aspecto\">\ud83e\udd12 Indica\u00e7\u00e3o tradicional<\/td>\n        <td data-label=\"Informa\u00e7\u00e3o\">Al\u00edvio de garganta seca, irritada ou levemente inflamada.<\/td>\n      <\/tr>\n\n      <tr>\n        <td data-label=\"Aspecto\">\u2615 Modo de preparo<\/td>\n        <td data-label=\"Informa\u00e7\u00e3o\">Infus\u00e3o de cerca de 1 colher de sopa de partes secas em 1 x\u00edcara de \u00e1gua quente, por alguns minutos.<\/td>\n      <\/tr>\n      \n      <tr>\n        <td data-label=\"Aspecto\">\ud83c\udf75 Forma de uso<\/td>\n        <td data-label=\"Informa\u00e7\u00e3o\">Ingest\u00e3o do ch\u00e1 morno; em alguns casos, gargarejos complementares.<\/td>\n      <\/tr>\n\n      <tr>\n        <td data-label=\"Aspecto\">\u26a0\ufe0f Cuidados principais<\/td>\n        <td data-label=\"Informa\u00e7\u00e3o\">N\u00e3o substituir tratamento m\u00e9dico, evitar temperaturas muito altas e observar rea\u00e7\u00f5es adversas.<\/td>\n      <\/tr>\n\n      <tr>\n        <td data-label=\"Aspecto\">\ud83c\udfe5 Procura profissional<\/td>\n        <td data-label=\"Informa\u00e7\u00e3o\">Recomendada em caso de dor intensa, febre, dificuldade para engolir ou sintomas persistentes.<\/td>\n      <\/tr>\n    <\/tbody>\n  <\/table>\n<\/div>\n\n\n\n<p>Com essas informa\u00e7\u00f5es, o ch\u00e1 de <strong>malva<\/strong> aparece como uma op\u00e7\u00e3o de apoio no cuidado di\u00e1rio com a garganta, especialmente em momentos de ressecamento e irrita\u00e7\u00e3o leves, desde que utilizado com responsabilidade e acompanhado de orienta\u00e7\u00f5es adequadas de sa\u00fade.<\/p>\n","protected":false},"excerpt":{"rendered":"<p>O ch\u00e1 de malva \u00e9 conhecido tradicionalmente como um aliado para aliviar a garganta seca e inflamada. Essa planta, de nome cient\u00edfico Malva sylvestris, \u00e9 usada h\u00e1 gera\u00e7\u00f5es por causa de suas propriedades emolientes, ou seja, sua capacidade de formar uma esp\u00e9cie de filme protetor sobre as mucosas, sendo lembrada em per\u00edodos de clima seco, [&hellip;]<\/p>\n","protected":false},"author":9,"featured_media":169431,"comment_status":"open","ping_status":"open","sticky":false,"template":"","format":"standard","meta":{"_yoast_wpseo_focuskw":"ch\u00e1 de malva","_yoast_wpseo_title":"","_yoast_wpseo_metadesc":"Ch\u00e1 tradicional com a\u00e7\u00e3o emoliente que ajuda a proteger a mucosa e aliviar garganta seca e irritada, com preparo simples e cuidados.","jnews-multi-image_gallery":[],"jnews_single_post":{"format":"standard"},"jnews_primary_category":[],"jnews_social_meta":[],"jnews_override_counter":[],"footnotes":""},"categories":[119],"tags":[11345,1620,13531],"class_list":["post-169328","post","type-post","status-publish","format-standard","has-post-thumbnail","hentry","category-bem-estar","tag-cha-de-malva","tag-garganta","tag-garganta-seca"],"yoast_head":"<!-- This site is optimized with the Yoast SEO plugin v24.6 - https:\/\/yoast.com\/wordpress\/plugins\/seo\/ -->\n<title>O ch\u00e1 tradicional usado para aliviar garganta seca e irritada de forma natural - Correio Braziliense - Radar<\/title>\n<meta name=\"description\" content=\"Ch\u00e1 tradicional com a\u00e7\u00e3o emoliente que ajuda a proteger a mucosa e aliviar garganta seca e irritada, com preparo simples e cuidados.\" \/>\n<meta name=\"robots\" content=\"index, follow, max-snippet:-1, max-image-preview:large, max-video-preview:-1\" \/>\n<link rel=\"canonical\" href=\"https:\/\/www.correiobraziliense.com.br\/cbradar\/o-cha-tradicional-usado-para-aliviar-garganta-seca-e-irritada-de-forma-natural\/\" \/>\n<meta property=\"og:locale\" content=\"pt_BR\" \/>\n<meta property=\"og:type\" content=\"article\" \/>\n<meta property=\"og:title\" content=\"O ch\u00e1 tradicional usado para aliviar garganta seca e irritada de forma natural - Correio Braziliense - Radar\" \/>\n<meta property=\"og:description\" content=\"Ch\u00e1 tradicional com a\u00e7\u00e3o emoliente que ajuda a proteger a mucosa e aliviar garganta seca e irritada, com preparo simples e cuidados.\" \/>\n<meta property=\"og:url\" content=\"https:\/\/www.correiobraziliense.com.br\/cbradar\/o-cha-tradicional-usado-para-aliviar-garganta-seca-e-irritada-de-forma-natural\/\" \/>\n<meta property=\"og:site_name\" content=\"Correio Braziliense - Radar\" \/>\n<meta property=\"article:published_time\" content=\"2026-01-06T10:05:22+00:00\" \/>\n<meta property=\"og:image\" content=\"https:\/\/www.correiobraziliense.com.br\/cbradar\/wp-content\/uploads\/2026\/01\/freepik__imagem-realista-do-ch-de-malva__7880.png\" \/>\n\t<meta property=\"og:image:width\" content=\"1280\" \/>\n\t<meta property=\"og:image:height\" content=\"720\" \/>\n\t<meta property=\"og:image:type\" content=\"image\/png\" \/>\n<meta name=\"author\" content=\"Daniely Cardoso\" \/>\n<meta name=\"twitter:card\" content=\"summary_large_image\" \/>\n<meta name=\"twitter:label1\" content=\"Escrito por\" \/>\n\t<meta name=\"twitter:data1\" content=\"Daniely Cardoso\" \/>\n\t<meta name=\"twitter:label2\" content=\"Est. tempo de leitura\" \/>\n\t<meta name=\"twitter:data2\" content=\"5 minutos\" \/>\n<!-- \/ Yoast SEO plugin. -->","yoast_head_json":{"title":"O ch\u00e1 tradicional usado para aliviar garganta seca e irritada de forma natural - Correio Braziliense - Radar","description":"Ch\u00e1 tradicional com a\u00e7\u00e3o emoliente que ajuda a proteger a mucosa e aliviar garganta seca e irritada, com preparo simples e cuidados.","robots":{"index":"index","follow":"follow","max-snippet":"max-snippet:-1","max-image-preview":"max-image-preview:large","max-video-preview":"max-video-preview:-1"},"canonical":"https:\/\/www.correiobraziliense.com.br\/cbradar\/o-cha-tradicional-usado-para-aliviar-garganta-seca-e-irritada-de-forma-natural\/","og_locale":"pt_BR","og_type":"article","og_title":"O ch\u00e1 tradicional usado para aliviar garganta seca e irritada de forma natural - Correio Braziliense - Radar","og_description":"Ch\u00e1 tradicional com a\u00e7\u00e3o emoliente que ajuda a proteger a mucosa e aliviar garganta seca e irritada, com preparo simples e cuidados.","og_url":"https:\/\/www.correiobraziliense.com.br\/cbradar\/o-cha-tradicional-usado-para-aliviar-garganta-seca-e-irritada-de-forma-natural\/","og_site_name":"Correio Braziliense - Radar","article_published_time":"2026-01-06T10:05:22+00:00","og_image":[{"width":1280,"height":720,"url":"https:\/\/www.correiobraziliense.com.br\/cbradar\/wp-content\/uploads\/2026\/01\/freepik__imagem-realista-do-ch-de-malva__7880.png","type":"image\/png"}],"author":"Daniely Cardoso","twitter_card":"summary_large_image","twitter_misc":{"Escrito por":"Daniely Cardoso","Est. tempo de leitura":"5 minutos"},"schema":{"@context":"https:\/\/schema.org","@graph":[{"@type":"WebPage","@id":"https:\/\/www.correiobraziliense.com.br\/cbradar\/o-cha-tradicional-usado-para-aliviar-garganta-seca-e-irritada-de-forma-natural\/","url":"https:\/\/www.correiobraziliense.com.br\/cbradar\/o-cha-tradicional-usado-para-aliviar-garganta-seca-e-irritada-de-forma-natural\/","name":"O ch\u00e1 tradicional usado para aliviar garganta seca e irritada de forma natural - Correio Braziliense - Radar","isPartOf":{"@id":"https:\/\/www.correiobraziliense.com.br\/cbradar\/#website"},"primaryImageOfPage":{"@id":"https:\/\/www.correiobraziliense.com.br\/cbradar\/o-cha-tradicional-usado-para-aliviar-garganta-seca-e-irritada-de-forma-natural\/#primaryimage"},"image":{"@id":"https:\/\/www.correiobraziliense.com.br\/cbradar\/o-cha-tradicional-usado-para-aliviar-garganta-seca-e-irritada-de-forma-natural\/#primaryimage"},"thumbnailUrl":"https:\/\/www.correiobraziliense.com.br\/cbradar\/wp-content\/uploads\/2026\/01\/freepik__imagem-realista-do-ch-de-malva__7880.png","datePublished":"2026-01-06T10:05:22+00:00","author":{"@id":"https:\/\/www.correiobraziliense.com.br\/cbradar\/#\/schema\/person\/7356666e12ec0ee53f348ee5db227032"},"description":"Ch\u00e1 tradicional com a\u00e7\u00e3o emoliente que ajuda a proteger a mucosa e aliviar garganta seca e irritada, com preparo simples e cuidados.","breadcrumb":{"@id":"https:\/\/www.correiobraziliense.com.br\/cbradar\/o-cha-tradicional-usado-para-aliviar-garganta-seca-e-irritada-de-forma-natural\/#breadcrumb"},"inLanguage":"pt-BR","potentialAction":[{"@type":"ReadAction","target":["https:\/\/www.correiobraziliense.com.br\/cbradar\/o-cha-tradicional-usado-para-aliviar-garganta-seca-e-irritada-de-forma-natural\/"]}]},{"@type":"ImageObject","inLanguage":"pt-BR","@id":"https:\/\/www.correiobraziliense.com.br\/cbradar\/o-cha-tradicional-usado-para-aliviar-garganta-seca-e-irritada-de-forma-natural\/#primaryimage","url":"https:\/\/www.correiobraziliense.com.br\/cbradar\/wp-content\/uploads\/2026\/01\/freepik__imagem-realista-do-ch-de-malva__7880.png","contentUrl":"https:\/\/www.correiobraziliense.com.br\/cbradar\/wp-content\/uploads\/2026\/01\/freepik__imagem-realista-do-ch-de-malva__7880.png","width":1280,"height":720,"caption":"A\u00e7\u00e3o emoliente que ajuda a proteger as mucosas da garganta"},{"@type":"BreadcrumbList","@id":"https:\/\/www.correiobraziliense.com.br\/cbradar\/o-cha-tradicional-usado-para-aliviar-garganta-seca-e-irritada-de-forma-natural\/#breadcrumb","itemListElement":[{"@type":"ListItem","position":1,"name":"In\u00edcio","item":"https:\/\/www.correiobraziliense.com.br\/cbradar\/"},{"@type":"ListItem","position":2,"name":"O ch\u00e1 tradicional usado para aliviar garganta seca e irritada de forma natural"}]},{"@type":"WebSite","@id":"https:\/\/www.correiobraziliense.com.br\/cbradar\/#website","url":"https:\/\/www.correiobraziliense.com.br\/cbradar\/","name":"Correio Braziliense - Radar","description":"Acompanhe as \u00faltimas not\u00edcias e fique bem informado sobre tudo o que acontece no Brasil e no mundo.","potentialAction":[{"@type":"SearchAction","target":{"@type":"EntryPoint","urlTemplate":"https:\/\/www.correiobraziliense.com.br\/cbradar\/?s={search_term_string}"},"query-input":{"@type":"PropertyValueSpecification","valueRequired":true,"valueName":"search_term_string"}}],"inLanguage":"pt-BR"},{"@type":"Person","@id":"https:\/\/www.correiobraziliense.com.br\/cbradar\/#\/schema\/person\/7356666e12ec0ee53f348ee5db227032","name":"Daniely Cardoso","image":{"@type":"ImageObject","inLanguage":"pt-BR","@id":"https:\/\/www.correiobraziliense.com.br\/cbradar\/#\/schema\/person\/image\/","url":"https:\/\/secure.gravatar.com\/avatar\/4b80ddbd124d1f071b626d52d62e5dff?s=96&d=mm&r=g","contentUrl":"https:\/\/secure.gravatar.com\/avatar\/4b80ddbd124d1f071b626d52d62e5dff?s=96&d=mm&r=g","caption":"Daniely Cardoso"},"description":"Redatora nos portais CB Radar e EM Foco, formada pela Universidade Federal de Goi\u00e1s, em Goi\u00e2nia. Apaixonada por comunica\u00e7\u00e3o, arte, decora\u00e7\u00e3o e tend\u00eancias, atuo na produ\u00e7\u00e3o de conte\u00fados envolventes sobre curiosidades, moda, beleza e paisagismo, sempre com um olhar atento \u00e0s novidades do momento.","sameAs":["https:\/\/www.correiobraziliense.com.br\/cbradar"],"url":"https:\/\/www.correiobraziliense.com.br\/cbradar\/author\/danielymyth\/"}]}},"_links":{"self":[{"href":"https:\/\/www.correiobraziliense.com.br\/cbradar\/wp-json\/wp\/v2\/posts\/169328","targetHints":{"allow":["GET"]}}],"collection":[{"href":"https:\/\/www.correiobraziliense.com.br\/cbradar\/wp-json\/wp\/v2\/posts"}],"about":[{"href":"https:\/\/www.correiobraziliense.com.br\/cbradar\/wp-json\/wp\/v2\/types\/post"}],"author":[{"embeddable":true,"href":"https:\/\/www.correiobraziliense.com.br\/cbradar\/wp-json\/wp\/v2\/users\/9"}],"replies":[{"embeddable":true,"href":"https:\/\/www.correiobraziliense.com.br\/cbradar\/wp-json\/wp\/v2\/comments?post=169328"}],"version-history":[{"count":3,"href":"https:\/\/www.correiobraziliense.com.br\/cbradar\/wp-json\/wp\/v2\/posts\/169328\/revisions"}],"predecessor-version":[{"id":169349,"href":"https:\/\/www.correiobraziliense.com.br\/cbradar\/wp-json\/wp\/v2\/posts\/169328\/revisions\/169349"}],"wp:featuredmedia":[{"embeddable":true,"href":"https:\/\/www.correiobraziliense.com.br\/cbradar\/wp-json\/wp\/v2\/media\/169431"}],"wp:attachment":[{"href":"https:\/\/www.correiobraziliense.com.br\/cbradar\/wp-json\/wp\/v2\/media?parent=169328"}],"wp:term":[{"taxonomy":"category","embeddable":true,"href":"https:\/\/www.correiobraziliense.com.br\/cbradar\/wp-json\/wp\/v2\/categories?post=169328"},{"taxonomy":"post_tag","embeddable":true,"href":"https:\/\/www.correiobraziliense.com.br\/cbradar\/wp-json\/wp\/v2\/tags?post=169328"}],"curies":[{"name":"wp","href":"https:\/\/api.w.org\/{rel}","templated":true}]}}