{"id":16945,"date":"2025-03-30T20:30:00","date_gmt":"2025-03-30T23:30:00","guid":{"rendered":"https:\/\/www.correiobraziliense.com.br\/cbradar\/?p=16945"},"modified":"2025-03-29T13:07:07","modified_gmt":"2025-03-29T16:07:07","slug":"aprenda-a-escolher-arvores-para-plantar-na-calcada","status":"publish","type":"post","link":"https:\/\/www.correiobraziliense.com.br\/cbradar\/aprenda-a-escolher-arvores-para-plantar-na-calcada\/","title":{"rendered":"Aprenda a escolher \u00e1rvores para plantar na cal\u00e7ada"},"content":{"rendered":"\n<p>O plantio de \u00e1rvores em \u00e1reas urbanas \u00e9 uma pr\u00e1tica essencial para melhorar a qualidade de vida nas cidades. \u00c1rvores ajudam a purificar o ar, fornecem sombra e reduzem a temperatura ambiente, tornando os espa\u00e7os urbanos mais agrad\u00e1veis e sustent\u00e1veis. Al\u00e9m disso, elas contribuem para a biodiversidade, oferecendo abrigo e alimento para diversas esp\u00e9cies de fauna.<\/p>\n\n\n\n<p>Durante o ver\u00e3o, o per\u00edodo de chuvas \u00e9 particularmente favor\u00e1vel para o plantio de mudas, pois a umidade do solo facilita o enraizamento e o crescimento das plantas. No entanto, \u00e9 crucial escolher a esp\u00e9cie certa para cada local, garantindo que a \u00e1rvore se desenvolva de forma saud\u00e1vel e n\u00e3o cause problemas futuros.<\/p>\n\n\n\n<h2 class=\"wp-block-heading\"><strong>Como escolher a esp\u00e9cie certa para a cal\u00e7ada?<\/strong><\/h2>\n\n\n\n<p>Para selecionar a \u00e1rvore ideal para a cal\u00e7ada, \u00e9 importante considerar o espa\u00e7o dispon\u00edvel e as caracter\u00edsticas do ambiente. \u00c1rvores de pequeno a m\u00e9dio porte s\u00e3o geralmente mais adequadas para \u00e1reas urbanas, pois suas ra\u00edzes e copas n\u00e3o interferem em estruturas como cal\u00e7adas e redes el\u00e9tricas.<\/p>\n\n\n\n<p>Optar por esp\u00e9cies nativas \u00e9 uma escolha inteligente, pois elas est\u00e3o adaptadas ao clima local e contribuem para a preserva\u00e7\u00e3o da flora e fauna regional. Evitar esp\u00e9cies ex\u00f3ticas invasoras \u00e9 crucial, j\u00e1 que elas podem prejudicar o equil\u00edbrio ecol\u00f3gico local.<\/p>\n\n\n\n<figure class=\"wp-block-image size-large\"><img decoding=\"async\" width=\"1024\" height=\"576\" src=\"https:\/\/www.correiobraziliense.com.br\/cbradar\/wp-content\/uploads\/2025\/03\/arvore-calcada_1743257010569-1024x576.jpg\" alt=\"Aprenda a escolher \u00e1rvores para plantar na cal\u00e7ada\" class=\"wp-image-16947\" srcset=\"https:\/\/www.correiobraziliense.com.br\/cbradar\/wp-content\/uploads\/2025\/03\/arvore-calcada_1743257010569-1024x576.jpg 1024w, https:\/\/www.correiobraziliense.com.br\/cbradar\/wp-content\/uploads\/2025\/03\/arvore-calcada_1743257010569-300x169.jpg 300w, https:\/\/www.correiobraziliense.com.br\/cbradar\/wp-content\/uploads\/2025\/03\/arvore-calcada_1743257010569-768x432.jpg 768w, https:\/\/www.correiobraziliense.com.br\/cbradar\/wp-content\/uploads\/2025\/03\/arvore-calcada_1743257010569-750x422.jpg 750w, https:\/\/www.correiobraziliense.com.br\/cbradar\/wp-content\/uploads\/2025\/03\/arvore-calcada_1743257010569-1140x641.jpg 1140w, https:\/\/www.correiobraziliense.com.br\/cbradar\/wp-content\/uploads\/2025\/03\/arvore-calcada_1743257010569.jpg 1280w\" sizes=\"(max-width: 1024px) 100vw, 1024px\" \/><figcaption class=\"wp-element-caption\">\u00e1rvore cal\u00e7ada. Cr\u00e9ditos: depositphotos.com \/ kvddesign<\/figcaption><\/figure>\n\n\n\n<h2 class=\"wp-block-heading\"><strong>Quais esp\u00e9cies devem ser evitadas?<\/strong><\/h2>\n\n\n\n<p>Algumas esp\u00e9cies de \u00e1rvores n\u00e3o s\u00e3o recomendadas para o plantio em cal\u00e7adas devido a caracter\u00edsticas que podem causar transtornos. \u00c1rvores com ra\u00edzes agressivas, como o f\u00edcus, podem danificar pavimentos e tubula\u00e7\u00f5es. Esp\u00e9cies com frutos grandes e pesados, como a mangueira, podem representar riscos de acidentes ao cair nas vias p\u00fablicas.<\/p>\n\n\n\n<p>Al\u00e9m disso, plantas com potencial t\u00f3xico, como a espirradeira, devem ser evitadas para garantir a seguran\u00e7a dos pedestres. \u00c1rvores que n\u00e3o oferecem sombra suficiente, como algumas palmeiras, tamb\u00e9m n\u00e3o s\u00e3o ideais para cal\u00e7adas urbanas.<\/p>\n\n\n\n<h2 class=\"wp-block-heading\"><strong>Cuidados no plantio e manuten\u00e7\u00e3o de \u00e1rvores<\/strong><\/h2>\n\n\n\n<p>Para garantir o sucesso do plantio, \u00e9 fundamental seguir algumas orienta\u00e7\u00f5es b\u00e1sicas. O plantio deve ser feito em um local que ofere\u00e7a espa\u00e7o suficiente para o crescimento das ra\u00edzes e da copa. Durante o per\u00edodo chuvoso, \u00e9 importante proteger as mudas de tempestades que possam danific\u00e1-las.<\/p>\n\n\n\n<p>Em muitas cidades, viveiros municipais oferecem mudas gratuitas e orienta\u00e7\u00f5es sobre o plantio e cuidado das \u00e1rvores. Aproveitar esses recursos pode ser uma excelente maneira de contribuir para a arboriza\u00e7\u00e3o urbana e aprender mais sobre o cuidado com as plantas.<\/p>\n","protected":false},"excerpt":{"rendered":"<p>O plantio de \u00e1rvores em \u00e1reas urbanas traz benef\u00edcios como purifica\u00e7\u00e3o do ar, sombra e redu\u00e7\u00e3o de temperatura.<\/p>\n","protected":false},"author":3,"featured_media":16946,"comment_status":"open","ping_status":"open","sticky":false,"template":"","format":"standard","meta":{"_yoast_wpseo_focuskw":"\u00e1rvore cal\u00e7ada","_yoast_wpseo_title":"%%title%%","_yoast_wpseo_metadesc":"O plantio de \u00e1rvores em \u00e1reas urbanas traz benef\u00edcios como purifica\u00e7\u00e3o do ar, sombra e redu\u00e7\u00e3o de temperatura.","jnews-multi-image_gallery":[],"jnews_single_post":{"format":"standard"},"jnews_primary_category":[],"jnews_social_meta":[],"jnews_override_counter":[],"footnotes":""},"categories":[136],"post_tag":[2578,137],"class_list":["post-16945","post","type-post","status-publish","format-standard","has-post-thumbnail","hentry","category-jardinagem","tag-arvores","tag-como-plantar"],"yoast_head":"<!-- This site is optimized with the Yoast SEO plugin v24.6 - https:\/\/yoast.com\/wordpress\/plugins\/seo\/ -->\n<title>Aprenda a escolher \u00e1rvores para plantar na cal\u00e7ada<\/title>\n<meta name=\"description\" content=\"O plantio de \u00e1rvores em \u00e1reas urbanas traz benef\u00edcios como purifica\u00e7\u00e3o do ar, sombra e redu\u00e7\u00e3o de temperatura.\" \/>\n<meta name=\"robots\" content=\"index, follow, max-snippet:-1, max-image-preview:large, max-video-preview:-1\" \/>\n<link rel=\"canonical\" href=\"https:\/\/www.correiobraziliense.com.br\/cbradar\/aprenda-a-escolher-arvores-para-plantar-na-calcada\/\" \/>\n<meta property=\"og:locale\" content=\"pt_BR\" \/>\n<meta property=\"og:type\" content=\"article\" \/>\n<meta property=\"og:title\" content=\"Aprenda a escolher \u00e1rvores para plantar na cal\u00e7ada\" \/>\n<meta property=\"og:description\" content=\"O plantio de \u00e1rvores em \u00e1reas urbanas traz benef\u00edcios como purifica\u00e7\u00e3o do ar, sombra e redu\u00e7\u00e3o de temperatura.\" \/>\n<meta property=\"og:url\" content=\"https:\/\/www.correiobraziliense.com.br\/cbradar\/aprenda-a-escolher-arvores-para-plantar-na-calcada\/\" \/>\n<meta property=\"og:site_name\" content=\"Correio Braziliense - Radar\" \/>\n<meta property=\"article:published_time\" content=\"2025-03-30T23:30:00+00:00\" \/>\n<meta property=\"og:image\" content=\"https:\/\/www.correiobraziliense.com.br\/cbradar\/wp-content\/uploads\/2025\/03\/arvore-calcada_1743256980510.jpg\" \/>\n\t<meta property=\"og:image:width\" content=\"1280\" \/>\n\t<meta property=\"og:image:height\" content=\"720\" \/>\n\t<meta property=\"og:image:type\" content=\"image\/jpeg\" \/>\n<meta name=\"author\" content=\"Larissa Carvalho\" \/>\n<meta name=\"twitter:card\" content=\"summary_large_image\" \/>\n<meta name=\"twitter:label1\" content=\"Escrito por\" \/>\n\t<meta name=\"twitter:data1\" content=\"Larissa Carvalho\" \/>\n\t<meta name=\"twitter:label2\" content=\"Est. tempo de leitura\" \/>\n\t<meta name=\"twitter:data2\" content=\"3 minutos\" \/>\n<!-- \/ Yoast SEO plugin. -->","yoast_head_json":{"title":"Aprenda a escolher \u00e1rvores para plantar na cal\u00e7ada","description":"O plantio de \u00e1rvores em \u00e1reas urbanas traz benef\u00edcios como purifica\u00e7\u00e3o do ar, sombra e redu\u00e7\u00e3o de temperatura.","robots":{"index":"index","follow":"follow","max-snippet":"max-snippet:-1","max-image-preview":"max-image-preview:large","max-video-preview":"max-video-preview:-1"},"canonical":"https:\/\/www.correiobraziliense.com.br\/cbradar\/aprenda-a-escolher-arvores-para-plantar-na-calcada\/","og_locale":"pt_BR","og_type":"article","og_title":"Aprenda a escolher \u00e1rvores para plantar na cal\u00e7ada","og_description":"O plantio de \u00e1rvores em \u00e1reas urbanas traz benef\u00edcios como purifica\u00e7\u00e3o do ar, sombra e redu\u00e7\u00e3o de temperatura.","og_url":"https:\/\/www.correiobraziliense.com.br\/cbradar\/aprenda-a-escolher-arvores-para-plantar-na-calcada\/","og_site_name":"Correio Braziliense - Radar","article_published_time":"2025-03-30T23:30:00+00:00","og_image":[{"width":1280,"height":720,"url":"https:\/\/www.correiobraziliense.com.br\/cbradar\/wp-content\/uploads\/2025\/03\/arvore-calcada_1743256980510.jpg","type":"image\/jpeg"}],"author":"Larissa Carvalho","twitter_card":"summary_large_image","twitter_misc":{"Escrito por":"Larissa Carvalho","Est. tempo de leitura":"3 minutos"},"schema":{"@context":"https:\/\/schema.org","@graph":[{"@type":"WebPage","@id":"https:\/\/www.correiobraziliense.com.br\/cbradar\/aprenda-a-escolher-arvores-para-plantar-na-calcada\/","url":"https:\/\/www.correiobraziliense.com.br\/cbradar\/aprenda-a-escolher-arvores-para-plantar-na-calcada\/","name":"Aprenda a escolher \u00e1rvores para plantar na cal\u00e7ada","isPartOf":{"@id":"https:\/\/www.correiobraziliense.com.br\/cbradar\/#website"},"primaryImageOfPage":{"@id":"https:\/\/www.correiobraziliense.com.br\/cbradar\/aprenda-a-escolher-arvores-para-plantar-na-calcada\/#primaryimage"},"image":{"@id":"https:\/\/www.correiobraziliense.com.br\/cbradar\/aprenda-a-escolher-arvores-para-plantar-na-calcada\/#primaryimage"},"thumbnailUrl":"https:\/\/www.correiobraziliense.com.br\/cbradar\/wp-content\/uploads\/2025\/03\/arvore-calcada_1743256980510.jpg","datePublished":"2025-03-30T23:30:00+00:00","author":{"@id":"https:\/\/www.correiobraziliense.com.br\/cbradar\/#\/schema\/person\/58422787644df994b53a19d3e56c1513"},"description":"O plantio de \u00e1rvores em \u00e1reas urbanas traz benef\u00edcios como purifica\u00e7\u00e3o do ar, sombra e redu\u00e7\u00e3o de temperatura.","breadcrumb":{"@id":"https:\/\/www.correiobraziliense.com.br\/cbradar\/aprenda-a-escolher-arvores-para-plantar-na-calcada\/#breadcrumb"},"inLanguage":"pt-BR","potentialAction":[{"@type":"ReadAction","target":["https:\/\/www.correiobraziliense.com.br\/cbradar\/aprenda-a-escolher-arvores-para-plantar-na-calcada\/"]}]},{"@type":"ImageObject","inLanguage":"pt-BR","@id":"https:\/\/www.correiobraziliense.com.br\/cbradar\/aprenda-a-escolher-arvores-para-plantar-na-calcada\/#primaryimage","url":"https:\/\/www.correiobraziliense.com.br\/cbradar\/wp-content\/uploads\/2025\/03\/arvore-calcada_1743256980510.jpg","contentUrl":"https:\/\/www.correiobraziliense.com.br\/cbradar\/wp-content\/uploads\/2025\/03\/arvore-calcada_1743256980510.jpg","width":1280,"height":720,"caption":"\u00e1rvore cal\u00e7ada. Cr\u00e9ditos: depositphotos.com \/ buecax"},{"@type":"BreadcrumbList","@id":"https:\/\/www.correiobraziliense.com.br\/cbradar\/aprenda-a-escolher-arvores-para-plantar-na-calcada\/#breadcrumb","itemListElement":[{"@type":"ListItem","position":1,"name":"In\u00edcio","item":"https:\/\/www.correiobraziliense.com.br\/cbradar\/"},{"@type":"ListItem","position":2,"name":"Aprenda a escolher \u00e1rvores para plantar na cal\u00e7ada"}]},{"@type":"WebSite","@id":"https:\/\/www.correiobraziliense.com.br\/cbradar\/#website","url":"https:\/\/www.correiobraziliense.com.br\/cbradar\/","name":"Correio Braziliense - Radar","description":"Acompanhe as \u00faltimas not\u00edcias e fique bem informado sobre tudo o que acontece no Brasil e no mundo.","potentialAction":[{"@type":"SearchAction","target":{"@type":"EntryPoint","urlTemplate":"https:\/\/www.correiobraziliense.com.br\/cbradar\/?s={search_term_string}"},"query-input":{"@type":"PropertyValueSpecification","valueRequired":true,"valueName":"search_term_string"}}],"inLanguage":"pt-BR"},{"@type":"Person","@id":"https:\/\/www.correiobraziliense.com.br\/cbradar\/#\/schema\/person\/58422787644df994b53a19d3e56c1513","name":"Larissa Carvalho","image":{"@type":"ImageObject","inLanguage":"pt-BR","@id":"https:\/\/www.correiobraziliense.com.br\/cbradar\/#\/schema\/person\/image\/","url":"https:\/\/secure.gravatar.com\/avatar\/fe4f91a0de32b52a838d0d612abdc1aa?s=96&d=mm&r=g","contentUrl":"https:\/\/secure.gravatar.com\/avatar\/fe4f91a0de32b52a838d0d612abdc1aa?s=96&d=mm&r=g","caption":"Larissa Carvalho"},"url":"https:\/\/www.correiobraziliense.com.br\/cbradar\/author\/larissamyth\/"}]}},"_links":{"self":[{"href":"https:\/\/www.correiobraziliense.com.br\/cbradar\/wp-json\/wp\/v2\/posts\/16945","targetHints":{"allow":["GET"]}}],"collection":[{"href":"https:\/\/www.correiobraziliense.com.br\/cbradar\/wp-json\/wp\/v2\/posts"}],"about":[{"href":"https:\/\/www.correiobraziliense.com.br\/cbradar\/wp-json\/wp\/v2\/types\/post"}],"author":[{"embeddable":true,"href":"https:\/\/www.correiobraziliense.com.br\/cbradar\/wp-json\/wp\/v2\/users\/3"}],"replies":[{"embeddable":true,"href":"https:\/\/www.correiobraziliense.com.br\/cbradar\/wp-json\/wp\/v2\/comments?post=16945"}],"version-history":[{"count":1,"href":"https:\/\/www.correiobraziliense.com.br\/cbradar\/wp-json\/wp\/v2\/posts\/16945\/revisions"}],"predecessor-version":[{"id":16948,"href":"https:\/\/www.correiobraziliense.com.br\/cbradar\/wp-json\/wp\/v2\/posts\/16945\/revisions\/16948"}],"wp:featuredmedia":[{"embeddable":true,"href":"https:\/\/www.correiobraziliense.com.br\/cbradar\/wp-json\/wp\/v2\/media\/16946"}],"wp:attachment":[{"href":"https:\/\/www.correiobraziliense.com.br\/cbradar\/wp-json\/wp\/v2\/media?parent=16945"}],"wp:term":[{"taxonomy":"category","embeddable":true,"href":"https:\/\/www.correiobraziliense.com.br\/cbradar\/wp-json\/wp\/v2\/categories?post=16945"},{"taxonomy":"post_tag","embeddable":true,"href":"https:\/\/www.correiobraziliense.com.br\/cbradar\/wp-json\/wp\/v2\/post_tag?post=16945"}],"curies":[{"name":"wp","href":"https:\/\/api.w.org\/{rel}","templated":true}]}}