{"id":16953,"date":"2025-03-30T21:30:00","date_gmt":"2025-03-31T00:30:00","guid":{"rendered":"https:\/\/www.correiobraziliense.com.br\/cbradar\/?p=16953"},"modified":"2025-03-29T13:06:32","modified_gmt":"2025-03-29T16:06:32","slug":"conheca-a-cidade-onde-os-postes-de-luz-acendem-com-aplausos","status":"publish","type":"post","link":"https:\/\/www.correiobraziliense.com.br\/cbradar\/conheca-a-cidade-onde-os-postes-de-luz-acendem-com-aplausos\/","title":{"rendered":"Conhe\u00e7a a cidade onde os postes de luz acendem com aplausos"},"content":{"rendered":"\n<p>Na charmosa <strong>Lyon<\/strong>, terceira maior cidade da <strong>Fran\u00e7a<\/strong>, a ilumina\u00e7\u00e3o urbana ganhou um toque de arte e magia. Em algumas rotas art\u00edsticas interativas, os <strong>postes de luz acendem com aplausos<\/strong>, transformando o ato de iluminar a cidade em uma <strong>experi\u00eancia sensorial e coletiva<\/strong>.<\/p>\n\n\n\n<p>Esse projeto faz parte do esp\u00edrito inovador de Lyon, conhecida por seu amor pelas <strong>instala\u00e7\u00f5es luminosas e arte urbana<\/strong>, especialmente durante o famoso <strong>Festival das Luzes (F\u00eate des Lumi\u00e8res)<\/strong>.<\/p>\n\n\n\n<h2 class=\"wp-block-heading\"><strong>Como funcionam os postes que respondem a aplausos?<\/strong><\/h2>\n\n\n\n<p>Esses postes foram criados como parte de instala\u00e7\u00f5es tempor\u00e1rias e permanentes em \u00e1reas culturais da cidade, e funcionam assim:<\/p>\n\n\n\n<ul class=\"wp-block-list\">\n<li><strong>Sensores de som identificam o aplauso humano<\/strong> e acionam a ilumina\u00e7\u00e3o gradualmente.<\/li>\n\n\n\n<li>Quando <strong>mais pessoas aplaudem juntas<\/strong>, a intensidade da luz aumenta ou muda de cor.<\/li>\n\n\n\n<li>Em algumas vers\u00f5es, o sistema tamb\u00e9m <strong>ativa sons ou efeitos visuais<\/strong>, criando uma imers\u00e3o art\u00edstica.<\/li>\n\n\n\n<li>A proposta \u00e9 <strong>convidar o p\u00fablico a interagir com a cidade<\/strong>, fazendo da luz algo participativo, n\u00e3o apenas autom\u00e1tico.<\/li>\n<\/ul>\n\n\n\n<p>Essas instala\u00e7\u00f5es foram criadas por artistas e designers urbanos, com apoio da prefeitura e centros culturais.<\/p>\n\n\n\n<figure class=\"wp-block-image size-large\"><img decoding=\"async\" width=\"1024\" height=\"576\" src=\"https:\/\/www.correiobraziliense.com.br\/cbradar\/wp-content\/uploads\/2025\/03\/Lyon_1743257400972-1024x576.jpg\" alt=\"Conhe\u00e7a a cidade onde os postes de luz acendem com aplausos\" class=\"wp-image-16955\" srcset=\"https:\/\/www.correiobraziliense.com.br\/cbradar\/wp-content\/uploads\/2025\/03\/Lyon_1743257400972-1024x576.jpg 1024w, https:\/\/www.correiobraziliense.com.br\/cbradar\/wp-content\/uploads\/2025\/03\/Lyon_1743257400972-300x169.jpg 300w, https:\/\/www.correiobraziliense.com.br\/cbradar\/wp-content\/uploads\/2025\/03\/Lyon_1743257400972-768x432.jpg 768w, https:\/\/www.correiobraziliense.com.br\/cbradar\/wp-content\/uploads\/2025\/03\/Lyon_1743257400972-750x422.jpg 750w, https:\/\/www.correiobraziliense.com.br\/cbradar\/wp-content\/uploads\/2025\/03\/Lyon_1743257400972-1140x641.jpg 1140w, https:\/\/www.correiobraziliense.com.br\/cbradar\/wp-content\/uploads\/2025\/03\/Lyon_1743257400972.jpg 1280w\" sizes=\"(max-width: 1024px) 100vw, 1024px\" \/><figcaption class=\"wp-element-caption\">Lyon. Cr\u00e9ditos: depositphotos.com \/ ventdusud<\/figcaption><\/figure>\n\n\n\n<h2 class=\"wp-block-heading\"><strong>Por que Lyon apostou em luzes interativas?<\/strong><\/h2>\n\n\n\n<p>A cidade tem uma longa tradi\u00e7\u00e3o com a luz como express\u00e3o art\u00edstica. O Festival das Luzes, realizado desde o s\u00e9culo XIX, inspirou Lyon a:<\/p>\n\n\n\n<ul class=\"wp-block-list\">\n<li><strong>Repensar a ilumina\u00e7\u00e3o como linguagem cultural<\/strong><\/li>\n\n\n\n<li><strong>Transformar bairros e pra\u00e7as em espa\u00e7os interativos e sensoriais<\/strong><\/li>\n\n\n\n<li><strong>Criar arte p\u00fablica que convida o cidad\u00e3o a participar ativamente<\/strong><\/li>\n\n\n\n<li><strong>Conectar tecnologia, design e urbanismo<\/strong><\/li>\n<\/ul>\n\n\n\n<p>Hoje, essas rotas fazem parte do <strong>circuito tur\u00edstico e art\u00edstico da cidade<\/strong>, sendo procuradas por quem busca experi\u00eancias urbanas criativas.<\/p>\n\n\n\n<h2 class=\"wp-block-heading\"><strong>Curiosidades sobre Lyon e seus projetos luminosos<\/strong><\/h2>\n\n\n\n<ul class=\"wp-block-list\">\n<li><strong>O Festival das Luzes atrai mais de 2 milh\u00f5es de visitantes todos os anos.<\/strong><\/li>\n\n\n\n<li><strong>Lyon foi uma das primeiras cidades do mundo a ter ilumina\u00e7\u00e3o p\u00fablica el\u00e9trica.<\/strong><\/li>\n\n\n\n<li><strong>A cidade tem mais de 300 obras de arte urbana fixas espalhadas em espa\u00e7os p\u00fablicos.<\/strong><\/li>\n\n\n\n<li><strong>Os projetos de luz interativa envolvem artistas de toda a Europa.<\/strong><\/li>\n\n\n\n<li><strong>A proposta de \u201cacender com aplausos\u201d j\u00e1 inspirou iniciativas em outras cidades como Genebra e Turim.<\/strong><\/li>\n<\/ul>\n\n\n\n<p>Lyon mostra que <strong>a luz pode ser poesia urbana<\/strong>, e que at\u00e9 um simples aplauso pode <strong>acender hist\u00f3rias, emo\u00e7\u00f5es e novas formas de viver a cidade<\/strong>.<\/p>\n","protected":false},"excerpt":{"rendered":"<p>Em Lyon, postes de luz interativos se acendem com aplausos. Conhe\u00e7a a cidade francesa onde a ilumina\u00e7\u00e3o vira arte e participa\u00e7\u00e3o coletiva!<\/p>\n","protected":false},"author":3,"featured_media":16954,"comment_status":"open","ping_status":"open","sticky":false,"template":"","format":"standard","meta":{"_yoast_wpseo_focuskw":"cidade postes luz","_yoast_wpseo_title":"%%title%%","_yoast_wpseo_metadesc":"Em Lyon, postes de luz interativos se acendem com aplausos. Conhe\u00e7a a cidade francesa onde a ilumina\u00e7\u00e3o vira arte e participa\u00e7\u00e3o coletiva!","jnews-multi-image_gallery":[],"jnews_single_post":{"format":"standard"},"jnews_primary_category":[],"jnews_social_meta":[],"jnews_override_counter":[],"footnotes":""},"categories":[108],"tags":[109],"class_list":["post-16953","post","type-post","status-publish","format-standard","has-post-thumbnail","hentry","category-cidades","tag-cidades"],"yoast_head":"<!-- This site is optimized with the Yoast SEO plugin v24.6 - https:\/\/yoast.com\/wordpress\/plugins\/seo\/ -->\n<title>Conhe\u00e7a a cidade onde os postes de luz acendem com aplausos<\/title>\n<meta name=\"description\" content=\"Em Lyon, postes de luz interativos se acendem com aplausos. Conhe\u00e7a a cidade francesa onde a ilumina\u00e7\u00e3o vira arte e participa\u00e7\u00e3o coletiva!\" \/>\n<meta name=\"robots\" content=\"index, follow, max-snippet:-1, max-image-preview:large, max-video-preview:-1\" \/>\n<link rel=\"canonical\" href=\"https:\/\/www.correiobraziliense.com.br\/cbradar\/conheca-a-cidade-onde-os-postes-de-luz-acendem-com-aplausos\/\" \/>\n<meta property=\"og:locale\" content=\"pt_BR\" \/>\n<meta property=\"og:type\" content=\"article\" \/>\n<meta property=\"og:title\" content=\"Conhe\u00e7a a cidade onde os postes de luz acendem com aplausos\" \/>\n<meta property=\"og:description\" content=\"Em Lyon, postes de luz interativos se acendem com aplausos. Conhe\u00e7a a cidade francesa onde a ilumina\u00e7\u00e3o vira arte e participa\u00e7\u00e3o coletiva!\" \/>\n<meta property=\"og:url\" content=\"https:\/\/www.correiobraziliense.com.br\/cbradar\/conheca-a-cidade-onde-os-postes-de-luz-acendem-com-aplausos\/\" \/>\n<meta property=\"og:site_name\" content=\"Correio Braziliense - Radar\" \/>\n<meta property=\"article:published_time\" content=\"2025-03-31T00:30:00+00:00\" \/>\n<meta property=\"og:image\" content=\"https:\/\/www.correiobraziliense.com.br\/cbradar\/wp-content\/uploads\/2025\/03\/Lyon_1743257365506.jpg\" \/>\n\t<meta property=\"og:image:width\" content=\"1280\" \/>\n\t<meta property=\"og:image:height\" content=\"720\" \/>\n\t<meta property=\"og:image:type\" content=\"image\/jpeg\" \/>\n<meta name=\"author\" content=\"Larissa Carvalho\" \/>\n<meta name=\"twitter:card\" content=\"summary_large_image\" \/>\n<meta name=\"twitter:label1\" content=\"Escrito por\" \/>\n\t<meta name=\"twitter:data1\" content=\"Larissa Carvalho\" \/>\n\t<meta name=\"twitter:label2\" content=\"Est. tempo de leitura\" \/>\n\t<meta name=\"twitter:data2\" content=\"3 minutos\" \/>\n<!-- \/ Yoast SEO plugin. -->","yoast_head_json":{"title":"Conhe\u00e7a a cidade onde os postes de luz acendem com aplausos","description":"Em Lyon, postes de luz interativos se acendem com aplausos. Conhe\u00e7a a cidade francesa onde a ilumina\u00e7\u00e3o vira arte e participa\u00e7\u00e3o coletiva!","robots":{"index":"index","follow":"follow","max-snippet":"max-snippet:-1","max-image-preview":"max-image-preview:large","max-video-preview":"max-video-preview:-1"},"canonical":"https:\/\/www.correiobraziliense.com.br\/cbradar\/conheca-a-cidade-onde-os-postes-de-luz-acendem-com-aplausos\/","og_locale":"pt_BR","og_type":"article","og_title":"Conhe\u00e7a a cidade onde os postes de luz acendem com aplausos","og_description":"Em Lyon, postes de luz interativos se acendem com aplausos. Conhe\u00e7a a cidade francesa onde a ilumina\u00e7\u00e3o vira arte e participa\u00e7\u00e3o coletiva!","og_url":"https:\/\/www.correiobraziliense.com.br\/cbradar\/conheca-a-cidade-onde-os-postes-de-luz-acendem-com-aplausos\/","og_site_name":"Correio Braziliense - Radar","article_published_time":"2025-03-31T00:30:00+00:00","og_image":[{"width":1280,"height":720,"url":"https:\/\/www.correiobraziliense.com.br\/cbradar\/wp-content\/uploads\/2025\/03\/Lyon_1743257365506.jpg","type":"image\/jpeg"}],"author":"Larissa Carvalho","twitter_card":"summary_large_image","twitter_misc":{"Escrito por":"Larissa Carvalho","Est. tempo de leitura":"3 minutos"},"schema":{"@context":"https:\/\/schema.org","@graph":[{"@type":"WebPage","@id":"https:\/\/www.correiobraziliense.com.br\/cbradar\/conheca-a-cidade-onde-os-postes-de-luz-acendem-com-aplausos\/","url":"https:\/\/www.correiobraziliense.com.br\/cbradar\/conheca-a-cidade-onde-os-postes-de-luz-acendem-com-aplausos\/","name":"Conhe\u00e7a a cidade onde os postes de luz acendem com aplausos","isPartOf":{"@id":"https:\/\/www.correiobraziliense.com.br\/cbradar\/#website"},"primaryImageOfPage":{"@id":"https:\/\/www.correiobraziliense.com.br\/cbradar\/conheca-a-cidade-onde-os-postes-de-luz-acendem-com-aplausos\/#primaryimage"},"image":{"@id":"https:\/\/www.correiobraziliense.com.br\/cbradar\/conheca-a-cidade-onde-os-postes-de-luz-acendem-com-aplausos\/#primaryimage"},"thumbnailUrl":"https:\/\/www.correiobraziliense.com.br\/cbradar\/wp-content\/uploads\/2025\/03\/Lyon_1743257365506.jpg","datePublished":"2025-03-31T00:30:00+00:00","author":{"@id":"https:\/\/www.correiobraziliense.com.br\/cbradar\/#\/schema\/person\/58422787644df994b53a19d3e56c1513"},"description":"Em Lyon, postes de luz interativos se acendem com aplausos. Conhe\u00e7a a cidade francesa onde a ilumina\u00e7\u00e3o vira arte e participa\u00e7\u00e3o coletiva!","breadcrumb":{"@id":"https:\/\/www.correiobraziliense.com.br\/cbradar\/conheca-a-cidade-onde-os-postes-de-luz-acendem-com-aplausos\/#breadcrumb"},"inLanguage":"pt-BR","potentialAction":[{"@type":"ReadAction","target":["https:\/\/www.correiobraziliense.com.br\/cbradar\/conheca-a-cidade-onde-os-postes-de-luz-acendem-com-aplausos\/"]}]},{"@type":"ImageObject","inLanguage":"pt-BR","@id":"https:\/\/www.correiobraziliense.com.br\/cbradar\/conheca-a-cidade-onde-os-postes-de-luz-acendem-com-aplausos\/#primaryimage","url":"https:\/\/www.correiobraziliense.com.br\/cbradar\/wp-content\/uploads\/2025\/03\/Lyon_1743257365506.jpg","contentUrl":"https:\/\/www.correiobraziliense.com.br\/cbradar\/wp-content\/uploads\/2025\/03\/Lyon_1743257365506.jpg","width":1280,"height":720,"caption":"Lyon. Cr\u00e9ditos: depositphotos.com \/ laraslk"},{"@type":"BreadcrumbList","@id":"https:\/\/www.correiobraziliense.com.br\/cbradar\/conheca-a-cidade-onde-os-postes-de-luz-acendem-com-aplausos\/#breadcrumb","itemListElement":[{"@type":"ListItem","position":1,"name":"In\u00edcio","item":"https:\/\/www.correiobraziliense.com.br\/cbradar\/"},{"@type":"ListItem","position":2,"name":"Conhe\u00e7a a cidade onde os postes de luz acendem com aplausos"}]},{"@type":"WebSite","@id":"https:\/\/www.correiobraziliense.com.br\/cbradar\/#website","url":"https:\/\/www.correiobraziliense.com.br\/cbradar\/","name":"Correio Braziliense - Radar","description":"Acompanhe as \u00faltimas not\u00edcias e fique bem informado sobre tudo o que acontece no Brasil e no mundo.","potentialAction":[{"@type":"SearchAction","target":{"@type":"EntryPoint","urlTemplate":"https:\/\/www.correiobraziliense.com.br\/cbradar\/?s={search_term_string}"},"query-input":{"@type":"PropertyValueSpecification","valueRequired":true,"valueName":"search_term_string"}}],"inLanguage":"pt-BR"},{"@type":"Person","@id":"https:\/\/www.correiobraziliense.com.br\/cbradar\/#\/schema\/person\/58422787644df994b53a19d3e56c1513","name":"Larissa Carvalho","image":{"@type":"ImageObject","inLanguage":"pt-BR","@id":"https:\/\/www.correiobraziliense.com.br\/cbradar\/#\/schema\/person\/image\/","url":"https:\/\/secure.gravatar.com\/avatar\/fe4f91a0de32b52a838d0d612abdc1aa?s=96&d=mm&r=g","contentUrl":"https:\/\/secure.gravatar.com\/avatar\/fe4f91a0de32b52a838d0d612abdc1aa?s=96&d=mm&r=g","caption":"Larissa Carvalho"},"url":"https:\/\/www.correiobraziliense.com.br\/cbradar\/author\/larissamyth\/"}]}},"_links":{"self":[{"href":"https:\/\/www.correiobraziliense.com.br\/cbradar\/wp-json\/wp\/v2\/posts\/16953","targetHints":{"allow":["GET"]}}],"collection":[{"href":"https:\/\/www.correiobraziliense.com.br\/cbradar\/wp-json\/wp\/v2\/posts"}],"about":[{"href":"https:\/\/www.correiobraziliense.com.br\/cbradar\/wp-json\/wp\/v2\/types\/post"}],"author":[{"embeddable":true,"href":"https:\/\/www.correiobraziliense.com.br\/cbradar\/wp-json\/wp\/v2\/users\/3"}],"replies":[{"embeddable":true,"href":"https:\/\/www.correiobraziliense.com.br\/cbradar\/wp-json\/wp\/v2\/comments?post=16953"}],"version-history":[{"count":1,"href":"https:\/\/www.correiobraziliense.com.br\/cbradar\/wp-json\/wp\/v2\/posts\/16953\/revisions"}],"predecessor-version":[{"id":16956,"href":"https:\/\/www.correiobraziliense.com.br\/cbradar\/wp-json\/wp\/v2\/posts\/16953\/revisions\/16956"}],"wp:featuredmedia":[{"embeddable":true,"href":"https:\/\/www.correiobraziliense.com.br\/cbradar\/wp-json\/wp\/v2\/media\/16954"}],"wp:attachment":[{"href":"https:\/\/www.correiobraziliense.com.br\/cbradar\/wp-json\/wp\/v2\/media?parent=16953"}],"wp:term":[{"taxonomy":"category","embeddable":true,"href":"https:\/\/www.correiobraziliense.com.br\/cbradar\/wp-json\/wp\/v2\/categories?post=16953"},{"taxonomy":"post_tag","embeddable":true,"href":"https:\/\/www.correiobraziliense.com.br\/cbradar\/wp-json\/wp\/v2\/tags?post=16953"}],"curies":[{"name":"wp","href":"https:\/\/api.w.org\/{rel}","templated":true}]}}