{"id":169721,"date":"2026-01-07T18:15:00","date_gmt":"2026-01-07T21:15:00","guid":{"rendered":"https:\/\/www.correiobraziliense.com.br\/cbradar\/?p=169721"},"modified":"2026-01-06T18:11:55","modified_gmt":"2026-01-06T21:11:55","slug":"qual-a-real-diferenca-e-quando-usar-perca-e-perda","status":"publish","type":"post","link":"https:\/\/www.correiobraziliense.com.br\/cbradar\/qual-a-real-diferenca-e-quando-usar-perca-e-perda\/","title":{"rendered":"Qual a real diferen\u00e7a e quando usar \u201cPerca\u201d e \u201cperda\u201d"},"content":{"rendered":"\n<p>A diferen\u00e7a entre <strong>perca<\/strong> e <strong>perda<\/strong> costuma gerar d\u00favida em muitos falantes do portugu\u00eas, principalmente na escrita. Ambas as formas existem na l\u00edngua e est\u00e3o corretas, mas cada uma pertence a uma classe gramatical diferente e aparece em contextos espec\u00edficos. Entender essa distin\u00e7\u00e3o ajuda a evitar erros em textos acad\u00eamicos, profissionais e at\u00e9 em mensagens do dia a dia.<\/p>\n\n\n\n<h2 class=\"wp-block-heading\">O que \u00e9 perda e quando usar essa forma corretamente<\/h2>\n\n\n\n<p>A palavra <strong>perda<\/strong> \u00e9 um <strong>substantivo feminino<\/strong>. Ela indica o resultado ou o fato de algu\u00e9m deixar de ter algo, seja um objeto, um bem, uma oportunidade ou at\u00e9 uma pessoa. Em termos pr\u00e1ticos, \u201cperda\u201d costuma aparecer em contextos mais formais, em documentos, not\u00edcias, relat\u00f3rios e tamb\u00e9m em situa\u00e7\u00f5es do cotidiano em que se descreve um acontecimento.<\/p>\n\n\n\n<p>Alguns usos comuns de <strong>perda<\/strong> envolvem \u00e1reas diferentes:<\/p>\n\n\n\n<ul class=\"wp-block-list\">\n<li><strong>Contexto emocional ou familiar<\/strong>: \u201ca perda de um ente querido\u201d, \u201ca perda de amigos ao longo do tempo\u201d.<\/li>\n\n\n\n<li><strong>Contexto financeiro<\/strong>: \u201cperda de dinheiro\u201d, \u201cperda de patrim\u00f4nio\u201d, \u201cperda de investimentos\u201d.<\/li>\n\n\n\n<li><strong>Contexto profissional<\/strong>: \u201cperda de prazos\u201d, \u201cperda de clientes\u201d, \u201cperda de produtividade\u201d.<\/li>\n\n\n\n<li><strong>Contexto de sa\u00fade<\/strong>: \u201cperda de peso\u201d, \u201cperda de cabelo\u201d, \u201cperda de movimentos\u201d.<\/li>\n<\/ul>\n\n\n\n<h2 class=\"wp-block-heading\">Qual \u00e9 a diferen\u00e7a entre perca e perda na gram\u00e1tica<\/h2>\n\n\n\n<p>A diferen\u00e7a central est\u00e1 na <strong>fun\u00e7\u00e3o sint\u00e1tica<\/strong> que cada palavra exerce na frase. <strong>Perda<\/strong> \u00e9 substantivo; <strong>perca<\/strong> \u00e9 verbo, ligado \u00e0 conjuga\u00e7\u00e3o de <strong>perder<\/strong>. Quando se fala de um fato, de algo que aconteceu ou acontece, normalmente entra em cena o substantivo; quando h\u00e1 <strong>a\u00e7\u00e3o, ordem, pedido ou hip\u00f3tese<\/strong>, a forma correta costuma ser <strong>perca<\/strong>.<\/p>\n\n\n\n<p>A palavra <strong>perca<\/strong> aparece em tr\u00eas tipos principais de situa\u00e7\u00f5es: <strong>presente do subjuntivo<\/strong>, <strong>imperativo negativo<\/strong> e <strong>imperativo afirmativo<\/strong>. Exemplos: \u201cTomara que ele n\u00e3o perca o voo\u201d (subjuntivo), \u201cN\u00e3o perca essa chance\u201d (imperativo negativo) e \u201cPerca o medo de falar em p\u00fablico\u201d (imperativo afirmativo).<\/p>\n\n\n\n<p>Para aprofundarmos no tema, trouxemos o v\u00eddeo do Professor La\u00e9rcio Sousa, do perfil @quimica2119:<\/p>\n\n\n\n<blockquote class=\"tiktok-embed\" cite=\"https:\/\/www.tiktok.com\/@quimica2119\/video\/7533728371281235206\" data-video-id=\"7533728371281235206\" style=\"max-width: 605px;min-width: 325px;\" > <section> <a target=\"_blank\" title=\"@quimica2119\" href=\"https:\/\/www.tiktok.com\/@quimica2119?refer=embed\">@quimica2119<\/a> Perda ou Perca ? N\u00e3o erre mais ! <a title=\"concursopublico\" target=\"_blank\" href=\"https:\/\/www.tiktok.com\/tag\/concursopublico?refer=embed\">#concursopublico<\/a> <a title=\"concursos2025\" target=\"_blank\" href=\"https:\/\/www.tiktok.com\/tag\/concursos2025?refer=embed\">#Concursos2025<\/a> <a title=\"humor\" target=\"_blank\" href=\"https:\/\/www.tiktok.com\/tag\/humor?refer=embed\">#humor<\/a> <a title=\"fy\" target=\"_blank\" href=\"https:\/\/www.tiktok.com\/tag\/fy?refer=embed\">#fy<\/a> <a title=\"portugues\" target=\"_blank\" href=\"https:\/\/www.tiktok.com\/tag\/portugues?refer=embed\">#portugues<\/a> <a target=\"_blank\" title=\"\u266c som original - Prof \u00ba La\u00e9rcio Sousa\" href=\"https:\/\/www.tiktok.com\/music\/som-original-7533728433524738872?refer=embed\">\u266c som original &#8211; Prof \u00ba La\u00e9rcio Sousa<\/a> <\/section> <\/blockquote> <script async src=\"https:\/\/www.tiktok.com\/embed.js\"><\/script>\n\n\n\n<h2 class=\"wp-block-heading\">Quando usar perca em vez de perda nas frases<\/h2>\n\n\n\n<p>A forma <strong>perca<\/strong> \u00e9 adequada quando o verbo \u201cperder\u201d est\u00e1 no <strong>subjuntivo<\/strong> ou no <strong>imperativo<\/strong>. Em situa\u00e7\u00f5es de desejo, hip\u00f3tese, condi\u00e7\u00e3o ou ordem, esse verbo costuma surgir nessa conjuga\u00e7\u00e3o, expressando uma a\u00e7\u00e3o poss\u00edvel ou desejada. Nesses contextos, \u201cperda\u201d n\u00e3o faz sentido, pois n\u00e3o se est\u00e1 nomeando um fato, e sim indicando uma a\u00e7\u00e3o.<\/p>\n\n\n\n<p>Alguns exemplos ajudam a visualizar melhor o uso correto de <strong>perca<\/strong> em oposi\u00e7\u00e3o a <strong>perda<\/strong>:<\/p>\n\n\n\n<ul class=\"wp-block-list\">\n<li>\u201c\u00c9 importante que ela <strong>n\u00e3o perca<\/strong> o prazo do concurso.\u201d (subjuntivo)<\/li>\n\n\n\n<li>\u201cQue ele <strong>n\u00e3o perca<\/strong> a concentra\u00e7\u00e3o durante a prova.\u201d (subjuntivo)<\/li>\n\n\n\n<li>\u201cN\u00e3o <strong>perca<\/strong> o hor\u00e1rio da reuni\u00e3o.\u201d (imperativo negativo)<\/li>\n\n\n\n<li>\u201cPerca o costume de deixar tudo para depois.\u201d (imperativo afirmativo)<\/li>\n<\/ul>\n\n\n<div class=\"wp-block-image\">\n<figure class=\"aligncenter size-large\"><img decoding=\"async\" width=\"1024\" height=\"576\" src=\"https:\/\/www.correiobraziliense.com.br\/cbradar\/wp-content\/uploads\/2026\/01\/Featured_Image_Perca_Perda_1280x720-1024x576.png\" alt=\"Qual a real diferen\u00e7a e quando usar \u201cPerca\u201d e \u201cperda\u201d\" class=\"wp-image-169723\" srcset=\"https:\/\/www.correiobraziliense.com.br\/cbradar\/wp-content\/uploads\/2026\/01\/Featured_Image_Perca_Perda_1280x720-1024x576.png 1024w, https:\/\/www.correiobraziliense.com.br\/cbradar\/wp-content\/uploads\/2026\/01\/Featured_Image_Perca_Perda_1280x720-300x169.png 300w, https:\/\/www.correiobraziliense.com.br\/cbradar\/wp-content\/uploads\/2026\/01\/Featured_Image_Perca_Perda_1280x720-768x432.png 768w, https:\/\/www.correiobraziliense.com.br\/cbradar\/wp-content\/uploads\/2026\/01\/Featured_Image_Perca_Perda_1280x720-750x422.png 750w, https:\/\/www.correiobraziliense.com.br\/cbradar\/wp-content\/uploads\/2026\/01\/Featured_Image_Perca_Perda_1280x720-1140x641.png 1140w, https:\/\/www.correiobraziliense.com.br\/cbradar\/wp-content\/uploads\/2026\/01\/Featured_Image_Perca_Perda_1280x720.png 1280w\" sizes=\"(max-width: 1024px) 100vw, 1024px\" \/><figcaption class=\"wp-element-caption\">N\u00e3o perca chances valiosas na vida: entenda perda como li\u00e7\u00e3o para crescer e vencer obst\u00e1culos emocionais!<\/figcaption><\/figure><\/div>\n\n\n<h2 class=\"wp-block-heading\">Como evitar confundir perca e perda no dia a dia<\/h2>\n\n\n\n<p>Uma estrat\u00e9gia pr\u00e1tica para diferenciar as duas formas \u00e9 seguir um pequeno passo a passo mental sempre que surgir a d\u00favida, especialmente em textos escritos, em que a <strong>corre\u00e7\u00e3o ortogr\u00e1fica<\/strong> costuma ser mais cobrada. Esse m\u00e9todo ajuda a identificar se a palavra na frase funciona como <strong>substantivo<\/strong> (perda) ou como <strong>forma verbal<\/strong> (perca).<\/p>\n\n\n\n<ol class=\"wp-block-list\">\n<li><strong>Tentar colocar um artigo antes da palavra<\/strong><br>Se couber \u201ca\u201d, \u201cuma\u201d, \u201cesta\u201d, \u201cessa\u201d antes, a forma correta tende a ser <strong>perda<\/strong>.<br>Exemplo: \u201cA perda de dados foi registrada no relat\u00f3rio.\u201d<\/li>\n\n\n\n<li><strong>Observar se h\u00e1 ideia de ordem, pedido ou desejo<\/strong><br>Frases com \u201cn\u00e3o\u201d, \u201cque\u201d, \u201ctomara\u201d, \u201c\u00e9 importante que\u201d costumam exigir o verbo <strong>perder<\/strong> no subjuntivo ou no imperativo, logo, a forma <strong>perca<\/strong>.<br>Exemplo: \u201cTomara que ningu\u00e9m perca o prazo.\u201d<\/li>\n\n\n\n<li><strong>Verificar o n\u00facleo da frase<\/strong><br>Se a palavra for o elemento principal que nomeia um fato, em geral ser\u00e1 um substantivo, ou seja, <strong>perda<\/strong>. Se estiver ligada \u00e0 a\u00e7\u00e3o de um sujeito, indica forma verbal, isto \u00e9, <strong>perca<\/strong>.<br>Exemplo: \u201cHouve grande perda de tempo.\u201d x \u201cQue ele n\u00e3o perca tempo.\u201d<\/li>\n<\/ol>\n\n\n\n<p>Em textos formais, como trabalhos acad\u00eamicos, peti\u00e7\u00f5es, contratos e comunicados empresariais, essa distin\u00e7\u00e3o entre <strong>perca<\/strong> e <strong>perda<\/strong> contribui para maior clareza e precis\u00e3o. Com o uso constante e a aten\u00e7\u00e3o a esses pontos, a diferen\u00e7a tende a se tornar autom\u00e1tica, evitando d\u00favidas e corre\u00e7\u00f5es posteriores.<\/p>\n","protected":false},"excerpt":{"rendered":"<p>Descubra a real diferen\u00e7a entre \u201cperca\u201d e \u201cperda\u201d, veja exemplos claros de uso e aprenda quando aplicar cada forma corretamente.<\/p>\n","protected":false},"author":3,"featured_media":169998,"comment_status":"open","ping_status":"open","sticky":false,"template":"","format":"standard","meta":{"_yoast_wpseo_focuskw":"\u201cperca\u201d e \u201cperda\u201d","_yoast_wpseo_title":"%%title%%","_yoast_wpseo_metadesc":"Descubra a real diferen\u00e7a entre \u201cperca\u201d e \u201cperda\u201d, veja exemplos claros de uso e aprenda quando aplicar cada forma corretamente.","jnews-multi-image_gallery":[],"jnews_single_post":{"format":"standard"},"jnews_primary_category":[],"jnews_social_meta":[],"jnews_override_counter":[],"footnotes":""},"categories":[112],"post_tag":[144,10902,11064,6081],"class_list":["post-169721","post","type-post","status-publish","format-standard","has-post-thumbnail","hentry","category-curiosidades","tag-curiosidades","tag-lingua-portuguesa","tag-linguas","tag-portugues"],"yoast_head":"<!-- This site is optimized with the Yoast SEO plugin v24.6 - https:\/\/yoast.com\/wordpress\/plugins\/seo\/ -->\n<title>Qual a real diferen\u00e7a e quando usar \u201cPerca\u201d e \u201cperda\u201d<\/title>\n<meta name=\"description\" content=\"Descubra a real diferen\u00e7a entre \u201cperca\u201d e \u201cperda\u201d, veja exemplos claros de uso e aprenda quando aplicar cada forma corretamente.\" \/>\n<meta name=\"robots\" content=\"index, follow, max-snippet:-1, max-image-preview:large, max-video-preview:-1\" \/>\n<link rel=\"canonical\" href=\"https:\/\/www.correiobraziliense.com.br\/cbradar\/qual-a-real-diferenca-e-quando-usar-perca-e-perda\/\" \/>\n<meta property=\"og:locale\" content=\"pt_BR\" \/>\n<meta property=\"og:type\" content=\"article\" \/>\n<meta property=\"og:title\" content=\"Qual a real diferen\u00e7a e quando usar \u201cPerca\u201d e \u201cperda\u201d\" \/>\n<meta property=\"og:description\" content=\"Descubra a real diferen\u00e7a entre \u201cperca\u201d e \u201cperda\u201d, veja exemplos claros de uso e aprenda quando aplicar cada forma corretamente.\" \/>\n<meta property=\"og:url\" content=\"https:\/\/www.correiobraziliense.com.br\/cbradar\/qual-a-real-diferenca-e-quando-usar-perca-e-perda\/\" \/>\n<meta property=\"og:site_name\" content=\"Correio Braziliense - Radar\" \/>\n<meta property=\"article:published_time\" content=\"2026-01-07T21:15:00+00:00\" \/>\n<meta property=\"og:image\" content=\"https:\/\/www.correiobraziliense.com.br\/cbradar\/wp-content\/uploads\/2026\/01\/freepik__imagem-simblica-da-diferena-entre-perca-e-perda__16118.jpeg\" \/>\n\t<meta property=\"og:image:width\" content=\"1280\" \/>\n\t<meta property=\"og:image:height\" content=\"720\" \/>\n\t<meta property=\"og:image:type\" content=\"image\/jpeg\" \/>\n<meta name=\"author\" content=\"Larissa Carvalho\" \/>\n<meta name=\"twitter:card\" content=\"summary_large_image\" \/>\n<meta name=\"twitter:label1\" content=\"Escrito por\" \/>\n\t<meta name=\"twitter:data1\" content=\"Larissa Carvalho\" \/>\n\t<meta name=\"twitter:label2\" content=\"Est. tempo de leitura\" \/>\n\t<meta name=\"twitter:data2\" content=\"5 minutos\" \/>\n<!-- \/ Yoast SEO plugin. -->","yoast_head_json":{"title":"Qual a real diferen\u00e7a e quando usar \u201cPerca\u201d e \u201cperda\u201d","description":"Descubra a real diferen\u00e7a entre \u201cperca\u201d e \u201cperda\u201d, veja exemplos claros de uso e aprenda quando aplicar cada forma corretamente.","robots":{"index":"index","follow":"follow","max-snippet":"max-snippet:-1","max-image-preview":"max-image-preview:large","max-video-preview":"max-video-preview:-1"},"canonical":"https:\/\/www.correiobraziliense.com.br\/cbradar\/qual-a-real-diferenca-e-quando-usar-perca-e-perda\/","og_locale":"pt_BR","og_type":"article","og_title":"Qual a real diferen\u00e7a e quando usar \u201cPerca\u201d e \u201cperda\u201d","og_description":"Descubra a real diferen\u00e7a entre \u201cperca\u201d e \u201cperda\u201d, veja exemplos claros de uso e aprenda quando aplicar cada forma corretamente.","og_url":"https:\/\/www.correiobraziliense.com.br\/cbradar\/qual-a-real-diferenca-e-quando-usar-perca-e-perda\/","og_site_name":"Correio Braziliense - Radar","article_published_time":"2026-01-07T21:15:00+00:00","og_image":[{"width":1280,"height":720,"url":"https:\/\/www.correiobraziliense.com.br\/cbradar\/wp-content\/uploads\/2026\/01\/freepik__imagem-simblica-da-diferena-entre-perca-e-perda__16118.jpeg","type":"image\/jpeg"}],"author":"Larissa Carvalho","twitter_card":"summary_large_image","twitter_misc":{"Escrito por":"Larissa Carvalho","Est. tempo de leitura":"5 minutos"},"schema":{"@context":"https:\/\/schema.org","@graph":[{"@type":"WebPage","@id":"https:\/\/www.correiobraziliense.com.br\/cbradar\/qual-a-real-diferenca-e-quando-usar-perca-e-perda\/","url":"https:\/\/www.correiobraziliense.com.br\/cbradar\/qual-a-real-diferenca-e-quando-usar-perca-e-perda\/","name":"Qual a real diferen\u00e7a e quando usar \u201cPerca\u201d e \u201cperda\u201d","isPartOf":{"@id":"https:\/\/www.correiobraziliense.com.br\/cbradar\/#website"},"primaryImageOfPage":{"@id":"https:\/\/www.correiobraziliense.com.br\/cbradar\/qual-a-real-diferenca-e-quando-usar-perca-e-perda\/#primaryimage"},"image":{"@id":"https:\/\/www.correiobraziliense.com.br\/cbradar\/qual-a-real-diferenca-e-quando-usar-perca-e-perda\/#primaryimage"},"thumbnailUrl":"https:\/\/www.correiobraziliense.com.br\/cbradar\/wp-content\/uploads\/2026\/01\/freepik__imagem-simblica-da-diferena-entre-perca-e-perda__16118.jpeg","datePublished":"2026-01-07T21:15:00+00:00","author":{"@id":"https:\/\/www.correiobraziliense.com.br\/cbradar\/#\/schema\/person\/58422787644df994b53a19d3e56c1513"},"description":"Descubra a real diferen\u00e7a entre \u201cperca\u201d e \u201cperda\u201d, veja exemplos claros de uso e aprenda quando aplicar cada forma corretamente.","breadcrumb":{"@id":"https:\/\/www.correiobraziliense.com.br\/cbradar\/qual-a-real-diferenca-e-quando-usar-perca-e-perda\/#breadcrumb"},"inLanguage":"pt-BR","potentialAction":[{"@type":"ReadAction","target":["https:\/\/www.correiobraziliense.com.br\/cbradar\/qual-a-real-diferenca-e-quando-usar-perca-e-perda\/"]}]},{"@type":"ImageObject","inLanguage":"pt-BR","@id":"https:\/\/www.correiobraziliense.com.br\/cbradar\/qual-a-real-diferenca-e-quando-usar-perca-e-perda\/#primaryimage","url":"https:\/\/www.correiobraziliense.com.br\/cbradar\/wp-content\/uploads\/2026\/01\/freepik__imagem-simblica-da-diferena-entre-perca-e-perda__16118.jpeg","contentUrl":"https:\/\/www.correiobraziliense.com.br\/cbradar\/wp-content\/uploads\/2026\/01\/freepik__imagem-simblica-da-diferena-entre-perca-e-perda__16118.jpeg","width":1280,"height":720,"caption":"A distin\u00e7\u00e3o melhora a clareza textual"},{"@type":"BreadcrumbList","@id":"https:\/\/www.correiobraziliense.com.br\/cbradar\/qual-a-real-diferenca-e-quando-usar-perca-e-perda\/#breadcrumb","itemListElement":[{"@type":"ListItem","position":1,"name":"In\u00edcio","item":"https:\/\/www.correiobraziliense.com.br\/cbradar\/"},{"@type":"ListItem","position":2,"name":"Qual a real diferen\u00e7a e quando usar \u201cPerca\u201d e \u201cperda\u201d"}]},{"@type":"WebSite","@id":"https:\/\/www.correiobraziliense.com.br\/cbradar\/#website","url":"https:\/\/www.correiobraziliense.com.br\/cbradar\/","name":"Correio Braziliense - Radar","description":"Acompanhe as \u00faltimas not\u00edcias e fique bem informado sobre tudo o que acontece no Brasil e no mundo.","potentialAction":[{"@type":"SearchAction","target":{"@type":"EntryPoint","urlTemplate":"https:\/\/www.correiobraziliense.com.br\/cbradar\/?s={search_term_string}"},"query-input":{"@type":"PropertyValueSpecification","valueRequired":true,"valueName":"search_term_string"}}],"inLanguage":"pt-BR"},{"@type":"Person","@id":"https:\/\/www.correiobraziliense.com.br\/cbradar\/#\/schema\/person\/58422787644df994b53a19d3e56c1513","name":"Larissa Carvalho","image":{"@type":"ImageObject","inLanguage":"pt-BR","@id":"https:\/\/www.correiobraziliense.com.br\/cbradar\/#\/schema\/person\/image\/","url":"https:\/\/secure.gravatar.com\/avatar\/fe4f91a0de32b52a838d0d612abdc1aa?s=96&d=mm&r=g","contentUrl":"https:\/\/secure.gravatar.com\/avatar\/fe4f91a0de32b52a838d0d612abdc1aa?s=96&d=mm&r=g","caption":"Larissa Carvalho"},"url":"https:\/\/www.correiobraziliense.com.br\/cbradar\/author\/larissamyth\/"}]}},"_links":{"self":[{"href":"https:\/\/www.correiobraziliense.com.br\/cbradar\/wp-json\/wp\/v2\/posts\/169721","targetHints":{"allow":["GET"]}}],"collection":[{"href":"https:\/\/www.correiobraziliense.com.br\/cbradar\/wp-json\/wp\/v2\/posts"}],"about":[{"href":"https:\/\/www.correiobraziliense.com.br\/cbradar\/wp-json\/wp\/v2\/types\/post"}],"author":[{"embeddable":true,"href":"https:\/\/www.correiobraziliense.com.br\/cbradar\/wp-json\/wp\/v2\/users\/3"}],"replies":[{"embeddable":true,"href":"https:\/\/www.correiobraziliense.com.br\/cbradar\/wp-json\/wp\/v2\/comments?post=169721"}],"version-history":[{"count":3,"href":"https:\/\/www.correiobraziliense.com.br\/cbradar\/wp-json\/wp\/v2\/posts\/169721\/revisions"}],"predecessor-version":[{"id":170098,"href":"https:\/\/www.correiobraziliense.com.br\/cbradar\/wp-json\/wp\/v2\/posts\/169721\/revisions\/170098"}],"wp:featuredmedia":[{"embeddable":true,"href":"https:\/\/www.correiobraziliense.com.br\/cbradar\/wp-json\/wp\/v2\/media\/169998"}],"wp:attachment":[{"href":"https:\/\/www.correiobraziliense.com.br\/cbradar\/wp-json\/wp\/v2\/media?parent=169721"}],"wp:term":[{"taxonomy":"category","embeddable":true,"href":"https:\/\/www.correiobraziliense.com.br\/cbradar\/wp-json\/wp\/v2\/categories?post=169721"},{"taxonomy":"post_tag","embeddable":true,"href":"https:\/\/www.correiobraziliense.com.br\/cbradar\/wp-json\/wp\/v2\/post_tag?post=169721"}],"curies":[{"name":"wp","href":"https:\/\/api.w.org\/{rel}","templated":true}]}}