{"id":16973,"date":"2025-03-30T07:50:00","date_gmt":"2025-03-30T10:50:00","guid":{"rendered":"https:\/\/www.correiobraziliense.com.br\/cbradar\/?p=16973"},"modified":"2025-03-29T13:58:36","modified_gmt":"2025-03-29T16:58:36","slug":"instagram-anuncia-fim-de-servico-e-choca-internautas","status":"publish","type":"post","link":"https:\/\/www.correiobraziliense.com.br\/cbradar\/instagram-anuncia-fim-de-servico-e-choca-internautas\/","title":{"rendered":"Instagram anuncia fim de servi\u00e7o e choca internautas"},"content":{"rendered":"\n<p>O <strong><a href=\"https:\/\/www.instagram.com\/\" target=\"_blank\" rel=\"noreferrer noopener\">Instagram<\/a><\/strong>, uma das redes sociais mais populares do mundo, anunciou recentemente uma mudan\u00e7a significativa em sua plataforma: o fim das Notas do Instagram. Essa decis\u00e3o faz parte de um esfor\u00e7o cont\u00ednuo para tornar o aplicativo mais simples e divertido para seus usu\u00e1rios. O an\u00fancio foi feito por <strong>Adam Mosseri<\/strong>, diretor do programa da <strong>Meta<\/strong>, que destacou a inten\u00e7\u00e3o de remover funcionalidades pouco utilizadas para melhorar a experi\u00eancia do usu\u00e1rio.<\/p>\n\n\n\n<p>As Notas do Instagram foram introduzidas no final de 2024 como uma tentativa de fomentar intera\u00e7\u00f5es entre os usu\u00e1rios. Elas permitiam a adi\u00e7\u00e3o de mensagens curtas a conte\u00fados como fotos e v\u00eddeos, vis\u00edveis apenas para amigos. No entanto, a ades\u00e3o ao recurso foi menor do que o esperado, levando \u00e0 decis\u00e3o de sua descontinua\u00e7\u00e3o.<\/p>\n\n\n\n<h2 class=\"wp-block-heading\"><strong>Por que as notas do Instagram est\u00e3o sendo removidas?<\/strong><\/h2>\n\n\n\n<p>A remo\u00e7\u00e3o das Notas \u00e9 parte de uma estrat\u00e9gia mais ampla para simplificar o uso do Instagram. Segundo Mosseri, a plataforma se tornou complexa ao longo dos anos, e a desativa\u00e7\u00e3o de funcionalidades pouco utilizadas \u00e9 uma maneira de resolver esse problema. A ideia \u00e9 focar em recursos que realmente agreguem valor e divers\u00e3o para os usu\u00e1rios.<\/p>\n\n\n\n<p>O diretor da Meta tamb\u00e9m mencionou que outras ferramentas poder\u00e3o ser removidas no futuro, embora n\u00e3o tenha especificado quais ou quando isso acontecer\u00e1. Essa abordagem reflete uma tend\u00eancia de otimiza\u00e7\u00e3o de plataformas digitais, onde a experi\u00eancia do usu\u00e1rio \u00e9 priorizada acima da quantidade de funcionalidades dispon\u00edveis.<\/p>\n\n\n\n<figure class=\"wp-block-image size-large\"><img decoding=\"async\" width=\"1024\" height=\"576\" src=\"https:\/\/www.correiobraziliense.com.br\/cbradar\/wp-content\/uploads\/2025\/03\/Instagram_1743259063737-1024x576.jpg\" alt=\"Instagram anuncia fim de servi\u00e7o e choca internautas\" class=\"wp-image-16975\" srcset=\"https:\/\/www.correiobraziliense.com.br\/cbradar\/wp-content\/uploads\/2025\/03\/Instagram_1743259063737-1024x576.jpg 1024w, https:\/\/www.correiobraziliense.com.br\/cbradar\/wp-content\/uploads\/2025\/03\/Instagram_1743259063737-300x169.jpg 300w, https:\/\/www.correiobraziliense.com.br\/cbradar\/wp-content\/uploads\/2025\/03\/Instagram_1743259063737-768x432.jpg 768w, https:\/\/www.correiobraziliense.com.br\/cbradar\/wp-content\/uploads\/2025\/03\/Instagram_1743259063737-750x422.jpg 750w, https:\/\/www.correiobraziliense.com.br\/cbradar\/wp-content\/uploads\/2025\/03\/Instagram_1743259063737-1140x641.jpg 1140w, https:\/\/www.correiobraziliense.com.br\/cbradar\/wp-content\/uploads\/2025\/03\/Instagram_1743259063737.jpg 1280w\" sizes=\"(max-width: 1024px) 100vw, 1024px\" \/><figcaption class=\"wp-element-caption\">Instagram. Cr\u00e9ditos: depositphotos.com \/ KostyaKlimenko<\/figcaption><\/figure>\n\n\n\n<h2 class=\"wp-block-heading\"><strong>Quais outras mudan\u00e7as podem acontecer no Instagram?<\/strong><\/h2>\n\n\n\n<p>Al\u00e9m da remo\u00e7\u00e3o das Notas, o Instagram tem introduzido novas funcionalidades para manter a plataforma din\u00e2mica e atraente. Recentemente, foram implementados um bot\u00e3o de &#8220;deslike&#8221; nos coment\u00e1rios e a possibilidade de coment\u00e1rios p\u00fablicos nos stories. Essas mudan\u00e7as visam aumentar a intera\u00e7\u00e3o e o engajamento dos usu\u00e1rios, mantendo a rede social relevante e atualizada.<\/p>\n\n\n\n<p>Embora algumas funcionalidades estejam sendo removidas, a Meta continua a explorar novas maneiras de melhorar a experi\u00eancia do usu\u00e1rio. A introdu\u00e7\u00e3o de novos recursos e a remo\u00e7\u00e3o de outros fazem parte de um ciclo natural de evolu\u00e7\u00e3o das plataformas digitais, onde a adapta\u00e7\u00e3o \u00e0s necessidades dos usu\u00e1rios \u00e9 fundamental.<\/p>\n\n\n\n<h2 class=\"wp-block-heading\"><strong>O futuro do Instagram: o que esperar?<\/strong><\/h2>\n\n\n\n<p>Com a remo\u00e7\u00e3o das Notas e a introdu\u00e7\u00e3o de novas funcionalidades, o Instagram demonstra seu compromisso em se adaptar \u00e0s mudan\u00e7as nas prefer\u00eancias dos usu\u00e1rios. A plataforma busca um equil\u00edbrio entre simplicidade e inova\u00e7\u00e3o, garantindo que continue a ser um espa\u00e7o social vibrante e envolvente.<\/p>\n\n\n\n<p>\u00c0 medida que o Instagram evolui, \u00e9 prov\u00e1vel que mais mudan\u00e7as ocorram, sempre com o objetivo de melhorar a experi\u00eancia do usu\u00e1rio. A capacidade de se adaptar rapidamente \u00e0s tend\u00eancias e necessidades dos usu\u00e1rios ser\u00e1 crucial para o sucesso cont\u00ednuo da plataforma no competitivo mundo das redes sociais.<\/p>\n","protected":false},"excerpt":{"rendered":"<p>O Instagram anuncia mudan\u00e7as significativas com a remo\u00e7\u00e3o de recursos pouco utilizados, focando na simplifica\u00e7\u00e3o.<\/p>\n","protected":false},"author":3,"featured_media":16974,"comment_status":"open","ping_status":"open","sticky":false,"template":"","format":"standard","meta":{"_yoast_wpseo_focuskw":"instagram","_yoast_wpseo_title":"%%title%%","_yoast_wpseo_metadesc":"O Instagram anuncia mudan\u00e7as significativas com a remo\u00e7\u00e3o de recursos pouco utilizados, focando na simplifica\u00e7\u00e3o.","jnews-multi-image_gallery":[],"jnews_single_post":{"format":"standard"},"jnews_primary_category":[],"jnews_social_meta":[],"jnews_override_counter":[],"footnotes":""},"categories":[115],"tags":[840],"class_list":["post-16973","post","type-post","status-publish","format-standard","has-post-thumbnail","hentry","category-tecnologia","tag-instagram"],"yoast_head":"<!-- This site is optimized with the Yoast SEO plugin v24.6 - https:\/\/yoast.com\/wordpress\/plugins\/seo\/ -->\n<title>Instagram anuncia fim de servi\u00e7o e choca internautas<\/title>\n<meta name=\"description\" content=\"O Instagram anuncia mudan\u00e7as significativas com a remo\u00e7\u00e3o de recursos pouco utilizados, focando na simplifica\u00e7\u00e3o.\" \/>\n<meta name=\"robots\" content=\"index, follow, max-snippet:-1, max-image-preview:large, max-video-preview:-1\" \/>\n<link rel=\"canonical\" href=\"https:\/\/www.correiobraziliense.com.br\/cbradar\/instagram-anuncia-fim-de-servico-e-choca-internautas\/\" \/>\n<meta property=\"og:locale\" content=\"pt_BR\" \/>\n<meta property=\"og:type\" content=\"article\" \/>\n<meta property=\"og:title\" content=\"Instagram anuncia fim de servi\u00e7o e choca internautas\" \/>\n<meta property=\"og:description\" content=\"O Instagram anuncia mudan\u00e7as significativas com a remo\u00e7\u00e3o de recursos pouco utilizados, focando na simplifica\u00e7\u00e3o.\" \/>\n<meta property=\"og:url\" content=\"https:\/\/www.correiobraziliense.com.br\/cbradar\/instagram-anuncia-fim-de-servico-e-choca-internautas\/\" \/>\n<meta property=\"og:site_name\" content=\"Correio Braziliense - Radar\" \/>\n<meta property=\"article:published_time\" content=\"2025-03-30T10:50:00+00:00\" \/>\n<meta property=\"og:image\" content=\"https:\/\/www.correiobraziliense.com.br\/cbradar\/wp-content\/uploads\/2025\/03\/Instagram_1743259040401.jpg\" \/>\n\t<meta property=\"og:image:width\" content=\"1280\" \/>\n\t<meta property=\"og:image:height\" content=\"720\" \/>\n\t<meta property=\"og:image:type\" content=\"image\/jpeg\" \/>\n<meta name=\"author\" content=\"Larissa Carvalho\" \/>\n<meta name=\"twitter:card\" content=\"summary_large_image\" \/>\n<meta name=\"twitter:label1\" content=\"Escrito por\" \/>\n\t<meta name=\"twitter:data1\" content=\"Larissa Carvalho\" \/>\n\t<meta name=\"twitter:label2\" content=\"Est. tempo de leitura\" \/>\n\t<meta name=\"twitter:data2\" content=\"3 minutos\" \/>\n<!-- \/ Yoast SEO plugin. -->","yoast_head_json":{"title":"Instagram anuncia fim de servi\u00e7o e choca internautas","description":"O Instagram anuncia mudan\u00e7as significativas com a remo\u00e7\u00e3o de recursos pouco utilizados, focando na simplifica\u00e7\u00e3o.","robots":{"index":"index","follow":"follow","max-snippet":"max-snippet:-1","max-image-preview":"max-image-preview:large","max-video-preview":"max-video-preview:-1"},"canonical":"https:\/\/www.correiobraziliense.com.br\/cbradar\/instagram-anuncia-fim-de-servico-e-choca-internautas\/","og_locale":"pt_BR","og_type":"article","og_title":"Instagram anuncia fim de servi\u00e7o e choca internautas","og_description":"O Instagram anuncia mudan\u00e7as significativas com a remo\u00e7\u00e3o de recursos pouco utilizados, focando na simplifica\u00e7\u00e3o.","og_url":"https:\/\/www.correiobraziliense.com.br\/cbradar\/instagram-anuncia-fim-de-servico-e-choca-internautas\/","og_site_name":"Correio Braziliense - Radar","article_published_time":"2025-03-30T10:50:00+00:00","og_image":[{"width":1280,"height":720,"url":"https:\/\/www.correiobraziliense.com.br\/cbradar\/wp-content\/uploads\/2025\/03\/Instagram_1743259040401.jpg","type":"image\/jpeg"}],"author":"Larissa Carvalho","twitter_card":"summary_large_image","twitter_misc":{"Escrito por":"Larissa Carvalho","Est. tempo de leitura":"3 minutos"},"schema":{"@context":"https:\/\/schema.org","@graph":[{"@type":"WebPage","@id":"https:\/\/www.correiobraziliense.com.br\/cbradar\/instagram-anuncia-fim-de-servico-e-choca-internautas\/","url":"https:\/\/www.correiobraziliense.com.br\/cbradar\/instagram-anuncia-fim-de-servico-e-choca-internautas\/","name":"Instagram anuncia fim de servi\u00e7o e choca internautas","isPartOf":{"@id":"https:\/\/www.correiobraziliense.com.br\/cbradar\/#website"},"primaryImageOfPage":{"@id":"https:\/\/www.correiobraziliense.com.br\/cbradar\/instagram-anuncia-fim-de-servico-e-choca-internautas\/#primaryimage"},"image":{"@id":"https:\/\/www.correiobraziliense.com.br\/cbradar\/instagram-anuncia-fim-de-servico-e-choca-internautas\/#primaryimage"},"thumbnailUrl":"https:\/\/www.correiobraziliense.com.br\/cbradar\/wp-content\/uploads\/2025\/03\/Instagram_1743259040401.jpg","datePublished":"2025-03-30T10:50:00+00:00","author":{"@id":"https:\/\/www.correiobraziliense.com.br\/cbradar\/#\/schema\/person\/58422787644df994b53a19d3e56c1513"},"description":"O Instagram anuncia mudan\u00e7as significativas com a remo\u00e7\u00e3o de recursos pouco utilizados, focando na simplifica\u00e7\u00e3o.","breadcrumb":{"@id":"https:\/\/www.correiobraziliense.com.br\/cbradar\/instagram-anuncia-fim-de-servico-e-choca-internautas\/#breadcrumb"},"inLanguage":"pt-BR","potentialAction":[{"@type":"ReadAction","target":["https:\/\/www.correiobraziliense.com.br\/cbradar\/instagram-anuncia-fim-de-servico-e-choca-internautas\/"]}]},{"@type":"ImageObject","inLanguage":"pt-BR","@id":"https:\/\/www.correiobraziliense.com.br\/cbradar\/instagram-anuncia-fim-de-servico-e-choca-internautas\/#primaryimage","url":"https:\/\/www.correiobraziliense.com.br\/cbradar\/wp-content\/uploads\/2025\/03\/Instagram_1743259040401.jpg","contentUrl":"https:\/\/www.correiobraziliense.com.br\/cbradar\/wp-content\/uploads\/2025\/03\/Instagram_1743259040401.jpg","width":1280,"height":720,"caption":"Instagram. Cr\u00e9ditos: depositphotos.com \/ Primakov"},{"@type":"BreadcrumbList","@id":"https:\/\/www.correiobraziliense.com.br\/cbradar\/instagram-anuncia-fim-de-servico-e-choca-internautas\/#breadcrumb","itemListElement":[{"@type":"ListItem","position":1,"name":"In\u00edcio","item":"https:\/\/www.correiobraziliense.com.br\/cbradar\/"},{"@type":"ListItem","position":2,"name":"Instagram anuncia fim de servi\u00e7o e choca internautas"}]},{"@type":"WebSite","@id":"https:\/\/www.correiobraziliense.com.br\/cbradar\/#website","url":"https:\/\/www.correiobraziliense.com.br\/cbradar\/","name":"Correio Braziliense - Radar","description":"Acompanhe as \u00faltimas not\u00edcias e fique bem informado sobre tudo o que acontece no Brasil e no mundo.","potentialAction":[{"@type":"SearchAction","target":{"@type":"EntryPoint","urlTemplate":"https:\/\/www.correiobraziliense.com.br\/cbradar\/?s={search_term_string}"},"query-input":{"@type":"PropertyValueSpecification","valueRequired":true,"valueName":"search_term_string"}}],"inLanguage":"pt-BR"},{"@type":"Person","@id":"https:\/\/www.correiobraziliense.com.br\/cbradar\/#\/schema\/person\/58422787644df994b53a19d3e56c1513","name":"Larissa Carvalho","image":{"@type":"ImageObject","inLanguage":"pt-BR","@id":"https:\/\/www.correiobraziliense.com.br\/cbradar\/#\/schema\/person\/image\/","url":"https:\/\/secure.gravatar.com\/avatar\/fe4f91a0de32b52a838d0d612abdc1aa?s=96&d=mm&r=g","contentUrl":"https:\/\/secure.gravatar.com\/avatar\/fe4f91a0de32b52a838d0d612abdc1aa?s=96&d=mm&r=g","caption":"Larissa Carvalho"},"url":"https:\/\/www.correiobraziliense.com.br\/cbradar\/author\/larissamyth\/"}]}},"_links":{"self":[{"href":"https:\/\/www.correiobraziliense.com.br\/cbradar\/wp-json\/wp\/v2\/posts\/16973","targetHints":{"allow":["GET"]}}],"collection":[{"href":"https:\/\/www.correiobraziliense.com.br\/cbradar\/wp-json\/wp\/v2\/posts"}],"about":[{"href":"https:\/\/www.correiobraziliense.com.br\/cbradar\/wp-json\/wp\/v2\/types\/post"}],"author":[{"embeddable":true,"href":"https:\/\/www.correiobraziliense.com.br\/cbradar\/wp-json\/wp\/v2\/users\/3"}],"replies":[{"embeddable":true,"href":"https:\/\/www.correiobraziliense.com.br\/cbradar\/wp-json\/wp\/v2\/comments?post=16973"}],"version-history":[{"count":1,"href":"https:\/\/www.correiobraziliense.com.br\/cbradar\/wp-json\/wp\/v2\/posts\/16973\/revisions"}],"predecessor-version":[{"id":16976,"href":"https:\/\/www.correiobraziliense.com.br\/cbradar\/wp-json\/wp\/v2\/posts\/16973\/revisions\/16976"}],"wp:featuredmedia":[{"embeddable":true,"href":"https:\/\/www.correiobraziliense.com.br\/cbradar\/wp-json\/wp\/v2\/media\/16974"}],"wp:attachment":[{"href":"https:\/\/www.correiobraziliense.com.br\/cbradar\/wp-json\/wp\/v2\/media?parent=16973"}],"wp:term":[{"taxonomy":"category","embeddable":true,"href":"https:\/\/www.correiobraziliense.com.br\/cbradar\/wp-json\/wp\/v2\/categories?post=16973"},{"taxonomy":"post_tag","embeddable":true,"href":"https:\/\/www.correiobraziliense.com.br\/cbradar\/wp-json\/wp\/v2\/tags?post=16973"}],"curies":[{"name":"wp","href":"https:\/\/api.w.org\/{rel}","templated":true}]}}