{"id":169943,"date":"2026-01-07T07:45:00","date_gmt":"2026-01-07T10:45:00","guid":{"rendered":"https:\/\/www.correiobraziliense.com.br\/cbradar\/?p=169943"},"modified":"2026-01-06T12:21:34","modified_gmt":"2026-01-06T15:21:34","slug":"o-fator-invisivel-que-dificulta-emagrecer-para-milhoes","status":"publish","type":"post","link":"https:\/\/www.correiobraziliense.com.br\/cbradar\/o-fator-invisivel-que-dificulta-emagrecer-para-milhoes\/","title":{"rendered":"O fator invis\u00edvel que dificulta emagrecer para milh\u00f5es"},"content":{"rendered":"\n<p>A cren\u00e7a de que a <strong>Obesidade <\/strong>est\u00e1 exclusivamente ligada \u00e0 falta de autocontrole ainda \u00e9 predominante em muitas narrativas sociais. Embora a mudan\u00e7a de h\u00e1bitos pessoais seja parte integral na gest\u00e3o do peso, especialistas como Bini Suresh enfatizam que reduzir o tema a quest\u00f5es de vontade ignora elementos mais amplos e sist\u00eamicos envolvidos.<\/p>\n\n\n\n<p>Estudos demonstram que fatores gen\u00e9ticos desempenham um papel crucial no desenvolvimento da Obesidade. Cerca de 20% da popula\u00e7\u00e3o mundial possuem uma muta\u00e7\u00e3o no gene MC4R, implicando no aumento da fome e na dificuldade em sentir saciedade. Isso indica que a alimenta\u00e7\u00e3o n\u00e3o \u00e9 apenas uma quest\u00e3o de decis\u00e3o consciente, mas uma batalha contra predisposi\u00e7\u00f5es biol\u00f3gicas.<\/p>\n\n\n\n<h2 class=\"wp-block-heading\">Quais Fatores Biol\u00f3gicos e Ambientais Influenciam o Peso?<\/h2>\n\n\n\n<p>A Obesidade resulta de uma intera\u00e7\u00e3o complexa entre gen\u00e9tica, metabolismo e ambiente. Para al\u00e9m dos genes que afetam o apetite e o metabolismo, o ambiente contempor\u00e2neo \u2014 caracterizado pela abund\u00e2ncia de alimentos ultraprocessados e estilos de vida sedent\u00e1rios \u2014 contribui significativamente para o aumento do peso populacional.<\/p>\n\n\n\n<p>Especialistas destacam o conceito de ambiente obesog\u00eanico, onde a disponibilidade abundante de alimentos cal\u00f3ricos e a promo\u00e7\u00e3o cont\u00ednua de junk food agravam o problema. Mesmo pessoas com alta motiva\u00e7\u00e3o enfrentam dificuldades para manter uma alimenta\u00e7\u00e3o saud\u00e1vel num cen\u00e1rio repleto de tenta\u00e7\u00f5es constantes.<\/p>\n\n\n\n<figure class=\"wp-block-image aligncenter size-large\"><img decoding=\"async\" width=\"1024\" height=\"576\" src=\"https:\/\/www.correiobraziliense.com.br\/cbradar\/wp-content\/uploads\/2025\/05\/obesidade-jovem_1747156920905-1024x576.jpg\" alt=\"\" class=\"wp-image-36284\" srcset=\"https:\/\/www.correiobraziliense.com.br\/cbradar\/wp-content\/uploads\/2025\/05\/obesidade-jovem_1747156920905-1024x576.jpg 1024w, https:\/\/www.correiobraziliense.com.br\/cbradar\/wp-content\/uploads\/2025\/05\/obesidade-jovem_1747156920905-300x169.jpg 300w, https:\/\/www.correiobraziliense.com.br\/cbradar\/wp-content\/uploads\/2025\/05\/obesidade-jovem_1747156920905-768x432.jpg 768w, https:\/\/www.correiobraziliense.com.br\/cbradar\/wp-content\/uploads\/2025\/05\/obesidade-jovem_1747156920905-750x422.jpg 750w, https:\/\/www.correiobraziliense.com.br\/cbradar\/wp-content\/uploads\/2025\/05\/obesidade-jovem_1747156920905-1140x641.jpg 1140w, https:\/\/www.correiobraziliense.com.br\/cbradar\/wp-content\/uploads\/2025\/05\/obesidade-jovem_1747156920905.jpg 1280w\" sizes=\"(max-width: 1024px) 100vw, 1024px\" \/><figcaption class=\"wp-element-caption\">Obesidade  &#8211; Cr\u00e9ditos: depositphotos.com \/ tortoon\n\n<\/figcaption><\/figure>\n\n\n\n<h2 class=\"wp-block-heading\">Como as quest\u00f5es econ\u00f4micas impactam a Obesidade?<\/h2>\n\n\n\n<p>A quest\u00e3o n\u00e3o \u00e9 apenas biol\u00f3gica ou comportamental, mas tamb\u00e9m social e econ\u00f4mica. Alimentos nutritivos frequentemente custam mais do que os menos saud\u00e1veis. Em comunidades com menos recursos, pode ser um desafio adotar dietas mais saud\u00e1veis, exacerbando as taxas de Obesidade entre os grupos mais desfavorecidos.<\/p>\n\n\n\n<p>Al\u00e9m disso, estrat\u00e9gias de marketing frequentemente se direcionam a alimentos menos saud\u00e1veis, tornando esses produtos mais vis\u00edveis e atrativos. Os esfor\u00e7os legislativos para mitigar esse impacto, como a restri\u00e7\u00e3o de an\u00fancios de comidas cal\u00f3ricas, pretendem diminuir a exposi\u00e7\u00e3o e as escolhas nocivas \u00e0 <a href=\"https:\/\/www.correiobraziliense.com.br\/cbradar\/a-fruta-rara-que-protege-celulas-e-fortalece-a-imunidade\/\" target=\"_blank\" rel=\"noreferrer noopener\">sa\u00fade<\/a>.<\/p>\n\n\n\n<h2 class=\"wp-block-heading\">Qual \u00e9 o papel do governo e da sociedade na preven\u00e7\u00e3o da Obesidade?<\/h2>\n\n\n\n<p>No Reino Unido, o governo implementou restri\u00e7\u00f5es de marketing para alimentos n\u00e3o saud\u00e1veis, tentando abordar esta quest\u00e3o atrav\u00e9s de um controle regulat\u00f3rio. No entanto, muitos acreditam que a mudan\u00e7a real requer altera\u00e7\u00f5es profundas e sustentadas no estilo de vida, algo que requer apoio al\u00e9m de medidas legislativas isoladas.<\/p>\n\n\n\n<p>A diretora de sa\u00fade p\u00fablica Alice Wiseman sugere que, enquanto a responsabilidade pessoal \u00e9 relevante, a compreens\u00e3o dos fatores externos \u00e9 essencial. Construir um sistema de apoio mais compassivo, baseado em ci\u00eancia e adapta\u00e7\u00e3o comportamental, pode oferecer melhores resultados a longo prazo.<\/p>\n\n\n\n<h2 class=\"wp-block-heading\">Como mudar o foco da culpa para a compreens\u00e3o e apoio?<\/h2>\n\n\n\n<p>Mudar a narrativa de culpa individual para uma vis\u00e3o mais hol\u00edstica pode ajudar a tratar a Obesidade de forma mais eficaz. Isso envolve reconhecer que, embora a for\u00e7a de vontade desempenhe um papel, n\u00e3o \u00e9 o \u00fanico fator em jogo. A integra\u00e7\u00e3o de interven\u00e7\u00f5es psicol\u00f3gicas, estrat\u00e9gias de nutri\u00e7\u00e3o e suporte comunit\u00e1rio pode auxiliar na redu\u00e7\u00e3o das taxas de Obesidade.<\/p>\n\n\n\n<p>Entender que a Obesidade \u00e9 uma condi\u00e7\u00e3o multifacetada \u2014 influenciada por gen\u00e9tica, ambiente e fatores sociais \u2014 permite que as intera\u00e7\u00f5es com a alimenta\u00e7\u00e3o e o peso corporal sejam tratadas com mais empatia e efic\u00e1cia, promovendo estrat\u00e9gias de longo prazo para a sa\u00fade e bem-estar.<\/p>\n\n\n<a href=\"https:\/\/www.instagram.com\/dra.annaluisabf\/\" target=\"_blank\" rel=\"noopener\" style=\"text-decoration: none; color: inherit;\">\n    <span style=\"display: inline-block; border: 1px solid #ccc; border-radius: 10px; padding: 15px; max-width: 550px; font-family: sans-serif; box-shadow: 0 2px 5px rgba(0,0,0,0.1); width: 100%;\">\n\n      <!-- T\u00edtulo -->\n      <span style=\"display: block; margin: 0 0 15px 0; font-weight: bold; color: #2c3e50; text-align: center;\">\n        Entre em contato:\n      <\/span>\n\n      <!-- Linha do perfil -->\n      <span style=\"display: flex; align-items: center; gap: 15px;\">\n        <img decoding=\"async\"\n          src=\"https:\/\/www.correiobraziliense.com.br\/cbradar\/wp-content\/uploads\/2025\/08\/dra_anna_luisa.jpeg\"\n          alt=\"Foto da Dra. Anna Lu\u00edsa\"\n          style=\"border-radius: 50%; width: 80px; height: 80px; object-fit: cover;\"\n        \/>\n        <span style=\"display: flex; flex-direction: column;\">\n          <span style=\"font-size: 18px; font-weight: 700; color: #2c3e50;\">Dra. Anna Lu\u00edsa Barbosa Fernandes<\/span>\n          <span style=\"color: #555;\">CRM-GO 33.271<\/span>\n        <\/span>\n      <\/span>\n\n      <!-- Redes -->\n      <span style=\"display: flex; align-items: center; gap: 10px; margin-top: 12px;\">\n        <img decoding=\"async\" src=\"https:\/\/cdn-icons-png.flaticon.com\/24\/1384\/1384063.png\" alt=\"Instagram\" width=\"24\" height=\"24\" \/>\n        <span style=\"text-decoration: underline; color: #2c3e50;\">@dra.annaluisabf<\/span>\n      <\/span>\n\n    <\/span>\n  <\/a>","protected":false},"excerpt":{"rendered":"<p>A cren\u00e7a de que a Obesidade est\u00e1 exclusivamente ligada \u00e0 falta de autocontrole ainda \u00e9 predominante em muitas narrativas sociais. Embora a mudan\u00e7a de h\u00e1bitos pessoais seja parte integral na gest\u00e3o do peso, especialistas como Bini Suresh enfatizam que reduzir o tema a quest\u00f5es de vontade ignora elementos mais amplos e sist\u00eamicos envolvidos. Estudos demonstram [&hellip;]<\/p>\n","protected":false},"author":14,"featured_media":36285,"comment_status":"open","ping_status":"open","sticky":false,"template":"","format":"standard","meta":{"_yoast_wpseo_focuskw":"Obesidade","_yoast_wpseo_title":"","_yoast_wpseo_metadesc":"A obesidade envolve gen\u00e9tica, ambiente e fatores sociais, indo muito al\u00e9m da simples for\u00e7a de vontade.","jnews-multi-image_gallery":[],"jnews_single_post":{"format":"standard"},"jnews_primary_category":[],"jnews_social_meta":[],"jnews_override_counter":[],"footnotes":""},"categories":[4404],"tags":[281,120,1318],"class_list":["post-169943","post","type-post","status-publish","format-standard","has-post-thumbnail","hentry","category-saude","tag-alimentacao","tag-bem-estar","tag-saude-2"],"yoast_head":"<!-- This site is optimized with the Yoast SEO plugin v24.6 - https:\/\/yoast.com\/wordpress\/plugins\/seo\/ -->\n<title>O fator invis\u00edvel que dificulta emagrecer para milh\u00f5es - Correio Braziliense - Radar<\/title>\n<meta name=\"description\" content=\"A obesidade envolve gen\u00e9tica, ambiente e fatores sociais, indo muito al\u00e9m da simples for\u00e7a de vontade.\" \/>\n<meta name=\"robots\" content=\"index, follow, max-snippet:-1, max-image-preview:large, max-video-preview:-1\" \/>\n<link rel=\"canonical\" href=\"https:\/\/www.correiobraziliense.com.br\/cbradar\/o-fator-invisivel-que-dificulta-emagrecer-para-milhoes\/\" \/>\n<meta property=\"og:locale\" content=\"pt_BR\" \/>\n<meta property=\"og:type\" content=\"article\" \/>\n<meta property=\"og:title\" content=\"O fator invis\u00edvel que dificulta emagrecer para milh\u00f5es - Correio Braziliense - Radar\" \/>\n<meta property=\"og:description\" content=\"A obesidade envolve gen\u00e9tica, ambiente e fatores sociais, indo muito al\u00e9m da simples for\u00e7a de vontade.\" \/>\n<meta property=\"og:url\" content=\"https:\/\/www.correiobraziliense.com.br\/cbradar\/o-fator-invisivel-que-dificulta-emagrecer-para-milhoes\/\" \/>\n<meta property=\"og:site_name\" content=\"Correio Braziliense - Radar\" \/>\n<meta property=\"article:published_time\" content=\"2026-01-07T10:45:00+00:00\" \/>\n<meta property=\"og:image\" content=\"https:\/\/www.correiobraziliense.com.br\/cbradar\/wp-content\/uploads\/2025\/05\/obesidade-jovem_1747156991599.jpg\" \/>\n\t<meta property=\"og:image:width\" content=\"1280\" \/>\n\t<meta property=\"og:image:height\" content=\"720\" \/>\n\t<meta property=\"og:image:type\" content=\"image\/jpeg\" \/>\n<meta name=\"author\" content=\"guilherme_saude\" \/>\n<meta name=\"twitter:card\" content=\"summary_large_image\" \/>\n<meta name=\"twitter:label1\" content=\"Escrito por\" \/>\n\t<meta name=\"twitter:data1\" content=\"guilherme_saude\" \/>\n\t<meta name=\"twitter:label2\" content=\"Est. tempo de leitura\" \/>\n\t<meta name=\"twitter:data2\" content=\"4 minutos\" \/>\n<!-- \/ Yoast SEO plugin. -->","yoast_head_json":{"title":"O fator invis\u00edvel que dificulta emagrecer para milh\u00f5es - Correio Braziliense - Radar","description":"A obesidade envolve gen\u00e9tica, ambiente e fatores sociais, indo muito al\u00e9m da simples for\u00e7a de vontade.","robots":{"index":"index","follow":"follow","max-snippet":"max-snippet:-1","max-image-preview":"max-image-preview:large","max-video-preview":"max-video-preview:-1"},"canonical":"https:\/\/www.correiobraziliense.com.br\/cbradar\/o-fator-invisivel-que-dificulta-emagrecer-para-milhoes\/","og_locale":"pt_BR","og_type":"article","og_title":"O fator invis\u00edvel que dificulta emagrecer para milh\u00f5es - Correio Braziliense - Radar","og_description":"A obesidade envolve gen\u00e9tica, ambiente e fatores sociais, indo muito al\u00e9m da simples for\u00e7a de vontade.","og_url":"https:\/\/www.correiobraziliense.com.br\/cbradar\/o-fator-invisivel-que-dificulta-emagrecer-para-milhoes\/","og_site_name":"Correio Braziliense - Radar","article_published_time":"2026-01-07T10:45:00+00:00","og_image":[{"width":1280,"height":720,"url":"https:\/\/www.correiobraziliense.com.br\/cbradar\/wp-content\/uploads\/2025\/05\/obesidade-jovem_1747156991599.jpg","type":"image\/jpeg"}],"author":"guilherme_saude","twitter_card":"summary_large_image","twitter_misc":{"Escrito por":"guilherme_saude","Est. tempo de leitura":"4 minutos"},"schema":{"@context":"https:\/\/schema.org","@graph":[{"@type":"WebPage","@id":"https:\/\/www.correiobraziliense.com.br\/cbradar\/o-fator-invisivel-que-dificulta-emagrecer-para-milhoes\/","url":"https:\/\/www.correiobraziliense.com.br\/cbradar\/o-fator-invisivel-que-dificulta-emagrecer-para-milhoes\/","name":"O fator invis\u00edvel que dificulta emagrecer para milh\u00f5es - Correio Braziliense - Radar","isPartOf":{"@id":"https:\/\/www.correiobraziliense.com.br\/cbradar\/#website"},"primaryImageOfPage":{"@id":"https:\/\/www.correiobraziliense.com.br\/cbradar\/o-fator-invisivel-que-dificulta-emagrecer-para-milhoes\/#primaryimage"},"image":{"@id":"https:\/\/www.correiobraziliense.com.br\/cbradar\/o-fator-invisivel-que-dificulta-emagrecer-para-milhoes\/#primaryimage"},"thumbnailUrl":"https:\/\/www.correiobraziliense.com.br\/cbradar\/wp-content\/uploads\/2025\/05\/obesidade-jovem_1747156991599.jpg","datePublished":"2026-01-07T10:45:00+00:00","author":{"@id":"https:\/\/www.correiobraziliense.com.br\/cbradar\/#\/schema\/person\/5aa4bf3c8fa699c267933611de12978b"},"description":"A obesidade envolve gen\u00e9tica, ambiente e fatores sociais, indo muito al\u00e9m da simples for\u00e7a de vontade.","breadcrumb":{"@id":"https:\/\/www.correiobraziliense.com.br\/cbradar\/o-fator-invisivel-que-dificulta-emagrecer-para-milhoes\/#breadcrumb"},"inLanguage":"pt-BR","potentialAction":[{"@type":"ReadAction","target":["https:\/\/www.correiobraziliense.com.br\/cbradar\/o-fator-invisivel-que-dificulta-emagrecer-para-milhoes\/"]}]},{"@type":"ImageObject","inLanguage":"pt-BR","@id":"https:\/\/www.correiobraziliense.com.br\/cbradar\/o-fator-invisivel-que-dificulta-emagrecer-para-milhoes\/#primaryimage","url":"https:\/\/www.correiobraziliense.com.br\/cbradar\/wp-content\/uploads\/2025\/05\/obesidade-jovem_1747156991599.jpg","contentUrl":"https:\/\/www.correiobraziliense.com.br\/cbradar\/wp-content\/uploads\/2025\/05\/obesidade-jovem_1747156991599.jpg","width":1280,"height":720,"caption":"Obesidade - Cr\u00e9ditos: depositphotos.com \/ Zaleskyphoto"},{"@type":"BreadcrumbList","@id":"https:\/\/www.correiobraziliense.com.br\/cbradar\/o-fator-invisivel-que-dificulta-emagrecer-para-milhoes\/#breadcrumb","itemListElement":[{"@type":"ListItem","position":1,"name":"In\u00edcio","item":"https:\/\/www.correiobraziliense.com.br\/cbradar\/"},{"@type":"ListItem","position":2,"name":"O fator invis\u00edvel que dificulta emagrecer para milh\u00f5es"}]},{"@type":"WebSite","@id":"https:\/\/www.correiobraziliense.com.br\/cbradar\/#website","url":"https:\/\/www.correiobraziliense.com.br\/cbradar\/","name":"Correio Braziliense - Radar","description":"Acompanhe as \u00faltimas not\u00edcias e fique bem informado sobre tudo o que acontece no Brasil e no mundo.","potentialAction":[{"@type":"SearchAction","target":{"@type":"EntryPoint","urlTemplate":"https:\/\/www.correiobraziliense.com.br\/cbradar\/?s={search_term_string}"},"query-input":{"@type":"PropertyValueSpecification","valueRequired":true,"valueName":"search_term_string"}}],"inLanguage":"pt-BR"},{"@type":"Person","@id":"https:\/\/www.correiobraziliense.com.br\/cbradar\/#\/schema\/person\/5aa4bf3c8fa699c267933611de12978b","name":"guilherme_saude","image":{"@type":"ImageObject","inLanguage":"pt-BR","@id":"https:\/\/www.correiobraziliense.com.br\/cbradar\/#\/schema\/person\/image\/","url":"https:\/\/secure.gravatar.com\/avatar\/df9adfb835d344bc0af109d41756253f?s=96&d=mm&r=g","contentUrl":"https:\/\/secure.gravatar.com\/avatar\/df9adfb835d344bc0af109d41756253f?s=96&d=mm&r=g","caption":"guilherme_saude"},"url":"https:\/\/www.correiobraziliense.com.br\/cbradar\/author\/guilherme_saude\/"}]}},"_links":{"self":[{"href":"https:\/\/www.correiobraziliense.com.br\/cbradar\/wp-json\/wp\/v2\/posts\/169943","targetHints":{"allow":["GET"]}}],"collection":[{"href":"https:\/\/www.correiobraziliense.com.br\/cbradar\/wp-json\/wp\/v2\/posts"}],"about":[{"href":"https:\/\/www.correiobraziliense.com.br\/cbradar\/wp-json\/wp\/v2\/types\/post"}],"author":[{"embeddable":true,"href":"https:\/\/www.correiobraziliense.com.br\/cbradar\/wp-json\/wp\/v2\/users\/14"}],"replies":[{"embeddable":true,"href":"https:\/\/www.correiobraziliense.com.br\/cbradar\/wp-json\/wp\/v2\/comments?post=169943"}],"version-history":[{"count":1,"href":"https:\/\/www.correiobraziliense.com.br\/cbradar\/wp-json\/wp\/v2\/posts\/169943\/revisions"}],"predecessor-version":[{"id":169944,"href":"https:\/\/www.correiobraziliense.com.br\/cbradar\/wp-json\/wp\/v2\/posts\/169943\/revisions\/169944"}],"wp:featuredmedia":[{"embeddable":true,"href":"https:\/\/www.correiobraziliense.com.br\/cbradar\/wp-json\/wp\/v2\/media\/36285"}],"wp:attachment":[{"href":"https:\/\/www.correiobraziliense.com.br\/cbradar\/wp-json\/wp\/v2\/media?parent=169943"}],"wp:term":[{"taxonomy":"category","embeddable":true,"href":"https:\/\/www.correiobraziliense.com.br\/cbradar\/wp-json\/wp\/v2\/categories?post=169943"},{"taxonomy":"post_tag","embeddable":true,"href":"https:\/\/www.correiobraziliense.com.br\/cbradar\/wp-json\/wp\/v2\/tags?post=169943"}],"curies":[{"name":"wp","href":"https:\/\/api.w.org\/{rel}","templated":true}]}}