{"id":169956,"date":"2026-01-07T12:05:00","date_gmt":"2026-01-07T15:05:00","guid":{"rendered":"https:\/\/www.correiobraziliense.com.br\/cbradar\/?p=169956"},"modified":"2026-01-06T12:47:35","modified_gmt":"2026-01-06T15:47:35","slug":"os-sinais-silenciosos-de-transtornos-alimentares","status":"publish","type":"post","link":"https:\/\/www.correiobraziliense.com.br\/cbradar\/os-sinais-silenciosos-de-transtornos-alimentares\/","title":{"rendered":"Os sinais silenciosos de transtornos alimentares"},"content":{"rendered":"\n<p>Os <strong>Transtornos Alimentares<\/strong> s\u00e3o condi\u00e7\u00f5es <strong>Os sinais silenciosos de transtornos alimentares<\/strong><br>complexas que impactam significativamente a sa\u00fade mental e f\u00edsica dos indiv\u00edduos. Esses transtornos podem manifestar-se atrav\u00e9s de comportamentos alimentares an\u00f3malos e frequentemente est\u00e3o associados a preocupa\u00e7\u00f5es com a imagem corporal e o peso. A identifica\u00e7\u00e3o precoce desses sinais pode ser fundamental para a interven\u00e7\u00e3o e tratamento adequado.<\/p>\n\n\n\n<p>V\u00e1rios sinais podem indicar a presen\u00e7a de um transtorno alimentar. Por exemplo, a&nbsp;<strong>preocupa\u00e7\u00e3o excessiva com a forma do corpo<\/strong>&nbsp;e o peso \u00e9 um sinal comum. Indiv\u00edduos afetados podem se isolar socialmente devido \u00e0 percep\u00e7\u00e3o de estar acima do peso, o que pode levar a consequ\u00eancias emocionais e sociais adversas.<\/p>\n\n\n\n<h2 class=\"wp-block-heading\">Quais s\u00e3o os sinais de alerta comuns?<\/h2>\n\n\n\n<p>Os sinais de alerta de um transtorno alimentar s\u00e3o variados e podem incluir comportamentos como a pr\u00e1tica de dietas constantes. O sentimento de culpa ap\u00f3s as refei\u00e7\u00f5es \u00e9 outro indicador importante, pois reflete uma rela\u00e7\u00e3o n\u00e3o saud\u00e1vel com a alimenta\u00e7\u00e3o. Essa constante preocupa\u00e7\u00e3o com o que se vai comer pode ser desgastante e prejudicial.<\/p>\n\n\n<div class=\"wp-block-image\">\n<figure class=\"aligncenter size-large\"><img decoding=\"async\" width=\"1024\" height=\"576\" src=\"https:\/\/www.correiobraziliense.com.br\/cbradar\/wp-content\/uploads\/2026\/01\/Transtornos-Alimentares_1767714434971-1024x576.jpg\" alt=\"\" class=\"wp-image-169958\" srcset=\"https:\/\/www.correiobraziliense.com.br\/cbradar\/wp-content\/uploads\/2026\/01\/Transtornos-Alimentares_1767714434971-1024x576.jpg 1024w, https:\/\/www.correiobraziliense.com.br\/cbradar\/wp-content\/uploads\/2026\/01\/Transtornos-Alimentares_1767714434971-300x169.jpg 300w, https:\/\/www.correiobraziliense.com.br\/cbradar\/wp-content\/uploads\/2026\/01\/Transtornos-Alimentares_1767714434971-768x432.jpg 768w, https:\/\/www.correiobraziliense.com.br\/cbradar\/wp-content\/uploads\/2026\/01\/Transtornos-Alimentares_1767714434971-750x422.jpg 750w, https:\/\/www.correiobraziliense.com.br\/cbradar\/wp-content\/uploads\/2026\/01\/Transtornos-Alimentares_1767714434971-1140x641.jpg 1140w, https:\/\/www.correiobraziliense.com.br\/cbradar\/wp-content\/uploads\/2026\/01\/Transtornos-Alimentares_1767714434971.jpg 1280w\" sizes=\"(max-width: 1024px) 100vw, 1024px\" \/><figcaption class=\"wp-element-caption\">Transtornos Alimentares &#8211; Cr\u00e9ditos: depositphotos.com \/ doucefleur<\/figcaption><\/figure><\/div>\n\n\n<h2 class=\"wp-block-heading\">Como os comportamentos compensat\u00f3rios afetam a sa\u00fade?<\/h2>\n\n\n\n<p>Algumas pessoas recorrem a m\u00e9todos extremos como o\u00a0<em>v\u00f4mito autoinduzido<\/em>\u00a0ou exerc\u00edcios f\u00edsicos extenuantes para compensar a ingest\u00e3o alimentar, o que pode acarretar s\u00e9rios problemas de <a href=\"https:\/\/www.correiobraziliense.com.br\/cbradar\/a-fruta-rara-que-protege-celulas-e-fortalece-a-imunidade\/\" target=\"_blank\" rel=\"noreferrer noopener\">sa\u00fade<\/a>. A busca por justificativas para evitar a alimenta\u00e7\u00e3o e a perda de peso r\u00e1pida s\u00e3o atitudes frequentemente observadas nesses casos.<\/p>\n\n\n\n<h2 class=\"wp-block-heading\">O que fazer ao identificar esses sinais?<\/h2>\n\n\n\n<p>Ao identificar alguns desses sinais no cotidiano, \u00e9 crucial procurar ajuda profissional. Uma avalia\u00e7\u00e3o m\u00e9dica pode esclarecer o diagn\u00f3stico e o tratamento apropriado. Existem diferentes formas de abordagem, incluindo consultas presenciais em cl\u00ednicas especializadas e alternativas de teleconsulta, que oferecem atendimento acess\u00edvel e seguro.<\/p>\n\n\n\n<p>A interven\u00e7\u00e3o precoce \u00e9 essencial para prevenir complica\u00e7\u00f5es a longo prazo dos Transtornos Alimentares. Profissionais como psic\u00f3logos e nutricionistas desempenham um papel vital nesse processo de recupera\u00e7\u00e3o, ajudando a reconstruir uma rela\u00e7\u00e3o saud\u00e1vel com a alimenta\u00e7\u00e3o.<\/p>\n\n\n<a href=\"https:\/\/www.instagram.com\/dra.annaluisabf\/\" target=\"_blank\" rel=\"noopener\" style=\"text-decoration: none; color: inherit;\">\n    <span style=\"display: inline-block; border: 1px solid #ccc; border-radius: 10px; padding: 15px; max-width: 550px; font-family: sans-serif; box-shadow: 0 2px 5px rgba(0,0,0,0.1); width: 100%;\">\n\n      <!-- T\u00edtulo -->\n      <span style=\"display: block; margin: 0 0 15px 0; font-weight: bold; color: #2c3e50; text-align: center;\">\n        Entre em contato:\n      <\/span>\n\n      <!-- Linha do perfil -->\n      <span style=\"display: flex; align-items: center; gap: 15px;\">\n        <img decoding=\"async\"\n          src=\"https:\/\/www.correiobraziliense.com.br\/cbradar\/wp-content\/uploads\/2025\/08\/dra_anna_luisa.jpeg\"\n          alt=\"Foto da Dra. Anna Lu\u00edsa\"\n          style=\"border-radius: 50%; width: 80px; height: 80px; object-fit: cover;\"\n        \/>\n        <span style=\"display: flex; flex-direction: column;\">\n          <span style=\"font-size: 18px; font-weight: 700; color: #2c3e50;\">Dra. Anna Lu\u00edsa Barbosa Fernandes<\/span>\n          <span style=\"color: #555;\">CRM-GO 33.271<\/span>\n        <\/span>\n      <\/span>\n\n      <!-- Redes -->\n      <span style=\"display: flex; align-items: center; gap: 10px; margin-top: 12px;\">\n        <img decoding=\"async\" src=\"https:\/\/cdn-icons-png.flaticon.com\/24\/1384\/1384063.png\" alt=\"Instagram\" width=\"24\" height=\"24\" \/>\n        <span style=\"text-decoration: underline; color: #2c3e50;\">@dra.annaluisabf<\/span>\n      <\/span>\n\n    <\/span>\n  <\/a>","protected":false},"excerpt":{"rendered":"<p>Os Transtornos Alimentares s\u00e3o condi\u00e7\u00f5es Os sinais silenciosos de transtornos alimentarescomplexas que impactam significativamente a sa\u00fade mental e f\u00edsica dos indiv\u00edduos. Esses transtornos podem manifestar-se atrav\u00e9s de comportamentos alimentares an\u00f3malos e frequentemente est\u00e3o associados a preocupa\u00e7\u00f5es com a imagem corporal e o peso. A identifica\u00e7\u00e3o precoce desses sinais pode ser fundamental para a interven\u00e7\u00e3o e [&hellip;]<\/p>\n","protected":false},"author":14,"featured_media":169957,"comment_status":"open","ping_status":"open","sticky":false,"template":"","format":"standard","meta":{"_yoast_wpseo_focuskw":"Transtornos Alimentares","_yoast_wpseo_title":"","_yoast_wpseo_metadesc":"Os transtornos alimentares apresentam sinais emocionais e comportamentais que merecem aten\u00e7\u00e3o e interven\u00e7\u00e3o precoce.","jnews-multi-image_gallery":[],"jnews_single_post":{"format":"standard"},"jnews_primary_category":[],"jnews_social_meta":[],"jnews_override_counter":[],"footnotes":""},"categories":[4404],"tags":[281,120,1318],"class_list":["post-169956","post","type-post","status-publish","format-standard","has-post-thumbnail","hentry","category-saude","tag-alimentacao","tag-bem-estar","tag-saude-2"],"yoast_head":"<!-- This site is optimized with the Yoast SEO plugin v24.6 - https:\/\/yoast.com\/wordpress\/plugins\/seo\/ -->\n<title>Os sinais silenciosos de transtornos alimentares - Correio Braziliense - Radar<\/title>\n<meta name=\"description\" content=\"Os transtornos alimentares apresentam sinais emocionais e comportamentais que merecem aten\u00e7\u00e3o e interven\u00e7\u00e3o precoce.\" \/>\n<meta name=\"robots\" content=\"index, follow, max-snippet:-1, max-image-preview:large, max-video-preview:-1\" \/>\n<link rel=\"canonical\" href=\"https:\/\/www.correiobraziliense.com.br\/cbradar\/os-sinais-silenciosos-de-transtornos-alimentares\/\" \/>\n<meta property=\"og:locale\" content=\"pt_BR\" \/>\n<meta property=\"og:type\" content=\"article\" \/>\n<meta property=\"og:title\" content=\"Os sinais silenciosos de transtornos alimentares - Correio Braziliense - Radar\" \/>\n<meta property=\"og:description\" content=\"Os transtornos alimentares apresentam sinais emocionais e comportamentais que merecem aten\u00e7\u00e3o e interven\u00e7\u00e3o precoce.\" \/>\n<meta property=\"og:url\" content=\"https:\/\/www.correiobraziliense.com.br\/cbradar\/os-sinais-silenciosos-de-transtornos-alimentares\/\" \/>\n<meta property=\"og:site_name\" content=\"Correio Braziliense - Radar\" \/>\n<meta property=\"article:published_time\" content=\"2026-01-07T15:05:00+00:00\" \/>\n<meta property=\"og:image\" content=\"https:\/\/www.correiobraziliense.com.br\/cbradar\/wp-content\/uploads\/2026\/01\/Transtornos-Alimentares_1767714393259.jpg\" \/>\n\t<meta property=\"og:image:width\" content=\"1280\" \/>\n\t<meta property=\"og:image:height\" content=\"720\" \/>\n\t<meta property=\"og:image:type\" content=\"image\/jpeg\" \/>\n<meta name=\"author\" content=\"guilherme_saude\" \/>\n<meta name=\"twitter:card\" content=\"summary_large_image\" \/>\n<meta name=\"twitter:label1\" content=\"Escrito por\" \/>\n\t<meta name=\"twitter:data1\" content=\"guilherme_saude\" \/>\n\t<meta name=\"twitter:label2\" content=\"Est. tempo de leitura\" \/>\n\t<meta name=\"twitter:data2\" content=\"3 minutos\" \/>\n<!-- \/ Yoast SEO plugin. -->","yoast_head_json":{"title":"Os sinais silenciosos de transtornos alimentares - Correio Braziliense - Radar","description":"Os transtornos alimentares apresentam sinais emocionais e comportamentais que merecem aten\u00e7\u00e3o e interven\u00e7\u00e3o precoce.","robots":{"index":"index","follow":"follow","max-snippet":"max-snippet:-1","max-image-preview":"max-image-preview:large","max-video-preview":"max-video-preview:-1"},"canonical":"https:\/\/www.correiobraziliense.com.br\/cbradar\/os-sinais-silenciosos-de-transtornos-alimentares\/","og_locale":"pt_BR","og_type":"article","og_title":"Os sinais silenciosos de transtornos alimentares - Correio Braziliense - Radar","og_description":"Os transtornos alimentares apresentam sinais emocionais e comportamentais que merecem aten\u00e7\u00e3o e interven\u00e7\u00e3o precoce.","og_url":"https:\/\/www.correiobraziliense.com.br\/cbradar\/os-sinais-silenciosos-de-transtornos-alimentares\/","og_site_name":"Correio Braziliense - Radar","article_published_time":"2026-01-07T15:05:00+00:00","og_image":[{"width":1280,"height":720,"url":"https:\/\/www.correiobraziliense.com.br\/cbradar\/wp-content\/uploads\/2026\/01\/Transtornos-Alimentares_1767714393259.jpg","type":"image\/jpeg"}],"author":"guilherme_saude","twitter_card":"summary_large_image","twitter_misc":{"Escrito por":"guilherme_saude","Est. tempo de leitura":"3 minutos"},"schema":{"@context":"https:\/\/schema.org","@graph":[{"@type":"WebPage","@id":"https:\/\/www.correiobraziliense.com.br\/cbradar\/os-sinais-silenciosos-de-transtornos-alimentares\/","url":"https:\/\/www.correiobraziliense.com.br\/cbradar\/os-sinais-silenciosos-de-transtornos-alimentares\/","name":"Os sinais silenciosos de transtornos alimentares - Correio Braziliense - Radar","isPartOf":{"@id":"https:\/\/www.correiobraziliense.com.br\/cbradar\/#website"},"primaryImageOfPage":{"@id":"https:\/\/www.correiobraziliense.com.br\/cbradar\/os-sinais-silenciosos-de-transtornos-alimentares\/#primaryimage"},"image":{"@id":"https:\/\/www.correiobraziliense.com.br\/cbradar\/os-sinais-silenciosos-de-transtornos-alimentares\/#primaryimage"},"thumbnailUrl":"https:\/\/www.correiobraziliense.com.br\/cbradar\/wp-content\/uploads\/2026\/01\/Transtornos-Alimentares_1767714393259.jpg","datePublished":"2026-01-07T15:05:00+00:00","author":{"@id":"https:\/\/www.correiobraziliense.com.br\/cbradar\/#\/schema\/person\/5aa4bf3c8fa699c267933611de12978b"},"description":"Os transtornos alimentares apresentam sinais emocionais e comportamentais que merecem aten\u00e7\u00e3o e interven\u00e7\u00e3o precoce.","breadcrumb":{"@id":"https:\/\/www.correiobraziliense.com.br\/cbradar\/os-sinais-silenciosos-de-transtornos-alimentares\/#breadcrumb"},"inLanguage":"pt-BR","potentialAction":[{"@type":"ReadAction","target":["https:\/\/www.correiobraziliense.com.br\/cbradar\/os-sinais-silenciosos-de-transtornos-alimentares\/"]}]},{"@type":"ImageObject","inLanguage":"pt-BR","@id":"https:\/\/www.correiobraziliense.com.br\/cbradar\/os-sinais-silenciosos-de-transtornos-alimentares\/#primaryimage","url":"https:\/\/www.correiobraziliense.com.br\/cbradar\/wp-content\/uploads\/2026\/01\/Transtornos-Alimentares_1767714393259.jpg","contentUrl":"https:\/\/www.correiobraziliense.com.br\/cbradar\/wp-content\/uploads\/2026\/01\/Transtornos-Alimentares_1767714393259.jpg","width":1280,"height":720,"caption":"Transtornos Alimentares - Cr\u00e9ditos: depositphotos.com \/ gpointstudio"},{"@type":"BreadcrumbList","@id":"https:\/\/www.correiobraziliense.com.br\/cbradar\/os-sinais-silenciosos-de-transtornos-alimentares\/#breadcrumb","itemListElement":[{"@type":"ListItem","position":1,"name":"In\u00edcio","item":"https:\/\/www.correiobraziliense.com.br\/cbradar\/"},{"@type":"ListItem","position":2,"name":"Os sinais silenciosos de transtornos alimentares"}]},{"@type":"WebSite","@id":"https:\/\/www.correiobraziliense.com.br\/cbradar\/#website","url":"https:\/\/www.correiobraziliense.com.br\/cbradar\/","name":"Correio Braziliense - Radar","description":"Acompanhe as \u00faltimas not\u00edcias e fique bem informado sobre tudo o que acontece no Brasil e no mundo.","potentialAction":[{"@type":"SearchAction","target":{"@type":"EntryPoint","urlTemplate":"https:\/\/www.correiobraziliense.com.br\/cbradar\/?s={search_term_string}"},"query-input":{"@type":"PropertyValueSpecification","valueRequired":true,"valueName":"search_term_string"}}],"inLanguage":"pt-BR"},{"@type":"Person","@id":"https:\/\/www.correiobraziliense.com.br\/cbradar\/#\/schema\/person\/5aa4bf3c8fa699c267933611de12978b","name":"guilherme_saude","image":{"@type":"ImageObject","inLanguage":"pt-BR","@id":"https:\/\/www.correiobraziliense.com.br\/cbradar\/#\/schema\/person\/image\/","url":"https:\/\/secure.gravatar.com\/avatar\/df9adfb835d344bc0af109d41756253f?s=96&d=mm&r=g","contentUrl":"https:\/\/secure.gravatar.com\/avatar\/df9adfb835d344bc0af109d41756253f?s=96&d=mm&r=g","caption":"guilherme_saude"},"url":"https:\/\/www.correiobraziliense.com.br\/cbradar\/author\/guilherme_saude\/"}]}},"_links":{"self":[{"href":"https:\/\/www.correiobraziliense.com.br\/cbradar\/wp-json\/wp\/v2\/posts\/169956","targetHints":{"allow":["GET"]}}],"collection":[{"href":"https:\/\/www.correiobraziliense.com.br\/cbradar\/wp-json\/wp\/v2\/posts"}],"about":[{"href":"https:\/\/www.correiobraziliense.com.br\/cbradar\/wp-json\/wp\/v2\/types\/post"}],"author":[{"embeddable":true,"href":"https:\/\/www.correiobraziliense.com.br\/cbradar\/wp-json\/wp\/v2\/users\/14"}],"replies":[{"embeddable":true,"href":"https:\/\/www.correiobraziliense.com.br\/cbradar\/wp-json\/wp\/v2\/comments?post=169956"}],"version-history":[{"count":1,"href":"https:\/\/www.correiobraziliense.com.br\/cbradar\/wp-json\/wp\/v2\/posts\/169956\/revisions"}],"predecessor-version":[{"id":169959,"href":"https:\/\/www.correiobraziliense.com.br\/cbradar\/wp-json\/wp\/v2\/posts\/169956\/revisions\/169959"}],"wp:featuredmedia":[{"embeddable":true,"href":"https:\/\/www.correiobraziliense.com.br\/cbradar\/wp-json\/wp\/v2\/media\/169957"}],"wp:attachment":[{"href":"https:\/\/www.correiobraziliense.com.br\/cbradar\/wp-json\/wp\/v2\/media?parent=169956"}],"wp:term":[{"taxonomy":"category","embeddable":true,"href":"https:\/\/www.correiobraziliense.com.br\/cbradar\/wp-json\/wp\/v2\/categories?post=169956"},{"taxonomy":"post_tag","embeddable":true,"href":"https:\/\/www.correiobraziliense.com.br\/cbradar\/wp-json\/wp\/v2\/tags?post=169956"}],"curies":[{"name":"wp","href":"https:\/\/api.w.org\/{rel}","templated":true}]}}