{"id":169961,"date":"2026-01-07T17:15:00","date_gmt":"2026-01-07T20:15:00","guid":{"rendered":"https:\/\/www.correiobraziliense.com.br\/cbradar\/?p=169961"},"modified":"2026-01-06T12:49:00","modified_gmt":"2026-01-06T15:49:00","slug":"ficar-um-mes-sem-alcool-pode-mudar-seu-corpo","status":"publish","type":"post","link":"https:\/\/www.correiobraziliense.com.br\/cbradar\/ficar-um-mes-sem-alcool-pode-mudar-seu-corpo\/","title":{"rendered":"Ficar um m\u00eas sem \u00e1lcool pode mudar seu corpo"},"content":{"rendered":"\n<p>Ap\u00f3s um per\u00edodo festivo cheio de excessos, muitas pessoas adotam o movimento do <strong>Janeiro Seco<\/strong>, que encoraja a absten\u00e7\u00e3o completa do \u00e1lcool durante o primeiro m\u00eas do ano. Esta iniciativa, em grande parte originada na Europa e nos Estados Unidos, busca introduzir uma pausa no consumo alco\u00f3lico para promover efeitos positivos na sa\u00fade e no bem-estar geral.<\/p>\n\n\n\n<p>Um estudo recente publicado na revista cient\u00edfica &#8220;Alcohol and Alcoholism&#8221; sugere que passar um m\u00eas inteiro sem \u00e1lcool pode resultar em melhorias significativas na sa\u00fade. Os pesquisadores analisaram dados de mais de 150 mil participantes ao longo de 16 estudos, encontrando benef\u00edcios que incluem um sono mais reparador, melhorias no humor e na concentra\u00e7\u00e3o, al\u00e9m de perda de peso e redu\u00e7\u00e3o da press\u00e3o arterial.<\/p>\n\n\n\n<h2 class=\"wp-block-heading\">Como o Janeiro Seco pode transformar sua sa\u00fade?<\/h2>\n\n\n\n<p>A pr\u00e1tica de abster-se do \u00e1lcool por um m\u00eas tem demonstrado v\u00e1rios efeitos ben\u00e9ficos \u00e0 sa\u00fade. Participantes do movimento relatam uma fun\u00e7\u00e3o hep\u00e1tica aprimorada e uma sensa\u00e7\u00e3o geral de maior energia e vitalidade. Esses resultados demonstram que a pausa no consumo de bebidas alco\u00f3licas pode tamb\u00e9m trazer benef\u00edcio a longo prazo ao corpo.<\/p>\n\n\n<div class=\"wp-block-image\">\n<figure class=\"aligncenter size-large\"><img decoding=\"async\" width=\"1024\" height=\"576\" src=\"https:\/\/www.correiobraziliense.com.br\/cbradar\/wp-content\/uploads\/2025\/07\/Garrafas-de-Cerveja_1752328431097-1024x576.jpg\" alt=\"\" class=\"wp-image-68393\" srcset=\"https:\/\/www.correiobraziliense.com.br\/cbradar\/wp-content\/uploads\/2025\/07\/Garrafas-de-Cerveja_1752328431097-1024x576.jpg 1024w, https:\/\/www.correiobraziliense.com.br\/cbradar\/wp-content\/uploads\/2025\/07\/Garrafas-de-Cerveja_1752328431097-300x169.jpg 300w, https:\/\/www.correiobraziliense.com.br\/cbradar\/wp-content\/uploads\/2025\/07\/Garrafas-de-Cerveja_1752328431097-768x432.jpg 768w, https:\/\/www.correiobraziliense.com.br\/cbradar\/wp-content\/uploads\/2025\/07\/Garrafas-de-Cerveja_1752328431097-750x422.jpg 750w, https:\/\/www.correiobraziliense.com.br\/cbradar\/wp-content\/uploads\/2025\/07\/Garrafas-de-Cerveja_1752328431097-1140x641.jpg 1140w, https:\/\/www.correiobraziliense.com.br\/cbradar\/wp-content\/uploads\/2025\/07\/Garrafas-de-Cerveja_1752328431097.jpg 1280w\" sizes=\"(max-width: 1024px) 100vw, 1024px\" \/><figcaption class=\"wp-element-caption\">Garrafa de cerveja -Cr\u00e9ditos: depositphotos.com \/ Valentyn_Volkov<\/figcaption><\/figure><\/div>\n\n\n<p>Al\u00e9m das vantagens f\u00edsicas, reduzir-se o consumo de \u00e1lcool mesmo que temporariamente pode influenciar positivamente a <a href=\"https:\/\/www.correiobraziliense.com.br\/cbradar\/a-fruta-rara-que-protege-celulas-e-fortalece-a-imunidade\/\" target=\"_blank\" rel=\"noreferrer noopener\">sa\u00fade<\/a> mental. Muitos relatam uma diminui\u00e7\u00e3o na ansiedade e uma eleva\u00e7\u00e3o do humor, fatores que promovem uma sensa\u00e7\u00e3o de bem-estar que pode incentivar uma menor ingest\u00e3o de bebidas alco\u00f3licas futuramente.<\/p>\n\n\n\n<h2 class=\"wp-block-heading\">O Janeiro Seco pode alterar para sempre a rela\u00e7\u00e3o com o \u00e1lcool?<\/h2>\n\n\n\n<p>Megan Strowger, principal pesquisadora do estudo, afirma que o movimento do Janeiro Seco propicia um momento de reflex\u00e3o pessoal sobre a rela\u00e7\u00e3o com o \u00e1lcool. A campanha n\u00e3o apenas fornece uma oportunidade para reavaliar o comportamento de consumo, mas tamb\u00e9m encoraja a modera\u00e7\u00e3o futura. Esta pausada pode, por vezes, levar a uma redu\u00e7\u00e3o sustentada do consumo de bebidas alco\u00f3licas ao longo dos anos.<\/p>\n\n\n\n<p>Contudo, algumas pessoas podem encontrar dificuldades em completar o desafio e, em casos espor\u00e1dicos, retornar ao consumo excessivo ap\u00f3s o t\u00e9rmino do m\u00eas. Esses casos ressaltam a necessidade de apoio e orienta\u00e7\u00f5es adequadas ao longo do processo.<\/p>\n\n\n\n<h2 class=\"wp-block-heading\">Por que as taxas de consumo de \u00e1lcool est\u00e3o diminuindo?<\/h2>\n\n\n\n<p>A queda global no consumo de \u00e1lcool reflete uma mudan\u00e7a cultural significativa. No Brasil, por exemplo, uma pesquisa aponta que 64% da popula\u00e7\u00e3o se considera abstemida em 2025, um aumento not\u00e1vel em rela\u00e7\u00e3o a dados de dois anos atr\u00e1s. Essa mudan\u00e7a \u00e9 mais pronunciada entre jovens adultos, que est\u00e3o cada vez mais optando por estilos de vida sem \u00e1lcool.<\/p>\n\n\n\n<p>Nos Estados Unidos, as pesquisas refletem uma tend\u00eancia similar, com uma redu\u00e7\u00e3o no n\u00famero de adultos que consomem \u00e1lcool. Este fen\u00f4meno \u00e9, em parte, atribu\u00eddo \u00e0 crescente aceita\u00e7\u00e3o social e at\u00e9 ao incentivo de influenciadores das redes sociais, que promovem os benef\u00edcios de um estilo de vida mais s\u00f3brio, ajudando a reduzir o estigma associado \u00e0 absten\u00e7\u00e3o do \u00e1lcool.<\/p>\n\n\n\n<p>Portanto, o Janeiro Seco n\u00e3o \u00e9 apenas uma pausa tempor\u00e1ria, mas parte de uma tend\u00eancia maior que est\u00e1 redefinindo a forma como a sociedade enxerga o consumo de \u00e1lcool, trazendo uma abordagem mais consciente e saud\u00e1vel.<\/p>\n\n\n<a href=\"https:\/\/www.instagram.com\/dra.annaluisabf\/\" target=\"_blank\" rel=\"noopener\" style=\"text-decoration: none; color: inherit;\">\n    <span style=\"display: inline-block; border: 1px solid #ccc; border-radius: 10px; padding: 15px; max-width: 550px; font-family: sans-serif; box-shadow: 0 2px 5px rgba(0,0,0,0.1); width: 100%;\">\n\n      <!-- T\u00edtulo -->\n      <span style=\"display: block; margin: 0 0 15px 0; font-weight: bold; color: #2c3e50; text-align: center;\">\n        Entre em contato:\n      <\/span>\n\n      <!-- Linha do perfil -->\n      <span style=\"display: flex; align-items: center; gap: 15px;\">\n        <img decoding=\"async\"\n          src=\"https:\/\/www.correiobraziliense.com.br\/cbradar\/wp-content\/uploads\/2025\/08\/dra_anna_luisa.jpeg\"\n          alt=\"Foto da Dra. Anna Lu\u00edsa\"\n          style=\"border-radius: 50%; width: 80px; height: 80px; object-fit: cover;\"\n        \/>\n        <span style=\"display: flex; flex-direction: column;\">\n          <span style=\"font-size: 18px; font-weight: 700; color: #2c3e50;\">Dra. Anna Lu\u00edsa Barbosa Fernandes<\/span>\n          <span style=\"color: #555;\">CRM-GO 33.271<\/span>\n        <\/span>\n      <\/span>\n\n      <!-- Redes -->\n      <span style=\"display: flex; align-items: center; gap: 10px; margin-top: 12px;\">\n        <img decoding=\"async\" src=\"https:\/\/cdn-icons-png.flaticon.com\/24\/1384\/1384063.png\" alt=\"Instagram\" width=\"24\" height=\"24\" \/>\n        <span style=\"text-decoration: underline; color: #2c3e50;\">@dra.annaluisabf<\/span>\n      <\/span>\n\n    <\/span>\n  <\/a>","protected":false},"excerpt":{"rendered":"<p>Ap\u00f3s um per\u00edodo festivo cheio de excessos, muitas pessoas adotam o movimento do Janeiro Seco, que encoraja a absten\u00e7\u00e3o completa do \u00e1lcool durante o primeiro m\u00eas do ano. Esta iniciativa, em grande parte originada na Europa e nos Estados Unidos, busca introduzir uma pausa no consumo alco\u00f3lico para promover efeitos positivos na sa\u00fade e no [&hellip;]<\/p>\n","protected":false},"author":14,"featured_media":43129,"comment_status":"open","ping_status":"open","sticky":false,"template":"","format":"standard","meta":{"_yoast_wpseo_focuskw":"Janeiro Seco","_yoast_wpseo_title":"","_yoast_wpseo_metadesc":"O Janeiro Seco prop\u00f5e 30 dias sem \u00e1lcool e estudos indicam benef\u00edcios para sono, humor, peso e press\u00e3o arterial.","jnews-multi-image_gallery":[],"jnews_single_post":{"format":"standard"},"jnews_primary_category":[],"jnews_social_meta":[],"jnews_override_counter":[],"footnotes":""},"categories":[4404],"tags":[5396,120,1318],"class_list":["post-169961","post","type-post","status-publish","format-standard","has-post-thumbnail","hentry","category-saude","tag-alcool-2","tag-bem-estar","tag-saude-2"],"yoast_head":"<!-- This site is optimized with the Yoast SEO plugin v24.6 - https:\/\/yoast.com\/wordpress\/plugins\/seo\/ -->\n<title>Ficar um m\u00eas sem \u00e1lcool pode mudar seu corpo - Correio Braziliense - Radar<\/title>\n<meta name=\"description\" content=\"O Janeiro Seco prop\u00f5e 30 dias sem \u00e1lcool e estudos indicam benef\u00edcios para sono, humor, peso e press\u00e3o arterial.\" \/>\n<meta name=\"robots\" content=\"index, follow, max-snippet:-1, max-image-preview:large, max-video-preview:-1\" \/>\n<link rel=\"canonical\" href=\"https:\/\/www.correiobraziliense.com.br\/cbradar\/ficar-um-mes-sem-alcool-pode-mudar-seu-corpo\/\" \/>\n<meta property=\"og:locale\" content=\"pt_BR\" \/>\n<meta property=\"og:type\" content=\"article\" \/>\n<meta property=\"og:title\" content=\"Ficar um m\u00eas sem \u00e1lcool pode mudar seu corpo - Correio Braziliense - Radar\" \/>\n<meta property=\"og:description\" content=\"O Janeiro Seco prop\u00f5e 30 dias sem \u00e1lcool e estudos indicam benef\u00edcios para sono, humor, peso e press\u00e3o arterial.\" \/>\n<meta property=\"og:url\" content=\"https:\/\/www.correiobraziliense.com.br\/cbradar\/ficar-um-mes-sem-alcool-pode-mudar-seu-corpo\/\" \/>\n<meta property=\"og:site_name\" content=\"Correio Braziliense - Radar\" \/>\n<meta property=\"article:published_time\" content=\"2026-01-07T20:15:00+00:00\" \/>\n<meta property=\"og:image\" content=\"https:\/\/www.correiobraziliense.com.br\/cbradar\/wp-content\/uploads\/2025\/05\/alcool_1748268189618.jpg\" \/>\n\t<meta property=\"og:image:width\" content=\"1280\" \/>\n\t<meta property=\"og:image:height\" content=\"720\" \/>\n\t<meta property=\"og:image:type\" content=\"image\/jpeg\" \/>\n<meta name=\"author\" content=\"guilherme_saude\" \/>\n<meta name=\"twitter:card\" content=\"summary_large_image\" \/>\n<meta name=\"twitter:label1\" content=\"Escrito por\" \/>\n\t<meta name=\"twitter:data1\" content=\"guilherme_saude\" \/>\n\t<meta name=\"twitter:label2\" content=\"Est. tempo de leitura\" \/>\n\t<meta name=\"twitter:data2\" content=\"4 minutos\" \/>\n<!-- \/ Yoast SEO plugin. -->","yoast_head_json":{"title":"Ficar um m\u00eas sem \u00e1lcool pode mudar seu corpo - Correio Braziliense - Radar","description":"O Janeiro Seco prop\u00f5e 30 dias sem \u00e1lcool e estudos indicam benef\u00edcios para sono, humor, peso e press\u00e3o arterial.","robots":{"index":"index","follow":"follow","max-snippet":"max-snippet:-1","max-image-preview":"max-image-preview:large","max-video-preview":"max-video-preview:-1"},"canonical":"https:\/\/www.correiobraziliense.com.br\/cbradar\/ficar-um-mes-sem-alcool-pode-mudar-seu-corpo\/","og_locale":"pt_BR","og_type":"article","og_title":"Ficar um m\u00eas sem \u00e1lcool pode mudar seu corpo - Correio Braziliense - Radar","og_description":"O Janeiro Seco prop\u00f5e 30 dias sem \u00e1lcool e estudos indicam benef\u00edcios para sono, humor, peso e press\u00e3o arterial.","og_url":"https:\/\/www.correiobraziliense.com.br\/cbradar\/ficar-um-mes-sem-alcool-pode-mudar-seu-corpo\/","og_site_name":"Correio Braziliense - Radar","article_published_time":"2026-01-07T20:15:00+00:00","og_image":[{"width":1280,"height":720,"url":"https:\/\/www.correiobraziliense.com.br\/cbradar\/wp-content\/uploads\/2025\/05\/alcool_1748268189618.jpg","type":"image\/jpeg"}],"author":"guilherme_saude","twitter_card":"summary_large_image","twitter_misc":{"Escrito por":"guilherme_saude","Est. tempo de leitura":"4 minutos"},"schema":{"@context":"https:\/\/schema.org","@graph":[{"@type":"WebPage","@id":"https:\/\/www.correiobraziliense.com.br\/cbradar\/ficar-um-mes-sem-alcool-pode-mudar-seu-corpo\/","url":"https:\/\/www.correiobraziliense.com.br\/cbradar\/ficar-um-mes-sem-alcool-pode-mudar-seu-corpo\/","name":"Ficar um m\u00eas sem \u00e1lcool pode mudar seu corpo - Correio Braziliense - Radar","isPartOf":{"@id":"https:\/\/www.correiobraziliense.com.br\/cbradar\/#website"},"primaryImageOfPage":{"@id":"https:\/\/www.correiobraziliense.com.br\/cbradar\/ficar-um-mes-sem-alcool-pode-mudar-seu-corpo\/#primaryimage"},"image":{"@id":"https:\/\/www.correiobraziliense.com.br\/cbradar\/ficar-um-mes-sem-alcool-pode-mudar-seu-corpo\/#primaryimage"},"thumbnailUrl":"https:\/\/www.correiobraziliense.com.br\/cbradar\/wp-content\/uploads\/2025\/05\/alcool_1748268189618.jpg","datePublished":"2026-01-07T20:15:00+00:00","author":{"@id":"https:\/\/www.correiobraziliense.com.br\/cbradar\/#\/schema\/person\/5aa4bf3c8fa699c267933611de12978b"},"description":"O Janeiro Seco prop\u00f5e 30 dias sem \u00e1lcool e estudos indicam benef\u00edcios para sono, humor, peso e press\u00e3o arterial.","breadcrumb":{"@id":"https:\/\/www.correiobraziliense.com.br\/cbradar\/ficar-um-mes-sem-alcool-pode-mudar-seu-corpo\/#breadcrumb"},"inLanguage":"pt-BR","potentialAction":[{"@type":"ReadAction","target":["https:\/\/www.correiobraziliense.com.br\/cbradar\/ficar-um-mes-sem-alcool-pode-mudar-seu-corpo\/"]}]},{"@type":"ImageObject","inLanguage":"pt-BR","@id":"https:\/\/www.correiobraziliense.com.br\/cbradar\/ficar-um-mes-sem-alcool-pode-mudar-seu-corpo\/#primaryimage","url":"https:\/\/www.correiobraziliense.com.br\/cbradar\/wp-content\/uploads\/2025\/05\/alcool_1748268189618.jpg","contentUrl":"https:\/\/www.correiobraziliense.com.br\/cbradar\/wp-content\/uploads\/2025\/05\/alcool_1748268189618.jpg","width":1280,"height":720,"caption":"Bebidas alco\u00f3licas - Cr\u00e9ditos: depositphotos.com \/ VitalikRadko"},{"@type":"BreadcrumbList","@id":"https:\/\/www.correiobraziliense.com.br\/cbradar\/ficar-um-mes-sem-alcool-pode-mudar-seu-corpo\/#breadcrumb","itemListElement":[{"@type":"ListItem","position":1,"name":"In\u00edcio","item":"https:\/\/www.correiobraziliense.com.br\/cbradar\/"},{"@type":"ListItem","position":2,"name":"Ficar um m\u00eas sem \u00e1lcool pode mudar seu corpo"}]},{"@type":"WebSite","@id":"https:\/\/www.correiobraziliense.com.br\/cbradar\/#website","url":"https:\/\/www.correiobraziliense.com.br\/cbradar\/","name":"Correio Braziliense - Radar","description":"Acompanhe as \u00faltimas not\u00edcias e fique bem informado sobre tudo o que acontece no Brasil e no mundo.","potentialAction":[{"@type":"SearchAction","target":{"@type":"EntryPoint","urlTemplate":"https:\/\/www.correiobraziliense.com.br\/cbradar\/?s={search_term_string}"},"query-input":{"@type":"PropertyValueSpecification","valueRequired":true,"valueName":"search_term_string"}}],"inLanguage":"pt-BR"},{"@type":"Person","@id":"https:\/\/www.correiobraziliense.com.br\/cbradar\/#\/schema\/person\/5aa4bf3c8fa699c267933611de12978b","name":"guilherme_saude","image":{"@type":"ImageObject","inLanguage":"pt-BR","@id":"https:\/\/www.correiobraziliense.com.br\/cbradar\/#\/schema\/person\/image\/","url":"https:\/\/secure.gravatar.com\/avatar\/df9adfb835d344bc0af109d41756253f?s=96&d=mm&r=g","contentUrl":"https:\/\/secure.gravatar.com\/avatar\/df9adfb835d344bc0af109d41756253f?s=96&d=mm&r=g","caption":"guilherme_saude"},"url":"https:\/\/www.correiobraziliense.com.br\/cbradar\/author\/guilherme_saude\/"}]}},"_links":{"self":[{"href":"https:\/\/www.correiobraziliense.com.br\/cbradar\/wp-json\/wp\/v2\/posts\/169961","targetHints":{"allow":["GET"]}}],"collection":[{"href":"https:\/\/www.correiobraziliense.com.br\/cbradar\/wp-json\/wp\/v2\/posts"}],"about":[{"href":"https:\/\/www.correiobraziliense.com.br\/cbradar\/wp-json\/wp\/v2\/types\/post"}],"author":[{"embeddable":true,"href":"https:\/\/www.correiobraziliense.com.br\/cbradar\/wp-json\/wp\/v2\/users\/14"}],"replies":[{"embeddable":true,"href":"https:\/\/www.correiobraziliense.com.br\/cbradar\/wp-json\/wp\/v2\/comments?post=169961"}],"version-history":[{"count":1,"href":"https:\/\/www.correiobraziliense.com.br\/cbradar\/wp-json\/wp\/v2\/posts\/169961\/revisions"}],"predecessor-version":[{"id":169962,"href":"https:\/\/www.correiobraziliense.com.br\/cbradar\/wp-json\/wp\/v2\/posts\/169961\/revisions\/169962"}],"wp:featuredmedia":[{"embeddable":true,"href":"https:\/\/www.correiobraziliense.com.br\/cbradar\/wp-json\/wp\/v2\/media\/43129"}],"wp:attachment":[{"href":"https:\/\/www.correiobraziliense.com.br\/cbradar\/wp-json\/wp\/v2\/media?parent=169961"}],"wp:term":[{"taxonomy":"category","embeddable":true,"href":"https:\/\/www.correiobraziliense.com.br\/cbradar\/wp-json\/wp\/v2\/categories?post=169961"},{"taxonomy":"post_tag","embeddable":true,"href":"https:\/\/www.correiobraziliense.com.br\/cbradar\/wp-json\/wp\/v2\/tags?post=169961"}],"curies":[{"name":"wp","href":"https:\/\/api.w.org\/{rel}","templated":true}]}}