{"id":17000,"date":"2025-03-30T17:50:00","date_gmt":"2025-03-30T20:50:00","guid":{"rendered":"https:\/\/www.correiobraziliense.com.br\/cbradar\/?p=17000"},"modified":"2025-03-29T13:09:10","modified_gmt":"2025-03-29T16:09:10","slug":"conheca-a-cidade-fantasma-que-ate-hoje-segue-intacta","status":"publish","type":"post","link":"https:\/\/www.correiobraziliense.com.br\/cbradar\/conheca-a-cidade-fantasma-que-ate-hoje-segue-intacta\/","title":{"rendered":"Conhe\u00e7a a cidade fantasma que at\u00e9 hoje segue intacta"},"content":{"rendered":"\n<p><strong>Kayak\u00f6y<\/strong>, situada na prov\u00edncia de <strong>Mu\u011fla<\/strong>, no sudoeste da <strong>Turquia<\/strong>, \u00e9 uma cidade fantasma que fascina por sua hist\u00f3ria rica e complexa. Antigamente chamada de <strong>Levissi<\/strong>, a cidade foi habitada por uma comunidade de crist\u00e3os ortodoxos gregos at\u00e9 o in\u00edcio do s\u00e9culo XX. A cidade foi abandonada ap\u00f3s a troca de popula\u00e7\u00f5es entre a <strong>Gr\u00e9cia <\/strong>e a Turquia, um evento que deixou marcas profundas na regi\u00e3o.<\/p>\n\n\n\n<p>Hoje, Kayak\u00f6y \u00e9 um destino tur\u00edstico que atrai visitantes interessados em explorar suas ru\u00ednas e entender o contexto hist\u00f3rico que levou ao seu abandono. As estruturas remanescentes oferecem um vislumbre do passado e das vidas que ali existiram.<\/p>\n\n\n\n<h2 class=\"wp-block-heading\"><strong>O Que resta em Kayak\u00f6y?<\/strong><\/h2>\n\n\n\n<p>As ru\u00ednas de Kayak\u00f6y s\u00e3o um testemunho da vida que um dia floresceu na cidade. As casas, constru\u00eddas em encostas, ainda mostram vest\u00edgios de suas antigas decora\u00e7\u00f5es. Igrejas e escolas permanecem como marcos de uma comunidade que j\u00e1 foi vibrante. A cidade tamb\u00e9m possui uma fonte antiga, que era um ponto central para os moradores.<\/p>\n\n\n\n<p>Apesar de sua beleza austera, a cidade foi afetada por desastres naturais, como terremotos e tempestades, que contribu\u00edram para a deteriora\u00e7\u00e3o das estruturas. A vegeta\u00e7\u00e3o local tamb\u00e9m est\u00e1 lentamente tomando conta das constru\u00e7\u00f5es, mas isso n\u00e3o diminui o fasc\u00ednio que Kayak\u00f6y exerce sobre seus visitantes.<\/p>\n\n\n\n<figure class=\"wp-block-image size-large\"><img decoding=\"async\" width=\"1024\" height=\"576\" src=\"https:\/\/www.correiobraziliense.com.br\/cbradar\/wp-content\/uploads\/2025\/03\/Kayakoy_1743263821334-1024x576.jpg\" alt=\"Conhe\u00e7a a cidade fantasma que at\u00e9 hoje segue intacta\" class=\"wp-image-17009\" srcset=\"https:\/\/www.correiobraziliense.com.br\/cbradar\/wp-content\/uploads\/2025\/03\/Kayakoy_1743263821334-1024x576.jpg 1024w, https:\/\/www.correiobraziliense.com.br\/cbradar\/wp-content\/uploads\/2025\/03\/Kayakoy_1743263821334-300x169.jpg 300w, https:\/\/www.correiobraziliense.com.br\/cbradar\/wp-content\/uploads\/2025\/03\/Kayakoy_1743263821334-768x432.jpg 768w, https:\/\/www.correiobraziliense.com.br\/cbradar\/wp-content\/uploads\/2025\/03\/Kayakoy_1743263821334-750x422.jpg 750w, https:\/\/www.correiobraziliense.com.br\/cbradar\/wp-content\/uploads\/2025\/03\/Kayakoy_1743263821334-1140x641.jpg 1140w, https:\/\/www.correiobraziliense.com.br\/cbradar\/wp-content\/uploads\/2025\/03\/Kayakoy_1743263821334.jpg 1280w\" sizes=\"(max-width: 1024px) 100vw, 1024px\" \/><figcaption class=\"wp-element-caption\">Kayak\u00f6y. Cr\u00e9ditos: depositphotos.com \/ canyalcin<\/figcaption><\/figure>\n\n\n\n<h2 class=\"wp-block-heading\"><strong>Por que Kayak\u00f6y foi abandonada?<\/strong><\/h2>\n\n\n\n<p>A hist\u00f3ria do abandono de Kayak\u00f6y est\u00e1 ligada a eventos pol\u00edticos do in\u00edcio do s\u00e9culo XX. Ap\u00f3s a guerra entre a Gr\u00e9cia e a Turquia, um acordo de troca de popula\u00e7\u00f5es foi implementado, for\u00e7ando os gregos ortodoxos a deixarem suas casas. Os mu\u00e7ulmanos turcos que chegaram n\u00e3o conseguiram se adaptar ao novo ambiente, resultando no abandono gradual da cidade.<\/p>\n\n\n\n<p>As poucas fam\u00edlias que permaneceram na regi\u00e3o mantiveram vivas as hist\u00f3rias de tempos dif\u00edceis. Kayak\u00f6y, que j\u00e1 foi um centro comercial pr\u00f3spero, agora serve como um lembrete das complexas rela\u00e7\u00f5es entre a Turquia e a Gr\u00e9cia e das consequ\u00eancias das pol\u00edticas de troca de popula\u00e7\u00f5es.<\/p>\n\n\n\n<h2 class=\"wp-block-heading\"><strong>Visitando Kayak\u00f6y hoje<\/strong><\/h2>\n\n\n\n<p>Atualmente, Kayak\u00f6y \u00e9 um destino que oferece uma experi\u00eancia \u00fanica de explora\u00e7\u00e3o hist\u00f3rica. Os visitantes podem caminhar pelas ruas da cidade, admirar as vistas do Mar Egeu e refletir sobre a vida dos antigos habitantes. A entrada na cidade \u00e9 paga, mas o valor contribui para a preserva\u00e7\u00e3o do local.<\/p>\n\n\n\n<p>Com suas trilhas para caminhadas e vistas deslumbrantes, Kayak\u00f6y \u00e9 um lugar onde o passado e o presente se encontram. A cidade oferece uma oportunidade rara de mergulhar na hist\u00f3ria e entender as complexidades das rela\u00e7\u00f5es humanas e pol\u00edticas que moldaram a regi\u00e3o. \u00c9 um destino que proporciona uma experi\u00eancia enriquecedora para todos que a visitam.<\/p>\n","protected":false},"excerpt":{"rendered":"<p>Descubra a fascinante cidade fantasma de Kayak\u00f6y, na Turquia, e sua hist\u00f3ria de troca de popula\u00e7\u00f5es. Explore as ru\u00ednas e admire a beleza austera.<\/p>\n","protected":false},"author":3,"featured_media":17008,"comment_status":"open","ping_status":"open","sticky":false,"template":"","format":"standard","meta":{"_yoast_wpseo_focuskw":"Kayak\u00f6y","_yoast_wpseo_title":"%%title%%","_yoast_wpseo_metadesc":"Descubra a fascinante cidade fantasma de Kayak\u00f6y, na Turquia, e sua hist\u00f3ria de troca de popula\u00e7\u00f5es. Explore as ru\u00ednas e admire a beleza austera.","jnews-multi-image_gallery":[],"jnews_single_post":{"format":"standard"},"jnews_primary_category":[],"jnews_social_meta":[],"jnews_override_counter":[],"footnotes":""},"categories":[108],"tags":[109],"class_list":["post-17000","post","type-post","status-publish","format-standard","has-post-thumbnail","hentry","category-cidades","tag-cidades"],"yoast_head":"<!-- This site is optimized with the Yoast SEO plugin v24.6 - https:\/\/yoast.com\/wordpress\/plugins\/seo\/ -->\n<title>Conhe\u00e7a a cidade fantasma que at\u00e9 hoje segue intacta<\/title>\n<meta name=\"description\" content=\"Descubra a fascinante cidade fantasma de Kayak\u00f6y, na Turquia, e sua hist\u00f3ria de troca de popula\u00e7\u00f5es. Explore as ru\u00ednas e admire a beleza austera.\" \/>\n<meta name=\"robots\" content=\"index, follow, max-snippet:-1, max-image-preview:large, max-video-preview:-1\" \/>\n<link rel=\"canonical\" href=\"https:\/\/www.correiobraziliense.com.br\/cbradar\/conheca-a-cidade-fantasma-que-ate-hoje-segue-intacta\/\" \/>\n<meta property=\"og:locale\" content=\"pt_BR\" \/>\n<meta property=\"og:type\" content=\"article\" \/>\n<meta property=\"og:title\" content=\"Conhe\u00e7a a cidade fantasma que at\u00e9 hoje segue intacta\" \/>\n<meta property=\"og:description\" content=\"Descubra a fascinante cidade fantasma de Kayak\u00f6y, na Turquia, e sua hist\u00f3ria de troca de popula\u00e7\u00f5es. Explore as ru\u00ednas e admire a beleza austera.\" \/>\n<meta property=\"og:url\" content=\"https:\/\/www.correiobraziliense.com.br\/cbradar\/conheca-a-cidade-fantasma-que-ate-hoje-segue-intacta\/\" \/>\n<meta property=\"og:site_name\" content=\"Correio Braziliense - Radar\" \/>\n<meta property=\"article:published_time\" content=\"2025-03-30T20:50:00+00:00\" \/>\n<meta property=\"og:image\" content=\"https:\/\/www.correiobraziliense.com.br\/cbradar\/wp-content\/uploads\/2025\/03\/Kayakoy_1743263792226.jpg\" \/>\n\t<meta property=\"og:image:width\" content=\"1279\" \/>\n\t<meta property=\"og:image:height\" content=\"720\" \/>\n\t<meta property=\"og:image:type\" content=\"image\/jpeg\" \/>\n<meta name=\"author\" content=\"Larissa Carvalho\" \/>\n<meta name=\"twitter:card\" content=\"summary_large_image\" \/>\n<meta name=\"twitter:label1\" content=\"Escrito por\" \/>\n\t<meta name=\"twitter:data1\" content=\"Larissa Carvalho\" \/>\n\t<meta name=\"twitter:label2\" content=\"Est. tempo de leitura\" \/>\n\t<meta name=\"twitter:data2\" content=\"3 minutos\" \/>\n<!-- \/ Yoast SEO plugin. -->","yoast_head_json":{"title":"Conhe\u00e7a a cidade fantasma que at\u00e9 hoje segue intacta","description":"Descubra a fascinante cidade fantasma de Kayak\u00f6y, na Turquia, e sua hist\u00f3ria de troca de popula\u00e7\u00f5es. Explore as ru\u00ednas e admire a beleza austera.","robots":{"index":"index","follow":"follow","max-snippet":"max-snippet:-1","max-image-preview":"max-image-preview:large","max-video-preview":"max-video-preview:-1"},"canonical":"https:\/\/www.correiobraziliense.com.br\/cbradar\/conheca-a-cidade-fantasma-que-ate-hoje-segue-intacta\/","og_locale":"pt_BR","og_type":"article","og_title":"Conhe\u00e7a a cidade fantasma que at\u00e9 hoje segue intacta","og_description":"Descubra a fascinante cidade fantasma de Kayak\u00f6y, na Turquia, e sua hist\u00f3ria de troca de popula\u00e7\u00f5es. Explore as ru\u00ednas e admire a beleza austera.","og_url":"https:\/\/www.correiobraziliense.com.br\/cbradar\/conheca-a-cidade-fantasma-que-ate-hoje-segue-intacta\/","og_site_name":"Correio Braziliense - Radar","article_published_time":"2025-03-30T20:50:00+00:00","og_image":[{"width":1279,"height":720,"url":"https:\/\/www.correiobraziliense.com.br\/cbradar\/wp-content\/uploads\/2025\/03\/Kayakoy_1743263792226.jpg","type":"image\/jpeg"}],"author":"Larissa Carvalho","twitter_card":"summary_large_image","twitter_misc":{"Escrito por":"Larissa Carvalho","Est. tempo de leitura":"3 minutos"},"schema":{"@context":"https:\/\/schema.org","@graph":[{"@type":"WebPage","@id":"https:\/\/www.correiobraziliense.com.br\/cbradar\/conheca-a-cidade-fantasma-que-ate-hoje-segue-intacta\/","url":"https:\/\/www.correiobraziliense.com.br\/cbradar\/conheca-a-cidade-fantasma-que-ate-hoje-segue-intacta\/","name":"Conhe\u00e7a a cidade fantasma que at\u00e9 hoje segue intacta","isPartOf":{"@id":"https:\/\/www.correiobraziliense.com.br\/cbradar\/#website"},"primaryImageOfPage":{"@id":"https:\/\/www.correiobraziliense.com.br\/cbradar\/conheca-a-cidade-fantasma-que-ate-hoje-segue-intacta\/#primaryimage"},"image":{"@id":"https:\/\/www.correiobraziliense.com.br\/cbradar\/conheca-a-cidade-fantasma-que-ate-hoje-segue-intacta\/#primaryimage"},"thumbnailUrl":"https:\/\/www.correiobraziliense.com.br\/cbradar\/wp-content\/uploads\/2025\/03\/Kayakoy_1743263792226.jpg","datePublished":"2025-03-30T20:50:00+00:00","author":{"@id":"https:\/\/www.correiobraziliense.com.br\/cbradar\/#\/schema\/person\/58422787644df994b53a19d3e56c1513"},"description":"Descubra a fascinante cidade fantasma de Kayak\u00f6y, na Turquia, e sua hist\u00f3ria de troca de popula\u00e7\u00f5es. Explore as ru\u00ednas e admire a beleza austera.","breadcrumb":{"@id":"https:\/\/www.correiobraziliense.com.br\/cbradar\/conheca-a-cidade-fantasma-que-ate-hoje-segue-intacta\/#breadcrumb"},"inLanguage":"pt-BR","potentialAction":[{"@type":"ReadAction","target":["https:\/\/www.correiobraziliense.com.br\/cbradar\/conheca-a-cidade-fantasma-que-ate-hoje-segue-intacta\/"]}]},{"@type":"ImageObject","inLanguage":"pt-BR","@id":"https:\/\/www.correiobraziliense.com.br\/cbradar\/conheca-a-cidade-fantasma-que-ate-hoje-segue-intacta\/#primaryimage","url":"https:\/\/www.correiobraziliense.com.br\/cbradar\/wp-content\/uploads\/2025\/03\/Kayakoy_1743263792226.jpg","contentUrl":"https:\/\/www.correiobraziliense.com.br\/cbradar\/wp-content\/uploads\/2025\/03\/Kayakoy_1743263792226.jpg","width":1279,"height":720,"caption":"Kayak\u00f6y. Cr\u00e9ditos: depositphotos.com \/ canyalcin"},{"@type":"BreadcrumbList","@id":"https:\/\/www.correiobraziliense.com.br\/cbradar\/conheca-a-cidade-fantasma-que-ate-hoje-segue-intacta\/#breadcrumb","itemListElement":[{"@type":"ListItem","position":1,"name":"In\u00edcio","item":"https:\/\/www.correiobraziliense.com.br\/cbradar\/"},{"@type":"ListItem","position":2,"name":"Conhe\u00e7a a cidade fantasma que at\u00e9 hoje segue intacta"}]},{"@type":"WebSite","@id":"https:\/\/www.correiobraziliense.com.br\/cbradar\/#website","url":"https:\/\/www.correiobraziliense.com.br\/cbradar\/","name":"Correio Braziliense - Radar","description":"Acompanhe as \u00faltimas not\u00edcias e fique bem informado sobre tudo o que acontece no Brasil e no mundo.","potentialAction":[{"@type":"SearchAction","target":{"@type":"EntryPoint","urlTemplate":"https:\/\/www.correiobraziliense.com.br\/cbradar\/?s={search_term_string}"},"query-input":{"@type":"PropertyValueSpecification","valueRequired":true,"valueName":"search_term_string"}}],"inLanguage":"pt-BR"},{"@type":"Person","@id":"https:\/\/www.correiobraziliense.com.br\/cbradar\/#\/schema\/person\/58422787644df994b53a19d3e56c1513","name":"Larissa Carvalho","image":{"@type":"ImageObject","inLanguage":"pt-BR","@id":"https:\/\/www.correiobraziliense.com.br\/cbradar\/#\/schema\/person\/image\/","url":"https:\/\/secure.gravatar.com\/avatar\/fe4f91a0de32b52a838d0d612abdc1aa?s=96&d=mm&r=g","contentUrl":"https:\/\/secure.gravatar.com\/avatar\/fe4f91a0de32b52a838d0d612abdc1aa?s=96&d=mm&r=g","caption":"Larissa Carvalho"},"url":"https:\/\/www.correiobraziliense.com.br\/cbradar\/author\/larissamyth\/"}]}},"_links":{"self":[{"href":"https:\/\/www.correiobraziliense.com.br\/cbradar\/wp-json\/wp\/v2\/posts\/17000","targetHints":{"allow":["GET"]}}],"collection":[{"href":"https:\/\/www.correiobraziliense.com.br\/cbradar\/wp-json\/wp\/v2\/posts"}],"about":[{"href":"https:\/\/www.correiobraziliense.com.br\/cbradar\/wp-json\/wp\/v2\/types\/post"}],"author":[{"embeddable":true,"href":"https:\/\/www.correiobraziliense.com.br\/cbradar\/wp-json\/wp\/v2\/users\/3"}],"replies":[{"embeddable":true,"href":"https:\/\/www.correiobraziliense.com.br\/cbradar\/wp-json\/wp\/v2\/comments?post=17000"}],"version-history":[{"count":1,"href":"https:\/\/www.correiobraziliense.com.br\/cbradar\/wp-json\/wp\/v2\/posts\/17000\/revisions"}],"predecessor-version":[{"id":17010,"href":"https:\/\/www.correiobraziliense.com.br\/cbradar\/wp-json\/wp\/v2\/posts\/17000\/revisions\/17010"}],"wp:featuredmedia":[{"embeddable":true,"href":"https:\/\/www.correiobraziliense.com.br\/cbradar\/wp-json\/wp\/v2\/media\/17008"}],"wp:attachment":[{"href":"https:\/\/www.correiobraziliense.com.br\/cbradar\/wp-json\/wp\/v2\/media?parent=17000"}],"wp:term":[{"taxonomy":"category","embeddable":true,"href":"https:\/\/www.correiobraziliense.com.br\/cbradar\/wp-json\/wp\/v2\/categories?post=17000"},{"taxonomy":"post_tag","embeddable":true,"href":"https:\/\/www.correiobraziliense.com.br\/cbradar\/wp-json\/wp\/v2\/tags?post=17000"}],"curies":[{"name":"wp","href":"https:\/\/api.w.org\/{rel}","templated":true}]}}