{"id":17022,"date":"2025-03-30T08:10:30","date_gmt":"2025-03-30T11:10:30","guid":{"rendered":"https:\/\/www.correiobraziliense.com.br\/cbradar\/?p=17022"},"modified":"2025-03-29T13:30:51","modified_gmt":"2025-03-29T16:30:51","slug":"saiba-como-plantar-coentro-e-colher-folhas-frescas-em-semanas","status":"publish","type":"post","link":"https:\/\/www.correiobraziliense.com.br\/cbradar\/saiba-como-plantar-coentro-e-colher-folhas-frescas-em-semanas\/","title":{"rendered":"Saiba como plantar coentro e colher folhas frescas em semanas"},"content":{"rendered":"\n<p>O <strong>coentro<\/strong> \u00e9 uma erva arom\u00e1tica amplamente utilizada na <a href=\"https:\/\/www.correiobraziliense.com.br\/cbradar\/aprenda-a-cultivar-chuchu-e-tenha-uma-horta-cheia-de-sabor\/\" target=\"_blank\" rel=\"noreferrer noopener\">culin\u00e1ria<\/a>, trazendo um sabor marcante a diversas receitas. F\u00e1cil de cultivar, pode ser plantado em hortas ou vasos e colhido o ano todo. Aprenda como plantar <strong>coentro<\/strong> e aproveite essa especiaria fresca em casa!<\/p>\n\n\n\n<h2 class=\"wp-block-heading\">Qual o melhor clima e local para plantar coentro?<\/h2>\n\n\n\n<p>O <strong>coentro<\/strong> se adapta bem a <strong>climas amenos a quentes<\/strong>, com temperaturas entre <strong>18\u00b0C e 30\u00b0C<\/strong>. Ele deve ser cultivado em <strong>sol pleno<\/strong> ou <strong>meia-sombra<\/strong>, recebendo pelo menos <strong>4 horas de luz solar<\/strong> di\u00e1ria.<\/p>\n\n\n\n<p>Evite plant\u00e1-lo em per\u00edodos de geada, pois temperaturas abaixo de <strong>10\u00b0C<\/strong> podem prejudicar seu crescimento.<\/p>\n\n\n\n<h2 class=\"wp-block-heading\">Qual o solo ideal para coentro?<\/h2>\n\n\n\n<p>O <strong>coentro<\/strong> se desenvolve melhor em solo:<\/p>\n\n\n\n<ul class=\"wp-block-list\">\n<li><strong>Bem drenado<\/strong>, para evitar o ac\u00famulo de \u00e1gua;<\/li>\n\n\n\n<li><strong>Rico em mat\u00e9ria org\u00e2nica<\/strong>, como h\u00famus de minhoca ou esterco curtido;<\/li>\n\n\n\n<li><strong>Levemente \u00e1cido a neutro<\/strong>, com pH entre <strong>6,0 e 7,0<\/strong>;<\/li>\n\n\n\n<li><strong>Fofo e leve<\/strong>, permitindo a boa absor\u00e7\u00e3o de nutrientes.<\/li>\n<\/ul>\n\n\n\n<p>Antes do plantio, revolva a terra e misture adubo org\u00e2nico para garantir um solo f\u00e9rtil.<\/p>\n\n\n\n<h2 class=\"wp-block-heading\">Como plantar coentro por sementes?<\/h2>\n\n\n\n<p>O <strong>coentro<\/strong> \u00e9 cultivado a partir de sementes, que devem ser plantadas diretamente no local definitivo, pois a planta tem <strong>ra\u00edzes sens\u00edveis<\/strong> ao transplante.<\/p>\n\n\n\n<h3 class=\"wp-block-heading\">Passo a passo do plantio:<\/h3>\n\n\n\n<ol class=\"wp-block-list\">\n<li>Escolha <strong>sementes de qualidade<\/strong> e de boa proced\u00eancia;<\/li>\n\n\n\n<li>Plante as sementes a <strong>1 cm de profundidade<\/strong>, distribuindo-as no solo;<\/li>\n\n\n\n<li>Mantenha um espa\u00e7amento de <strong>15 a 20 cm entre as plantas<\/strong>;<\/li>\n\n\n\n<li>Regue moderadamente para manter o solo \u00famido, sem encharcar;<\/li>\n\n\n\n<li>As sementes germinam em <strong>7 a 14 dias<\/strong>;<\/li>\n\n\n\n<li>Quando as mudas atingirem cerca de <strong>5 cm de altura<\/strong>, fa\u00e7a um desbaste, deixando as plantas mais fortes.<\/li>\n<\/ol>\n\n\n\n<h2 class=\"wp-block-heading\">Como regar o coentro corretamente?<\/h2>\n\n\n\n<p>A <strong>rega do coentro<\/strong> deve ser equilibrada para evitar o ressecamento ou o apodrecimento das ra\u00edzes:<\/p>\n\n\n\n<ul class=\"wp-block-list\">\n<li>Regue <strong>2 a 3 vezes por semana<\/strong> em per\u00edodos secos;<\/li>\n\n\n\n<li>Evite molhar diretamente as folhas para prevenir doen\u00e7as f\u00fangicas;<\/li>\n\n\n\n<li>O solo deve estar sempre levemente \u00famido, mas sem encharcamento.<\/li>\n<\/ul>\n\n\n\n<h2 class=\"wp-block-heading\">Como adubar o coentro?<\/h2>\n\n\n\n<p>A aduba\u00e7\u00e3o correta mant\u00e9m a planta saud\u00e1vel e produtiva. Utilize:<\/p>\n\n\n\n<ul class=\"wp-block-list\">\n<li><strong>Antes do plantio<\/strong>: adubo org\u00e2nico, como esterco curtido ou h\u00famus de minhoca;<\/li>\n\n\n\n<li><strong>Durante o crescimento<\/strong>: NPK <strong>10-10-10<\/strong> a cada <strong>30 dias<\/strong>;<\/li>\n\n\n\n<li><strong>Para estimular folhagem<\/strong>: fertilizantes ricos em nitrog\u00eanio, como farinha de ossos ou torta de mamona.<\/li>\n<\/ul>\n\n\n\n<p>Evite fertilizantes qu\u00edmicos em excesso, pois podem alterar o sabor do coentro.<\/p>\n\n\n<div class=\"wp-block-image\">\n<figure class=\"aligncenter size-large\"><img decoding=\"async\" width=\"1024\" height=\"576\" src=\"https:\/\/www.correiobraziliense.com.br\/cbradar\/wp-content\/uploads\/2025\/03\/coentro_1743265788854-1024x576.jpg\" alt=\"Saiba como plantar coentro e colher folhas frescas em semanas\" class=\"wp-image-17036\" srcset=\"https:\/\/www.correiobraziliense.com.br\/cbradar\/wp-content\/uploads\/2025\/03\/coentro_1743265788854-1024x576.jpg 1024w, https:\/\/www.correiobraziliense.com.br\/cbradar\/wp-content\/uploads\/2025\/03\/coentro_1743265788854-300x169.jpg 300w, https:\/\/www.correiobraziliense.com.br\/cbradar\/wp-content\/uploads\/2025\/03\/coentro_1743265788854-768x432.jpg 768w, https:\/\/www.correiobraziliense.com.br\/cbradar\/wp-content\/uploads\/2025\/03\/coentro_1743265788854-750x422.jpg 750w, https:\/\/www.correiobraziliense.com.br\/cbradar\/wp-content\/uploads\/2025\/03\/coentro_1743265788854-1140x642.jpg 1140w, https:\/\/www.correiobraziliense.com.br\/cbradar\/wp-content\/uploads\/2025\/03\/coentro_1743265788854.jpg 1279w\" sizes=\"(max-width: 1024px) 100vw, 1024px\" \/><figcaption class=\"wp-element-caption\">Coentro &#8211; Cr\u00e9ditos: depositphotos.com \/ olinchuk<\/figcaption><\/figure><\/div>\n\n\n<h2 class=\"wp-block-heading\">Como evitar pragas e doen\u00e7as?<\/h2>\n\n\n\n<p>O <strong>coentro<\/strong> pode ser atacado por pragas como <strong>pulg\u00f5es e lagartas<\/strong>, al\u00e9m de doen\u00e7as f\u00fangicas. Para evitar problemas:<\/p>\n\n\n\n<ul class=\"wp-block-list\">\n<li>Plante <strong>manjeric\u00e3o ou hortel\u00e3<\/strong> pr\u00f3ximos ao coentro para repelir insetos;<\/li>\n\n\n\n<li>Use <strong>\u00f3leo de neem<\/strong> para controle natural de pragas;<\/li>\n\n\n\n<li>Evite excesso de umidade para prevenir fungos;<\/li>\n\n\n\n<li>Fa\u00e7a rota\u00e7\u00e3o de culturas para evitar o esgotamento do solo.<\/li>\n<\/ul>\n\n\n\n<h2 class=\"wp-block-heading\">Quando e como colher?<\/h2>\n\n\n\n<p>O <strong>coentro<\/strong> pode ser colhido <strong>entre 30 e 50 dias<\/strong> ap\u00f3s o plantio.<\/p>\n\n\n\n<h3 class=\"wp-block-heading\">Como colher corretamente:<\/h3>\n\n\n\n<ol class=\"wp-block-list\">\n<li>Corte as folhas com <strong>tesoura ou faca afiada<\/strong>, deixando <strong>2 cm do caule<\/strong> para novas brota\u00e7\u00f5es;<\/li>\n\n\n\n<li>Colha as folhas mais externas primeiro, estimulando o crescimento cont\u00ednuo;<\/li>\n\n\n\n<li>Para coletar sementes, espere a planta florescer e secar completamente.<\/li>\n<\/ol>\n\n\n\n<p>O <strong>coentro fresco<\/strong> pode ser armazenado na geladeira por at\u00e9 <strong>1 semana<\/strong> ou congelado para maior durabilidade.<\/p>\n\n\n\n<h2 class=\"wp-block-heading\">FAQ &#8211; Perguntas frequentes <\/h2>\n\n\n\n<p><strong>1. Posso plantar coentro em vasos?<\/strong><br>Sim! Use um vaso com pelo menos <strong>20 cm de profundidade<\/strong> e boa drenagem.<\/p>\n\n\n\n<p><strong>2. O coentro precisa de muito sol?<\/strong><br>Ele cresce melhor com <strong>4 a 6 horas de luz solar<\/strong> por dia, mas tolera meia-sombra.<\/p>\n\n\n\n<p><strong>3. Quanto tempo leva para o coentro crescer?<\/strong><br>As folhas podem ser colhidas a partir de <strong>30 dias<\/strong> ap\u00f3s o plantio.<\/p>\n\n\n\n<p><strong>4. Como evitar que o coentro flores\u00e7a r\u00e1pido demais?<\/strong><br>Mantenha o solo sempre \u00famido e evite temperaturas muito altas para retardar a flora\u00e7\u00e3o.<\/p>\n\n\n\n<p><strong>5. O coentro volta a crescer depois da colheita?<\/strong><br>Sim, se cortado corretamente, ele pode rebrotar v\u00e1rias vezes antes de completar o ciclo.<\/p>\n","protected":false},"excerpt":{"rendered":"<p>O coentro \u00e9 uma erva arom\u00e1tica amplamente utilizada na culin\u00e1ria, trazendo um sabor marcante a diversas receitas. F\u00e1cil de cultivar, pode ser plantado em hortas ou vasos e colhido o ano todo. Aprenda como plantar coentro e aproveite essa especiaria fresca em casa! Qual o melhor clima e local para plantar coentro? O coentro se [&hellip;]<\/p>\n","protected":false},"author":9,"featured_media":17035,"comment_status":"open","ping_status":"open","sticky":false,"template":"","format":"standard","meta":{"_yoast_wpseo_focuskw":"coentro","_yoast_wpseo_title":"%%title%% %%page%%","_yoast_wpseo_metadesc":"Cultive coentro em sua horta e aproveite o frescor dessa erva arom\u00e1tica, perfeita para temperar seus pratos e aumentar o sabor.","jnews-multi-image_gallery":[],"jnews_single_post":{"format":"standard"},"jnews_primary_category":[],"jnews_social_meta":[],"jnews_override_counter":[],"footnotes":""},"categories":[136],"post_tag":[768,2581,2582,2334],"class_list":["post-17022","post","type-post","status-publish","format-standard","has-post-thumbnail","hentry","category-jardinagem","tag-coentro","tag-como-plantar-coentro","tag-cultivo-de-coentro","tag-horta-em-casa"],"yoast_head":"<!-- This site is optimized with the Yoast SEO plugin v24.6 - https:\/\/yoast.com\/wordpress\/plugins\/seo\/ -->\n<title>Saiba como plantar coentro e colher folhas frescas em semanas<\/title>\n<meta name=\"description\" content=\"Cultive coentro em sua horta e aproveite o frescor dessa erva arom\u00e1tica, perfeita para temperar seus pratos e aumentar o sabor.\" \/>\n<meta name=\"robots\" content=\"index, follow, max-snippet:-1, max-image-preview:large, max-video-preview:-1\" \/>\n<link rel=\"canonical\" href=\"https:\/\/www.correiobraziliense.com.br\/cbradar\/saiba-como-plantar-coentro-e-colher-folhas-frescas-em-semanas\/\" \/>\n<meta property=\"og:locale\" content=\"pt_BR\" \/>\n<meta property=\"og:type\" content=\"article\" \/>\n<meta property=\"og:title\" content=\"Saiba como plantar coentro e colher folhas frescas em semanas\" \/>\n<meta property=\"og:description\" content=\"Cultive coentro em sua horta e aproveite o frescor dessa erva arom\u00e1tica, perfeita para temperar seus pratos e aumentar o sabor.\" \/>\n<meta property=\"og:url\" content=\"https:\/\/www.correiobraziliense.com.br\/cbradar\/saiba-como-plantar-coentro-e-colher-folhas-frescas-em-semanas\/\" \/>\n<meta property=\"og:site_name\" content=\"Correio Braziliense - Radar\" \/>\n<meta property=\"article:published_time\" content=\"2025-03-30T11:10:30+00:00\" \/>\n<meta property=\"og:image\" content=\"https:\/\/www.correiobraziliense.com.br\/cbradar\/wp-content\/uploads\/2025\/03\/coentro_1743265635384.jpg\" \/>\n\t<meta property=\"og:image:width\" content=\"1280\" \/>\n\t<meta property=\"og:image:height\" content=\"720\" \/>\n\t<meta property=\"og:image:type\" content=\"image\/jpeg\" \/>\n<meta name=\"author\" content=\"Daniely Cardoso\" \/>\n<meta name=\"twitter:card\" content=\"summary_large_image\" \/>\n<meta name=\"twitter:label1\" content=\"Escrito por\" \/>\n\t<meta name=\"twitter:data1\" content=\"Daniely Cardoso\" \/>\n\t<meta name=\"twitter:label2\" content=\"Est. tempo de leitura\" \/>\n\t<meta name=\"twitter:data2\" content=\"4 minutos\" \/>\n<!-- \/ Yoast SEO plugin. -->","yoast_head_json":{"title":"Saiba como plantar coentro e colher folhas frescas em semanas","description":"Cultive coentro em sua horta e aproveite o frescor dessa erva arom\u00e1tica, perfeita para temperar seus pratos e aumentar o sabor.","robots":{"index":"index","follow":"follow","max-snippet":"max-snippet:-1","max-image-preview":"max-image-preview:large","max-video-preview":"max-video-preview:-1"},"canonical":"https:\/\/www.correiobraziliense.com.br\/cbradar\/saiba-como-plantar-coentro-e-colher-folhas-frescas-em-semanas\/","og_locale":"pt_BR","og_type":"article","og_title":"Saiba como plantar coentro e colher folhas frescas em semanas","og_description":"Cultive coentro em sua horta e aproveite o frescor dessa erva arom\u00e1tica, perfeita para temperar seus pratos e aumentar o sabor.","og_url":"https:\/\/www.correiobraziliense.com.br\/cbradar\/saiba-como-plantar-coentro-e-colher-folhas-frescas-em-semanas\/","og_site_name":"Correio Braziliense - Radar","article_published_time":"2025-03-30T11:10:30+00:00","og_image":[{"width":1280,"height":720,"url":"https:\/\/www.correiobraziliense.com.br\/cbradar\/wp-content\/uploads\/2025\/03\/coentro_1743265635384.jpg","type":"image\/jpeg"}],"author":"Daniely Cardoso","twitter_card":"summary_large_image","twitter_misc":{"Escrito por":"Daniely Cardoso","Est. tempo de leitura":"4 minutos"},"schema":{"@context":"https:\/\/schema.org","@graph":[{"@type":"WebPage","@id":"https:\/\/www.correiobraziliense.com.br\/cbradar\/saiba-como-plantar-coentro-e-colher-folhas-frescas-em-semanas\/","url":"https:\/\/www.correiobraziliense.com.br\/cbradar\/saiba-como-plantar-coentro-e-colher-folhas-frescas-em-semanas\/","name":"Saiba como plantar coentro e colher folhas frescas em semanas","isPartOf":{"@id":"https:\/\/www.correiobraziliense.com.br\/cbradar\/#website"},"primaryImageOfPage":{"@id":"https:\/\/www.correiobraziliense.com.br\/cbradar\/saiba-como-plantar-coentro-e-colher-folhas-frescas-em-semanas\/#primaryimage"},"image":{"@id":"https:\/\/www.correiobraziliense.com.br\/cbradar\/saiba-como-plantar-coentro-e-colher-folhas-frescas-em-semanas\/#primaryimage"},"thumbnailUrl":"https:\/\/www.correiobraziliense.com.br\/cbradar\/wp-content\/uploads\/2025\/03\/coentro_1743265635384.jpg","datePublished":"2025-03-30T11:10:30+00:00","author":{"@id":"https:\/\/www.correiobraziliense.com.br\/cbradar\/#\/schema\/person\/7356666e12ec0ee53f348ee5db227032"},"description":"Cultive coentro em sua horta e aproveite o frescor dessa erva arom\u00e1tica, perfeita para temperar seus pratos e aumentar o sabor.","breadcrumb":{"@id":"https:\/\/www.correiobraziliense.com.br\/cbradar\/saiba-como-plantar-coentro-e-colher-folhas-frescas-em-semanas\/#breadcrumb"},"inLanguage":"pt-BR","potentialAction":[{"@type":"ReadAction","target":["https:\/\/www.correiobraziliense.com.br\/cbradar\/saiba-como-plantar-coentro-e-colher-folhas-frescas-em-semanas\/"]}]},{"@type":"ImageObject","inLanguage":"pt-BR","@id":"https:\/\/www.correiobraziliense.com.br\/cbradar\/saiba-como-plantar-coentro-e-colher-folhas-frescas-em-semanas\/#primaryimage","url":"https:\/\/www.correiobraziliense.com.br\/cbradar\/wp-content\/uploads\/2025\/03\/coentro_1743265635384.jpg","contentUrl":"https:\/\/www.correiobraziliense.com.br\/cbradar\/wp-content\/uploads\/2025\/03\/coentro_1743265635384.jpg","width":1280,"height":720,"caption":"As folhas e sementes do coentro s\u00e3o ricas em compostos fen\u00f3licos e flavonoides - Cr\u00e9ditos: depositphotos.com \/ Dream79"},{"@type":"BreadcrumbList","@id":"https:\/\/www.correiobraziliense.com.br\/cbradar\/saiba-como-plantar-coentro-e-colher-folhas-frescas-em-semanas\/#breadcrumb","itemListElement":[{"@type":"ListItem","position":1,"name":"In\u00edcio","item":"https:\/\/www.correiobraziliense.com.br\/cbradar\/"},{"@type":"ListItem","position":2,"name":"Saiba como plantar coentro e colher folhas frescas em semanas"}]},{"@type":"WebSite","@id":"https:\/\/www.correiobraziliense.com.br\/cbradar\/#website","url":"https:\/\/www.correiobraziliense.com.br\/cbradar\/","name":"Correio Braziliense - Radar","description":"Acompanhe as \u00faltimas not\u00edcias e fique bem informado sobre tudo o que acontece no Brasil e no mundo.","potentialAction":[{"@type":"SearchAction","target":{"@type":"EntryPoint","urlTemplate":"https:\/\/www.correiobraziliense.com.br\/cbradar\/?s={search_term_string}"},"query-input":{"@type":"PropertyValueSpecification","valueRequired":true,"valueName":"search_term_string"}}],"inLanguage":"pt-BR"},{"@type":"Person","@id":"https:\/\/www.correiobraziliense.com.br\/cbradar\/#\/schema\/person\/7356666e12ec0ee53f348ee5db227032","name":"Daniely Cardoso","image":{"@type":"ImageObject","inLanguage":"pt-BR","@id":"https:\/\/www.correiobraziliense.com.br\/cbradar\/#\/schema\/person\/image\/","url":"https:\/\/secure.gravatar.com\/avatar\/4b80ddbd124d1f071b626d52d62e5dff?s=96&d=mm&r=g","contentUrl":"https:\/\/secure.gravatar.com\/avatar\/4b80ddbd124d1f071b626d52d62e5dff?s=96&d=mm&r=g","caption":"Daniely Cardoso"},"description":"Redatora nos portais CB Radar e EM Foco, formada pela Universidade Federal de Goi\u00e1s, em Goi\u00e2nia. Apaixonada por comunica\u00e7\u00e3o, arte, decora\u00e7\u00e3o e tend\u00eancias, atuo na produ\u00e7\u00e3o de conte\u00fados envolventes sobre curiosidades, moda, beleza e paisagismo, sempre com um olhar atento \u00e0s novidades do momento.","sameAs":["https:\/\/www.correiobraziliense.com.br\/cbradar"],"url":"https:\/\/www.correiobraziliense.com.br\/cbradar\/author\/danielymyth\/"}]}},"_links":{"self":[{"href":"https:\/\/www.correiobraziliense.com.br\/cbradar\/wp-json\/wp\/v2\/posts\/17022","targetHints":{"allow":["GET"]}}],"collection":[{"href":"https:\/\/www.correiobraziliense.com.br\/cbradar\/wp-json\/wp\/v2\/posts"}],"about":[{"href":"https:\/\/www.correiobraziliense.com.br\/cbradar\/wp-json\/wp\/v2\/types\/post"}],"author":[{"embeddable":true,"href":"https:\/\/www.correiobraziliense.com.br\/cbradar\/wp-json\/wp\/v2\/users\/9"}],"replies":[{"embeddable":true,"href":"https:\/\/www.correiobraziliense.com.br\/cbradar\/wp-json\/wp\/v2\/comments?post=17022"}],"version-history":[{"count":3,"href":"https:\/\/www.correiobraziliense.com.br\/cbradar\/wp-json\/wp\/v2\/posts\/17022\/revisions"}],"predecessor-version":[{"id":17038,"href":"https:\/\/www.correiobraziliense.com.br\/cbradar\/wp-json\/wp\/v2\/posts\/17022\/revisions\/17038"}],"wp:featuredmedia":[{"embeddable":true,"href":"https:\/\/www.correiobraziliense.com.br\/cbradar\/wp-json\/wp\/v2\/media\/17035"}],"wp:attachment":[{"href":"https:\/\/www.correiobraziliense.com.br\/cbradar\/wp-json\/wp\/v2\/media?parent=17022"}],"wp:term":[{"taxonomy":"category","embeddable":true,"href":"https:\/\/www.correiobraziliense.com.br\/cbradar\/wp-json\/wp\/v2\/categories?post=17022"},{"taxonomy":"post_tag","embeddable":true,"href":"https:\/\/www.correiobraziliense.com.br\/cbradar\/wp-json\/wp\/v2\/post_tag?post=17022"}],"curies":[{"name":"wp","href":"https:\/\/api.w.org\/{rel}","templated":true}]}}