{"id":17042,"date":"2025-03-31T07:10:00","date_gmt":"2025-03-31T10:10:00","guid":{"rendered":"https:\/\/www.correiobraziliense.com.br\/cbradar\/?p=17042"},"modified":"2025-03-30T14:38:41","modified_gmt":"2025-03-30T17:38:41","slug":"quais-as-melhores-ervas-para-cultivar-em-casa-veja-sugestoes","status":"publish","type":"post","link":"https:\/\/www.correiobraziliense.com.br\/cbradar\/quais-as-melhores-ervas-para-cultivar-em-casa-veja-sugestoes\/","title":{"rendered":"Quais as melhores ervas para cultivar em casa? Veja sugest\u00f5es"},"content":{"rendered":"\n<p>Ter uma horta em apartamento \u00e9 uma pr\u00e1tica cada vez mais comum entre aqueles que buscam uma alimenta\u00e7\u00e3o mais saud\u00e1vel e sustent\u00e1vel. Cultivar ervas e temperos em casa n\u00e3o s\u00f3 proporciona ingredientes frescos para as refei\u00e7\u00f5es, mas tamb\u00e9m adiciona um toque de verde ao ambiente urbano. Com um pouco de dedica\u00e7\u00e3o e cuidado, \u00e9 poss\u00edvel manter uma horta produtiva mesmo em espa\u00e7os reduzidos.<\/p>\n\n\n\n<p>As plantas arom\u00e1ticas s\u00e3o as favoritas para quem deseja iniciar uma horta em apartamento. Elas s\u00e3o f\u00e1ceis de cultivar e oferecem m\u00faltiplos usos na culin\u00e1ria e no bem-estar. Al\u00e9m disso, muitas dessas ervas possuem propriedades que ajudam a purificar o ar e afastar insetos indesejados.<\/p>\n\n\n\n<h2 class=\"wp-block-heading\"><strong>Quais ervas cultivar em casa?<\/strong><\/h2>\n\n\n\n<p>Escolher as ervas certas para cultivar em casa \u00e9 o primeiro passo para uma horta bem-sucedida. Algumas das op\u00e7\u00f5es mais populares incluem alecrim, manjeric\u00e3o, hortel\u00e3, tomilho, salsinha, coentro e pimentas. Cada uma dessas plantas possui caracter\u00edsticas \u00fanicas que podem enriquecer o card\u00e1pio di\u00e1rio.<\/p>\n\n\n\n<p><strong>Alecrim<\/strong>&nbsp;\u00e9 uma erva arom\u00e1tica que, al\u00e9m de ser usada como tempero, pode ser transformada em ch\u00e1 com propriedades calmantes. Seu aroma caracter\u00edstico tamb\u00e9m atua como um repelente natural.<\/p>\n\n\n\n<figure class=\"wp-block-image size-large\"><img decoding=\"async\" width=\"1024\" height=\"576\" src=\"https:\/\/www.correiobraziliense.com.br\/cbradar\/wp-content\/uploads\/2025\/03\/hortela_1743268133257-1024x576.jpg\" alt=\"Quais as melhores ervas para cultivar em casa? Veja sugest\u00f5es\" class=\"wp-image-17044\" srcset=\"https:\/\/www.correiobraziliense.com.br\/cbradar\/wp-content\/uploads\/2025\/03\/hortela_1743268133257-1024x576.jpg 1024w, https:\/\/www.correiobraziliense.com.br\/cbradar\/wp-content\/uploads\/2025\/03\/hortela_1743268133257-300x169.jpg 300w, https:\/\/www.correiobraziliense.com.br\/cbradar\/wp-content\/uploads\/2025\/03\/hortela_1743268133257-768x432.jpg 768w, https:\/\/www.correiobraziliense.com.br\/cbradar\/wp-content\/uploads\/2025\/03\/hortela_1743268133257-750x422.jpg 750w, https:\/\/www.correiobraziliense.com.br\/cbradar\/wp-content\/uploads\/2025\/03\/hortela_1743268133257-1140x641.jpg 1140w, https:\/\/www.correiobraziliense.com.br\/cbradar\/wp-content\/uploads\/2025\/03\/hortela_1743268133257.jpg 1280w\" sizes=\"(max-width: 1024px) 100vw, 1024px\" \/><figcaption class=\"wp-element-caption\">Hortel\u00e3\nCr\u00e9ditos: depositphotos.com \/ Niko-2<\/figcaption><\/figure>\n\n\n\n<h2 class=\"wp-block-heading\"><strong>Como cuidar das ervas arom\u00e1ticas?<\/strong><\/h2>\n\n\n\n<p>O cuidado com as ervas arom\u00e1ticas come\u00e7a com a escolha do local adequado para o cultivo. A maioria dessas plantas prefere locais bem iluminados, com luz solar direta por algumas horas do dia. \u00c9 importante tamb\u00e9m garantir que o solo esteja sempre \u00famido, mas n\u00e3o encharcado, para evitar o apodrecimento das ra\u00edzes.<\/p>\n\n\n\n<p>Para o&nbsp;<strong>manjeric\u00e3o<\/strong>, por exemplo, \u00e9 essencial mant\u00ea-lo em um local que receba bastante luz solar. Essa erva \u00e9 indispens\u00e1vel para quem gosta de preparar pizzas caseiras, oferecendo um aroma fresco e inconfund\u00edvel.<\/p>\n\n\n\n<h2 class=\"wp-block-heading\"><strong>Quais os benef\u00edcios de cultivar uma horta em casa?<\/strong><\/h2>\n\n\n\n<p>Al\u00e9m de proporcionar ingredientes frescos e saborosos, cultivar uma horta em casa traz diversos benef\u00edcios para a sa\u00fade e o bem-estar. O contato com a natureza, mesmo que em pequena escala, ajuda a reduzir o estresse e melhora a qualidade do ar no ambiente interno.<\/p>\n\n\n\n<p>Ervas como&nbsp;<strong>hortel\u00e3<\/strong>&nbsp;e&nbsp;<strong>salsinha<\/strong>&nbsp;n\u00e3o s\u00f3 s\u00e3o vers\u00e1teis na cozinha, mas tamb\u00e9m possuem propriedades medicinais. O hortel\u00e3, por exemplo, \u00e9 conhecido por auxiliar na digest\u00e3o e pode ser usado no preparo de ch\u00e1s e sucos refrescantes.<\/p>\n\n\n\n<h2 class=\"wp-block-heading\"><strong>Como iniciar uma horta em apartamento?<\/strong><\/h2>\n\n\n\n<p>Para come\u00e7ar uma horta em apartamento, \u00e9 importante escolher vasos adequados e um bom substrato para o plantio. As ervas podem ser cultivadas a partir de sementes ou mudas, dependendo da prefer\u00eancia e da disponibilidade. O uso de fertilizantes org\u00e2nicos pode ajudar a manter as plantas saud\u00e1veis e produtivas.<\/p>\n\n\n\n<p>Com paci\u00eancia e cuidado, qualquer pessoa pode desfrutar dos benef\u00edcios de uma horta caseira, colhendo ervas frescas para suas receitas e aproveitando um pedacinho da natureza dentro de casa.<\/p>\n","protected":false},"excerpt":{"rendered":"<p>Guia completo para cultivar horta em seu apartamento. Escolha as melhores ervas e usufrua dos benef\u00edcios que uma horta caseira pode oferecer.<\/p>\n","protected":false},"author":3,"featured_media":17043,"comment_status":"open","ping_status":"open","sticky":false,"template":"","format":"standard","meta":{"jnews-multi-image_gallery":[],"jnews_single_post":{"format":"standard"},"jnews_primary_category":[],"jnews_social_meta":[],"jnews_override_counter":[],"footnotes":""},"categories":[136],"post_tag":[137,1529],"class_list":["post-17042","post","type-post","status-publish","format-standard","has-post-thumbnail","hentry","category-jardinagem","tag-como-plantar","tag-ervas"],"yoast_head":"<!-- This site is optimized with the Yoast SEO plugin v24.6 - https:\/\/yoast.com\/wordpress\/plugins\/seo\/ -->\n<title>Quais as melhores ervas para cultivar em casa? Veja sugest\u00f5es<\/title>\n<meta name=\"description\" content=\"Guia completo para cultivar horta em seu apartamento. Escolha as melhores ervas e usufrua dos benef\u00edcios que uma horta caseira pode oferecer.\" \/>\n<meta name=\"robots\" content=\"index, follow, max-snippet:-1, max-image-preview:large, max-video-preview:-1\" \/>\n<link rel=\"canonical\" href=\"https:\/\/www.correiobraziliense.com.br\/cbradar\/quais-as-melhores-ervas-para-cultivar-em-casa-veja-sugestoes\/\" \/>\n<meta property=\"og:locale\" content=\"pt_BR\" \/>\n<meta property=\"og:type\" content=\"article\" \/>\n<meta property=\"og:title\" content=\"Quais as melhores ervas para cultivar em casa? Veja sugest\u00f5es\" \/>\n<meta property=\"og:description\" content=\"Guia completo para cultivar horta em seu apartamento. Escolha as melhores ervas e usufrua dos benef\u00edcios que uma horta caseira pode oferecer.\" \/>\n<meta property=\"og:url\" content=\"https:\/\/www.correiobraziliense.com.br\/cbradar\/quais-as-melhores-ervas-para-cultivar-em-casa-veja-sugestoes\/\" \/>\n<meta property=\"og:site_name\" content=\"Correio Braziliense - Radar\" \/>\n<meta property=\"article:published_time\" content=\"2025-03-31T10:10:00+00:00\" \/>\n<meta property=\"og:image\" content=\"https:\/\/www.correiobraziliense.com.br\/cbradar\/wp-content\/uploads\/2025\/03\/horta-em-casa_1743268095888.jpg\" \/>\n\t<meta property=\"og:image:width\" content=\"1280\" \/>\n\t<meta property=\"og:image:height\" content=\"720\" \/>\n\t<meta property=\"og:image:type\" content=\"image\/jpeg\" \/>\n<meta name=\"author\" content=\"Larissa Carvalho\" \/>\n<meta name=\"twitter:card\" content=\"summary_large_image\" \/>\n<meta name=\"twitter:label1\" content=\"Escrito por\" \/>\n\t<meta name=\"twitter:data1\" content=\"Larissa Carvalho\" \/>\n\t<meta name=\"twitter:label2\" content=\"Est. tempo de leitura\" \/>\n\t<meta name=\"twitter:data2\" content=\"3 minutos\" \/>\n<!-- \/ Yoast SEO plugin. -->","yoast_head_json":{"title":"Quais as melhores ervas para cultivar em casa? Veja sugest\u00f5es","description":"Guia completo para cultivar horta em seu apartamento. Escolha as melhores ervas e usufrua dos benef\u00edcios que uma horta caseira pode oferecer.","robots":{"index":"index","follow":"follow","max-snippet":"max-snippet:-1","max-image-preview":"max-image-preview:large","max-video-preview":"max-video-preview:-1"},"canonical":"https:\/\/www.correiobraziliense.com.br\/cbradar\/quais-as-melhores-ervas-para-cultivar-em-casa-veja-sugestoes\/","og_locale":"pt_BR","og_type":"article","og_title":"Quais as melhores ervas para cultivar em casa? Veja sugest\u00f5es","og_description":"Guia completo para cultivar horta em seu apartamento. Escolha as melhores ervas e usufrua dos benef\u00edcios que uma horta caseira pode oferecer.","og_url":"https:\/\/www.correiobraziliense.com.br\/cbradar\/quais-as-melhores-ervas-para-cultivar-em-casa-veja-sugestoes\/","og_site_name":"Correio Braziliense - Radar","article_published_time":"2025-03-31T10:10:00+00:00","og_image":[{"width":1280,"height":720,"url":"https:\/\/www.correiobraziliense.com.br\/cbradar\/wp-content\/uploads\/2025\/03\/horta-em-casa_1743268095888.jpg","type":"image\/jpeg"}],"author":"Larissa Carvalho","twitter_card":"summary_large_image","twitter_misc":{"Escrito por":"Larissa Carvalho","Est. tempo de leitura":"3 minutos"},"schema":{"@context":"https:\/\/schema.org","@graph":[{"@type":"WebPage","@id":"https:\/\/www.correiobraziliense.com.br\/cbradar\/quais-as-melhores-ervas-para-cultivar-em-casa-veja-sugestoes\/","url":"https:\/\/www.correiobraziliense.com.br\/cbradar\/quais-as-melhores-ervas-para-cultivar-em-casa-veja-sugestoes\/","name":"Quais as melhores ervas para cultivar em casa? Veja sugest\u00f5es","isPartOf":{"@id":"https:\/\/www.correiobraziliense.com.br\/cbradar\/#website"},"primaryImageOfPage":{"@id":"https:\/\/www.correiobraziliense.com.br\/cbradar\/quais-as-melhores-ervas-para-cultivar-em-casa-veja-sugestoes\/#primaryimage"},"image":{"@id":"https:\/\/www.correiobraziliense.com.br\/cbradar\/quais-as-melhores-ervas-para-cultivar-em-casa-veja-sugestoes\/#primaryimage"},"thumbnailUrl":"https:\/\/www.correiobraziliense.com.br\/cbradar\/wp-content\/uploads\/2025\/03\/horta-em-casa_1743268095888.jpg","datePublished":"2025-03-31T10:10:00+00:00","author":{"@id":"https:\/\/www.correiobraziliense.com.br\/cbradar\/#\/schema\/person\/58422787644df994b53a19d3e56c1513"},"description":"Guia completo para cultivar horta em seu apartamento. Escolha as melhores ervas e usufrua dos benef\u00edcios que uma horta caseira pode oferecer.","breadcrumb":{"@id":"https:\/\/www.correiobraziliense.com.br\/cbradar\/quais-as-melhores-ervas-para-cultivar-em-casa-veja-sugestoes\/#breadcrumb"},"inLanguage":"pt-BR","potentialAction":[{"@type":"ReadAction","target":["https:\/\/www.correiobraziliense.com.br\/cbradar\/quais-as-melhores-ervas-para-cultivar-em-casa-veja-sugestoes\/"]}]},{"@type":"ImageObject","inLanguage":"pt-BR","@id":"https:\/\/www.correiobraziliense.com.br\/cbradar\/quais-as-melhores-ervas-para-cultivar-em-casa-veja-sugestoes\/#primaryimage","url":"https:\/\/www.correiobraziliense.com.br\/cbradar\/wp-content\/uploads\/2025\/03\/horta-em-casa_1743268095888.jpg","contentUrl":"https:\/\/www.correiobraziliense.com.br\/cbradar\/wp-content\/uploads\/2025\/03\/horta-em-casa_1743268095888.jpg","width":1280,"height":720,"caption":"horta em casa Cr\u00e9ditos: depositphotos.com \/ ChiccoDodiFC"},{"@type":"BreadcrumbList","@id":"https:\/\/www.correiobraziliense.com.br\/cbradar\/quais-as-melhores-ervas-para-cultivar-em-casa-veja-sugestoes\/#breadcrumb","itemListElement":[{"@type":"ListItem","position":1,"name":"In\u00edcio","item":"https:\/\/www.correiobraziliense.com.br\/cbradar\/"},{"@type":"ListItem","position":2,"name":"Quais as melhores ervas para cultivar em casa? Veja sugest\u00f5es"}]},{"@type":"WebSite","@id":"https:\/\/www.correiobraziliense.com.br\/cbradar\/#website","url":"https:\/\/www.correiobraziliense.com.br\/cbradar\/","name":"Correio Braziliense - Radar","description":"Acompanhe as \u00faltimas not\u00edcias e fique bem informado sobre tudo o que acontece no Brasil e no mundo.","potentialAction":[{"@type":"SearchAction","target":{"@type":"EntryPoint","urlTemplate":"https:\/\/www.correiobraziliense.com.br\/cbradar\/?s={search_term_string}"},"query-input":{"@type":"PropertyValueSpecification","valueRequired":true,"valueName":"search_term_string"}}],"inLanguage":"pt-BR"},{"@type":"Person","@id":"https:\/\/www.correiobraziliense.com.br\/cbradar\/#\/schema\/person\/58422787644df994b53a19d3e56c1513","name":"Larissa Carvalho","image":{"@type":"ImageObject","inLanguage":"pt-BR","@id":"https:\/\/www.correiobraziliense.com.br\/cbradar\/#\/schema\/person\/image\/","url":"https:\/\/secure.gravatar.com\/avatar\/fe4f91a0de32b52a838d0d612abdc1aa?s=96&d=mm&r=g","contentUrl":"https:\/\/secure.gravatar.com\/avatar\/fe4f91a0de32b52a838d0d612abdc1aa?s=96&d=mm&r=g","caption":"Larissa Carvalho"},"url":"https:\/\/www.correiobraziliense.com.br\/cbradar\/author\/larissamyth\/"}]}},"_links":{"self":[{"href":"https:\/\/www.correiobraziliense.com.br\/cbradar\/wp-json\/wp\/v2\/posts\/17042","targetHints":{"allow":["GET"]}}],"collection":[{"href":"https:\/\/www.correiobraziliense.com.br\/cbradar\/wp-json\/wp\/v2\/posts"}],"about":[{"href":"https:\/\/www.correiobraziliense.com.br\/cbradar\/wp-json\/wp\/v2\/types\/post"}],"author":[{"embeddable":true,"href":"https:\/\/www.correiobraziliense.com.br\/cbradar\/wp-json\/wp\/v2\/users\/3"}],"replies":[{"embeddable":true,"href":"https:\/\/www.correiobraziliense.com.br\/cbradar\/wp-json\/wp\/v2\/comments?post=17042"}],"version-history":[{"count":2,"href":"https:\/\/www.correiobraziliense.com.br\/cbradar\/wp-json\/wp\/v2\/posts\/17042\/revisions"}],"predecessor-version":[{"id":17296,"href":"https:\/\/www.correiobraziliense.com.br\/cbradar\/wp-json\/wp\/v2\/posts\/17042\/revisions\/17296"}],"wp:featuredmedia":[{"embeddable":true,"href":"https:\/\/www.correiobraziliense.com.br\/cbradar\/wp-json\/wp\/v2\/media\/17043"}],"wp:attachment":[{"href":"https:\/\/www.correiobraziliense.com.br\/cbradar\/wp-json\/wp\/v2\/media?parent=17042"}],"wp:term":[{"taxonomy":"category","embeddable":true,"href":"https:\/\/www.correiobraziliense.com.br\/cbradar\/wp-json\/wp\/v2\/categories?post=17042"},{"taxonomy":"post_tag","embeddable":true,"href":"https:\/\/www.correiobraziliense.com.br\/cbradar\/wp-json\/wp\/v2\/post_tag?post=17042"}],"curies":[{"name":"wp","href":"https:\/\/api.w.org\/{rel}","templated":true}]}}