{"id":17046,"date":"2025-03-31T06:10:00","date_gmt":"2025-03-31T09:10:00","guid":{"rendered":"https:\/\/www.correiobraziliense.com.br\/cbradar\/?p=17046"},"modified":"2025-03-31T01:42:48","modified_gmt":"2025-03-31T04:42:48","slug":"as-melhores-hortalicas-e-frutas-para-plantar-no-outono","status":"publish","type":"post","link":"https:\/\/www.correiobraziliense.com.br\/cbradar\/as-melhores-hortalicas-e-frutas-para-plantar-no-outono\/","title":{"rendered":"As melhores hortali\u00e7as e frutas para plantar no outono"},"content":{"rendered":"\n<p>O outono no <strong>Hemisf\u00e9rio Sul<\/strong>, que come\u00e7a em 20 de mar\u00e7o, oferece condi\u00e7\u00f5es ideais para o plantio de diversas frutas e hortali\u00e7as. Esta esta\u00e7\u00e3o \u00e9 marcada pela transi\u00e7\u00e3o entre o calor do ver\u00e3o e o frio do inverno, proporcionando um ambiente prop\u00edcio para o desenvolvimento de plantas que n\u00e3o toleram temperaturas extremas. A seguir, ser\u00e3o destacadas algumas op\u00e7\u00f5es de cultivo, suas caracter\u00edsticas e as regi\u00f5es mais adequadas para cada uma.<\/p>\n\n\n\n<p>O cultivo de hortali\u00e7as e frutas no outono \u00e9 uma pr\u00e1tica comum entre agricultores e jardineiros que buscam manter suas hortas produtivas e diversificadas. Entre as variedades mais indicadas para esta \u00e9poca do ano est\u00e3o hortali\u00e7as como a acelga, o agri\u00e3o e a alface, al\u00e9m de frutas como a melancia e o mel\u00e3o. Cada uma dessas plantas possui caracter\u00edsticas espec\u00edficas que determinam a melhor regi\u00e3o para seu plantio.<\/p>\n\n\n\n<h2 class=\"wp-block-heading\"><strong>Quais s\u00e3o as melhores hortali\u00e7as para plantar no outono?<\/strong><\/h2>\n\n\n\n<p>Entre as hortali\u00e7as recomendadas para o outono, destaca-se a&nbsp;acelga, origin\u00e1ria da <strong>\u00c1sia<\/strong>, que \u00e9 rica em fibras e nutrientes como s\u00f3dio, pot\u00e1ssio e vitamina C. Ela \u00e9 ideal para cultivo no Sul, Sudeste e Norte do <strong>Brasil<\/strong>. Outra op\u00e7\u00e3o \u00e9 o&nbsp;agri\u00e3o, que pode ser cultivado tanto em \u00e1gua quanto em terra, e \u00e9 adapt\u00e1vel a diversas regi\u00f5es, incluindo o Sul, Sudeste, Centro-Oeste, Norte e Nordeste.<\/p>\n\n\n\n<p>A&nbsp;<strong>alface<\/strong>, conhecida como a rainha das hortali\u00e7as, \u00e9 amplamente consumida em saladas e sandu\u00edches. Seu cultivo \u00e9 recomendado em praticamente todas as regi\u00f5es do Brasil, gra\u00e7as \u00e0 sua r\u00e1pida adapta\u00e7\u00e3o e crescimento. Al\u00e9m disso, o&nbsp;<strong>alho<\/strong>, utilizado tanto na culin\u00e1ria quanto na medicina popular, \u00e9 uma excelente escolha para o outono, sendo indicado para o Sul, Sudeste, Centro-Oeste e Nordeste.<\/p>\n\n\n\n<figure class=\"wp-block-image size-large\"><img decoding=\"async\" width=\"1024\" height=\"576\" src=\"https:\/\/www.correiobraziliense.com.br\/cbradar\/wp-content\/uploads\/2025\/03\/outono_1743268419131-1024x576.jpg\" alt=\"As melhores hortali\u00e7as e frutas para plantar no outono\" class=\"wp-image-17048\" srcset=\"https:\/\/www.correiobraziliense.com.br\/cbradar\/wp-content\/uploads\/2025\/03\/outono_1743268419131-1024x576.jpg 1024w, https:\/\/www.correiobraziliense.com.br\/cbradar\/wp-content\/uploads\/2025\/03\/outono_1743268419131-300x169.jpg 300w, https:\/\/www.correiobraziliense.com.br\/cbradar\/wp-content\/uploads\/2025\/03\/outono_1743268419131-768x432.jpg 768w, https:\/\/www.correiobraziliense.com.br\/cbradar\/wp-content\/uploads\/2025\/03\/outono_1743268419131-750x422.jpg 750w, https:\/\/www.correiobraziliense.com.br\/cbradar\/wp-content\/uploads\/2025\/03\/outono_1743268419131-1140x641.jpg 1140w, https:\/\/www.correiobraziliense.com.br\/cbradar\/wp-content\/uploads\/2025\/03\/outono_1743268419131.jpg 1280w\" sizes=\"(max-width: 1024px) 100vw, 1024px\" \/><figcaption class=\"wp-element-caption\">Outono\nCr\u00e9ditos: depositphotos.com \/ Patryk_Kosmider<\/figcaption><\/figure>\n\n\n\n<h2 class=\"wp-block-heading\"><strong>Como escolher as frutas ideais para o outono?<\/strong><\/h2>\n\n\n\n<p>No que diz respeito \u00e0s frutas, a&nbsp;<strong>melancia<\/strong>&nbsp;e o&nbsp;<strong>mel\u00e3o<\/strong>&nbsp;s\u00e3o duas op\u00e7\u00f5es que se destacam no outono. Ambas necessitam de temperaturas mais altas para se desenvolverem adequadamente. No Brasil, as regi\u00f5es Norte e Nordeste s\u00e3o as mais indicadas para o cultivo dessas frutas, devido ao clima quente e favor\u00e1vel.<\/p>\n\n\n\n<p>Outra fruta interessante para o cultivo \u00e9 o&nbsp;<strong>morango<\/strong>, que, apesar de ser um pseudofruto, oferece diversos benef\u00edcios \u00e0 sa\u00fade. Ele \u00e9 ideal para as regi\u00f5es Sul e Sudeste, onde as temperaturas s\u00e3o mais amenas. J\u00e1 o&nbsp;<strong>pepino<\/strong>, uma hortali\u00e7a asi\u00e1tica, tamb\u00e9m pode ser cultivado no outono, especialmente no Norte e Nordeste, onde o clima \u00e9 mais quente.<\/p>\n\n\n\n<h2 class=\"wp-block-heading\"><strong>Quais s\u00e3o as dicas para um cultivo bem-sucedido?<\/strong><\/h2>\n\n\n\n<p>Para garantir um cultivo bem-sucedido, \u00e9 importante considerar o tipo de solo e as condi\u00e7\u00f5es clim\u00e1ticas de cada regi\u00e3o. Por exemplo, a&nbsp;<strong>batata<\/strong>&nbsp;requer um solo arenoso e bem drenado, sendo mais adequada para o Sudeste e Centro-Oeste. J\u00e1 a&nbsp;<strong>cenoura<\/strong>&nbsp;deve ser plantada em solos fofos, sem obst\u00e1culos, para permitir o crescimento das ra\u00edzes, sendo indicada para o Sul, Sudeste e Centro-Oeste.<\/p>\n\n\n\n<p>Al\u00e9m disso, \u00e9 essencial monitorar a temperatura e a umidade do solo, ajustando o manejo conforme necess\u00e1rio. O uso de t\u00e9cnicas de irriga\u00e7\u00e3o adequadas e a escolha de variedades resistentes a pragas e doen\u00e7as tamb\u00e9m s\u00e3o fatores que contribuem para o sucesso do cultivo.<\/p>\n\n\n\n<h2 class=\"wp-block-heading\"><strong>Outona \u00e9 uma boa esta\u00e7\u00e3o para plantar?<\/strong><\/h2>\n\n\n\n<p>O outono \u00e9 uma esta\u00e7\u00e3o rica em oportunidades para o cultivo de hortali\u00e7as e frutas no Brasil. Com uma variedade de op\u00e7\u00f5es adaptadas a diferentes climas e regi\u00f5es, \u00e9 poss\u00edvel manter uma horta produtiva e diversificada durante toda a esta\u00e7\u00e3o. Ao seguir as dicas de cultivo e escolher as plantas certas para cada regi\u00e3o, agricultores e jardineiros podem aproveitar ao m\u00e1ximo as condi\u00e7\u00f5es favor\u00e1veis do outono.<\/p>\n","protected":false},"excerpt":{"rendered":"<p>Guia completo sobre o cultivo de hortali\u00e7as e frutas no outono brasileiro, com dicas por regi\u00e3o e sugest\u00f5es de plantas.<\/p>\n","protected":false},"author":3,"featured_media":17047,"comment_status":"open","ping_status":"open","sticky":false,"template":"","format":"standard","meta":{"_yoast_wpseo_focuskw":"plantar outono","_yoast_wpseo_title":"%%title%%","_yoast_wpseo_metadesc":"Guia completo sobre o cultivo de hortali\u00e7as e frutas no outono brasileiro, com dicas por regi\u00e3o e sugest\u00f5es de plantas.","jnews-multi-image_gallery":[],"jnews_single_post":{"format":"standard"},"jnews_primary_category":[],"jnews_social_meta":[],"jnews_override_counter":[],"footnotes":""},"categories":[136],"post_tag":[137,870],"class_list":["post-17046","post","type-post","status-publish","format-standard","has-post-thumbnail","hentry","category-jardinagem","tag-como-plantar","tag-hortalicas"],"yoast_head":"<!-- This site is optimized with the Yoast SEO plugin v24.6 - https:\/\/yoast.com\/wordpress\/plugins\/seo\/ -->\n<title>As melhores hortali\u00e7as e frutas para plantar no outono<\/title>\n<meta name=\"description\" content=\"Guia completo sobre o cultivo de hortali\u00e7as e frutas no outono brasileiro, com dicas por regi\u00e3o e sugest\u00f5es de plantas.\" \/>\n<meta name=\"robots\" content=\"index, follow, max-snippet:-1, max-image-preview:large, max-video-preview:-1\" \/>\n<link rel=\"canonical\" href=\"https:\/\/www.correiobraziliense.com.br\/cbradar\/as-melhores-hortalicas-e-frutas-para-plantar-no-outono\/\" \/>\n<meta property=\"og:locale\" content=\"pt_BR\" \/>\n<meta property=\"og:type\" content=\"article\" \/>\n<meta property=\"og:title\" content=\"As melhores hortali\u00e7as e frutas para plantar no outono\" \/>\n<meta property=\"og:description\" content=\"Guia completo sobre o cultivo de hortali\u00e7as e frutas no outono brasileiro, com dicas por regi\u00e3o e sugest\u00f5es de plantas.\" \/>\n<meta property=\"og:url\" content=\"https:\/\/www.correiobraziliense.com.br\/cbradar\/as-melhores-hortalicas-e-frutas-para-plantar-no-outono\/\" \/>\n<meta property=\"og:site_name\" content=\"Correio Braziliense - Radar\" \/>\n<meta property=\"article:published_time\" content=\"2025-03-31T09:10:00+00:00\" \/>\n<meta property=\"og:image\" content=\"https:\/\/www.correiobraziliense.com.br\/cbradar\/wp-content\/uploads\/2025\/03\/hortalica_1743268376796.jpg\" \/>\n\t<meta property=\"og:image:width\" content=\"1280\" \/>\n\t<meta property=\"og:image:height\" content=\"720\" \/>\n\t<meta property=\"og:image:type\" content=\"image\/jpeg\" \/>\n<meta name=\"author\" content=\"Larissa Carvalho\" \/>\n<meta name=\"twitter:card\" content=\"summary_large_image\" \/>\n<meta name=\"twitter:label1\" content=\"Escrito por\" \/>\n\t<meta name=\"twitter:data1\" content=\"Larissa Carvalho\" \/>\n\t<meta name=\"twitter:label2\" content=\"Est. tempo de leitura\" \/>\n\t<meta name=\"twitter:data2\" content=\"4 minutos\" \/>\n<!-- \/ Yoast SEO plugin. -->","yoast_head_json":{"title":"As melhores hortali\u00e7as e frutas para plantar no outono","description":"Guia completo sobre o cultivo de hortali\u00e7as e frutas no outono brasileiro, com dicas por regi\u00e3o e sugest\u00f5es de plantas.","robots":{"index":"index","follow":"follow","max-snippet":"max-snippet:-1","max-image-preview":"max-image-preview:large","max-video-preview":"max-video-preview:-1"},"canonical":"https:\/\/www.correiobraziliense.com.br\/cbradar\/as-melhores-hortalicas-e-frutas-para-plantar-no-outono\/","og_locale":"pt_BR","og_type":"article","og_title":"As melhores hortali\u00e7as e frutas para plantar no outono","og_description":"Guia completo sobre o cultivo de hortali\u00e7as e frutas no outono brasileiro, com dicas por regi\u00e3o e sugest\u00f5es de plantas.","og_url":"https:\/\/www.correiobraziliense.com.br\/cbradar\/as-melhores-hortalicas-e-frutas-para-plantar-no-outono\/","og_site_name":"Correio Braziliense - Radar","article_published_time":"2025-03-31T09:10:00+00:00","og_image":[{"width":1280,"height":720,"url":"https:\/\/www.correiobraziliense.com.br\/cbradar\/wp-content\/uploads\/2025\/03\/hortalica_1743268376796.jpg","type":"image\/jpeg"}],"author":"Larissa Carvalho","twitter_card":"summary_large_image","twitter_misc":{"Escrito por":"Larissa Carvalho","Est. tempo de leitura":"4 minutos"},"schema":{"@context":"https:\/\/schema.org","@graph":[{"@type":"WebPage","@id":"https:\/\/www.correiobraziliense.com.br\/cbradar\/as-melhores-hortalicas-e-frutas-para-plantar-no-outono\/","url":"https:\/\/www.correiobraziliense.com.br\/cbradar\/as-melhores-hortalicas-e-frutas-para-plantar-no-outono\/","name":"As melhores hortali\u00e7as e frutas para plantar no outono","isPartOf":{"@id":"https:\/\/www.correiobraziliense.com.br\/cbradar\/#website"},"primaryImageOfPage":{"@id":"https:\/\/www.correiobraziliense.com.br\/cbradar\/as-melhores-hortalicas-e-frutas-para-plantar-no-outono\/#primaryimage"},"image":{"@id":"https:\/\/www.correiobraziliense.com.br\/cbradar\/as-melhores-hortalicas-e-frutas-para-plantar-no-outono\/#primaryimage"},"thumbnailUrl":"https:\/\/www.correiobraziliense.com.br\/cbradar\/wp-content\/uploads\/2025\/03\/hortalica_1743268376796.jpg","datePublished":"2025-03-31T09:10:00+00:00","author":{"@id":"https:\/\/www.correiobraziliense.com.br\/cbradar\/#\/schema\/person\/58422787644df994b53a19d3e56c1513"},"description":"Guia completo sobre o cultivo de hortali\u00e7as e frutas no outono brasileiro, com dicas por regi\u00e3o e sugest\u00f5es de plantas.","breadcrumb":{"@id":"https:\/\/www.correiobraziliense.com.br\/cbradar\/as-melhores-hortalicas-e-frutas-para-plantar-no-outono\/#breadcrumb"},"inLanguage":"pt-BR","potentialAction":[{"@type":"ReadAction","target":["https:\/\/www.correiobraziliense.com.br\/cbradar\/as-melhores-hortalicas-e-frutas-para-plantar-no-outono\/"]}]},{"@type":"ImageObject","inLanguage":"pt-BR","@id":"https:\/\/www.correiobraziliense.com.br\/cbradar\/as-melhores-hortalicas-e-frutas-para-plantar-no-outono\/#primaryimage","url":"https:\/\/www.correiobraziliense.com.br\/cbradar\/wp-content\/uploads\/2025\/03\/hortalica_1743268376796.jpg","contentUrl":"https:\/\/www.correiobraziliense.com.br\/cbradar\/wp-content\/uploads\/2025\/03\/hortalica_1743268376796.jpg","width":1280,"height":720,"caption":"hortali\u00e7as Cr\u00e9ditos: depositphotos.com \/ Serg64"},{"@type":"BreadcrumbList","@id":"https:\/\/www.correiobraziliense.com.br\/cbradar\/as-melhores-hortalicas-e-frutas-para-plantar-no-outono\/#breadcrumb","itemListElement":[{"@type":"ListItem","position":1,"name":"In\u00edcio","item":"https:\/\/www.correiobraziliense.com.br\/cbradar\/"},{"@type":"ListItem","position":2,"name":"As melhores hortali\u00e7as e frutas para plantar no outono"}]},{"@type":"WebSite","@id":"https:\/\/www.correiobraziliense.com.br\/cbradar\/#website","url":"https:\/\/www.correiobraziliense.com.br\/cbradar\/","name":"Correio Braziliense - Radar","description":"Acompanhe as \u00faltimas not\u00edcias e fique bem informado sobre tudo o que acontece no Brasil e no mundo.","potentialAction":[{"@type":"SearchAction","target":{"@type":"EntryPoint","urlTemplate":"https:\/\/www.correiobraziliense.com.br\/cbradar\/?s={search_term_string}"},"query-input":{"@type":"PropertyValueSpecification","valueRequired":true,"valueName":"search_term_string"}}],"inLanguage":"pt-BR"},{"@type":"Person","@id":"https:\/\/www.correiobraziliense.com.br\/cbradar\/#\/schema\/person\/58422787644df994b53a19d3e56c1513","name":"Larissa Carvalho","image":{"@type":"ImageObject","inLanguage":"pt-BR","@id":"https:\/\/www.correiobraziliense.com.br\/cbradar\/#\/schema\/person\/image\/","url":"https:\/\/secure.gravatar.com\/avatar\/fe4f91a0de32b52a838d0d612abdc1aa?s=96&d=mm&r=g","contentUrl":"https:\/\/secure.gravatar.com\/avatar\/fe4f91a0de32b52a838d0d612abdc1aa?s=96&d=mm&r=g","caption":"Larissa Carvalho"},"url":"https:\/\/www.correiobraziliense.com.br\/cbradar\/author\/larissamyth\/"}]}},"_links":{"self":[{"href":"https:\/\/www.correiobraziliense.com.br\/cbradar\/wp-json\/wp\/v2\/posts\/17046","targetHints":{"allow":["GET"]}}],"collection":[{"href":"https:\/\/www.correiobraziliense.com.br\/cbradar\/wp-json\/wp\/v2\/posts"}],"about":[{"href":"https:\/\/www.correiobraziliense.com.br\/cbradar\/wp-json\/wp\/v2\/types\/post"}],"author":[{"embeddable":true,"href":"https:\/\/www.correiobraziliense.com.br\/cbradar\/wp-json\/wp\/v2\/users\/3"}],"replies":[{"embeddable":true,"href":"https:\/\/www.correiobraziliense.com.br\/cbradar\/wp-json\/wp\/v2\/comments?post=17046"}],"version-history":[{"count":3,"href":"https:\/\/www.correiobraziliense.com.br\/cbradar\/wp-json\/wp\/v2\/posts\/17046\/revisions"}],"predecessor-version":[{"id":17307,"href":"https:\/\/www.correiobraziliense.com.br\/cbradar\/wp-json\/wp\/v2\/posts\/17046\/revisions\/17307"}],"wp:featuredmedia":[{"embeddable":true,"href":"https:\/\/www.correiobraziliense.com.br\/cbradar\/wp-json\/wp\/v2\/media\/17047"}],"wp:attachment":[{"href":"https:\/\/www.correiobraziliense.com.br\/cbradar\/wp-json\/wp\/v2\/media?parent=17046"}],"wp:term":[{"taxonomy":"category","embeddable":true,"href":"https:\/\/www.correiobraziliense.com.br\/cbradar\/wp-json\/wp\/v2\/categories?post=17046"},{"taxonomy":"post_tag","embeddable":true,"href":"https:\/\/www.correiobraziliense.com.br\/cbradar\/wp-json\/wp\/v2\/post_tag?post=17046"}],"curies":[{"name":"wp","href":"https:\/\/api.w.org\/{rel}","templated":true}]}}