{"id":170463,"date":"2026-01-09T20:25:00","date_gmt":"2026-01-09T23:25:00","guid":{"rendered":"https:\/\/www.correiobraziliense.com.br\/cbradar\/?p=170463"},"modified":"2026-01-07T15:50:06","modified_gmt":"2026-01-07T18:50:06","slug":"janeiro-roxo-alerta-para-a-hanseniase-no-brasil","status":"publish","type":"post","link":"https:\/\/www.correiobraziliense.com.br\/cbradar\/janeiro-roxo-alerta-para-a-hanseniase-no-brasil\/","title":{"rendered":"Janeiro Roxo alerta para a hansen\u00edase no Brasil"},"content":{"rendered":"\n<p>O m\u00eas de janeiro \u00e9 dedicado \u00e0 conscientiza\u00e7\u00e3o sobre a <strong>Hansen\u00edase <\/strong>no Brasil por meio da campanha Janeiro Roxo. Esta iniciativa busca n\u00e3o apenas informar a popula\u00e7\u00e3o sobre os desafios associados \u00e0 doen\u00e7a, mas tamb\u00e9m combater o preconceito e a falta de conhecimento sobre esta doen\u00e7a que ainda \u00e9 um problema de sa\u00fade p\u00fablica significativo no pa\u00eds. A hansen\u00edase, causada pela bact\u00e9ria\u00a0<em>Mycobacterium leprae<\/em>, afeta a pele e os nervos perif\u00e9ricos principalmente, mas pode ser completamente curada se for diagnosticada e tratada precocemente.<\/p>\n\n\n\n<p>Globalmente, aproximadamente 200 mil novos casos de hansen\u00edase s\u00e3o relatados anualmente, sendo o Brasil respons\u00e1vel por cerca de 90% dos casos registrados nas Am\u00e9ricas, de acordo com a Organiza\u00e7\u00e3o Pan-Americana de Sa\u00fade. Tal cen\u00e1rio posiciona o Brasil como o segundo pa\u00eds mais afetado no mundo, ficando atr\u00e1s somente da \u00cdndia. A doen\u00e7a, embora totalmente cur\u00e1vel, ainda enfrenta um grande estigma social, o que impede muitos de procurarem tratamento e agrava o problema de sa\u00fade.<\/p>\n\n\n\n<h2 class=\"wp-block-heading\">Quais s\u00e3o os sintomas iniciais da hansen\u00edase?<\/h2>\n\n\n\n<p>Os sinais iniciais da hansen\u00edase podem frequentemente ser confundidos com outros problemas dermatol\u00f3gicos. Manchas sem sensibilidade na pele, que podem ser esbranqui\u00e7adas, avermelhadas ou amarronzadas, costumam ser um dos primeiros ind\u00edcios. Al\u00e9m disso, a dorm\u00eancia nas extremidades, como m\u00e3os e p\u00e9s, fraqueza muscular e o espessamento dos nervos s\u00e3o sintomas comuns. A dete\u00e7\u00e3o destas caracter\u00edsticas \u00e9 crucial, pois o diagn\u00f3stico tardio \u00e9 uma das principais causas de sequelas permanentes associadas \u00e0 doen\u00e7a.<\/p>\n\n\n\n<h2 class=\"wp-block-heading\">Como se d\u00e1 a transmiss\u00e3o da hansen\u00edase?<\/h2>\n\n\n\n<p>Ao contr\u00e1rio das cren\u00e7as populares, a hansen\u00edase n\u00e3o \u00e9 transmitida pelo contato f\u00edsico ocasional ou pelo compartilhamento de objetos. A transmiss\u00e3o ocorre atrav\u00e9s de got\u00edculas respirat\u00f3rias expelidas por pacientes que ainda n\u00e3o est\u00e3o em tratamento, exigindo contato pr\u00f3ximo e prolongado com a pessoa infectada. A hansen\u00edase possui um longo per\u00edodo de incuba\u00e7\u00e3o, que pode variar entre dois a sete anos, tornando a identifica\u00e7\u00e3o do cont\u00e1gio um verdadeiro desafio. Este fato real\u00e7a a import\u00e2ncia de se obter um diagn\u00f3stico precoce.<\/p>\n\n\n<div class=\"wp-block-image\">\n<figure class=\"aligncenter size-large\"><img decoding=\"async\" width=\"1024\" height=\"576\" src=\"https:\/\/www.correiobraziliense.com.br\/cbradar\/wp-content\/uploads\/2026\/01\/Hanseniase_1767811691109-1024x576.jpg\" alt=\"\" class=\"wp-image-170541\" srcset=\"https:\/\/www.correiobraziliense.com.br\/cbradar\/wp-content\/uploads\/2026\/01\/Hanseniase_1767811691109-1024x576.jpg 1024w, https:\/\/www.correiobraziliense.com.br\/cbradar\/wp-content\/uploads\/2026\/01\/Hanseniase_1767811691109-300x169.jpg 300w, https:\/\/www.correiobraziliense.com.br\/cbradar\/wp-content\/uploads\/2026\/01\/Hanseniase_1767811691109-768x432.jpg 768w, https:\/\/www.correiobraziliense.com.br\/cbradar\/wp-content\/uploads\/2026\/01\/Hanseniase_1767811691109-750x422.jpg 750w, https:\/\/www.correiobraziliense.com.br\/cbradar\/wp-content\/uploads\/2026\/01\/Hanseniase_1767811691109-1140x641.jpg 1140w, https:\/\/www.correiobraziliense.com.br\/cbradar\/wp-content\/uploads\/2026\/01\/Hanseniase_1767811691109.jpg 1280w\" sizes=\"(max-width: 1024px) 100vw, 1024px\" \/><figcaption class=\"wp-element-caption\">Hansen\u00edase &#8211; Cr\u00e9ditos: depositphotos.com \/ a3701027d<\/figcaption><\/figure><\/div>\n\n\n<h2 class=\"wp-block-heading\">Quais s\u00e3o os desafios enfrentados no Brasil para controlar a hansen\u00edase?<\/h2>\n\n\n\n<p>As regi\u00f5es do Norte, Nordeste e Centro-Oeste do Brasil apresentam o maior n\u00famero de casos, evidenciando n\u00e3o s\u00f3 as disparidades socioecon\u00f4micas, mas tamb\u00e9m as dificuldades de acesso aos servi\u00e7os de <a href=\"https:\/\/www.correiobraziliense.com.br\/cbradar\/os-alimentos-simples-que-ajudam-a-controlar-o-colesterol\/\" target=\"_blank\" rel=\"noreferrer noopener\">sa\u00fade<\/a>. As taxas mais altas s\u00e3o observadas em estados como Mato Grosso, Tocantins e Maranh\u00e3o. Essas \u00e1reas enfrentam maiores incid\u00eancias devido a condi\u00e7\u00f5es de vida prec\u00e1rias, densidade populacional elevada e falta de acesso a cuidados m\u00e9dicos.<\/p>\n\n\n\n<h2 class=\"wp-block-heading\">Como \u00e9 realizado o tratamento da hansen\u00edase?<\/h2>\n\n\n\n<p>O tratamento da hansen\u00edase no Brasil \u00e9 oferecido gratuitamente pelo Sistema \u00danico de Sa\u00fade (SUS), baseando-se na poliquimioterapia (PQT), uma combina\u00e7\u00e3o de antibi\u00f3ticos que deve ser rigorosamente seguida conforme a prescri\u00e7\u00e3o m\u00e9dica. Dependendo da gravidade, o tratamento pode durar entre seis a dezoito meses. Para evitar a resist\u00eancia bacteriana, \u00e9 essencial que os pacientes completem o tratamento, pois logo ap\u00f3s iniciar a medica\u00e7\u00e3o, deixaram de transmitir a doen\u00e7a, possibilitando a manuten\u00e7\u00e3o de suas atividades di\u00e1rias sem risco para outras pessoas.<\/p>\n\n\n<a href=\"https:\/\/www.instagram.com\/dra.annaluisabf\/\" target=\"_blank\" rel=\"noopener\" style=\"text-decoration: none; color: inherit;\">\n    <span style=\"display: inline-block; border: 1px solid #ccc; border-radius: 10px; padding: 15px; max-width: 550px; font-family: sans-serif; box-shadow: 0 2px 5px rgba(0,0,0,0.1); width: 100%;\">\n\n      <!-- T\u00edtulo -->\n      <span style=\"display: block; margin: 0 0 15px 0; font-weight: bold; color: #2c3e50; text-align: center;\">\n        Entre em contato:\n      <\/span>\n\n      <!-- Linha do perfil -->\n      <span style=\"display: flex; align-items: center; gap: 15px;\">\n        <img decoding=\"async\"\n          src=\"https:\/\/www.correiobraziliense.com.br\/cbradar\/wp-content\/uploads\/2025\/08\/dra_anna_luisa.jpeg\"\n          alt=\"Foto da Dra. Anna Lu\u00edsa\"\n          style=\"border-radius: 50%; width: 80px; height: 80px; object-fit: cover;\"\n        \/>\n        <span style=\"display: flex; flex-direction: column;\">\n          <span style=\"font-size: 18px; font-weight: 700; color: #2c3e50;\">Dra. Anna Lu\u00edsa Barbosa Fernandes<\/span>\n          <span style=\"color: #555;\">CRM-GO 33.271<\/span>\n        <\/span>\n      <\/span>\n\n      <!-- Redes -->\n      <span style=\"display: flex; align-items: center; gap: 10px; margin-top: 12px;\">\n        <img decoding=\"async\" src=\"https:\/\/cdn-icons-png.flaticon.com\/24\/1384\/1384063.png\" alt=\"Instagram\" width=\"24\" height=\"24\" \/>\n        <span style=\"text-decoration: underline; color: #2c3e50;\">@dra.annaluisabf<\/span>\n      <\/span>\n\n    <\/span>\n  <\/a>","protected":false},"excerpt":{"rendered":"<p>O m\u00eas de janeiro \u00e9 dedicado \u00e0 conscientiza\u00e7\u00e3o sobre a Hansen\u00edase no Brasil por meio da campanha Janeiro Roxo. Esta iniciativa busca n\u00e3o apenas informar a popula\u00e7\u00e3o sobre os desafios associados \u00e0 doen\u00e7a, mas tamb\u00e9m combater o preconceito e a falta de conhecimento sobre esta doen\u00e7a que ainda \u00e9 um problema de sa\u00fade p\u00fablica significativo [&hellip;]<\/p>\n","protected":false},"author":14,"featured_media":170543,"comment_status":"open","ping_status":"open","sticky":false,"template":"","format":"standard","meta":{"_yoast_wpseo_focuskw":"hansen\u00edase","_yoast_wpseo_title":"","_yoast_wpseo_metadesc":"Janeiro Roxo conscientiza sobre hansen\u00edase, uma doen\u00e7a cur\u00e1vel que ainda causa estigma e exige diagn\u00f3stico precoce.","jnews-multi-image_gallery":[],"jnews_single_post":{"format":"standard"},"jnews_primary_category":[],"jnews_social_meta":[],"jnews_override_counter":[],"footnotes":""},"categories":[4404],"tags":[120,4497,1318],"class_list":["post-170463","post","type-post","status-publish","format-standard","has-post-thumbnail","hentry","category-saude","tag-bem-estar","tag-hanseniase","tag-saude-2"],"yoast_head":"<!-- This site is optimized with the Yoast SEO plugin v24.6 - https:\/\/yoast.com\/wordpress\/plugins\/seo\/ -->\n<title>Janeiro Roxo alerta para a hansen\u00edase no Brasil - Correio Braziliense - Radar<\/title>\n<meta name=\"description\" content=\"Janeiro Roxo conscientiza sobre hansen\u00edase, uma doen\u00e7a cur\u00e1vel que ainda causa estigma e exige diagn\u00f3stico precoce.\" \/>\n<meta name=\"robots\" content=\"index, follow, max-snippet:-1, max-image-preview:large, max-video-preview:-1\" \/>\n<link rel=\"canonical\" href=\"https:\/\/www.correiobraziliense.com.br\/cbradar\/janeiro-roxo-alerta-para-a-hanseniase-no-brasil\/\" \/>\n<meta property=\"og:locale\" content=\"pt_BR\" \/>\n<meta property=\"og:type\" content=\"article\" \/>\n<meta property=\"og:title\" content=\"Janeiro Roxo alerta para a hansen\u00edase no Brasil - Correio Braziliense - Radar\" \/>\n<meta property=\"og:description\" content=\"Janeiro Roxo conscientiza sobre hansen\u00edase, uma doen\u00e7a cur\u00e1vel que ainda causa estigma e exige diagn\u00f3stico precoce.\" \/>\n<meta property=\"og:url\" content=\"https:\/\/www.correiobraziliense.com.br\/cbradar\/janeiro-roxo-alerta-para-a-hanseniase-no-brasil\/\" \/>\n<meta property=\"og:site_name\" content=\"Correio Braziliense - Radar\" \/>\n<meta property=\"article:published_time\" content=\"2026-01-09T23:25:00+00:00\" \/>\n<meta property=\"og:image\" content=\"https:\/\/www.correiobraziliense.com.br\/cbradar\/wp-content\/uploads\/2026\/01\/Hanseniase_1767811720164.jpg\" \/>\n\t<meta property=\"og:image:width\" content=\"1280\" \/>\n\t<meta property=\"og:image:height\" content=\"720\" \/>\n\t<meta property=\"og:image:type\" content=\"image\/jpeg\" \/>\n<meta name=\"author\" content=\"guilherme_saude\" \/>\n<meta name=\"twitter:card\" content=\"summary_large_image\" \/>\n<meta name=\"twitter:label1\" content=\"Escrito por\" \/>\n\t<meta name=\"twitter:data1\" content=\"guilherme_saude\" \/>\n\t<meta name=\"twitter:label2\" content=\"Est. tempo de leitura\" \/>\n\t<meta name=\"twitter:data2\" content=\"4 minutos\" \/>\n<!-- \/ Yoast SEO plugin. -->","yoast_head_json":{"title":"Janeiro Roxo alerta para a hansen\u00edase no Brasil - Correio Braziliense - Radar","description":"Janeiro Roxo conscientiza sobre hansen\u00edase, uma doen\u00e7a cur\u00e1vel que ainda causa estigma e exige diagn\u00f3stico precoce.","robots":{"index":"index","follow":"follow","max-snippet":"max-snippet:-1","max-image-preview":"max-image-preview:large","max-video-preview":"max-video-preview:-1"},"canonical":"https:\/\/www.correiobraziliense.com.br\/cbradar\/janeiro-roxo-alerta-para-a-hanseniase-no-brasil\/","og_locale":"pt_BR","og_type":"article","og_title":"Janeiro Roxo alerta para a hansen\u00edase no Brasil - Correio Braziliense - Radar","og_description":"Janeiro Roxo conscientiza sobre hansen\u00edase, uma doen\u00e7a cur\u00e1vel que ainda causa estigma e exige diagn\u00f3stico precoce.","og_url":"https:\/\/www.correiobraziliense.com.br\/cbradar\/janeiro-roxo-alerta-para-a-hanseniase-no-brasil\/","og_site_name":"Correio Braziliense - Radar","article_published_time":"2026-01-09T23:25:00+00:00","og_image":[{"width":1280,"height":720,"url":"https:\/\/www.correiobraziliense.com.br\/cbradar\/wp-content\/uploads\/2026\/01\/Hanseniase_1767811720164.jpg","type":"image\/jpeg"}],"author":"guilherme_saude","twitter_card":"summary_large_image","twitter_misc":{"Escrito por":"guilherme_saude","Est. tempo de leitura":"4 minutos"},"schema":{"@context":"https:\/\/schema.org","@graph":[{"@type":"WebPage","@id":"https:\/\/www.correiobraziliense.com.br\/cbradar\/janeiro-roxo-alerta-para-a-hanseniase-no-brasil\/","url":"https:\/\/www.correiobraziliense.com.br\/cbradar\/janeiro-roxo-alerta-para-a-hanseniase-no-brasil\/","name":"Janeiro Roxo alerta para a hansen\u00edase no Brasil - Correio Braziliense - Radar","isPartOf":{"@id":"https:\/\/www.correiobraziliense.com.br\/cbradar\/#website"},"primaryImageOfPage":{"@id":"https:\/\/www.correiobraziliense.com.br\/cbradar\/janeiro-roxo-alerta-para-a-hanseniase-no-brasil\/#primaryimage"},"image":{"@id":"https:\/\/www.correiobraziliense.com.br\/cbradar\/janeiro-roxo-alerta-para-a-hanseniase-no-brasil\/#primaryimage"},"thumbnailUrl":"https:\/\/www.correiobraziliense.com.br\/cbradar\/wp-content\/uploads\/2026\/01\/Hanseniase_1767811720164.jpg","datePublished":"2026-01-09T23:25:00+00:00","author":{"@id":"https:\/\/www.correiobraziliense.com.br\/cbradar\/#\/schema\/person\/5aa4bf3c8fa699c267933611de12978b"},"description":"Janeiro Roxo conscientiza sobre hansen\u00edase, uma doen\u00e7a cur\u00e1vel que ainda causa estigma e exige diagn\u00f3stico precoce.","breadcrumb":{"@id":"https:\/\/www.correiobraziliense.com.br\/cbradar\/janeiro-roxo-alerta-para-a-hanseniase-no-brasil\/#breadcrumb"},"inLanguage":"pt-BR","potentialAction":[{"@type":"ReadAction","target":["https:\/\/www.correiobraziliense.com.br\/cbradar\/janeiro-roxo-alerta-para-a-hanseniase-no-brasil\/"]}]},{"@type":"ImageObject","inLanguage":"pt-BR","@id":"https:\/\/www.correiobraziliense.com.br\/cbradar\/janeiro-roxo-alerta-para-a-hanseniase-no-brasil\/#primaryimage","url":"https:\/\/www.correiobraziliense.com.br\/cbradar\/wp-content\/uploads\/2026\/01\/Hanseniase_1767811720164.jpg","contentUrl":"https:\/\/www.correiobraziliense.com.br\/cbradar\/wp-content\/uploads\/2026\/01\/Hanseniase_1767811720164.jpg","width":1280,"height":720,"caption":"Hansen\u00edase - Cr\u00e9ditos: depositphotos.com \/ lucky_xtian"},{"@type":"BreadcrumbList","@id":"https:\/\/www.correiobraziliense.com.br\/cbradar\/janeiro-roxo-alerta-para-a-hanseniase-no-brasil\/#breadcrumb","itemListElement":[{"@type":"ListItem","position":1,"name":"In\u00edcio","item":"https:\/\/www.correiobraziliense.com.br\/cbradar\/"},{"@type":"ListItem","position":2,"name":"Janeiro Roxo alerta para a hansen\u00edase no Brasil"}]},{"@type":"WebSite","@id":"https:\/\/www.correiobraziliense.com.br\/cbradar\/#website","url":"https:\/\/www.correiobraziliense.com.br\/cbradar\/","name":"Correio Braziliense - Radar","description":"Acompanhe as \u00faltimas not\u00edcias e fique bem informado sobre tudo o que acontece no Brasil e no mundo.","potentialAction":[{"@type":"SearchAction","target":{"@type":"EntryPoint","urlTemplate":"https:\/\/www.correiobraziliense.com.br\/cbradar\/?s={search_term_string}"},"query-input":{"@type":"PropertyValueSpecification","valueRequired":true,"valueName":"search_term_string"}}],"inLanguage":"pt-BR"},{"@type":"Person","@id":"https:\/\/www.correiobraziliense.com.br\/cbradar\/#\/schema\/person\/5aa4bf3c8fa699c267933611de12978b","name":"guilherme_saude","image":{"@type":"ImageObject","inLanguage":"pt-BR","@id":"https:\/\/www.correiobraziliense.com.br\/cbradar\/#\/schema\/person\/image\/","url":"https:\/\/secure.gravatar.com\/avatar\/df9adfb835d344bc0af109d41756253f?s=96&d=mm&r=g","contentUrl":"https:\/\/secure.gravatar.com\/avatar\/df9adfb835d344bc0af109d41756253f?s=96&d=mm&r=g","caption":"guilherme_saude"},"url":"https:\/\/www.correiobraziliense.com.br\/cbradar\/author\/guilherme_saude\/"}]}},"_links":{"self":[{"href":"https:\/\/www.correiobraziliense.com.br\/cbradar\/wp-json\/wp\/v2\/posts\/170463","targetHints":{"allow":["GET"]}}],"collection":[{"href":"https:\/\/www.correiobraziliense.com.br\/cbradar\/wp-json\/wp\/v2\/posts"}],"about":[{"href":"https:\/\/www.correiobraziliense.com.br\/cbradar\/wp-json\/wp\/v2\/types\/post"}],"author":[{"embeddable":true,"href":"https:\/\/www.correiobraziliense.com.br\/cbradar\/wp-json\/wp\/v2\/users\/14"}],"replies":[{"embeddable":true,"href":"https:\/\/www.correiobraziliense.com.br\/cbradar\/wp-json\/wp\/v2\/comments?post=170463"}],"version-history":[{"count":1,"href":"https:\/\/www.correiobraziliense.com.br\/cbradar\/wp-json\/wp\/v2\/posts\/170463\/revisions"}],"predecessor-version":[{"id":170545,"href":"https:\/\/www.correiobraziliense.com.br\/cbradar\/wp-json\/wp\/v2\/posts\/170463\/revisions\/170545"}],"wp:featuredmedia":[{"embeddable":true,"href":"https:\/\/www.correiobraziliense.com.br\/cbradar\/wp-json\/wp\/v2\/media\/170543"}],"wp:attachment":[{"href":"https:\/\/www.correiobraziliense.com.br\/cbradar\/wp-json\/wp\/v2\/media?parent=170463"}],"wp:term":[{"taxonomy":"category","embeddable":true,"href":"https:\/\/www.correiobraziliense.com.br\/cbradar\/wp-json\/wp\/v2\/categories?post=170463"},{"taxonomy":"post_tag","embeddable":true,"href":"https:\/\/www.correiobraziliense.com.br\/cbradar\/wp-json\/wp\/v2\/tags?post=170463"}],"curies":[{"name":"wp","href":"https:\/\/api.w.org\/{rel}","templated":true}]}}