{"id":17050,"date":"2025-03-31T08:10:00","date_gmt":"2025-03-31T11:10:00","guid":{"rendered":"https:\/\/www.correiobraziliense.com.br\/cbradar\/?p=17050"},"modified":"2025-03-30T14:38:04","modified_gmt":"2025-03-30T17:38:04","slug":"anis-estrelado-pode-ser-plantado-em-casa-veja-dicas","status":"publish","type":"post","link":"https:\/\/www.correiobraziliense.com.br\/cbradar\/anis-estrelado-pode-ser-plantado-em-casa-veja-dicas\/","title":{"rendered":"Anis-estrelado pode ser plantado em casa, veja dicas"},"content":{"rendered":"\n<p>O <strong>anis-estrelado<\/strong>, uma especiaria de origem chinesa, tem conquistado paladares ao redor do mundo devido ao seu aroma \u00fanico e suas propriedades medicinais. Esta planta, que se destaca pelo formato de estrela, \u00e9 amplamente utilizada tanto na culin\u00e1ria quanto na medicina tradicional, oferecendo uma gama de benef\u00edcios que v\u00e3o desde o aux\u00edlio na digest\u00e3o at\u00e9 o tratamento de problemas respirat\u00f3rios.<\/p>\n\n\n\n<p>O cultivo do anis-estrelado, cientificamente conhecido como&nbsp;<em><strong>Illicium verum<\/strong><\/em>, \u00e9 relativamente simples e pode ser realizado em diferentes ambientes, desde jardins at\u00e9 vasos. Para garantir um crescimento saud\u00e1vel, \u00e9 essencial que o solo seja leve, bem drenado e rico em mat\u00e9ria org\u00e2nica. A textura areno-argilosa \u00e9 a mais recomendada, evitando solos muito arenosos ou propensos ao encharcamento.<\/p>\n\n\n\n<h2 class=\"wp-block-heading\"><strong>Como cultivar anis-estrelado?<\/strong><\/h2>\n\n\n\n<p>O plantio do anis-estrelado pode ser feito a partir de sementes ou estacas vegetativas. A planta tem potencial para atingir at\u00e9 18 metros de altura, o que torna importante considerar o espa\u00e7amento adequado entre as mudas, geralmente de tr\u00eas a quatro metros. No entanto, com podas regulares e cuidados espec\u00edficos, \u00e9 poss\u00edvel cultiv\u00e1-la em vasos dentro de casa, desde que receba luz solar direta.<\/p>\n\n\n\n<p>O clima ideal para o desenvolvimento do anis-estrelado \u00e9 o tropical, mas ele tamb\u00e9m se adapta a regi\u00f5es subtropicais, desde que receba a quantidade adequada de luz solar. O plantio pode ser realizado em qualquer \u00e9poca do ano, desde que a temperatura do solo esteja acima de 15\u00baC, sendo a primavera a esta\u00e7\u00e3o mais indicada para iniciar o cultivo.<\/p>\n\n\n\n<figure class=\"wp-block-image size-large\"><img decoding=\"async\" width=\"1024\" height=\"576\" src=\"https:\/\/www.correiobraziliense.com.br\/cbradar\/wp-content\/uploads\/2025\/03\/anis-estrelado_1743268660098-1024x576.jpg\" alt=\"Anis-estrelado pode ser plantado em casa, veja dicas\" class=\"wp-image-17052\" srcset=\"https:\/\/www.correiobraziliense.com.br\/cbradar\/wp-content\/uploads\/2025\/03\/anis-estrelado_1743268660098-1024x576.jpg 1024w, https:\/\/www.correiobraziliense.com.br\/cbradar\/wp-content\/uploads\/2025\/03\/anis-estrelado_1743268660098-300x169.jpg 300w, https:\/\/www.correiobraziliense.com.br\/cbradar\/wp-content\/uploads\/2025\/03\/anis-estrelado_1743268660098-768x432.jpg 768w, https:\/\/www.correiobraziliense.com.br\/cbradar\/wp-content\/uploads\/2025\/03\/anis-estrelado_1743268660098-750x422.jpg 750w, https:\/\/www.correiobraziliense.com.br\/cbradar\/wp-content\/uploads\/2025\/03\/anis-estrelado_1743268660098-1140x641.jpg 1140w, https:\/\/www.correiobraziliense.com.br\/cbradar\/wp-content\/uploads\/2025\/03\/anis-estrelado_1743268660098.jpg 1280w\" sizes=\"(max-width: 1024px) 100vw, 1024px\" \/><figcaption class=\"wp-element-caption\">Semente de anis-estrelado\nCr\u00e9ditos: depositphotos.com \/ KateNovikova<\/figcaption><\/figure>\n\n\n\n<h2 class=\"wp-block-heading\"><strong>Quais s\u00e3o os benef\u00edcios do anis-estrelado?<\/strong><\/h2>\n\n\n\n<p>O anis-estrelado \u00e9 conhecido por suas propriedades digestivas, antiflatulentas, diur\u00e9ticas e anti-inflamat\u00f3rias. Seus \u00f3leos essenciais e flavonoides atuam na musculatura lisa do trato gastrointestinal e respirat\u00f3rio, auxiliando na elimina\u00e7\u00e3o de gases e aliviando c\u00f3licas intestinais. Al\u00e9m disso, possui a\u00e7\u00e3o expectorante e antiespasm\u00f3dica.<\/p>\n\n\n\n<p>No entanto, o consumo do anis-estrelado deve ser moderado. Mulheres gr\u00e1vidas ou lactantes, crian\u00e7as e pessoas com condi\u00e7\u00f5es de sa\u00fade espec\u00edficas, como c\u00e2ncer de mama, devem evitar seu uso. A dosagem recomendada para infus\u00f5es \u00e9 de 0,5 a 2 gramas por litro de \u00e1gua, o que equivale a duas estrelas por dia.<\/p>\n\n\n\n<h2 class=\"wp-block-heading\"><strong>Como o anis-estrelado \u00e9 utilizado na culin\u00e1ria?<\/strong><\/h2>\n\n\n\n<p>Na gastronomia, o anis-estrelado \u00e9 um ingrediente vers\u00e1til que adiciona um toque especial a diversas prepara\u00e7\u00f5es. Seu sabor intenso e refrescante \u00e9 ideal para pratos doces, como caldas para pudim e manjar branco, al\u00e9m de compotas e geleias. Em pratos salgados, \u00e9 utilizado em marinadas de carnes e prepara\u00e7\u00f5es de cozimento longo.<\/p>\n\n\n\n<p>Para extrair o melhor sabor do anis-estrelado, \u00e9 recomendado adicion\u00e1-lo no in\u00edcio da prepara\u00e7\u00e3o e remov\u00ea-lo ao final, evitando que o sabor amargo se sobressaia. Al\u00e9m de alimentos, ele tamb\u00e9m \u00e9 utilizado em bebidas como ch\u00e1s, vinhos quentes e drinks, enriquecendo o paladar com seu aroma caracter\u00edstico.<\/p>\n","protected":false},"excerpt":{"rendered":"<p>Descubra o mundo fascinante do anis-estrelado: do seu cultivo \u00e0 sua utiliza\u00e7\u00e3o na culin\u00e1ria e medicina, incluindo benef\u00edcios e precau\u00e7\u00f5es.<\/p>\n","protected":false},"author":3,"featured_media":17051,"comment_status":"open","ping_status":"open","sticky":false,"template":"","format":"standard","meta":{"_yoast_wpseo_focuskw":"anis-estrelado","_yoast_wpseo_title":"%%title%%","_yoast_wpseo_metadesc":"Descubra o mundo fascinante do anis-estrelado: do seu cultivo \u00e0 sua utiliza\u00e7\u00e3o na culin\u00e1ria e medicina, incluindo benef\u00edcios e precau\u00e7\u00f5es.","jnews-multi-image_gallery":[],"jnews_single_post":{"format":"standard"},"jnews_primary_category":[],"jnews_social_meta":[],"jnews_override_counter":[],"footnotes":""},"categories":[136],"post_tag":[2636,137],"class_list":["post-17050","post","type-post","status-publish","format-standard","has-post-thumbnail","hentry","category-jardinagem","tag-anis-estrelado","tag-como-plantar"],"yoast_head":"<!-- This site is optimized with the Yoast SEO plugin v24.6 - https:\/\/yoast.com\/wordpress\/plugins\/seo\/ -->\n<title>Anis-estrelado pode ser plantado em casa, veja dicas<\/title>\n<meta name=\"description\" content=\"Descubra o mundo fascinante do anis-estrelado: do seu cultivo \u00e0 sua utiliza\u00e7\u00e3o na culin\u00e1ria e medicina, incluindo benef\u00edcios e precau\u00e7\u00f5es.\" \/>\n<meta name=\"robots\" content=\"index, follow, max-snippet:-1, max-image-preview:large, max-video-preview:-1\" \/>\n<link rel=\"canonical\" href=\"https:\/\/www.correiobraziliense.com.br\/cbradar\/anis-estrelado-pode-ser-plantado-em-casa-veja-dicas\/\" \/>\n<meta property=\"og:locale\" content=\"pt_BR\" \/>\n<meta property=\"og:type\" content=\"article\" \/>\n<meta property=\"og:title\" content=\"Anis-estrelado pode ser plantado em casa, veja dicas\" \/>\n<meta property=\"og:description\" content=\"Descubra o mundo fascinante do anis-estrelado: do seu cultivo \u00e0 sua utiliza\u00e7\u00e3o na culin\u00e1ria e medicina, incluindo benef\u00edcios e precau\u00e7\u00f5es.\" \/>\n<meta property=\"og:url\" content=\"https:\/\/www.correiobraziliense.com.br\/cbradar\/anis-estrelado-pode-ser-plantado-em-casa-veja-dicas\/\" \/>\n<meta property=\"og:site_name\" content=\"Correio Braziliense - Radar\" \/>\n<meta property=\"article:published_time\" content=\"2025-03-31T11:10:00+00:00\" \/>\n<meta property=\"og:image\" content=\"https:\/\/www.correiobraziliense.com.br\/cbradar\/wp-content\/uploads\/2025\/03\/anis-estrelado_1743268621564.jpg\" \/>\n\t<meta property=\"og:image:width\" content=\"1280\" \/>\n\t<meta property=\"og:image:height\" content=\"720\" \/>\n\t<meta property=\"og:image:type\" content=\"image\/jpeg\" \/>\n<meta name=\"author\" content=\"Larissa Carvalho\" \/>\n<meta name=\"twitter:card\" content=\"summary_large_image\" \/>\n<meta name=\"twitter:label1\" content=\"Escrito por\" \/>\n\t<meta name=\"twitter:data1\" content=\"Larissa Carvalho\" \/>\n\t<meta name=\"twitter:label2\" content=\"Est. tempo de leitura\" \/>\n\t<meta name=\"twitter:data2\" content=\"3 minutos\" \/>\n<!-- \/ Yoast SEO plugin. -->","yoast_head_json":{"title":"Anis-estrelado pode ser plantado em casa, veja dicas","description":"Descubra o mundo fascinante do anis-estrelado: do seu cultivo \u00e0 sua utiliza\u00e7\u00e3o na culin\u00e1ria e medicina, incluindo benef\u00edcios e precau\u00e7\u00f5es.","robots":{"index":"index","follow":"follow","max-snippet":"max-snippet:-1","max-image-preview":"max-image-preview:large","max-video-preview":"max-video-preview:-1"},"canonical":"https:\/\/www.correiobraziliense.com.br\/cbradar\/anis-estrelado-pode-ser-plantado-em-casa-veja-dicas\/","og_locale":"pt_BR","og_type":"article","og_title":"Anis-estrelado pode ser plantado em casa, veja dicas","og_description":"Descubra o mundo fascinante do anis-estrelado: do seu cultivo \u00e0 sua utiliza\u00e7\u00e3o na culin\u00e1ria e medicina, incluindo benef\u00edcios e precau\u00e7\u00f5es.","og_url":"https:\/\/www.correiobraziliense.com.br\/cbradar\/anis-estrelado-pode-ser-plantado-em-casa-veja-dicas\/","og_site_name":"Correio Braziliense - Radar","article_published_time":"2025-03-31T11:10:00+00:00","og_image":[{"width":1280,"height":720,"url":"https:\/\/www.correiobraziliense.com.br\/cbradar\/wp-content\/uploads\/2025\/03\/anis-estrelado_1743268621564.jpg","type":"image\/jpeg"}],"author":"Larissa Carvalho","twitter_card":"summary_large_image","twitter_misc":{"Escrito por":"Larissa Carvalho","Est. tempo de leitura":"3 minutos"},"schema":{"@context":"https:\/\/schema.org","@graph":[{"@type":"WebPage","@id":"https:\/\/www.correiobraziliense.com.br\/cbradar\/anis-estrelado-pode-ser-plantado-em-casa-veja-dicas\/","url":"https:\/\/www.correiobraziliense.com.br\/cbradar\/anis-estrelado-pode-ser-plantado-em-casa-veja-dicas\/","name":"Anis-estrelado pode ser plantado em casa, veja dicas","isPartOf":{"@id":"https:\/\/www.correiobraziliense.com.br\/cbradar\/#website"},"primaryImageOfPage":{"@id":"https:\/\/www.correiobraziliense.com.br\/cbradar\/anis-estrelado-pode-ser-plantado-em-casa-veja-dicas\/#primaryimage"},"image":{"@id":"https:\/\/www.correiobraziliense.com.br\/cbradar\/anis-estrelado-pode-ser-plantado-em-casa-veja-dicas\/#primaryimage"},"thumbnailUrl":"https:\/\/www.correiobraziliense.com.br\/cbradar\/wp-content\/uploads\/2025\/03\/anis-estrelado_1743268621564.jpg","datePublished":"2025-03-31T11:10:00+00:00","author":{"@id":"https:\/\/www.correiobraziliense.com.br\/cbradar\/#\/schema\/person\/58422787644df994b53a19d3e56c1513"},"description":"Descubra o mundo fascinante do anis-estrelado: do seu cultivo \u00e0 sua utiliza\u00e7\u00e3o na culin\u00e1ria e medicina, incluindo benef\u00edcios e precau\u00e7\u00f5es.","breadcrumb":{"@id":"https:\/\/www.correiobraziliense.com.br\/cbradar\/anis-estrelado-pode-ser-plantado-em-casa-veja-dicas\/#breadcrumb"},"inLanguage":"pt-BR","potentialAction":[{"@type":"ReadAction","target":["https:\/\/www.correiobraziliense.com.br\/cbradar\/anis-estrelado-pode-ser-plantado-em-casa-veja-dicas\/"]}]},{"@type":"ImageObject","inLanguage":"pt-BR","@id":"https:\/\/www.correiobraziliense.com.br\/cbradar\/anis-estrelado-pode-ser-plantado-em-casa-veja-dicas\/#primaryimage","url":"https:\/\/www.correiobraziliense.com.br\/cbradar\/wp-content\/uploads\/2025\/03\/anis-estrelado_1743268621564.jpg","contentUrl":"https:\/\/www.correiobraziliense.com.br\/cbradar\/wp-content\/uploads\/2025\/03\/anis-estrelado_1743268621564.jpg","width":1280,"height":720,"caption":"Anis-Estrelado Cr\u00e9ditos: depositphotos.com \/ gioiak2"},{"@type":"BreadcrumbList","@id":"https:\/\/www.correiobraziliense.com.br\/cbradar\/anis-estrelado-pode-ser-plantado-em-casa-veja-dicas\/#breadcrumb","itemListElement":[{"@type":"ListItem","position":1,"name":"In\u00edcio","item":"https:\/\/www.correiobraziliense.com.br\/cbradar\/"},{"@type":"ListItem","position":2,"name":"Anis-estrelado pode ser plantado em casa, veja dicas"}]},{"@type":"WebSite","@id":"https:\/\/www.correiobraziliense.com.br\/cbradar\/#website","url":"https:\/\/www.correiobraziliense.com.br\/cbradar\/","name":"Correio Braziliense - Radar","description":"Acompanhe as \u00faltimas not\u00edcias e fique bem informado sobre tudo o que acontece no Brasil e no mundo.","potentialAction":[{"@type":"SearchAction","target":{"@type":"EntryPoint","urlTemplate":"https:\/\/www.correiobraziliense.com.br\/cbradar\/?s={search_term_string}"},"query-input":{"@type":"PropertyValueSpecification","valueRequired":true,"valueName":"search_term_string"}}],"inLanguage":"pt-BR"},{"@type":"Person","@id":"https:\/\/www.correiobraziliense.com.br\/cbradar\/#\/schema\/person\/58422787644df994b53a19d3e56c1513","name":"Larissa Carvalho","image":{"@type":"ImageObject","inLanguage":"pt-BR","@id":"https:\/\/www.correiobraziliense.com.br\/cbradar\/#\/schema\/person\/image\/","url":"https:\/\/secure.gravatar.com\/avatar\/fe4f91a0de32b52a838d0d612abdc1aa?s=96&d=mm&r=g","contentUrl":"https:\/\/secure.gravatar.com\/avatar\/fe4f91a0de32b52a838d0d612abdc1aa?s=96&d=mm&r=g","caption":"Larissa Carvalho"},"url":"https:\/\/www.correiobraziliense.com.br\/cbradar\/author\/larissamyth\/"}]}},"_links":{"self":[{"href":"https:\/\/www.correiobraziliense.com.br\/cbradar\/wp-json\/wp\/v2\/posts\/17050","targetHints":{"allow":["GET"]}}],"collection":[{"href":"https:\/\/www.correiobraziliense.com.br\/cbradar\/wp-json\/wp\/v2\/posts"}],"about":[{"href":"https:\/\/www.correiobraziliense.com.br\/cbradar\/wp-json\/wp\/v2\/types\/post"}],"author":[{"embeddable":true,"href":"https:\/\/www.correiobraziliense.com.br\/cbradar\/wp-json\/wp\/v2\/users\/3"}],"replies":[{"embeddable":true,"href":"https:\/\/www.correiobraziliense.com.br\/cbradar\/wp-json\/wp\/v2\/comments?post=17050"}],"version-history":[{"count":2,"href":"https:\/\/www.correiobraziliense.com.br\/cbradar\/wp-json\/wp\/v2\/posts\/17050\/revisions"}],"predecessor-version":[{"id":17291,"href":"https:\/\/www.correiobraziliense.com.br\/cbradar\/wp-json\/wp\/v2\/posts\/17050\/revisions\/17291"}],"wp:featuredmedia":[{"embeddable":true,"href":"https:\/\/www.correiobraziliense.com.br\/cbradar\/wp-json\/wp\/v2\/media\/17051"}],"wp:attachment":[{"href":"https:\/\/www.correiobraziliense.com.br\/cbradar\/wp-json\/wp\/v2\/media?parent=17050"}],"wp:term":[{"taxonomy":"category","embeddable":true,"href":"https:\/\/www.correiobraziliense.com.br\/cbradar\/wp-json\/wp\/v2\/categories?post=17050"},{"taxonomy":"post_tag","embeddable":true,"href":"https:\/\/www.correiobraziliense.com.br\/cbradar\/wp-json\/wp\/v2\/post_tag?post=17050"}],"curies":[{"name":"wp","href":"https:\/\/api.w.org\/{rel}","templated":true}]}}