{"id":170571,"date":"2026-01-08T17:15:00","date_gmt":"2026-01-08T20:15:00","guid":{"rendered":"https:\/\/www.correiobraziliense.com.br\/cbradar\/?p=170571"},"modified":"2026-01-07T16:10:05","modified_gmt":"2026-01-07T19:10:05","slug":"microcefalia-por-zika-exige-acompanhamento-continuo","status":"publish","type":"post","link":"https:\/\/www.correiobraziliense.com.br\/cbradar\/microcefalia-por-zika-exige-acompanhamento-continuo\/","title":{"rendered":"Microcefalia por Zika exige acompanhamento cont\u00ednuo"},"content":{"rendered":"\n<p>No cen\u00e1rio da sa\u00fade p\u00fablica, o v\u00edrus Zika emergiu como uma preocupa\u00e7\u00e3o global ao in\u00edcio do s\u00e9culo XXI. Mais que uma amea\u00e7a tempor\u00e1ria, o impacto duradouro do v\u00edrus em crian\u00e7as expostas durante a gesta\u00e7\u00e3o suscita debates cont\u00ednuos. Nos \u00faltimos anos, diversos esfor\u00e7os de pesquisas destacaram a necessidade de acompanhamento sistematizado de crian\u00e7as afetadas, fornecendo um entendimento mais profundo sobre os efeitos do Zika.<\/p>\n\n\n\n<p>A recente an\u00e1lise divulgada pela PLOS Global Public Health em 2025, baseia-se em dados de 843 crian\u00e7as brasileiras que apresentaram <strong>Microcefalia <\/strong>relacionada ao Zika. Este estudo oferece um olhar abrangente sobre a variedade de manifesta\u00e7\u00f5es associadas \u00e0 s\u00edndrome cong\u00eanita do Zika, evidenciando a complexidade e gravidade dos desafios que essas crian\u00e7as enfrentam.<\/p>\n\n\n\n<h2 class=\"wp-block-heading\">Quais s\u00e3o os principais achados sobre o impacto da Microcefalia em crian\u00e7as?<\/h2>\n\n\n\n<p>Desde 2015, a Microcefalia emergiu como um dos sinais definidores da infec\u00e7\u00e3o cong\u00eanita pelo v\u00edrus Zika, caracterizando-se pelo tamanho reduzido da cabe\u00e7a durante o nascimento. A pesquisa revelou que 71,3% das crian\u00e7as afetadas apresentaram Microcefalia ao nascer, em que quase dois ter\u00e7os desses casos s\u00e3o graves. Isso destaca a necessidade cr\u00edtica de monitoramento precoce e cont\u00ednuo para mitigar poss\u00edveis complica\u00e7\u00f5es futuras.<\/p>\n\n\n\n<p>Sob condi\u00e7\u00f5es normais de desenvolvimento, o c\u00e9rebro infantil passa por expans\u00f5es r\u00e1pidas e significativas nos primeiros anos de vida. No entanto, um em cada cinco casos documentados demonstrou que a Microcefalia pode surgir progressivamente ap\u00f3s o nascimento, complicando ainda mais o quadro cl\u00ednico e exigindo um olhar atento de especialistas.<\/p>\n\n\n<div class=\"wp-block-image\">\n<figure class=\"aligncenter size-large\"><img decoding=\"async\" width=\"1024\" height=\"576\" src=\"https:\/\/www.correiobraziliense.com.br\/cbradar\/wp-content\/uploads\/2025\/10\/Dia-das-Criancas_1760140650176-1024x576.jpg\" alt=\"\" class=\"wp-image-117401\" srcset=\"https:\/\/www.correiobraziliense.com.br\/cbradar\/wp-content\/uploads\/2025\/10\/Dia-das-Criancas_1760140650176-1024x576.jpg 1024w, https:\/\/www.correiobraziliense.com.br\/cbradar\/wp-content\/uploads\/2025\/10\/Dia-das-Criancas_1760140650176-300x169.jpg 300w, https:\/\/www.correiobraziliense.com.br\/cbradar\/wp-content\/uploads\/2025\/10\/Dia-das-Criancas_1760140650176-768x432.jpg 768w, https:\/\/www.correiobraziliense.com.br\/cbradar\/wp-content\/uploads\/2025\/10\/Dia-das-Criancas_1760140650176-750x422.jpg 750w, https:\/\/www.correiobraziliense.com.br\/cbradar\/wp-content\/uploads\/2025\/10\/Dia-das-Criancas_1760140650176-1140x641.jpg 1140w, https:\/\/www.correiobraziliense.com.br\/cbradar\/wp-content\/uploads\/2025\/10\/Dia-das-Criancas_1760140650176.jpg 1280w\" sizes=\"(max-width: 1024px) 100vw, 1024px\" \/><figcaption class=\"wp-element-caption\">Crian\u00e7as &#8211; Cr\u00e9ditos: depositphotos.com \/ IgorVetushko<\/figcaption><\/figure><\/div>\n\n\n<h2 class=\"wp-block-heading\">Como as altera\u00e7\u00f5es neurol\u00f3gicas e sensoriais persistem nas crian\u00e7as afetadas?<\/h2>\n\n\n\n<p>As altera\u00e7\u00f5es neurol\u00f3gicas constituem uma das mais significativas preocupa\u00e7\u00f5es para crian\u00e7as afetadas pelo Zika. Observa\u00e7\u00f5es dos exames de imagem t\u00eam revelado anomalias estruturais no sistema nervoso central em 80% dos casos, incluindo dep\u00f3sitos de c\u00e1lcio anormais e ventr\u00edculos cerebrais dilatados. Mais da metade dessas crian\u00e7as enfrenta desafios como d\u00e9ficit de aten\u00e7\u00e3o social e um padr\u00e3o prevalente de epilepsia.<\/p>\n\n\n\n<p>Altera\u00e7\u00f5es sensoriais tamb\u00e9m s\u00e3o not\u00e1veis. Problemas de vis\u00e3o aparecem em at\u00e9 dois ter\u00e7os das crian\u00e7as, enquanto dist\u00farbios auditivos s\u00e3o menos frequentes, mas ainda presentes. Esses achados sublinham a criticidade de interven\u00e7\u00f5es e terapias que abrangem v\u00e1rias vertentes sensoriais e neurol\u00f3gicas para dar \u00e0s crian\u00e7as melhores chances de superar suas limita\u00e7\u00f5es.<\/p>\n\n\n\n<h2 class=\"wp-block-heading\">Qual \u00e9 o papel das pol\u00edticas p\u00fablicas na assist\u00eancia \u00e0s crian\u00e7as com complica\u00e7\u00f5es por Zika?<\/h2>\n\n\n\n<p>A manifesta\u00e7\u00e3o variada e complexa da s\u00edndrome cong\u00eanita do Zika indica a necessidade de cuidados cont\u00ednuos e pol\u00edticas p\u00fablicas robustas. O apoio das institui\u00e7\u00f5es deve ir al\u00e9m do diagn\u00f3stico inicial. Estrat\u00e9gias eficazes envolvem um sistema de <a href=\"https:\/\/www.correiobraziliense.com.br\/cbradar\/os-alimentos-simples-que-ajudam-a-controlar-o-colesterol\/\" target=\"_blank\" rel=\"noreferrer noopener\">sa\u00fade <\/a>multidisciplinar que abranja especialidades m\u00e9dicas diversas, como neurologia, oftalmologia e terapia ocupacional, integrada a servi\u00e7os de reabilita\u00e7\u00e3o cont\u00ednua.<\/p>\n\n\n\n<p>Para mitiga\u00e7\u00e3o efetiva das barreiras enfrentadas por essas crian\u00e7as e suas fam\u00edlias, \u00e9 necess\u00e1rio que as pol\u00edticas p\u00fablicas ofere\u00e7am suporte abrangente, incluindo acesso a atendimentos especializados e assist\u00eancia social longa \u00e0 medida que as crian\u00e7as crescem. Tais medidas n\u00e3o apenas promovem melhor qualidade de vida, como tamb\u00e9m preparam essas crian\u00e7as para uma integra\u00e7\u00e3o mais plena na sociedade ao longo de seu desenvolvimento.<\/p>\n\n\n\n<p>O estudo reafirma a urg\u00eancia de uma an\u00e1lise cont\u00ednua e abrangente, n\u00e3o apenas para as crian\u00e7as afetadas, mas tamb\u00e9m para compreens\u00e3o e preparo de futuras gera\u00e7\u00f5es. Com base nos dados, a crescente sensibiliza\u00e7\u00e3o global pode fomentar pol\u00edticas mais eficazes, melhorando o cen\u00e1rio para todos os impactados pela epidemia de Zika. O cont\u00ednuo empenho em pesquisas, aliado a uma infraestrutura de sa\u00fade eficaz, torna-se ent\u00e3o essencial na busca por solu\u00e7\u00f5es duradouras e mais humanas para essas fam\u00edlias.<\/p>\n\n\n<a href=\"https:\/\/www.instagram.com\/dra.annaluisabf\/\" target=\"_blank\" rel=\"noopener\" style=\"text-decoration: none; color: inherit;\">\n    <span style=\"display: inline-block; border: 1px solid #ccc; border-radius: 10px; padding: 15px; max-width: 550px; font-family: sans-serif; box-shadow: 0 2px 5px rgba(0,0,0,0.1); width: 100%;\">\n\n      <!-- T\u00edtulo -->\n      <span style=\"display: block; margin: 0 0 15px 0; font-weight: bold; color: #2c3e50; text-align: center;\">\n        Entre em contato:\n      <\/span>\n\n      <!-- Linha do perfil -->\n      <span style=\"display: flex; align-items: center; gap: 15px;\">\n        <img decoding=\"async\"\n          src=\"https:\/\/www.correiobraziliense.com.br\/cbradar\/wp-content\/uploads\/2025\/08\/dra_anna_luisa.jpeg\"\n          alt=\"Foto da Dra. Anna Lu\u00edsa\"\n          style=\"border-radius: 50%; width: 80px; height: 80px; object-fit: cover;\"\n        \/>\n        <span style=\"display: flex; flex-direction: column;\">\n          <span style=\"font-size: 18px; font-weight: 700; color: #2c3e50;\">Dra. Anna Lu\u00edsa Barbosa Fernandes<\/span>\n          <span style=\"color: #555;\">CRM-GO 33.271<\/span>\n        <\/span>\n      <\/span>\n\n      <!-- Redes -->\n      <span style=\"display: flex; align-items: center; gap: 10px; margin-top: 12px;\">\n        <img decoding=\"async\" src=\"https:\/\/cdn-icons-png.flaticon.com\/24\/1384\/1384063.png\" alt=\"Instagram\" width=\"24\" height=\"24\" \/>\n        <span style=\"text-decoration: underline; color: #2c3e50;\">@dra.annaluisabf<\/span>\n      <\/span>\n\n    <\/span>\n  <\/a>","protected":false},"excerpt":{"rendered":"<p>No cen\u00e1rio da sa\u00fade p\u00fablica, o v\u00edrus Zika emergiu como uma preocupa\u00e7\u00e3o global ao in\u00edcio do s\u00e9culo XXI. Mais que uma amea\u00e7a tempor\u00e1ria, o impacto duradouro do v\u00edrus em crian\u00e7as expostas durante a gesta\u00e7\u00e3o suscita debates cont\u00ednuos. Nos \u00faltimos anos, diversos esfor\u00e7os de pesquisas destacaram a necessidade de acompanhamento sistematizado de crian\u00e7as afetadas, fornecendo um [&hellip;]<\/p>\n","protected":false},"author":14,"featured_media":170575,"comment_status":"open","ping_status":"open","sticky":false,"template":"","format":"standard","meta":{"_yoast_wpseo_focuskw":"Microcefalia","_yoast_wpseo_title":"","_yoast_wpseo_metadesc":"Estudo mostra que crian\u00e7as expostas ao v\u00edrus Zika na gesta\u00e7\u00e3o t\u00eam sequelas neurol\u00f3gicas e sensoriais duradouras.","jnews-multi-image_gallery":[],"jnews_single_post":{"format":"standard","override":[{"template":"2","parallax":"1","fullscreen":"1","layout":"right-sidebar","sidebar":"default-sidebar","second_sidebar":"default-sidebar","sticky_sidebar":"1","share_position":"topbottom","share_float_style":"share-monocrhome","show_featured":"1","show_post_meta":"1","show_post_author":"1","show_post_date":"1","post_date_format":"custom","post_date_format_custom":"d\/m\/Y","show_post_category":"1","show_post_reading_time":"0","post_reading_time_wpm":"300","post_calculate_word_method":"str_word_count","show_zoom_button":"0","zoom_button_out_step":"2","zoom_button_in_step":"3","show_post_tag":"1","show_comment_section":"1","number_popup_post":"3","show_inline_post_related":"1"}],"image_override":[{"single_post_thumbnail_size":"crop-500","single_post_gallery_size":"crop-500"}],"trending_post_position":"meta","trending_post_label":"Trending","sponsored_post_label":"Sponsored by","disable_ad":"0"},"jnews_primary_category":[],"jnews_social_meta":[],"jnews_override_counter":{"view_counter_number":"0","share_counter_number":"0","like_counter_number":"0","dislike_counter_number":"0"},"footnotes":""},"categories":[4404],"tags":[281,120,1318],"class_list":["post-170571","post","type-post","status-publish","format-standard","has-post-thumbnail","hentry","category-saude","tag-alimentacao","tag-bem-estar","tag-saude-2"],"yoast_head":"<!-- This site is optimized with the Yoast SEO plugin v24.6 - https:\/\/yoast.com\/wordpress\/plugins\/seo\/ -->\n<title>Microcefalia por Zika exige acompanhamento cont\u00ednuo - Correio Braziliense - Radar<\/title>\n<meta name=\"description\" content=\"Estudo mostra que crian\u00e7as expostas ao v\u00edrus Zika na gesta\u00e7\u00e3o t\u00eam sequelas neurol\u00f3gicas e sensoriais duradouras.\" \/>\n<meta name=\"robots\" content=\"index, follow, max-snippet:-1, max-image-preview:large, max-video-preview:-1\" \/>\n<link rel=\"canonical\" href=\"https:\/\/www.correiobraziliense.com.br\/cbradar\/microcefalia-por-zika-exige-acompanhamento-continuo\/\" \/>\n<meta property=\"og:locale\" content=\"pt_BR\" \/>\n<meta property=\"og:type\" content=\"article\" \/>\n<meta property=\"og:title\" content=\"Microcefalia por Zika exige acompanhamento cont\u00ednuo - Correio Braziliense - Radar\" \/>\n<meta property=\"og:description\" content=\"Estudo mostra que crian\u00e7as expostas ao v\u00edrus Zika na gesta\u00e7\u00e3o t\u00eam sequelas neurol\u00f3gicas e sensoriais duradouras.\" \/>\n<meta property=\"og:url\" content=\"https:\/\/www.correiobraziliense.com.br\/cbradar\/microcefalia-por-zika-exige-acompanhamento-continuo\/\" \/>\n<meta property=\"og:site_name\" content=\"Correio Braziliense - Radar\" \/>\n<meta property=\"article:published_time\" content=\"2026-01-08T20:15:00+00:00\" \/>\n<meta property=\"og:image\" content=\"https:\/\/www.correiobraziliense.com.br\/cbradar\/wp-content\/uploads\/2026\/01\/Microcephaly_1767812940005.jpg\" \/>\n\t<meta property=\"og:image:width\" content=\"1280\" \/>\n\t<meta property=\"og:image:height\" content=\"720\" \/>\n\t<meta property=\"og:image:type\" content=\"image\/jpeg\" \/>\n<meta name=\"author\" content=\"guilherme_saude\" \/>\n<meta name=\"twitter:card\" content=\"summary_large_image\" \/>\n<meta name=\"twitter:label1\" content=\"Escrito por\" \/>\n\t<meta name=\"twitter:data1\" content=\"guilherme_saude\" \/>\n\t<meta name=\"twitter:label2\" content=\"Est. tempo de leitura\" \/>\n\t<meta name=\"twitter:data2\" content=\"5 minutos\" \/>\n<!-- \/ Yoast SEO plugin. -->","yoast_head_json":{"title":"Microcefalia por Zika exige acompanhamento cont\u00ednuo - Correio Braziliense - Radar","description":"Estudo mostra que crian\u00e7as expostas ao v\u00edrus Zika na gesta\u00e7\u00e3o t\u00eam sequelas neurol\u00f3gicas e sensoriais duradouras.","robots":{"index":"index","follow":"follow","max-snippet":"max-snippet:-1","max-image-preview":"max-image-preview:large","max-video-preview":"max-video-preview:-1"},"canonical":"https:\/\/www.correiobraziliense.com.br\/cbradar\/microcefalia-por-zika-exige-acompanhamento-continuo\/","og_locale":"pt_BR","og_type":"article","og_title":"Microcefalia por Zika exige acompanhamento cont\u00ednuo - Correio Braziliense - Radar","og_description":"Estudo mostra que crian\u00e7as expostas ao v\u00edrus Zika na gesta\u00e7\u00e3o t\u00eam sequelas neurol\u00f3gicas e sensoriais duradouras.","og_url":"https:\/\/www.correiobraziliense.com.br\/cbradar\/microcefalia-por-zika-exige-acompanhamento-continuo\/","og_site_name":"Correio Braziliense - Radar","article_published_time":"2026-01-08T20:15:00+00:00","og_image":[{"width":1280,"height":720,"url":"https:\/\/www.correiobraziliense.com.br\/cbradar\/wp-content\/uploads\/2026\/01\/Microcephaly_1767812940005.jpg","type":"image\/jpeg"}],"author":"guilherme_saude","twitter_card":"summary_large_image","twitter_misc":{"Escrito por":"guilherme_saude","Est. tempo de leitura":"5 minutos"},"schema":{"@context":"https:\/\/schema.org","@graph":[{"@type":"WebPage","@id":"https:\/\/www.correiobraziliense.com.br\/cbradar\/microcefalia-por-zika-exige-acompanhamento-continuo\/","url":"https:\/\/www.correiobraziliense.com.br\/cbradar\/microcefalia-por-zika-exige-acompanhamento-continuo\/","name":"Microcefalia por Zika exige acompanhamento cont\u00ednuo - Correio Braziliense - Radar","isPartOf":{"@id":"https:\/\/www.correiobraziliense.com.br\/cbradar\/#website"},"primaryImageOfPage":{"@id":"https:\/\/www.correiobraziliense.com.br\/cbradar\/microcefalia-por-zika-exige-acompanhamento-continuo\/#primaryimage"},"image":{"@id":"https:\/\/www.correiobraziliense.com.br\/cbradar\/microcefalia-por-zika-exige-acompanhamento-continuo\/#primaryimage"},"thumbnailUrl":"https:\/\/www.correiobraziliense.com.br\/cbradar\/wp-content\/uploads\/2026\/01\/Microcephaly_1767812940005.jpg","datePublished":"2026-01-08T20:15:00+00:00","author":{"@id":"https:\/\/www.correiobraziliense.com.br\/cbradar\/#\/schema\/person\/5aa4bf3c8fa699c267933611de12978b"},"description":"Estudo mostra que crian\u00e7as expostas ao v\u00edrus Zika na gesta\u00e7\u00e3o t\u00eam sequelas neurol\u00f3gicas e sensoriais duradouras.","breadcrumb":{"@id":"https:\/\/www.correiobraziliense.com.br\/cbradar\/microcefalia-por-zika-exige-acompanhamento-continuo\/#breadcrumb"},"inLanguage":"pt-BR","potentialAction":[{"@type":"ReadAction","target":["https:\/\/www.correiobraziliense.com.br\/cbradar\/microcefalia-por-zika-exige-acompanhamento-continuo\/"]}]},{"@type":"ImageObject","inLanguage":"pt-BR","@id":"https:\/\/www.correiobraziliense.com.br\/cbradar\/microcefalia-por-zika-exige-acompanhamento-continuo\/#primaryimage","url":"https:\/\/www.correiobraziliense.com.br\/cbradar\/wp-content\/uploads\/2026\/01\/Microcephaly_1767812940005.jpg","contentUrl":"https:\/\/www.correiobraziliense.com.br\/cbradar\/wp-content\/uploads\/2026\/01\/Microcephaly_1767812940005.jpg","width":1280,"height":720,"caption":"Microcefalia - Cr\u00e9ditos: depositphotos.com \/ parinyabinsuk"},{"@type":"BreadcrumbList","@id":"https:\/\/www.correiobraziliense.com.br\/cbradar\/microcefalia-por-zika-exige-acompanhamento-continuo\/#breadcrumb","itemListElement":[{"@type":"ListItem","position":1,"name":"In\u00edcio","item":"https:\/\/www.correiobraziliense.com.br\/cbradar\/"},{"@type":"ListItem","position":2,"name":"Microcefalia por Zika exige acompanhamento cont\u00ednuo"}]},{"@type":"WebSite","@id":"https:\/\/www.correiobraziliense.com.br\/cbradar\/#website","url":"https:\/\/www.correiobraziliense.com.br\/cbradar\/","name":"Correio Braziliense - Radar","description":"Acompanhe as \u00faltimas not\u00edcias e fique bem informado sobre tudo o que acontece no Brasil e no mundo.","potentialAction":[{"@type":"SearchAction","target":{"@type":"EntryPoint","urlTemplate":"https:\/\/www.correiobraziliense.com.br\/cbradar\/?s={search_term_string}"},"query-input":{"@type":"PropertyValueSpecification","valueRequired":true,"valueName":"search_term_string"}}],"inLanguage":"pt-BR"},{"@type":"Person","@id":"https:\/\/www.correiobraziliense.com.br\/cbradar\/#\/schema\/person\/5aa4bf3c8fa699c267933611de12978b","name":"guilherme_saude","image":{"@type":"ImageObject","inLanguage":"pt-BR","@id":"https:\/\/www.correiobraziliense.com.br\/cbradar\/#\/schema\/person\/image\/","url":"https:\/\/secure.gravatar.com\/avatar\/df9adfb835d344bc0af109d41756253f?s=96&d=mm&r=g","contentUrl":"https:\/\/secure.gravatar.com\/avatar\/df9adfb835d344bc0af109d41756253f?s=96&d=mm&r=g","caption":"guilherme_saude"},"url":"https:\/\/www.correiobraziliense.com.br\/cbradar\/author\/guilherme_saude\/"}]}},"_links":{"self":[{"href":"https:\/\/www.correiobraziliense.com.br\/cbradar\/wp-json\/wp\/v2\/posts\/170571","targetHints":{"allow":["GET"]}}],"collection":[{"href":"https:\/\/www.correiobraziliense.com.br\/cbradar\/wp-json\/wp\/v2\/posts"}],"about":[{"href":"https:\/\/www.correiobraziliense.com.br\/cbradar\/wp-json\/wp\/v2\/types\/post"}],"author":[{"embeddable":true,"href":"https:\/\/www.correiobraziliense.com.br\/cbradar\/wp-json\/wp\/v2\/users\/14"}],"replies":[{"embeddable":true,"href":"https:\/\/www.correiobraziliense.com.br\/cbradar\/wp-json\/wp\/v2\/comments?post=170571"}],"version-history":[{"count":1,"href":"https:\/\/www.correiobraziliense.com.br\/cbradar\/wp-json\/wp\/v2\/posts\/170571\/revisions"}],"predecessor-version":[{"id":170576,"href":"https:\/\/www.correiobraziliense.com.br\/cbradar\/wp-json\/wp\/v2\/posts\/170571\/revisions\/170576"}],"wp:featuredmedia":[{"embeddable":true,"href":"https:\/\/www.correiobraziliense.com.br\/cbradar\/wp-json\/wp\/v2\/media\/170575"}],"wp:attachment":[{"href":"https:\/\/www.correiobraziliense.com.br\/cbradar\/wp-json\/wp\/v2\/media?parent=170571"}],"wp:term":[{"taxonomy":"category","embeddable":true,"href":"https:\/\/www.correiobraziliense.com.br\/cbradar\/wp-json\/wp\/v2\/categories?post=170571"},{"taxonomy":"post_tag","embeddable":true,"href":"https:\/\/www.correiobraziliense.com.br\/cbradar\/wp-json\/wp\/v2\/tags?post=170571"}],"curies":[{"name":"wp","href":"https:\/\/api.w.org\/{rel}","templated":true}]}}