{"id":17096,"date":"2025-03-31T12:10:00","date_gmt":"2025-03-31T15:10:00","guid":{"rendered":"https:\/\/www.correiobraziliense.com.br\/cbradar\/?p=17096"},"modified":"2025-03-30T14:35:43","modified_gmt":"2025-03-30T17:35:43","slug":"cultivo-de-alho-em-casa-guia-completo-para-uma-colheita-de-sucesso","status":"publish","type":"post","link":"https:\/\/www.correiobraziliense.com.br\/cbradar\/cultivo-de-alho-em-casa-guia-completo-para-uma-colheita-de-sucesso\/","title":{"rendered":"Cultivo de alho em casa: guia completo para uma colheita de sucesso"},"content":{"rendered":"\n<p>O <strong>alho<\/strong>, conhecido cientificamente como\u00a0<em><strong>Allium sativum<\/strong><\/em>, \u00e9 um dos temperos mais populares no <strong>Brasil<\/strong>. Al\u00e9m de seu uso culin\u00e1rio, o alho \u00e9 valorizado por suas propriedades medicinais. Cultivar alho em casa \u00e9 uma pr\u00e1tica vi\u00e1vel, mesmo em espa\u00e7os reduzidos, desde que algumas condi\u00e7\u00f5es sejam respeitadas. Este artigo aborda as principais considera\u00e7\u00f5es para o cultivo de alho, desde a escolha do solo at\u00e9 a colheita.<\/p>\n\n\n\n<p>O alho \u00e9 uma planta perene que pode ser cultivada a partir de seus dentes, que s\u00e3o segmentos do bulbo. Essa pr\u00e1tica \u00e9 preferida em rela\u00e7\u00e3o ao uso de sementes. A temperatura \u00e9 um fator cr\u00edtico para o sucesso do cultivo, especialmente durante a germina\u00e7\u00e3o. O alho necessita de temperaturas abaixo de 25\u00b0C, o que torna o outono e o in\u00edcio do inverno as esta\u00e7\u00f5es ideais para o plantio.<\/p>\n\n\n\n<h2 class=\"wp-block-heading\"><strong>Quais s\u00e3o as condi\u00e7\u00f5es ideais de solo e ilumina\u00e7\u00e3o para o alho?<\/strong><\/h2>\n\n\n\n<p>Para garantir um bom desenvolvimento, o alho deve ser plantado em solo leve, bem drenado e rico em mat\u00e9ria org\u00e2nica. O espa\u00e7amento adequado entre os dentes \u00e9 de 10 a 15 cm, com fileiras distantes de 20 a 30 cm. A profundidade do plantio deve ser de 3 a 5 cm, cobrindo bem o dente sem enterr\u00e1-lo excessivamente. O cultivo em vasos \u00e9 poss\u00edvel, desde que o recipiente tenha pelo menos 20 cm de profundidade.<\/p>\n\n\n\n<p>A ilumina\u00e7\u00e3o \u00e9 outro aspecto crucial. O alho requer cerca de 6 horas di\u00e1rias de luz solar direta. A rega deve ser regular, mantendo o solo levemente \u00famido, mas evitando o encharcamento. Ap\u00f3s o desenvolvimento das cabe\u00e7as, a quantidade de \u00e1gua deve ser reduzida para prevenir o apodrecimento dos bulbos.<\/p>\n\n\n\n<figure class=\"wp-block-image size-large\"><img decoding=\"async\" width=\"1024\" height=\"576\" src=\"https:\/\/www.correiobraziliense.com.br\/cbradar\/wp-content\/uploads\/2025\/03\/plantacao-de-alho_1743269688470-1024x576.jpg\" alt=\"Cultivo de alho em casa: guia completo para uma colheita de sucesso\" class=\"wp-image-17098\" srcset=\"https:\/\/www.correiobraziliense.com.br\/cbradar\/wp-content\/uploads\/2025\/03\/plantacao-de-alho_1743269688470-1024x576.jpg 1024w, https:\/\/www.correiobraziliense.com.br\/cbradar\/wp-content\/uploads\/2025\/03\/plantacao-de-alho_1743269688470-300x169.jpg 300w, https:\/\/www.correiobraziliense.com.br\/cbradar\/wp-content\/uploads\/2025\/03\/plantacao-de-alho_1743269688470-768x432.jpg 768w, https:\/\/www.correiobraziliense.com.br\/cbradar\/wp-content\/uploads\/2025\/03\/plantacao-de-alho_1743269688470-750x422.jpg 750w, https:\/\/www.correiobraziliense.com.br\/cbradar\/wp-content\/uploads\/2025\/03\/plantacao-de-alho_1743269688470-1140x641.jpg 1140w, https:\/\/www.correiobraziliense.com.br\/cbradar\/wp-content\/uploads\/2025\/03\/plantacao-de-alho_1743269688470.jpg 1280w\" sizes=\"(max-width: 1024px) 100vw, 1024px\" \/><figcaption class=\"wp-element-caption\">Planta\u00e7\u00e3o de alho\nCr\u00e9ditos: depositphotos.com \/ andov<\/figcaption><\/figure>\n\n\n\n<h2 class=\"wp-block-heading\"><strong>Como garantir uma boa nutri\u00e7\u00e3o para o alho?<\/strong><\/h2>\n\n\n\n<p>Para estimular o crescimento do alho, \u00e9 recomend\u00e1vel a aplica\u00e7\u00e3o de um fertilizante <strong>NPK<\/strong>, rico em nitrog\u00eanio, f\u00f3sforo e pot\u00e1ssio, cerca de 14 dias ap\u00f3s a germina\u00e7\u00e3o. Este tipo de aduba\u00e7\u00e3o fornece os nutrientes essenciais para o desenvolvimento saud\u00e1vel da planta. Durante o cultivo, n\u00e3o \u00e9 necess\u00e1rio realizar podas, exceto para remover folhas secas ou danificadas.<\/p>\n\n\n\n<h2 class=\"wp-block-heading\"><strong>Quando e como realizar a colheita do alho?<\/strong><\/h2>\n\n\n\n<p>A colheita do alho geralmente ocorre cerca de 8 meses ap\u00f3s o plantio, durante as esta\u00e7\u00f5es mais quentes. O sinal de que os bulbos est\u00e3o prontos para serem colhidos \u00e9 o amarelecimento e a secagem das folhas. Para verificar se os bulbos est\u00e3o bem formados, pode-se puxar uma planta do solo e inspecionar o tamanho e a integridade dos bulbos.<\/p>\n\n\n\n<p>Com essas orienta\u00e7\u00f5es, o cultivo de alho em casa pode ser uma atividade gratificante e produtiva. Seguindo as condi\u00e7\u00f5es adequadas de solo, ilumina\u00e7\u00e3o, rega e aduba\u00e7\u00e3o, \u00e9 poss\u00edvel obter uma colheita de alho saud\u00e1vel e saborosa, pronta para enriquecer as receitas do dia a dia.<\/p>\n","protected":false},"excerpt":{"rendered":"<p>Aprenda a cultivar alho em casa facilmente, seguindo nossas dicas para escolher o solo ideal, ilumina\u00e7\u00e3o e cuidados de rega.<\/p>\n","protected":false},"author":3,"featured_media":17097,"comment_status":"open","ping_status":"open","sticky":false,"template":"","format":"standard","meta":{"_yoast_wpseo_focuskw":"plantar alho em casa","_yoast_wpseo_title":"%%title%%","_yoast_wpseo_metadesc":"Aprenda a cultivar alho em casa facilmente, seguindo nossas dicas para escolher o solo ideal, ilumina\u00e7\u00e3o e cuidados de rega.","jnews-multi-image_gallery":[],"jnews_single_post":{"format":"standard"},"jnews_primary_category":[],"jnews_social_meta":[],"jnews_override_counter":[],"footnotes":""},"categories":[136],"post_tag":[2332,137],"class_list":["post-17096","post","type-post","status-publish","format-standard","has-post-thumbnail","hentry","category-jardinagem","tag-alho","tag-como-plantar"],"yoast_head":"<!-- This site is optimized with the Yoast SEO plugin v24.6 - https:\/\/yoast.com\/wordpress\/plugins\/seo\/ -->\n<title>Cultivo de alho em casa: guia completo para uma colheita de sucesso<\/title>\n<meta name=\"description\" content=\"Aprenda a cultivar alho em casa facilmente, seguindo nossas dicas para escolher o solo ideal, ilumina\u00e7\u00e3o e cuidados de rega.\" \/>\n<meta name=\"robots\" content=\"index, follow, max-snippet:-1, max-image-preview:large, max-video-preview:-1\" \/>\n<link rel=\"canonical\" href=\"https:\/\/www.correiobraziliense.com.br\/cbradar\/cultivo-de-alho-em-casa-guia-completo-para-uma-colheita-de-sucesso\/\" \/>\n<meta property=\"og:locale\" content=\"pt_BR\" \/>\n<meta property=\"og:type\" content=\"article\" \/>\n<meta property=\"og:title\" content=\"Cultivo de alho em casa: guia completo para uma colheita de sucesso\" \/>\n<meta property=\"og:description\" content=\"Aprenda a cultivar alho em casa facilmente, seguindo nossas dicas para escolher o solo ideal, ilumina\u00e7\u00e3o e cuidados de rega.\" \/>\n<meta property=\"og:url\" content=\"https:\/\/www.correiobraziliense.com.br\/cbradar\/cultivo-de-alho-em-casa-guia-completo-para-uma-colheita-de-sucesso\/\" \/>\n<meta property=\"og:site_name\" content=\"Correio Braziliense - Radar\" \/>\n<meta property=\"article:published_time\" content=\"2025-03-31T15:10:00+00:00\" \/>\n<meta property=\"og:image\" content=\"https:\/\/www.correiobraziliense.com.br\/cbradar\/wp-content\/uploads\/2025\/03\/alho_1743269643989.jpg\" \/>\n\t<meta property=\"og:image:width\" content=\"1280\" \/>\n\t<meta property=\"og:image:height\" content=\"720\" \/>\n\t<meta property=\"og:image:type\" content=\"image\/jpeg\" \/>\n<meta name=\"author\" content=\"Larissa Carvalho\" \/>\n<meta name=\"twitter:card\" content=\"summary_large_image\" \/>\n<meta name=\"twitter:label1\" content=\"Escrito por\" \/>\n\t<meta name=\"twitter:data1\" content=\"Larissa Carvalho\" \/>\n\t<meta name=\"twitter:label2\" content=\"Est. tempo de leitura\" \/>\n\t<meta name=\"twitter:data2\" content=\"3 minutos\" \/>\n<!-- \/ Yoast SEO plugin. -->","yoast_head_json":{"title":"Cultivo de alho em casa: guia completo para uma colheita de sucesso","description":"Aprenda a cultivar alho em casa facilmente, seguindo nossas dicas para escolher o solo ideal, ilumina\u00e7\u00e3o e cuidados de rega.","robots":{"index":"index","follow":"follow","max-snippet":"max-snippet:-1","max-image-preview":"max-image-preview:large","max-video-preview":"max-video-preview:-1"},"canonical":"https:\/\/www.correiobraziliense.com.br\/cbradar\/cultivo-de-alho-em-casa-guia-completo-para-uma-colheita-de-sucesso\/","og_locale":"pt_BR","og_type":"article","og_title":"Cultivo de alho em casa: guia completo para uma colheita de sucesso","og_description":"Aprenda a cultivar alho em casa facilmente, seguindo nossas dicas para escolher o solo ideal, ilumina\u00e7\u00e3o e cuidados de rega.","og_url":"https:\/\/www.correiobraziliense.com.br\/cbradar\/cultivo-de-alho-em-casa-guia-completo-para-uma-colheita-de-sucesso\/","og_site_name":"Correio Braziliense - Radar","article_published_time":"2025-03-31T15:10:00+00:00","og_image":[{"width":1280,"height":720,"url":"https:\/\/www.correiobraziliense.com.br\/cbradar\/wp-content\/uploads\/2025\/03\/alho_1743269643989.jpg","type":"image\/jpeg"}],"author":"Larissa Carvalho","twitter_card":"summary_large_image","twitter_misc":{"Escrito por":"Larissa Carvalho","Est. tempo de leitura":"3 minutos"},"schema":{"@context":"https:\/\/schema.org","@graph":[{"@type":"WebPage","@id":"https:\/\/www.correiobraziliense.com.br\/cbradar\/cultivo-de-alho-em-casa-guia-completo-para-uma-colheita-de-sucesso\/","url":"https:\/\/www.correiobraziliense.com.br\/cbradar\/cultivo-de-alho-em-casa-guia-completo-para-uma-colheita-de-sucesso\/","name":"Cultivo de alho em casa: guia completo para uma colheita de sucesso","isPartOf":{"@id":"https:\/\/www.correiobraziliense.com.br\/cbradar\/#website"},"primaryImageOfPage":{"@id":"https:\/\/www.correiobraziliense.com.br\/cbradar\/cultivo-de-alho-em-casa-guia-completo-para-uma-colheita-de-sucesso\/#primaryimage"},"image":{"@id":"https:\/\/www.correiobraziliense.com.br\/cbradar\/cultivo-de-alho-em-casa-guia-completo-para-uma-colheita-de-sucesso\/#primaryimage"},"thumbnailUrl":"https:\/\/www.correiobraziliense.com.br\/cbradar\/wp-content\/uploads\/2025\/03\/alho_1743269643989.jpg","datePublished":"2025-03-31T15:10:00+00:00","author":{"@id":"https:\/\/www.correiobraziliense.com.br\/cbradar\/#\/schema\/person\/58422787644df994b53a19d3e56c1513"},"description":"Aprenda a cultivar alho em casa facilmente, seguindo nossas dicas para escolher o solo ideal, ilumina\u00e7\u00e3o e cuidados de rega.","breadcrumb":{"@id":"https:\/\/www.correiobraziliense.com.br\/cbradar\/cultivo-de-alho-em-casa-guia-completo-para-uma-colheita-de-sucesso\/#breadcrumb"},"inLanguage":"pt-BR","potentialAction":[{"@type":"ReadAction","target":["https:\/\/www.correiobraziliense.com.br\/cbradar\/cultivo-de-alho-em-casa-guia-completo-para-uma-colheita-de-sucesso\/"]}]},{"@type":"ImageObject","inLanguage":"pt-BR","@id":"https:\/\/www.correiobraziliense.com.br\/cbradar\/cultivo-de-alho-em-casa-guia-completo-para-uma-colheita-de-sucesso\/#primaryimage","url":"https:\/\/www.correiobraziliense.com.br\/cbradar\/wp-content\/uploads\/2025\/03\/alho_1743269643989.jpg","contentUrl":"https:\/\/www.correiobraziliense.com.br\/cbradar\/wp-content\/uploads\/2025\/03\/alho_1743269643989.jpg","width":1280,"height":720,"caption":"Alho Cr\u00e9ditos: depositphotos.com \/ KostyaKlimenko"},{"@type":"BreadcrumbList","@id":"https:\/\/www.correiobraziliense.com.br\/cbradar\/cultivo-de-alho-em-casa-guia-completo-para-uma-colheita-de-sucesso\/#breadcrumb","itemListElement":[{"@type":"ListItem","position":1,"name":"In\u00edcio","item":"https:\/\/www.correiobraziliense.com.br\/cbradar\/"},{"@type":"ListItem","position":2,"name":"Cultivo de alho em casa: guia completo para uma colheita de sucesso"}]},{"@type":"WebSite","@id":"https:\/\/www.correiobraziliense.com.br\/cbradar\/#website","url":"https:\/\/www.correiobraziliense.com.br\/cbradar\/","name":"Correio Braziliense - Radar","description":"Acompanhe as \u00faltimas not\u00edcias e fique bem informado sobre tudo o que acontece no Brasil e no mundo.","potentialAction":[{"@type":"SearchAction","target":{"@type":"EntryPoint","urlTemplate":"https:\/\/www.correiobraziliense.com.br\/cbradar\/?s={search_term_string}"},"query-input":{"@type":"PropertyValueSpecification","valueRequired":true,"valueName":"search_term_string"}}],"inLanguage":"pt-BR"},{"@type":"Person","@id":"https:\/\/www.correiobraziliense.com.br\/cbradar\/#\/schema\/person\/58422787644df994b53a19d3e56c1513","name":"Larissa Carvalho","image":{"@type":"ImageObject","inLanguage":"pt-BR","@id":"https:\/\/www.correiobraziliense.com.br\/cbradar\/#\/schema\/person\/image\/","url":"https:\/\/secure.gravatar.com\/avatar\/fe4f91a0de32b52a838d0d612abdc1aa?s=96&d=mm&r=g","contentUrl":"https:\/\/secure.gravatar.com\/avatar\/fe4f91a0de32b52a838d0d612abdc1aa?s=96&d=mm&r=g","caption":"Larissa Carvalho"},"url":"https:\/\/www.correiobraziliense.com.br\/cbradar\/author\/larissamyth\/"}]}},"_links":{"self":[{"href":"https:\/\/www.correiobraziliense.com.br\/cbradar\/wp-json\/wp\/v2\/posts\/17096","targetHints":{"allow":["GET"]}}],"collection":[{"href":"https:\/\/www.correiobraziliense.com.br\/cbradar\/wp-json\/wp\/v2\/posts"}],"about":[{"href":"https:\/\/www.correiobraziliense.com.br\/cbradar\/wp-json\/wp\/v2\/types\/post"}],"author":[{"embeddable":true,"href":"https:\/\/www.correiobraziliense.com.br\/cbradar\/wp-json\/wp\/v2\/users\/3"}],"replies":[{"embeddable":true,"href":"https:\/\/www.correiobraziliense.com.br\/cbradar\/wp-json\/wp\/v2\/comments?post=17096"}],"version-history":[{"count":2,"href":"https:\/\/www.correiobraziliense.com.br\/cbradar\/wp-json\/wp\/v2\/posts\/17096\/revisions"}],"predecessor-version":[{"id":17295,"href":"https:\/\/www.correiobraziliense.com.br\/cbradar\/wp-json\/wp\/v2\/posts\/17096\/revisions\/17295"}],"wp:featuredmedia":[{"embeddable":true,"href":"https:\/\/www.correiobraziliense.com.br\/cbradar\/wp-json\/wp\/v2\/media\/17097"}],"wp:attachment":[{"href":"https:\/\/www.correiobraziliense.com.br\/cbradar\/wp-json\/wp\/v2\/media?parent=17096"}],"wp:term":[{"taxonomy":"category","embeddable":true,"href":"https:\/\/www.correiobraziliense.com.br\/cbradar\/wp-json\/wp\/v2\/categories?post=17096"},{"taxonomy":"post_tag","embeddable":true,"href":"https:\/\/www.correiobraziliense.com.br\/cbradar\/wp-json\/wp\/v2\/post_tag?post=17096"}],"curies":[{"name":"wp","href":"https:\/\/api.w.org\/{rel}","templated":true}]}}