{"id":17107,"date":"2025-03-31T10:30:00","date_gmt":"2025-03-31T13:30:00","guid":{"rendered":"https:\/\/www.correiobraziliense.com.br\/cbradar\/?p=17107"},"modified":"2025-07-01T13:26:11","modified_gmt":"2025-07-01T16:26:11","slug":"alem-de-adolescencia-conheca-outras-producoes-que-retratam-o-bullying","status":"publish","type":"post","link":"https:\/\/www.correiobraziliense.com.br\/cbradar\/alem-de-adolescencia-conheca-outras-producoes-que-retratam-o-bullying\/","title":{"rendered":"Al\u00e9m de Adolesc\u00eancia, conhe\u00e7a outras produ\u00e7\u00f5es que retratam o bullying"},"content":{"rendered":"\n<p>O bullying virou assunto s\u00e9rio na TV e no cinema. N\u00e3o \u00e9 mais s\u00f3 aquela hist\u00f3ria cl\u00e1ssica do valent\u00e3o da escola. Agora as <a href=\"https:\/\/www.correiobraziliense.com.br\/cbradar\/a-melhor-serie-para-quem-gostou-de-adolescencia-da-netflix\/\" target=\"_blank\" rel=\"noreferrer noopener\">produ\u00e7\u00f5es <\/a>mostram como essa viol\u00eancia pode destruir vidas de verdade, especialmente com as redes sociais no meio. E tem uma s\u00e9rie que est\u00e1 fazendo todo mundo parar para pensar.<\/p>\n\n\n\n<p><strong>&#8220;Adolesc\u00eancia&#8221;<\/strong>, que chegou \u00e0 <a href=\"https:\/\/www.netflix.com\/br\/\" target=\"_blank\" rel=\"noreferrer noopener\"><strong>Netflix<\/strong> <\/a>em mar\u00e7o de <strong>2025<\/strong>, est\u00e1 causando um impacto gigantesco. A miniss\u00e9rie brit\u00e2nica de quatro epis\u00f3dios j\u00e1 alcan\u00e7ou <strong>24,3 milh\u00f5es<\/strong> de visualiza\u00e7\u00f5es nos primeiros quatro dias. A hist\u00f3ria \u00e9 pesada: um menino de 13 anos mata uma colega de escola. Mas por tr\u00e1s dessa trag\u00e9dia tem muito mais coisa acontecendo.<\/p>\n\n\n\n<h2 class=\"wp-block-heading\">Por que &#8220;Adolesc\u00eancia&#8221; est\u00e1 fazendo tanto barulho?<\/h2>\n\n\n\n<p>A s\u00e9rie n\u00e3o \u00e9 s\u00f3 mais um drama adolescente. Ela mostra como <strong>Jamie Miller<\/strong>, o protagonista, passou de v\u00edtima de bullying para assassino. O roteiro mergulha em temas que muita gente prefere n\u00e3o ver: masculinidade t\u00f3xica, cultura incel, radicaliza\u00e7\u00e3o online e como as redes sociais podem ser um ambiente extremamente perigoso para jovens vulner\u00e1veis.<\/p>\n\n\n\n<p>O que impressiona \u00e9 como a produ\u00e7\u00e3o foi filmada. Toda feita em plano sequ\u00eancia, como se fosse uma c\u00e2mera seguindo os personagens em tempo real. Isso deixa tudo mais tenso e real. A s\u00e9rie se baseia em casos reais de viol\u00eancia escolar na Inglaterra, o que torna tudo ainda mais perturbador.<\/p>\n\n\n\n<h2 class=\"wp-block-heading\">Como o bullying virtual mudou tudo?<\/h2>\n\n\n\n<p>Antigamente, o bullying ficava na escola. Quando voc\u00ea chegava em casa, pelo menos tinha paz. Hoje n\u00e3o existe mais esse escape. As redes sociais fazem com que a persegui\u00e7\u00e3o continue 24 horas por dia. <strong>&#8220;Adolesc\u00eancia&#8221;<\/strong> mostra isso de forma cruel: como emojis aparentemente inocentes podem ser usados como armas.<\/p>\n\n\n\n<p>Na s\u00e9rie, s\u00edmbolos como o emoji de feij\u00e3o e a &#8220;p\u00edlula vermelha&#8221; funcionam como c\u00f3digos secretos entre grupos que praticam cyberbullying. Para os adultos, s\u00e3o s\u00f3 desenhinhos bobos. Para os adolescentes, podem significar humilha\u00e7\u00e3o constante. Essa desconex\u00e3o entre gera\u00e7\u00f5es \u00e9 um dos problemas mais s\u00e9rios que a s\u00e9rie exp\u00f5e.<\/p>\n\n\n\n<h2 class=\"wp-block-heading\">Que outras produ\u00e7\u00f5es est\u00e3o tratando do assunto?<\/h2>\n\n\n\n<p>V\u00e1rias s\u00e9ries e filmes t\u00eam abordado o bullying nos \u00faltimos anos. <strong>&#8220;13 Reasons Why&#8221;<\/strong> foi uma das primeiras a causar pol\u00eamica, mostrando como o bullying pode levar ao suic\u00eddio. Mesmo com as cr\u00edticas, a s\u00e9rie conseguiu abrir conversas importantes sobre sa\u00fade mental.<\/p>\n\n\n\n<p><strong>&#8220;Sex Education&#8221;<\/strong> trata o tema de forma mais leve, mas n\u00e3o menos importante. A s\u00e9rie mostra como educadores podem fazer a diferen\u00e7a na vida dos estudantes. J\u00e1 <strong>&#8220;Euphoria&#8221;<\/strong> mergulha na masculinidade t\u00f3xica e como ela afeta as rela\u00e7\u00f5es entre adolescentes. S\u00e3o abordagens diferentes, mas todas tentam mostrar como o bullying pode ser devastador.<\/p>\n\n\n\n<h2 class=\"wp-block-heading\">Como filmes usam a fantasia para falar de dor real?<\/h2>\n\n\n\n<p>Alguns filmes preferem usar elementos fant\u00e1sticos para tratar do bullying. <strong>&#8220;Sete Minutos Depois da Meia-Noite&#8221;<\/strong> \u00e9 um exemplo interessante. O garoto <strong>Conor<\/strong> conversa com um monstro em forma de \u00e1rvore para escapar da realidade dolorosa do bullying na escola e da doen\u00e7a da m\u00e3e.<\/p>\n\n\n\n<p>Essa estrat\u00e9gia funciona porque torna temas pesados mais acess\u00edveis, especialmente para crian\u00e7as menores. A fantasia oferece um lugar seguro para processar sentimentos dif\u00edceis. \u00c9 uma forma de dizer que todo mundo precisa de um ref\u00fagio quando a vida fica pesada demais.<\/p>\n\n\n\n<h2 class=\"wp-block-heading\">Qual o papel da fam\u00edlia e da escola nisso tudo?<\/h2>\n\n\n\n<figure class=\"wp-block-embed is-type-video is-provider-youtube wp-block-embed-youtube wp-embed-aspect-16-9 wp-has-aspect-ratio\"><div class=\"wp-block-embed__wrapper\">\n<div class=\"jeg_video_container jeg_video_content\"><iframe loading=\"lazy\" title=\"Adolesc\u00eancia | Trailer oficial | Netflix\" width=\"500\" height=\"281\" src=\"https:\/\/www.youtube.com\/embed\/mh48KXaCSxM?feature=oembed\" frameborder=\"0\" allow=\"accelerometer; autoplay; clipboard-write; encrypted-media; gyroscope; picture-in-picture; web-share\" referrerpolicy=\"strict-origin-when-cross-origin\" allowfullscreen><\/iframe><\/div>\n<\/div><\/figure>\n\n\n\n<p><strong>&#8220;Adolesc\u00eancia&#8221;<\/strong> deixa bem claro que o bullying n\u00e3o come\u00e7a na escola. Ele come\u00e7a em casa, na falta de estrutura familiar, na aus\u00eancia de di\u00e1logo. A escola apenas amplifica problemas que j\u00e1 existem. Por isso, resolver bullying exige que fam\u00edlia e escola trabalhem juntas.<\/p>\n\n\n\n<p>Segundo especialistas que analisaram a s\u00e9rie, expulsar o aluno que pratica bullying n\u00e3o resolve nada. Ele s\u00f3 vai para outra escola e continua com o comportamento. O ideal \u00e9 responsabilizar, dar apoio psicol\u00f3gico e trabalhar as causas do problema. Ignorar os sinais pode levar a trag\u00e9dias como a mostrada na s\u00e9rie.<\/p>\n\n\n\n<h2 class=\"wp-block-heading\">Essas produ\u00e7\u00f5es ajudam ou atrapalham?<\/h2>\n\n\n\n<p>Existe debate sobre isso. Alguns educadores acham que s\u00e9ries como <strong>&#8220;Adolesc\u00eancia&#8221;<\/strong> podem ser usadas como ferramentas pedag\u00f3gicas. Elas ajudam a iniciar conversas dif\u00edceis entre pais, professores e alunos. Falam a linguagem dos jovens e mostram consequ\u00eancias reais.<\/p>\n\n\n\n<p>Outros profissionais s\u00e3o mais c\u00e9ticos. Acham que essas produ\u00e7\u00f5es podem glamorizar a viol\u00eancia ou dar ideias perigosas. O importante \u00e9 que n\u00e3o sejam consumidas sozinhas. Precisam vir acompanhadas de di\u00e1logo, reflex\u00e3o e apoio de adultos respons\u00e1veis. A s\u00e9rie serve como alerta, mas n\u00e3o como manual de como agir.<\/p>\n","protected":false},"excerpt":{"rendered":"<p>Explora\u00e7\u00e3o do impacto do bullying na adolesc\u00eancia atrav\u00e9s de s\u00e9ries e filmes. Analisando mensagens e abordagens de produ\u00e7\u00f5es.<\/p>\n","protected":false},"author":3,"featured_media":17116,"comment_status":"open","ping_status":"open","sticky":false,"template":"","format":"standard","meta":{"_yoast_wpseo_focuskw":"bullying","_yoast_wpseo_title":"%%title%%","_yoast_wpseo_metadesc":"Explora\u00e7\u00e3o do impacto do bullying na adolesc\u00eancia atrav\u00e9s de s\u00e9ries e filmes. Analisando mensagens e abordagens de produ\u00e7\u00f5es.","jnews-multi-image_gallery":[],"jnews_single_post":{"format":"standard"},"jnews_primary_category":[],"jnews_social_meta":[],"jnews_override_counter":[],"footnotes":""},"categories":[140],"post_tag":[1962,141,568],"class_list":["post-17107","post","type-post","status-publish","format-standard","has-post-thumbnail","hentry","category-entretenimento","tag-adolescencia","tag-netflix","tag-series-e-filmes"],"yoast_head":"<!-- This site is optimized with the Yoast SEO plugin v24.6 - https:\/\/yoast.com\/wordpress\/plugins\/seo\/ -->\n<title>Al\u00e9m de Adolesc\u00eancia, conhe\u00e7a outras produ\u00e7\u00f5es que retratam o bullying<\/title>\n<meta name=\"description\" content=\"Explora\u00e7\u00e3o do impacto do bullying na adolesc\u00eancia atrav\u00e9s de s\u00e9ries e filmes. Analisando mensagens e abordagens de produ\u00e7\u00f5es.\" \/>\n<meta name=\"robots\" content=\"index, follow, max-snippet:-1, max-image-preview:large, max-video-preview:-1\" \/>\n<link rel=\"canonical\" href=\"https:\/\/www.correiobraziliense.com.br\/cbradar\/alem-de-adolescencia-conheca-outras-producoes-que-retratam-o-bullying\/\" \/>\n<meta property=\"og:locale\" content=\"pt_BR\" \/>\n<meta property=\"og:type\" content=\"article\" \/>\n<meta property=\"og:title\" content=\"Al\u00e9m de Adolesc\u00eancia, conhe\u00e7a outras produ\u00e7\u00f5es que retratam o bullying\" \/>\n<meta property=\"og:description\" content=\"Explora\u00e7\u00e3o do impacto do bullying na adolesc\u00eancia atrav\u00e9s de s\u00e9ries e filmes. Analisando mensagens e abordagens de produ\u00e7\u00f5es.\" \/>\n<meta property=\"og:url\" content=\"https:\/\/www.correiobraziliense.com.br\/cbradar\/alem-de-adolescencia-conheca-outras-producoes-que-retratam-o-bullying\/\" \/>\n<meta property=\"og:site_name\" content=\"Correio Braziliense - Radar\" \/>\n<meta property=\"article:published_time\" content=\"2025-03-31T13:30:00+00:00\" \/>\n<meta property=\"article:modified_time\" content=\"2025-07-01T16:26:11+00:00\" \/>\n<meta property=\"og:image\" content=\"https:\/\/www.correiobraziliense.com.br\/cbradar\/wp-content\/uploads\/2025\/03\/Filmes_1743270275114.jpg\" \/>\n\t<meta property=\"og:image:width\" content=\"1280\" \/>\n\t<meta property=\"og:image:height\" content=\"720\" \/>\n\t<meta property=\"og:image:type\" content=\"image\/jpeg\" \/>\n<meta name=\"author\" content=\"Larissa Carvalho\" \/>\n<meta name=\"twitter:card\" content=\"summary_large_image\" \/>\n<meta name=\"twitter:label1\" content=\"Escrito por\" \/>\n\t<meta name=\"twitter:data1\" content=\"Larissa Carvalho\" \/>\n\t<meta name=\"twitter:label2\" content=\"Est. tempo de leitura\" \/>\n\t<meta name=\"twitter:data2\" content=\"5 minutos\" \/>\n<!-- \/ Yoast SEO plugin. -->","yoast_head_json":{"title":"Al\u00e9m de Adolesc\u00eancia, conhe\u00e7a outras produ\u00e7\u00f5es que retratam o bullying","description":"Explora\u00e7\u00e3o do impacto do bullying na adolesc\u00eancia atrav\u00e9s de s\u00e9ries e filmes. Analisando mensagens e abordagens de produ\u00e7\u00f5es.","robots":{"index":"index","follow":"follow","max-snippet":"max-snippet:-1","max-image-preview":"max-image-preview:large","max-video-preview":"max-video-preview:-1"},"canonical":"https:\/\/www.correiobraziliense.com.br\/cbradar\/alem-de-adolescencia-conheca-outras-producoes-que-retratam-o-bullying\/","og_locale":"pt_BR","og_type":"article","og_title":"Al\u00e9m de Adolesc\u00eancia, conhe\u00e7a outras produ\u00e7\u00f5es que retratam o bullying","og_description":"Explora\u00e7\u00e3o do impacto do bullying na adolesc\u00eancia atrav\u00e9s de s\u00e9ries e filmes. Analisando mensagens e abordagens de produ\u00e7\u00f5es.","og_url":"https:\/\/www.correiobraziliense.com.br\/cbradar\/alem-de-adolescencia-conheca-outras-producoes-que-retratam-o-bullying\/","og_site_name":"Correio Braziliense - Radar","article_published_time":"2025-03-31T13:30:00+00:00","article_modified_time":"2025-07-01T16:26:11+00:00","og_image":[{"width":1280,"height":720,"url":"https:\/\/www.correiobraziliense.com.br\/cbradar\/wp-content\/uploads\/2025\/03\/Filmes_1743270275114.jpg","type":"image\/jpeg"}],"author":"Larissa Carvalho","twitter_card":"summary_large_image","twitter_misc":{"Escrito por":"Larissa Carvalho","Est. tempo de leitura":"5 minutos"},"schema":{"@context":"https:\/\/schema.org","@graph":[{"@type":"WebPage","@id":"https:\/\/www.correiobraziliense.com.br\/cbradar\/alem-de-adolescencia-conheca-outras-producoes-que-retratam-o-bullying\/","url":"https:\/\/www.correiobraziliense.com.br\/cbradar\/alem-de-adolescencia-conheca-outras-producoes-que-retratam-o-bullying\/","name":"Al\u00e9m de Adolesc\u00eancia, conhe\u00e7a outras produ\u00e7\u00f5es que retratam o bullying","isPartOf":{"@id":"https:\/\/www.correiobraziliense.com.br\/cbradar\/#website"},"primaryImageOfPage":{"@id":"https:\/\/www.correiobraziliense.com.br\/cbradar\/alem-de-adolescencia-conheca-outras-producoes-que-retratam-o-bullying\/#primaryimage"},"image":{"@id":"https:\/\/www.correiobraziliense.com.br\/cbradar\/alem-de-adolescencia-conheca-outras-producoes-que-retratam-o-bullying\/#primaryimage"},"thumbnailUrl":"https:\/\/www.correiobraziliense.com.br\/cbradar\/wp-content\/uploads\/2025\/03\/Filmes_1743270275114.jpg","datePublished":"2025-03-31T13:30:00+00:00","dateModified":"2025-07-01T16:26:11+00:00","author":{"@id":"https:\/\/www.correiobraziliense.com.br\/cbradar\/#\/schema\/person\/58422787644df994b53a19d3e56c1513"},"description":"Explora\u00e7\u00e3o do impacto do bullying na adolesc\u00eancia atrav\u00e9s de s\u00e9ries e filmes. Analisando mensagens e abordagens de produ\u00e7\u00f5es.","breadcrumb":{"@id":"https:\/\/www.correiobraziliense.com.br\/cbradar\/alem-de-adolescencia-conheca-outras-producoes-que-retratam-o-bullying\/#breadcrumb"},"inLanguage":"pt-BR","potentialAction":[{"@type":"ReadAction","target":["https:\/\/www.correiobraziliense.com.br\/cbradar\/alem-de-adolescencia-conheca-outras-producoes-que-retratam-o-bullying\/"]}]},{"@type":"ImageObject","inLanguage":"pt-BR","@id":"https:\/\/www.correiobraziliense.com.br\/cbradar\/alem-de-adolescencia-conheca-outras-producoes-que-retratam-o-bullying\/#primaryimage","url":"https:\/\/www.correiobraziliense.com.br\/cbradar\/wp-content\/uploads\/2025\/03\/Filmes_1743270275114.jpg","contentUrl":"https:\/\/www.correiobraziliense.com.br\/cbradar\/wp-content\/uploads\/2025\/03\/Filmes_1743270275114.jpg","width":1280,"height":720,"caption":"Filmes. Cr\u00e9ditos: depositphotos.com \/ Liuzishan"},{"@type":"BreadcrumbList","@id":"https:\/\/www.correiobraziliense.com.br\/cbradar\/alem-de-adolescencia-conheca-outras-producoes-que-retratam-o-bullying\/#breadcrumb","itemListElement":[{"@type":"ListItem","position":1,"name":"In\u00edcio","item":"https:\/\/www.correiobraziliense.com.br\/cbradar\/"},{"@type":"ListItem","position":2,"name":"Al\u00e9m de Adolesc\u00eancia, conhe\u00e7a outras produ\u00e7\u00f5es que retratam o bullying"}]},{"@type":"WebSite","@id":"https:\/\/www.correiobraziliense.com.br\/cbradar\/#website","url":"https:\/\/www.correiobraziliense.com.br\/cbradar\/","name":"Correio Braziliense - Radar","description":"Acompanhe as \u00faltimas not\u00edcias e fique bem informado sobre tudo o que acontece no Brasil e no mundo.","potentialAction":[{"@type":"SearchAction","target":{"@type":"EntryPoint","urlTemplate":"https:\/\/www.correiobraziliense.com.br\/cbradar\/?s={search_term_string}"},"query-input":{"@type":"PropertyValueSpecification","valueRequired":true,"valueName":"search_term_string"}}],"inLanguage":"pt-BR"},{"@type":"Person","@id":"https:\/\/www.correiobraziliense.com.br\/cbradar\/#\/schema\/person\/58422787644df994b53a19d3e56c1513","name":"Larissa Carvalho","image":{"@type":"ImageObject","inLanguage":"pt-BR","@id":"https:\/\/www.correiobraziliense.com.br\/cbradar\/#\/schema\/person\/image\/","url":"https:\/\/secure.gravatar.com\/avatar\/fe4f91a0de32b52a838d0d612abdc1aa?s=96&d=mm&r=g","contentUrl":"https:\/\/secure.gravatar.com\/avatar\/fe4f91a0de32b52a838d0d612abdc1aa?s=96&d=mm&r=g","caption":"Larissa Carvalho"},"url":"https:\/\/www.correiobraziliense.com.br\/cbradar\/author\/larissamyth\/"}]}},"_links":{"self":[{"href":"https:\/\/www.correiobraziliense.com.br\/cbradar\/wp-json\/wp\/v2\/posts\/17107","targetHints":{"allow":["GET"]}}],"collection":[{"href":"https:\/\/www.correiobraziliense.com.br\/cbradar\/wp-json\/wp\/v2\/posts"}],"about":[{"href":"https:\/\/www.correiobraziliense.com.br\/cbradar\/wp-json\/wp\/v2\/types\/post"}],"author":[{"embeddable":true,"href":"https:\/\/www.correiobraziliense.com.br\/cbradar\/wp-json\/wp\/v2\/users\/3"}],"replies":[{"embeddable":true,"href":"https:\/\/www.correiobraziliense.com.br\/cbradar\/wp-json\/wp\/v2\/comments?post=17107"}],"version-history":[{"count":2,"href":"https:\/\/www.correiobraziliense.com.br\/cbradar\/wp-json\/wp\/v2\/posts\/17107\/revisions"}],"predecessor-version":[{"id":62784,"href":"https:\/\/www.correiobraziliense.com.br\/cbradar\/wp-json\/wp\/v2\/posts\/17107\/revisions\/62784"}],"wp:featuredmedia":[{"embeddable":true,"href":"https:\/\/www.correiobraziliense.com.br\/cbradar\/wp-json\/wp\/v2\/media\/17116"}],"wp:attachment":[{"href":"https:\/\/www.correiobraziliense.com.br\/cbradar\/wp-json\/wp\/v2\/media?parent=17107"}],"wp:term":[{"taxonomy":"category","embeddable":true,"href":"https:\/\/www.correiobraziliense.com.br\/cbradar\/wp-json\/wp\/v2\/categories?post=17107"},{"taxonomy":"post_tag","embeddable":true,"href":"https:\/\/www.correiobraziliense.com.br\/cbradar\/wp-json\/wp\/v2\/post_tag?post=17107"}],"curies":[{"name":"wp","href":"https:\/\/api.w.org\/{rel}","templated":true}]}}