{"id":171110,"date":"2026-01-09T08:25:00","date_gmt":"2026-01-09T11:25:00","guid":{"rendered":"https:\/\/www.correiobraziliense.com.br\/cbradar\/?p=171110"},"modified":"2026-01-08T20:51:15","modified_gmt":"2026-01-08T23:51:15","slug":"a-capital-nacional-do-cavalo-abriga-o-maior-complexo-de-rodeio-e-tambem-e-referencia-mundial-em-medicina","status":"publish","type":"post","link":"https:\/\/www.correiobraziliense.com.br\/cbradar\/a-capital-nacional-do-cavalo-abriga-o-maior-complexo-de-rodeio-e-tambem-e-referencia-mundial-em-medicina\/","title":{"rendered":"A capital nacional do cavalo abriga o maior complexo de rodeio e tamb\u00e9m \u00e9 refer\u00eancia mundial em medicina"},"content":{"rendered":"\n<p>A vibrante <strong>Barretos<\/strong> \u00e9 reconhecida internacionalmente como o epicentro da cultura sertaneja, sediando a maior celebra\u00e7\u00e3o do g\u00eanero na Am\u00e9rica Latina. Localizada no Norte do estado de <strong>S\u00e3o Paulo<\/strong>, a 425 km da capital, a cidade transcende o universo country, consolidando-se tamb\u00e9m como um dos mais importantes polos de medicina oncol\u00f3gica do planeta, atrav\u00e9s do renomado <strong>Hospital de Amor<\/strong>.<\/p>\n\n\n\n<h2 class=\"wp-block-heading\">Por que o potencial tur\u00edstico de Barretos faz da cidade o destino definitivo para os amantes do agroneg\u00f3cio?<\/h2>\n\n\n\n<p>O apelo tur\u00edstico da localidade reside na grandiosidade de sua infraestrutura voltada para o entretenimento e para as tradi\u00e7\u00f5es rurais brasileiras. O<a href=\"https:\/\/cidades.ibge.gov.br\/brasil\/sp\/barretos\/panorama\" target=\"_blank\" rel=\"noreferrer noopener\"> <strong>Instituto Brasileiro de Geografia e Estat\u00edstica (IBGE) <\/strong><\/a><strong>IDH 0,789<\/strong> reflete o alto desenvolvimento socioecon\u00f4mico de uma cidade que soube transformar o setor prim\u00e1rio em uma potente engrenagem de servi\u00e7os e eventos de classe mundial.<\/p>\n\n\n\n<p>A cidade se destaca atualmente por atrair milh\u00f5es de visitantes anualmente, n\u00e3o apenas para a sua famosa festa, mas para um ecossistema de lazer que inclui parques aqu\u00e1ticos e turismo de neg\u00f3cios. A hospitalidade barretense, marcada pela cultura do \u201cp\u00e9 no ch\u00e3o\u201d e pela efici\u00eancia dos servi\u00e7os, garante uma experi\u00eancia de alta qualidade, onde a tradi\u00e7\u00e3o do interior paulista convive com a modernidade tecnol\u00f3gica de seus centros de sa\u00fade e agroneg\u00f3cio.<\/p>\n\n\n<div class=\"wp-block-image\">\n<figure class=\"aligncenter size-large\"><img decoding=\"async\" width=\"1024\" height=\"576\" src=\"https:\/\/www.correiobraziliense.com.br\/cbradar\/wp-content\/uploads\/2025\/12\/Barretos_1765249121163-1024x576.jpg\" alt=\"A capital nacional do cavalo abriga o maior complexo de rodeio e tamb\u00e9m \u00e9 refer\u00eancia mundial em medicina\" class=\"wp-image-153073\" srcset=\"https:\/\/www.correiobraziliense.com.br\/cbradar\/wp-content\/uploads\/2025\/12\/Barretos_1765249121163-1024x576.jpg 1024w, https:\/\/www.correiobraziliense.com.br\/cbradar\/wp-content\/uploads\/2025\/12\/Barretos_1765249121163-300x169.jpg 300w, https:\/\/www.correiobraziliense.com.br\/cbradar\/wp-content\/uploads\/2025\/12\/Barretos_1765249121163-768x432.jpg 768w, https:\/\/www.correiobraziliense.com.br\/cbradar\/wp-content\/uploads\/2025\/12\/Barretos_1765249121163-750x422.jpg 750w, https:\/\/www.correiobraziliense.com.br\/cbradar\/wp-content\/uploads\/2025\/12\/Barretos_1765249121163-1140x641.jpg 1140w, https:\/\/www.correiobraziliense.com.br\/cbradar\/wp-content\/uploads\/2025\/12\/Barretos_1765249121163.jpg 1280w\" sizes=\"(max-width: 1024px) 100vw, 1024px\" \/><figcaption class=\"wp-element-caption\">Sinta a energia de Barretos durante a Festa do Pe\u00e3o, quando m\u00fasica, rodeio e cultura sertaneja transformam a cidade em palco de grandes emo\u00e7\u00f5es. \/\/ Cr\u00e9ditos: depositphotos.com \/ GersonFortes<\/figcaption><\/figure><\/div>\n\n\n<h2 class=\"wp-block-heading\">Qual \u00e9 o segredo do Parque do Pe\u00e3o e da arquitetura de Oscar Niemeyer no sert\u00e3o?<\/h2>\n\n\n\n<p>O grande diferencial desta joia do interior \u00e9 o <strong>Parque do Pe\u00e3o<\/strong>, um complexo de 2 milh\u00f5es de m\u00b2 desenhado pelo ic\u00f4nico arquiteto <strong>Oscar Niemeyer<\/strong>. O est\u00e1dio, em formato de ferradura, \u00e9 uma obra-prima da engenharia que permite uma vis\u00e3o perfeita das montarias, detendo o recorde de maior arena de rodeio das Am\u00e9ricas e servindo de palco para os maiores artistas mundiais do segmento.<\/p>\n\n\n\n<p>Al\u00e9m da arena, a cidade abriga o <strong>Memorial do Pe\u00e3o de Boiadeiro<\/strong>, que preserva a hist\u00f3ria dos antigos comitivas que cruzavam o Brasil. Essa integra\u00e7\u00e3o entre a vanguarda arquitet\u00f4nica de Niemeyer e a preserva\u00e7\u00e3o das ra\u00edzes tropeiras cria um cen\u00e1rio visual sem paralelos, transformando Barretos em um museu vivo da coloniza\u00e7\u00e3o econ\u00f4mica e cultural do Brasil Central.<\/p>\n\n\n\n<p>Explore a capital nacional do rodeio no interior paulista. O v\u00eddeo \u00e9 do canal <strong>Cidades do Mundo<\/strong>, que conta com mais de <strong>232 mil inscritos<\/strong>, e apresenta os principais pontos tur\u00edsticos de Barretos, destacando a cultura sertaneja e o Parque do Pe\u00e3o. <strong>Canal Cidades do Mundo, com 232 mil inscritos<\/strong>:<\/p>\n\n\n\n<figure class=\"wp-block-embed aligncenter is-type-video is-provider-youtube wp-block-embed-youtube wp-embed-aspect-16-9 wp-has-aspect-ratio\"><div class=\"wp-block-embed__wrapper\">\n<div class=\"jeg_video_container jeg_video_content\"><iframe loading=\"lazy\" title=\"BARRETOS SP, CONHE\u00c7A CIDADE DE BARRETOS S\u00c3O PAULO, [OS DADOS DO MUNIC\u00cdPIO 2021]\" width=\"500\" height=\"281\" src=\"https:\/\/www.youtube.com\/embed\/8GHWOb4_tDg?feature=oembed\" frameborder=\"0\" allow=\"accelerometer; autoplay; clipboard-write; encrypted-media; gyroscope; picture-in-picture; web-share\" referrerpolicy=\"strict-origin-when-cross-origin\" allowfullscreen><\/iframe><\/div>\n<\/div><\/figure>\n\n\n\n<h2 class=\"wp-block-heading\">O que visitar para vivenciar a alma de Barretos al\u00e9m da Festa do Pe\u00e3o?<\/h2>\n\n\n\n<p><strong>Explorar a cidade requer f\u00f4lego para aproveitar os espa\u00e7os abertos e curiosidade para conhecer a gastronomia de comitiva<\/strong>. Confira a lista de locais que oferecem experi\u00eancias sensoriais ricas e visuais que definem a identidade pulsante da capital sertaneja:<\/p>\n\n\n\n<ul class=\"wp-block-list\">\n<li><strong>Hospital de Amor (Caminhada do Bem)<\/strong>: o visual da arquitetura humanizada e a tecnologia de ponta revelam por que a cidade \u00e9 refer\u00eancia mundial em solidariedade e ci\u00eancia.<\/li>\n\n\n\n<li><strong>Regi\u00e3o dos Lagos<\/strong>: o visual de tr\u00eas grandes lagos artificiais cercados por ciclovias oferece o frescor ideal para caminhadas ao p\u00f4r do sol.<\/li>\n\n\n\n<li><strong>Monumentos do Pe\u00e3o e do Touro<\/strong>: as est\u00e1tuas gigantescas na entrada da cidade celebram a for\u00e7a do homem do campo e os animais lend\u00e1rios das arenas.<\/li>\n\n\n\n<li><strong>Recinto Paulo de Lima Corr\u00eaa<\/strong>: o visual cl\u00e1ssico de 1945, em estilo art d\u00e9co, remete aos primeiros grandes eventos pecu\u00e1rios da regi\u00e3o.<\/li>\n\n\n\n<li><strong>Queima do Alho<\/strong>: a experi\u00eancia gastron\u00f4mica de provar o arroz carreteiro e o feij\u00e3o gordo preparados no fogo de ch\u00e3o mant\u00e9m vivo o paladar das antigas comitivas.<\/li>\n<\/ul>\n\n\n<div class=\"wp-block-image\">\n<figure class=\"aligncenter size-large\"><img decoding=\"async\" width=\"1024\" height=\"576\" src=\"https:\/\/www.correiobraziliense.com.br\/cbradar\/wp-content\/uploads\/2025\/12\/G-2025-12-09T000155.475-1024x576.png\" alt=\"A cidade do interior de S\u00e3o Paulo que une tradi\u00e7\u00e3o sertaneja e sistema de sa\u00fade referenciado\" class=\"wp-image-153082\" srcset=\"https:\/\/www.correiobraziliense.com.br\/cbradar\/wp-content\/uploads\/2025\/12\/G-2025-12-09T000155.475-1024x576.png 1024w, https:\/\/www.correiobraziliense.com.br\/cbradar\/wp-content\/uploads\/2025\/12\/G-2025-12-09T000155.475-300x169.png 300w, https:\/\/www.correiobraziliense.com.br\/cbradar\/wp-content\/uploads\/2025\/12\/G-2025-12-09T000155.475-768x432.png 768w, https:\/\/www.correiobraziliense.com.br\/cbradar\/wp-content\/uploads\/2025\/12\/G-2025-12-09T000155.475-750x422.png 750w, https:\/\/www.correiobraziliense.com.br\/cbradar\/wp-content\/uploads\/2025\/12\/G-2025-12-09T000155.475-1140x641.png 1140w, https:\/\/www.correiobraziliense.com.br\/cbradar\/wp-content\/uploads\/2025\/12\/G-2025-12-09T000155.475.png 1280w\" sizes=\"(max-width: 1024px) 100vw, 1024px\" \/><figcaption class=\"wp-element-caption\">Em Barretos, visite o Parque do Pe\u00e3o, museus, pra\u00e7as e churrascarias t\u00edpicas, vivenciando a hospitalidade interiorana e a cultura sertaneja aut\u00eantica.\u200b \/\/ Cr\u00e9ditos: Wikimedia Commons<\/figcaption><\/figure><\/div>\n\n\n<p><strong>Leia tamb\u00e9m: <a href=\"https:\/\/www.correiobraziliense.com.br\/cbradar\/a-escolha-do-cha-ou-do-cafe-pode-influenciar-o-risco-de-osteoporose-em-mulheres-idosas\/\" target=\"_blank\" rel=\"noreferrer noopener\">A escolha do ch\u00e1 ou do caf\u00e9 pode influenciar o risco de osteoporose em mulheres idosas<\/a><\/strong><\/p>\n\n\n\n<h2 class=\"wp-block-heading\">Como o clima do Norte Paulista define o planejamento do seu roteiro?<\/h2>\n\n\n\n<p>Barretos possui um clima tropical com esta\u00e7\u00f5es bem definidas: um ver\u00e3o quente e \u00famido e um inverno seco e ensolarado, favorecendo grandes eventos ao ar livre. Confira abaixo o que esperar em cada per\u00edodo, com dados aproximados do portal <strong><a href=\"https:\/\/www.climatempo.com.br\/previsao-do-tempo\/cidade\/404\/barretos-sp\" target=\"_blank\" rel=\"noreferrer noopener\">Climatempo<\/a><\/strong>:<\/p>\n\n\n\n<figure class=\"wp-block-table\"><table class=\"has-fixed-layout\"><thead><tr><th>Per\u00edodo (meses)<\/th><th>Temperatura m\u00e9dia<\/th><th>Clima<\/th><th>Atividades recomendadas<\/th><\/tr><\/thead><tbody><tr><td>Dezembro a Mar\u00e7o<\/td><td>27\u00b0C<\/td><td>Quente e \u00damido<\/td><td>Lazer nos parques aqu\u00e1ticos e atividades na Regi\u00e3o dos Lagos.<\/td><\/tr><tr><td>Abril a Junho<\/td><td>22\u00b0C<\/td><td>Ameno e Seco<\/td><td>Turismo de compras no centro e visitas hist\u00f3ricas aos recintos.<\/td><\/tr><tr><td>Julho a Agosto<\/td><td>21\u00b0C<\/td><td>Fresco \u00e0 noite e Seco<\/td><td>Temporada da Festa do Pe\u00e3o e festivais gastron\u00f4micos sertanejos.<\/td><\/tr><tr><td>Setembro a Novembro<\/td><td>26\u00b0C<\/td><td>Muito Quente<\/td><td>Turismo de neg\u00f3cios e visitas t\u00e9cnicas ao Hospital de Amor.<\/td><\/tr><\/tbody><\/table><\/figure>\n\n\n<div class=\"wp-block-image\">\n<figure class=\"aligncenter size-large\"><img decoding=\"async\" width=\"1024\" height=\"576\" src=\"https:\/\/www.correiobraziliense.com.br\/cbradar\/wp-content\/uploads\/2025\/12\/Design-sem-nome-10-2-1024x576.png\" alt=\"\" class=\"wp-image-166099\" srcset=\"https:\/\/www.correiobraziliense.com.br\/cbradar\/wp-content\/uploads\/2025\/12\/Design-sem-nome-10-2-1024x576.png 1024w, https:\/\/www.correiobraziliense.com.br\/cbradar\/wp-content\/uploads\/2025\/12\/Design-sem-nome-10-2-300x169.png 300w, https:\/\/www.correiobraziliense.com.br\/cbradar\/wp-content\/uploads\/2025\/12\/Design-sem-nome-10-2-768x432.png 768w, https:\/\/www.correiobraziliense.com.br\/cbradar\/wp-content\/uploads\/2025\/12\/Design-sem-nome-10-2-750x422.png 750w, https:\/\/www.correiobraziliense.com.br\/cbradar\/wp-content\/uploads\/2025\/12\/Design-sem-nome-10-2-1140x641.png 1140w, https:\/\/www.correiobraziliense.com.br\/cbradar\/wp-content\/uploads\/2025\/12\/Design-sem-nome-10-2.png 1280w\" sizes=\"(max-width: 1024px) 100vw, 1024px\" \/><figcaption class=\"wp-element-caption\">Viva a energia de Barretos, capital do rodeio, onde tradi\u00e7\u00e3o sertaneja encontra grandes oportunidades de neg\u00f3cios. \/\/ Cr\u00e9ditos: Wikimedia Commons <\/figcaption><\/figure><\/div>\n\n\n<h2 class=\"wp-block-heading\">Voc\u00ea precisa descobrir a for\u00e7a e a hospitalidade de Barretos agora<\/h2>\n\n\n\n<p><strong>A sensa\u00e7\u00e3o de pisar na areia da maior arena de rodeio do mundo, enquanto o som dos berrantes ecoa pela cidade, \u00e9 uma das viv\u00eancias mais impactantes do interior paulista.<\/strong> Barretos convida voc\u00ea a desconstruir o \u00f3bvio e descobrir um destino que une a coragem das montarias, a vanguarda da medicina e o cora\u00e7\u00e3o acolhedor de um povo que orgulhosamente carrega a bandeira do Brasil rural.<\/p>\n\n\n\n<ul class=\"wp-block-list\">\n<li>Programe-se para visitar o Parque do Pe\u00e3o em agosto, mas reserve hospedagem com muitos meses de anteced\u00eancia devido \u00e0 alta demanda.<\/li>\n\n\n\n<li>Experimente a aut\u00eantica &#8220;Queima do Alho&#8221; para compreender a import\u00e2ncia nutricional e hist\u00f3rica da alimenta\u00e7\u00e3o dos tropeiros.<\/li>\n\n\n\n<li>Conhe\u00e7a o Hospital de Amor e entenda como as doa\u00e7\u00f5es de todo o pa\u00eds constru\u00edram um dos centros de sa\u00fade mais bonitos e eficientes do mundo.<\/li>\n<\/ul>\n","protected":false},"excerpt":{"rendered":"<p>A vibrante Barretos \u00e9 reconhecida internacionalmente como o epicentro da cultura sertaneja, sediando a maior celebra\u00e7\u00e3o do g\u00eanero na Am\u00e9rica Latina. Localizada no Norte do estado de S\u00e3o Paulo, a 425 km da capital, a cidade transcende o universo country, consolidando-se tamb\u00e9m como um dos mais importantes polos de medicina oncol\u00f3gica do planeta, atrav\u00e9s do [&hellip;]<\/p>\n","protected":false},"author":8,"featured_media":166103,"comment_status":"open","ping_status":"open","sticky":false,"template":"","format":"standard","meta":{"_yoast_wpseo_focuskw":"capital nacional do cavalo","_yoast_wpseo_title":"","_yoast_wpseo_metadesc":"A capital nacional do cavalo se destaca por sediar o maior complexo de rodeio do Brasil e por ser refer\u00eancia mundial em medicina.","jnews-multi-image_gallery":[],"jnews_single_post":{"format":"standard"},"jnews_primary_category":[],"jnews_social_meta":[],"jnews_override_counter":[],"footnotes":""},"categories":[108,111],"post_tag":[12502,278],"class_list":["post-171110","post","type-post","status-publish","format-standard","has-post-thumbnail","hentry","category-cidades","category-turismo","tag-barretos","tag-sao-paulo"],"yoast_head":"<!-- This site is optimized with the Yoast SEO plugin v24.6 - https:\/\/yoast.com\/wordpress\/plugins\/seo\/ -->\n<title>A capital nacional do cavalo abriga o maior complexo de rodeio e tamb\u00e9m \u00e9 refer\u00eancia mundial em medicina - Correio Braziliense - Radar<\/title>\n<meta name=\"description\" content=\"A capital nacional do cavalo se destaca por sediar o maior complexo de rodeio do Brasil e por ser refer\u00eancia mundial em medicina.\" \/>\n<meta name=\"robots\" content=\"index, follow, max-snippet:-1, max-image-preview:large, max-video-preview:-1\" \/>\n<link rel=\"canonical\" href=\"https:\/\/www.correiobraziliense.com.br\/cbradar\/a-capital-nacional-do-cavalo-abriga-o-maior-complexo-de-rodeio-e-tambem-e-referencia-mundial-em-medicina\/\" \/>\n<meta property=\"og:locale\" content=\"pt_BR\" \/>\n<meta property=\"og:type\" content=\"article\" \/>\n<meta property=\"og:title\" content=\"A capital nacional do cavalo abriga o maior complexo de rodeio e tamb\u00e9m \u00e9 refer\u00eancia mundial em medicina - Correio Braziliense - Radar\" \/>\n<meta property=\"og:description\" content=\"A capital nacional do cavalo se destaca por sediar o maior complexo de rodeio do Brasil e por ser refer\u00eancia mundial em medicina.\" \/>\n<meta property=\"og:url\" content=\"https:\/\/www.correiobraziliense.com.br\/cbradar\/a-capital-nacional-do-cavalo-abriga-o-maior-complexo-de-rodeio-e-tambem-e-referencia-mundial-em-medicina\/\" \/>\n<meta property=\"og:site_name\" content=\"Correio Braziliense - Radar\" \/>\n<meta property=\"article:published_time\" content=\"2026-01-09T11:25:00+00:00\" \/>\n<meta property=\"og:image\" content=\"https:\/\/www.correiobraziliense.com.br\/cbradar\/wp-content\/uploads\/2025\/12\/Design-sem-nome-11-1.png\" \/>\n\t<meta property=\"og:image:width\" content=\"1280\" \/>\n\t<meta property=\"og:image:height\" content=\"720\" \/>\n\t<meta property=\"og:image:type\" content=\"image\/png\" \/>\n<meta name=\"author\" content=\"Maura Pereira\" \/>\n<meta name=\"twitter:card\" content=\"summary_large_image\" \/>\n<meta name=\"twitter:label1\" content=\"Escrito por\" \/>\n\t<meta name=\"twitter:data1\" content=\"Maura Pereira\" \/>\n\t<meta name=\"twitter:label2\" content=\"Est. tempo de leitura\" \/>\n\t<meta name=\"twitter:data2\" content=\"6 minutos\" \/>\n<!-- \/ Yoast SEO plugin. -->","yoast_head_json":{"title":"A capital nacional do cavalo abriga o maior complexo de rodeio e tamb\u00e9m \u00e9 refer\u00eancia mundial em medicina - Correio Braziliense - Radar","description":"A capital nacional do cavalo se destaca por sediar o maior complexo de rodeio do Brasil e por ser refer\u00eancia mundial em medicina.","robots":{"index":"index","follow":"follow","max-snippet":"max-snippet:-1","max-image-preview":"max-image-preview:large","max-video-preview":"max-video-preview:-1"},"canonical":"https:\/\/www.correiobraziliense.com.br\/cbradar\/a-capital-nacional-do-cavalo-abriga-o-maior-complexo-de-rodeio-e-tambem-e-referencia-mundial-em-medicina\/","og_locale":"pt_BR","og_type":"article","og_title":"A capital nacional do cavalo abriga o maior complexo de rodeio e tamb\u00e9m \u00e9 refer\u00eancia mundial em medicina - Correio Braziliense - Radar","og_description":"A capital nacional do cavalo se destaca por sediar o maior complexo de rodeio do Brasil e por ser refer\u00eancia mundial em medicina.","og_url":"https:\/\/www.correiobraziliense.com.br\/cbradar\/a-capital-nacional-do-cavalo-abriga-o-maior-complexo-de-rodeio-e-tambem-e-referencia-mundial-em-medicina\/","og_site_name":"Correio Braziliense - Radar","article_published_time":"2026-01-09T11:25:00+00:00","og_image":[{"width":1280,"height":720,"url":"https:\/\/www.correiobraziliense.com.br\/cbradar\/wp-content\/uploads\/2025\/12\/Design-sem-nome-11-1.png","type":"image\/png"}],"author":"Maura Pereira","twitter_card":"summary_large_image","twitter_misc":{"Escrito por":"Maura Pereira","Est. tempo de leitura":"6 minutos"},"schema":{"@context":"https:\/\/schema.org","@graph":[{"@type":"WebPage","@id":"https:\/\/www.correiobraziliense.com.br\/cbradar\/a-capital-nacional-do-cavalo-abriga-o-maior-complexo-de-rodeio-e-tambem-e-referencia-mundial-em-medicina\/","url":"https:\/\/www.correiobraziliense.com.br\/cbradar\/a-capital-nacional-do-cavalo-abriga-o-maior-complexo-de-rodeio-e-tambem-e-referencia-mundial-em-medicina\/","name":"A capital nacional do cavalo abriga o maior complexo de rodeio e tamb\u00e9m \u00e9 refer\u00eancia mundial em medicina - Correio Braziliense - Radar","isPartOf":{"@id":"https:\/\/www.correiobraziliense.com.br\/cbradar\/#website"},"primaryImageOfPage":{"@id":"https:\/\/www.correiobraziliense.com.br\/cbradar\/a-capital-nacional-do-cavalo-abriga-o-maior-complexo-de-rodeio-e-tambem-e-referencia-mundial-em-medicina\/#primaryimage"},"image":{"@id":"https:\/\/www.correiobraziliense.com.br\/cbradar\/a-capital-nacional-do-cavalo-abriga-o-maior-complexo-de-rodeio-e-tambem-e-referencia-mundial-em-medicina\/#primaryimage"},"thumbnailUrl":"https:\/\/www.correiobraziliense.com.br\/cbradar\/wp-content\/uploads\/2025\/12\/Design-sem-nome-11-1.png","datePublished":"2026-01-09T11:25:00+00:00","author":{"@id":"https:\/\/www.correiobraziliense.com.br\/cbradar\/#\/schema\/person\/4053c651a9bfc785afc6f4cbc9032fd3"},"description":"A capital nacional do cavalo se destaca por sediar o maior complexo de rodeio do Brasil e por ser refer\u00eancia mundial em medicina.","breadcrumb":{"@id":"https:\/\/www.correiobraziliense.com.br\/cbradar\/a-capital-nacional-do-cavalo-abriga-o-maior-complexo-de-rodeio-e-tambem-e-referencia-mundial-em-medicina\/#breadcrumb"},"inLanguage":"pt-BR","potentialAction":[{"@type":"ReadAction","target":["https:\/\/www.correiobraziliense.com.br\/cbradar\/a-capital-nacional-do-cavalo-abriga-o-maior-complexo-de-rodeio-e-tambem-e-referencia-mundial-em-medicina\/"]}]},{"@type":"ImageObject","inLanguage":"pt-BR","@id":"https:\/\/www.correiobraziliense.com.br\/cbradar\/a-capital-nacional-do-cavalo-abriga-o-maior-complexo-de-rodeio-e-tambem-e-referencia-mundial-em-medicina\/#primaryimage","url":"https:\/\/www.correiobraziliense.com.br\/cbradar\/wp-content\/uploads\/2025\/12\/Design-sem-nome-11-1.png","contentUrl":"https:\/\/www.correiobraziliense.com.br\/cbradar\/wp-content\/uploads\/2025\/12\/Design-sem-nome-11-1.png","width":1280,"height":720,"caption":"Viva a energia de Barretos, capital do rodeio, onde tradi\u00e7\u00e3o sertaneja encontra grandes oportunidades de neg\u00f3cios. \/ Imagem ilustrativa"},{"@type":"BreadcrumbList","@id":"https:\/\/www.correiobraziliense.com.br\/cbradar\/a-capital-nacional-do-cavalo-abriga-o-maior-complexo-de-rodeio-e-tambem-e-referencia-mundial-em-medicina\/#breadcrumb","itemListElement":[{"@type":"ListItem","position":1,"name":"In\u00edcio","item":"https:\/\/www.correiobraziliense.com.br\/cbradar\/"},{"@type":"ListItem","position":2,"name":"A capital nacional do cavalo abriga o maior complexo de rodeio e tamb\u00e9m \u00e9 refer\u00eancia mundial em medicina"}]},{"@type":"WebSite","@id":"https:\/\/www.correiobraziliense.com.br\/cbradar\/#website","url":"https:\/\/www.correiobraziliense.com.br\/cbradar\/","name":"Correio Braziliense - Radar","description":"Acompanhe as \u00faltimas not\u00edcias e fique bem informado sobre tudo o que acontece no Brasil e no mundo.","potentialAction":[{"@type":"SearchAction","target":{"@type":"EntryPoint","urlTemplate":"https:\/\/www.correiobraziliense.com.br\/cbradar\/?s={search_term_string}"},"query-input":{"@type":"PropertyValueSpecification","valueRequired":true,"valueName":"search_term_string"}}],"inLanguage":"pt-BR"},{"@type":"Person","@id":"https:\/\/www.correiobraziliense.com.br\/cbradar\/#\/schema\/person\/4053c651a9bfc785afc6f4cbc9032fd3","name":"Maura Pereira","image":{"@type":"ImageObject","inLanguage":"pt-BR","@id":"https:\/\/www.correiobraziliense.com.br\/cbradar\/#\/schema\/person\/image\/","url":"https:\/\/secure.gravatar.com\/avatar\/3effd6bdadfa447f15089c7f7144eaa6?s=96&d=mm&r=g","contentUrl":"https:\/\/secure.gravatar.com\/avatar\/3effd6bdadfa447f15089c7f7144eaa6?s=96&d=mm&r=g","caption":"Maura Pereira"},"sameAs":["https:\/\/www.correiobraziliense.com.br\/"],"url":"https:\/\/www.correiobraziliense.com.br\/cbradar\/author\/mauramyth\/"}]}},"_links":{"self":[{"href":"https:\/\/www.correiobraziliense.com.br\/cbradar\/wp-json\/wp\/v2\/posts\/171110","targetHints":{"allow":["GET"]}}],"collection":[{"href":"https:\/\/www.correiobraziliense.com.br\/cbradar\/wp-json\/wp\/v2\/posts"}],"about":[{"href":"https:\/\/www.correiobraziliense.com.br\/cbradar\/wp-json\/wp\/v2\/types\/post"}],"author":[{"embeddable":true,"href":"https:\/\/www.correiobraziliense.com.br\/cbradar\/wp-json\/wp\/v2\/users\/8"}],"replies":[{"embeddable":true,"href":"https:\/\/www.correiobraziliense.com.br\/cbradar\/wp-json\/wp\/v2\/comments?post=171110"}],"version-history":[{"count":14,"href":"https:\/\/www.correiobraziliense.com.br\/cbradar\/wp-json\/wp\/v2\/posts\/171110\/revisions"}],"predecessor-version":[{"id":171233,"href":"https:\/\/www.correiobraziliense.com.br\/cbradar\/wp-json\/wp\/v2\/posts\/171110\/revisions\/171233"}],"wp:featuredmedia":[{"embeddable":true,"href":"https:\/\/www.correiobraziliense.com.br\/cbradar\/wp-json\/wp\/v2\/media\/166103"}],"wp:attachment":[{"href":"https:\/\/www.correiobraziliense.com.br\/cbradar\/wp-json\/wp\/v2\/media?parent=171110"}],"wp:term":[{"taxonomy":"category","embeddable":true,"href":"https:\/\/www.correiobraziliense.com.br\/cbradar\/wp-json\/wp\/v2\/categories?post=171110"},{"taxonomy":"post_tag","embeddable":true,"href":"https:\/\/www.correiobraziliense.com.br\/cbradar\/wp-json\/wp\/v2\/post_tag?post=171110"}],"curies":[{"name":"wp","href":"https:\/\/api.w.org\/{rel}","templated":true}]}}