{"id":171111,"date":"2026-01-09T21:05:00","date_gmt":"2026-01-10T00:05:00","guid":{"rendered":"https:\/\/www.correiobraziliense.com.br\/cbradar\/?p=171111"},"modified":"2026-01-08T21:01:00","modified_gmt":"2026-01-09T00:01:00","slug":"a-cidade-marcada-pelo-ciclo-do-cafe-no-rio-de-janeiro-que-preserva-sua-elegancia-imperial-e-ecoturismo-de-aventura-nas-montanhas","status":"publish","type":"post","link":"https:\/\/www.correiobraziliense.com.br\/cbradar\/a-cidade-marcada-pelo-ciclo-do-cafe-no-rio-de-janeiro-que-preserva-sua-elegancia-imperial-e-ecoturismo-de-aventura-nas-montanhas\/","title":{"rendered":"A cidade marcada pelo ciclo do caf\u00e9 no Rio de Janeiro que preserva sua eleg\u00e2ncia imperial e ecoturismo de aventura nas montanhas"},"content":{"rendered":"\n<p>A majestosa <strong>Valen\u00e7a<\/strong> \u00e9 o cora\u00e7\u00e3o pulsante do Ciclo do Caf\u00e9 no Rio de Janeiro, ostentando um patrim\u00f4nio arquitet\u00f4nico que remete aos tempos em que a regi\u00e3o financiava o Imp\u00e9rio brasileiro. Localizada na <strong>Serra da Mantiqueira<\/strong> fluminense, a cidade combina o charme de suas fazendas hist\u00f3ricas com a exuber\u00e2ncia da <strong>Serra da Conc\u00f3rdia<\/strong>, oferecendo um ref\u00fagio de altitude para quem busca hist\u00f3ria e natureza.<\/p>\n\n\n\n<h2 class=\"wp-block-heading\">Por que o potencial tur\u00edstico de Valen\u00e7a atrai apaixonados pela hist\u00f3ria do Brasil Imp\u00e9rio?<\/h2>\n\n\n\n<p><strong>O apelo tur\u00edstico do destino reside na autenticidade de suas propriedades rurais centen\u00e1rias, muitas delas transformadas em hot\u00e9is-fazenda de luxo ou centros culturais. <\/strong>Visitantes encontram um ambiente onde o mobili\u00e1rio de \u00e9poca, as capelas barrocas e as senzalas preservadas narram a complexidade do s\u00e9culo 19, permitindo uma imers\u00e3o profunda em um per\u00edodo que moldou a identidade econ\u00f4mica do pa\u00eds.<\/p>\n\n\n\n<p>A cidade se destaca atualmente por integrar esse roteiro hist\u00f3rico a uma vibrante cena de eventos, como o <strong>Festival Vale do Caf\u00e9<\/strong>, que leva m\u00fasica erudita para dentro dos casar\u00f5es coloniais. A hospitalidade valenciana e o clima de montanha garantem que o destino seja uma parada obrigat\u00f3ria para quem explora o interior fluminense, atraindo tanto fam\u00edlias em busca de descanso quanto acad\u00eamicos e turistas interessados na preserva\u00e7\u00e3o da mem\u00f3ria nacional.<\/p>\n\n\n<div class=\"wp-block-image\">\n<figure class=\"aligncenter size-large\"><img decoding=\"async\" width=\"1024\" height=\"576\" src=\"https:\/\/www.correiobraziliense.com.br\/cbradar\/wp-content\/uploads\/2025\/10\/Design-sem-nome-25-1024x576.png\" alt=\"A cidade marcada pelo ciclo do caf\u00e9 no Rio de Janeiro que preserva sua eleg\u00e2ncia imperial e ecoturismo de aventura nas montanhas\" class=\"wp-image-115768\" srcset=\"https:\/\/www.correiobraziliense.com.br\/cbradar\/wp-content\/uploads\/2025\/10\/Design-sem-nome-25-1024x576.png 1024w, https:\/\/www.correiobraziliense.com.br\/cbradar\/wp-content\/uploads\/2025\/10\/Design-sem-nome-25-300x169.png 300w, https:\/\/www.correiobraziliense.com.br\/cbradar\/wp-content\/uploads\/2025\/10\/Design-sem-nome-25-768x432.png 768w, https:\/\/www.correiobraziliense.com.br\/cbradar\/wp-content\/uploads\/2025\/10\/Design-sem-nome-25-750x422.png 750w, https:\/\/www.correiobraziliense.com.br\/cbradar\/wp-content\/uploads\/2025\/10\/Design-sem-nome-25-1140x641.png 1140w, https:\/\/www.correiobraziliense.com.br\/cbradar\/wp-content\/uploads\/2025\/10\/Design-sem-nome-25.png 1280w\" sizes=\"(max-width: 1024px) 100vw, 1024px\" \/><figcaption class=\"wp-element-caption\">Valen\u00e7a integra o Vale do Caf\u00e9, regi\u00e3o tur\u00edstica fluminense reconhecida pelo patrim\u00f4nio cultural e ecoturismo. \/\/ Cr\u00e9ditos: YouTube @IgorAlecsander<\/figcaption><\/figure><\/div>\n\n\n<h2 class=\"wp-block-heading\">Qual \u00e9 o segredo do Distrito de Conservat\u00f3ria e da seresta que encanta o Sudeste?<\/h2>\n\n\n\n<p>O grande diferencial desta joia fluminense \u00e9 o distrito de <strong>Conservat\u00f3ria<\/strong>, mundialmente conhecido como a <strong>Capital da Seresta<\/strong>. A vila preserva a tradi\u00e7\u00e3o dos m\u00fasicos que saem \u00e0s ruas nas noites de luar para cantar poesias sob as janelas do casario, criando uma atmosfera nost\u00e1lgica e rom\u00e2ntica que n\u00e3o encontra paralelo em nenhuma outra localidade brasileira.<\/p>\n\n\n\n<p>Al\u00e9m da m\u00fasica, a regi\u00e3o abriga o <strong>T\u00fanel Que Chora<\/strong>, uma obra de engenharia ferrovi\u00e1ria escavada na rocha onde a \u00e1gua mina incessantemente das paredes, tornando-se um marco m\u00edstico e tur\u00edstico local. Essa integra\u00e7\u00e3o entre a tradi\u00e7\u00e3o bo\u00eamia das serestas e as curiosidades geogr\u00e1ficas da serra cria um ecossistema de lazer vers\u00e1til, onde o som do viol\u00e3o e o frescor das \u00e1guas da serra definem o ritmo do viajante.<\/p>\n\n\n\n<p><strong>Explore as belezas e a rica hist\u00f3ria do Vale do Caf\u00e9 no interior fluminense.<\/strong> O v\u00eddeo \u00e9 do canal <strong>De fora em Juiz de Fora<\/strong>, que conta com mais de <strong>64 mil inscritos<\/strong>, e apresenta um roteiro por Valen\u00e7a, destacando a Catedral de Nossa Senhora da Gl\u00f3ria, fazendas hist\u00f3ricas e a cultura do Jongo. <strong>Canal De fora em Juiz de Fora, com mais de 64 mil inscritos<\/strong>:<\/p>\n\n\n\n<figure class=\"wp-block-embed aligncenter is-type-video is-provider-youtube wp-block-embed-youtube wp-embed-aspect-16-9 wp-has-aspect-ratio\"><div class=\"wp-block-embed__wrapper\">\n<div class=\"jeg_video_container jeg_video_content\"><iframe loading=\"lazy\" title=\"CONHE\u00c7A VALEN\u00c7A RJ: Linda cidade ao lado de Vassouras e Barra do Pira\u00ed - Rio de Janeiro\" width=\"500\" height=\"281\" src=\"https:\/\/www.youtube.com\/embed\/DvZjtjuLVmE?feature=oembed\" frameborder=\"0\" allow=\"accelerometer; autoplay; clipboard-write; encrypted-media; gyroscope; picture-in-picture; web-share\" referrerpolicy=\"strict-origin-when-cross-origin\" allowfullscreen><\/iframe><\/div>\n<\/div><\/figure>\n\n\n\n<h2 class=\"wp-block-heading\">O que visitar para vivenciar a ess\u00eancia de Valen\u00e7a al\u00e9m do centro hist\u00f3rico?<\/h2>\n\n\n\n<p><strong>Para sentir a verdadeira alma valenciana, \u00e9 necess\u00e1rio percorrer as estradas de terra que levam aos mirantes e \u00e0s comunidades quilombolas da regi\u00e3o.<\/strong> A lista abaixo detalha pontos que oferecem est\u00edmulos visuais potentes e experi\u00eancias sensoriais marcantes para quem deseja conhecer o local a fundo:<\/p>\n\n\n\n<ul class=\"wp-block-list\">\n<li><strong>Fazenda Vista Alegre<\/strong>: o visual dos jardins sim\u00e9tricos e o cen\u00e1rio que j\u00e1 serviu de loca\u00e7\u00e3o para diversas novelas de \u00e9poca encantam pela simetria e luxo.<\/li>\n\n\n\n<li><strong>Parque Natural Municipal do A\u00e7ude<\/strong>: o aroma da mata \u00famida e o espelho d&#8217;\u00e1gua cercado por vegeta\u00e7\u00e3o nativa oferecem o ref\u00fagio ideal para o ecoturismo.<\/li>\n\n\n\n<li><strong>Serra da Conc\u00f3rdia<\/strong>: o visual panor\u00e2mico a partir dos pontos mais altos permite observar o vale do Rio Para\u00edba do Sul serpenteando entre as montanhas.<\/li>\n\n\n\n<li><strong>Catedral de Nossa Senhora da Gl\u00f3ria<\/strong>: o interior imponente e o acervo de arte sacra representam a import\u00e2ncia religiosa e social da elite cafeeira do passado.<\/li>\n\n\n\n<li><strong>Mirante do Cruzeiro<\/strong>: o som do vento e a vis\u00e3o de 360 graus da cidade ao entardecer proporcionam um dos momentos mais contemplativos da viagem.<\/li>\n<\/ul>\n\n\n<div class=\"wp-block-image\">\n<figure class=\"aligncenter size-large\"><img decoding=\"async\" width=\"1024\" height=\"576\" src=\"https:\/\/www.correiobraziliense.com.br\/cbradar\/wp-content\/uploads\/2025\/12\/G-2025-12-09T005952.732-1024x576.png\" alt=\"A cidade marcada pelo ciclo do caf\u00e9 no Rio de Janeiro que preserva sua eleg\u00e2ncia imperial e ecoturismo de aventura nas montanhas\" class=\"wp-image-153127\" srcset=\"https:\/\/www.correiobraziliense.com.br\/cbradar\/wp-content\/uploads\/2025\/12\/G-2025-12-09T005952.732-1024x576.png 1024w, https:\/\/www.correiobraziliense.com.br\/cbradar\/wp-content\/uploads\/2025\/12\/G-2025-12-09T005952.732-300x169.png 300w, https:\/\/www.correiobraziliense.com.br\/cbradar\/wp-content\/uploads\/2025\/12\/G-2025-12-09T005952.732-768x432.png 768w, https:\/\/www.correiobraziliense.com.br\/cbradar\/wp-content\/uploads\/2025\/12\/G-2025-12-09T005952.732-750x422.png 750w, https:\/\/www.correiobraziliense.com.br\/cbradar\/wp-content\/uploads\/2025\/12\/G-2025-12-09T005952.732-1140x641.png 1140w, https:\/\/www.correiobraziliense.com.br\/cbradar\/wp-content\/uploads\/2025\/12\/G-2025-12-09T005952.732.png 1280w\" sizes=\"(max-width: 1024px) 100vw, 1024px\" \/><figcaption class=\"wp-element-caption\">Caminhe por Valen\u00e7a entre fazendas de caf\u00e9 do s\u00e9culo XIX, serestas em Conservat\u00f3ria e mirantes serranos que revelam paisagens rom\u00e2nticas do interior fluminense. \/\/ Cr\u00e9ditos: YouTube @meudrone4k369<\/figcaption><\/figure><\/div>\n\n\n<p><strong>Leia tamb\u00e9m: <a href=\"https:\/\/www.correiobraziliense.com.br\/cbradar\/a-escolha-do-cha-ou-do-cafe-pode-influenciar-o-risco-de-osteoporose-em-mulheres-idosas\/\" target=\"_blank\" rel=\"noreferrer noopener\">A escolha do ch\u00e1 ou do caf\u00e9 pode influenciar o risco de osteoporose em mulheres idosas<\/a><\/strong><\/p>\n\n\n\n<h2 class=\"wp-block-heading\">Como o clima da Serra Fluminense define o planejamento do seu roteiro cultural?<\/h2>\n\n\n\n<p>Valen\u00e7a possui um clima tropical de altitude, caracterizado por ver\u00f5es frescos com pancadas de chuva e invernos secos com noites frias, ideais para o turismo de fazenda. Confira abaixo o que esperar em cada per\u00edodo, com dados aproximados do portal <strong><a href=\"https:\/\/www.climatempo.com.br\/previsao-do-tempo\/cidade\/954\/valenca-ba\" target=\"_blank\" rel=\"noreferrer noopener\">Climatempo<\/a><\/strong>:<\/p>\n\n\n\n<figure class=\"wp-block-table\"><table class=\"has-fixed-layout\"><thead><tr><th>Per\u00edodo (meses)<\/th><th>Temperatura m\u00e9dia<\/th><th>Clima<\/th><th>Atividades recomendadas<\/th><\/tr><\/thead><tbody><tr><td>Dezembro a Mar\u00e7o<\/td><td>24\u00b0C<\/td><td>Quente e \u00damido<\/td><td>Turismo ecol\u00f3gico e atividades nos a\u00e7udes e cachoeiras regionais.<\/td><\/tr><tr><td>Abril a Junho<\/td><td>19\u00b0C<\/td><td>Ameno e Seco<\/td><td>Visitas guiadas \u00e0s fazendas hist\u00f3ricas e roteiros fotogr\u00e1ficos.<\/td><\/tr><tr><td>Julho a Agosto<\/td><td>16\u00b0C<\/td><td>Frio e Seco<\/td><td>Aproveitar as serestas em Conservat\u00f3ria e festivais de inverno.<\/td><\/tr><tr><td>Setembro a Novembro<\/td><td>22\u00b0C<\/td><td>Vari\u00e1vel<\/td><td>Trilhas na Serra da Conc\u00f3rdia e observa\u00e7\u00e3o de aves nativas.<\/td><\/tr><\/tbody><\/table><\/figure>\n\n\n<div class=\"wp-block-image\">\n<figure class=\"aligncenter size-large\"><img decoding=\"async\" width=\"1024\" height=\"576\" src=\"https:\/\/www.correiobraziliense.com.br\/cbradar\/wp-content\/uploads\/2025\/12\/G-2025-12-09T010236.683-1024x576.png\" alt=\"\" class=\"wp-image-153131\" srcset=\"https:\/\/www.correiobraziliense.com.br\/cbradar\/wp-content\/uploads\/2025\/12\/G-2025-12-09T010236.683-1024x576.png 1024w, https:\/\/www.correiobraziliense.com.br\/cbradar\/wp-content\/uploads\/2025\/12\/G-2025-12-09T010236.683-300x169.png 300w, https:\/\/www.correiobraziliense.com.br\/cbradar\/wp-content\/uploads\/2025\/12\/G-2025-12-09T010236.683-768x432.png 768w, https:\/\/www.correiobraziliense.com.br\/cbradar\/wp-content\/uploads\/2025\/12\/G-2025-12-09T010236.683-750x422.png 750w, https:\/\/www.correiobraziliense.com.br\/cbradar\/wp-content\/uploads\/2025\/12\/G-2025-12-09T010236.683-1140x641.png 1140w, https:\/\/www.correiobraziliense.com.br\/cbradar\/wp-content\/uploads\/2025\/12\/G-2025-12-09T010236.683.png 1280w\" sizes=\"(max-width: 1024px) 100vw, 1024px\" \/><figcaption class=\"wp-element-caption\">Em Valen\u00e7a, visite o Mirante do Cruzeiro, a Catedral Nossa Senhora da Gl\u00f3ria e museus locais, depois estenda o passeio at\u00e9 Conservat\u00f3ria para noites de m\u00fasica ao vivo. \/\/ \/\/ Cr\u00e9ditos: YouTube @meudrone4k369<\/figcaption><\/figure><\/div>\n\n\n<h2 class=\"wp-block-heading\">Voc\u00ea precisa descobrir o charme imperial de Valen\u00e7a agora<\/h2>\n\n\n\n<p><strong>A sensa\u00e7\u00e3o de caminhar por corredores de fazendas que ecoam as vozes da hist\u00f3ria, enquanto o som de uma flauta atravessa a bruma de Conservat\u00f3ria, \u00e9 uma das viv\u00eancias mais po\u00e9ticas do Rio de Janeiro.<\/strong> Valen\u00e7a convida voc\u00ea a desacelerar entre suas montanhas e descobrir como o passado cafeeiro e a m\u00fasica de raiz criam o cen\u00e1rio perfeito para dias de eleg\u00e2ncia e serenidade.<\/p>\n\n\n\n<ul class=\"wp-block-list\">\n<li>Programe uma visita guiada \u00e0s fazendas hist\u00f3ricas, como a Santa Clara, para entender o cotidiano do s\u00e9culo 19.<\/li>\n\n\n\n<li>Hospede-se em Conservat\u00f3ria em um fim de semana para participar das tradicionais serestas e solaratas matinais.<\/li>\n\n\n\n<li>Experimente os queijos artesanais e doces de leite produzidos nas fazendas da regi\u00e3o, refer\u00eancias de sabor no Vale do Caf\u00e9.<\/li>\n<\/ul>\n","protected":false},"excerpt":{"rendered":"<p>A majestosa Valen\u00e7a \u00e9 o cora\u00e7\u00e3o pulsante do Ciclo do Caf\u00e9 no Rio de Janeiro, ostentando um patrim\u00f4nio arquitet\u00f4nico que remete aos tempos em que a regi\u00e3o financiava o Imp\u00e9rio brasileiro. Localizada na Serra da Mantiqueira fluminense, a cidade combina o charme de suas fazendas hist\u00f3ricas com a exuber\u00e2ncia da Serra da Conc\u00f3rdia, oferecendo um [&hellip;]<\/p>\n","protected":false},"author":8,"featured_media":115769,"comment_status":"open","ping_status":"open","sticky":false,"template":"","format":"standard","meta":{"_yoast_wpseo_focuskw":"cidade no rio de janeiro","_yoast_wpseo_title":"","_yoast_wpseo_metadesc":"Essa cidade do ciclo do caf\u00e9 no Rio de Janeiro preserva eleg\u00e2ncia imperial e oferece ecoturismo de aventura nas montanhas.","jnews-multi-image_gallery":[],"jnews_single_post":{"format":"standard"},"jnews_primary_category":[],"jnews_social_meta":[],"jnews_override_counter":[],"footnotes":""},"categories":[108,111],"tags":[304,10701],"class_list":["post-171111","post","type-post","status-publish","format-standard","has-post-thumbnail","hentry","category-cidades","category-turismo","tag-rio-de-janeiro","tag-valenca"],"yoast_head":"<!-- This site is optimized with the Yoast SEO plugin v24.6 - https:\/\/yoast.com\/wordpress\/plugins\/seo\/ -->\n<title>A cidade marcada pelo ciclo do caf\u00e9 no Rio de Janeiro que preserva sua eleg\u00e2ncia imperial e ecoturismo de aventura nas montanhas - Correio Braziliense - Radar<\/title>\n<meta name=\"description\" content=\"Essa cidade do ciclo do caf\u00e9 no Rio de Janeiro preserva eleg\u00e2ncia imperial e oferece ecoturismo de aventura nas montanhas.\" \/>\n<meta name=\"robots\" content=\"index, follow, max-snippet:-1, max-image-preview:large, max-video-preview:-1\" \/>\n<link rel=\"canonical\" href=\"https:\/\/www.correiobraziliense.com.br\/cbradar\/a-cidade-marcada-pelo-ciclo-do-cafe-no-rio-de-janeiro-que-preserva-sua-elegancia-imperial-e-ecoturismo-de-aventura-nas-montanhas\/\" \/>\n<meta property=\"og:locale\" content=\"pt_BR\" \/>\n<meta property=\"og:type\" content=\"article\" \/>\n<meta property=\"og:title\" content=\"A cidade marcada pelo ciclo do caf\u00e9 no Rio de Janeiro que preserva sua eleg\u00e2ncia imperial e ecoturismo de aventura nas montanhas - Correio Braziliense - Radar\" \/>\n<meta property=\"og:description\" content=\"Essa cidade do ciclo do caf\u00e9 no Rio de Janeiro preserva eleg\u00e2ncia imperial e oferece ecoturismo de aventura nas montanhas.\" \/>\n<meta property=\"og:url\" content=\"https:\/\/www.correiobraziliense.com.br\/cbradar\/a-cidade-marcada-pelo-ciclo-do-cafe-no-rio-de-janeiro-que-preserva-sua-elegancia-imperial-e-ecoturismo-de-aventura-nas-montanhas\/\" \/>\n<meta property=\"og:site_name\" content=\"Correio Braziliense - Radar\" \/>\n<meta property=\"article:published_time\" content=\"2026-01-10T00:05:00+00:00\" \/>\n<meta property=\"og:image\" content=\"https:\/\/www.correiobraziliense.com.br\/cbradar\/wp-content\/uploads\/2025\/10\/Design-sem-nome-24.png\" \/>\n\t<meta property=\"og:image:width\" content=\"1280\" \/>\n\t<meta property=\"og:image:height\" content=\"720\" \/>\n\t<meta property=\"og:image:type\" content=\"image\/png\" \/>\n<meta name=\"author\" content=\"Maura Pereira\" \/>\n<meta name=\"twitter:card\" content=\"summary_large_image\" \/>\n<meta name=\"twitter:label1\" content=\"Escrito por\" \/>\n\t<meta name=\"twitter:data1\" content=\"Maura Pereira\" \/>\n\t<meta name=\"twitter:label2\" content=\"Est. tempo de leitura\" \/>\n\t<meta name=\"twitter:data2\" content=\"7 minutos\" \/>\n<!-- \/ Yoast SEO plugin. -->","yoast_head_json":{"title":"A cidade marcada pelo ciclo do caf\u00e9 no Rio de Janeiro que preserva sua eleg\u00e2ncia imperial e ecoturismo de aventura nas montanhas - Correio Braziliense - Radar","description":"Essa cidade do ciclo do caf\u00e9 no Rio de Janeiro preserva eleg\u00e2ncia imperial e oferece ecoturismo de aventura nas montanhas.","robots":{"index":"index","follow":"follow","max-snippet":"max-snippet:-1","max-image-preview":"max-image-preview:large","max-video-preview":"max-video-preview:-1"},"canonical":"https:\/\/www.correiobraziliense.com.br\/cbradar\/a-cidade-marcada-pelo-ciclo-do-cafe-no-rio-de-janeiro-que-preserva-sua-elegancia-imperial-e-ecoturismo-de-aventura-nas-montanhas\/","og_locale":"pt_BR","og_type":"article","og_title":"A cidade marcada pelo ciclo do caf\u00e9 no Rio de Janeiro que preserva sua eleg\u00e2ncia imperial e ecoturismo de aventura nas montanhas - Correio Braziliense - Radar","og_description":"Essa cidade do ciclo do caf\u00e9 no Rio de Janeiro preserva eleg\u00e2ncia imperial e oferece ecoturismo de aventura nas montanhas.","og_url":"https:\/\/www.correiobraziliense.com.br\/cbradar\/a-cidade-marcada-pelo-ciclo-do-cafe-no-rio-de-janeiro-que-preserva-sua-elegancia-imperial-e-ecoturismo-de-aventura-nas-montanhas\/","og_site_name":"Correio Braziliense - Radar","article_published_time":"2026-01-10T00:05:00+00:00","og_image":[{"width":1280,"height":720,"url":"https:\/\/www.correiobraziliense.com.br\/cbradar\/wp-content\/uploads\/2025\/10\/Design-sem-nome-24.png","type":"image\/png"}],"author":"Maura Pereira","twitter_card":"summary_large_image","twitter_misc":{"Escrito por":"Maura Pereira","Est. tempo de leitura":"7 minutos"},"schema":{"@context":"https:\/\/schema.org","@graph":[{"@type":"WebPage","@id":"https:\/\/www.correiobraziliense.com.br\/cbradar\/a-cidade-marcada-pelo-ciclo-do-cafe-no-rio-de-janeiro-que-preserva-sua-elegancia-imperial-e-ecoturismo-de-aventura-nas-montanhas\/","url":"https:\/\/www.correiobraziliense.com.br\/cbradar\/a-cidade-marcada-pelo-ciclo-do-cafe-no-rio-de-janeiro-que-preserva-sua-elegancia-imperial-e-ecoturismo-de-aventura-nas-montanhas\/","name":"A cidade marcada pelo ciclo do caf\u00e9 no Rio de Janeiro que preserva sua eleg\u00e2ncia imperial e ecoturismo de aventura nas montanhas - Correio Braziliense - Radar","isPartOf":{"@id":"https:\/\/www.correiobraziliense.com.br\/cbradar\/#website"},"primaryImageOfPage":{"@id":"https:\/\/www.correiobraziliense.com.br\/cbradar\/a-cidade-marcada-pelo-ciclo-do-cafe-no-rio-de-janeiro-que-preserva-sua-elegancia-imperial-e-ecoturismo-de-aventura-nas-montanhas\/#primaryimage"},"image":{"@id":"https:\/\/www.correiobraziliense.com.br\/cbradar\/a-cidade-marcada-pelo-ciclo-do-cafe-no-rio-de-janeiro-que-preserva-sua-elegancia-imperial-e-ecoturismo-de-aventura-nas-montanhas\/#primaryimage"},"thumbnailUrl":"https:\/\/www.correiobraziliense.com.br\/cbradar\/wp-content\/uploads\/2025\/10\/Design-sem-nome-24.png","datePublished":"2026-01-10T00:05:00+00:00","author":{"@id":"https:\/\/www.correiobraziliense.com.br\/cbradar\/#\/schema\/person\/4053c651a9bfc785afc6f4cbc9032fd3"},"description":"Essa cidade do ciclo do caf\u00e9 no Rio de Janeiro preserva eleg\u00e2ncia imperial e oferece ecoturismo de aventura nas montanhas.","breadcrumb":{"@id":"https:\/\/www.correiobraziliense.com.br\/cbradar\/a-cidade-marcada-pelo-ciclo-do-cafe-no-rio-de-janeiro-que-preserva-sua-elegancia-imperial-e-ecoturismo-de-aventura-nas-montanhas\/#breadcrumb"},"inLanguage":"pt-BR","potentialAction":[{"@type":"ReadAction","target":["https:\/\/www.correiobraziliense.com.br\/cbradar\/a-cidade-marcada-pelo-ciclo-do-cafe-no-rio-de-janeiro-que-preserva-sua-elegancia-imperial-e-ecoturismo-de-aventura-nas-montanhas\/"]}]},{"@type":"ImageObject","inLanguage":"pt-BR","@id":"https:\/\/www.correiobraziliense.com.br\/cbradar\/a-cidade-marcada-pelo-ciclo-do-cafe-no-rio-de-janeiro-que-preserva-sua-elegancia-imperial-e-ecoturismo-de-aventura-nas-montanhas\/#primaryimage","url":"https:\/\/www.correiobraziliense.com.br\/cbradar\/wp-content\/uploads\/2025\/10\/Design-sem-nome-24.png","contentUrl":"https:\/\/www.correiobraziliense.com.br\/cbradar\/wp-content\/uploads\/2025\/10\/Design-sem-nome-24.png","width":1280,"height":720,"caption":"Entre montanhas e casar\u00f5es coloniais, Valen\u00e7a \u00e9 o ref\u00fagio perfeito para quem busca paz e conex\u00e3o com a natureza. \/\/ Cr\u00e9ditos: YouTube @IgorAlecsander"},{"@type":"BreadcrumbList","@id":"https:\/\/www.correiobraziliense.com.br\/cbradar\/a-cidade-marcada-pelo-ciclo-do-cafe-no-rio-de-janeiro-que-preserva-sua-elegancia-imperial-e-ecoturismo-de-aventura-nas-montanhas\/#breadcrumb","itemListElement":[{"@type":"ListItem","position":1,"name":"In\u00edcio","item":"https:\/\/www.correiobraziliense.com.br\/cbradar\/"},{"@type":"ListItem","position":2,"name":"A cidade marcada pelo ciclo do caf\u00e9 no Rio de Janeiro que preserva sua eleg\u00e2ncia imperial e ecoturismo de aventura nas montanhas"}]},{"@type":"WebSite","@id":"https:\/\/www.correiobraziliense.com.br\/cbradar\/#website","url":"https:\/\/www.correiobraziliense.com.br\/cbradar\/","name":"Correio Braziliense - Radar","description":"Acompanhe as \u00faltimas not\u00edcias e fique bem informado sobre tudo o que acontece no Brasil e no mundo.","potentialAction":[{"@type":"SearchAction","target":{"@type":"EntryPoint","urlTemplate":"https:\/\/www.correiobraziliense.com.br\/cbradar\/?s={search_term_string}"},"query-input":{"@type":"PropertyValueSpecification","valueRequired":true,"valueName":"search_term_string"}}],"inLanguage":"pt-BR"},{"@type":"Person","@id":"https:\/\/www.correiobraziliense.com.br\/cbradar\/#\/schema\/person\/4053c651a9bfc785afc6f4cbc9032fd3","name":"Maura Pereira","image":{"@type":"ImageObject","inLanguage":"pt-BR","@id":"https:\/\/www.correiobraziliense.com.br\/cbradar\/#\/schema\/person\/image\/","url":"https:\/\/secure.gravatar.com\/avatar\/3effd6bdadfa447f15089c7f7144eaa6?s=96&d=mm&r=g","contentUrl":"https:\/\/secure.gravatar.com\/avatar\/3effd6bdadfa447f15089c7f7144eaa6?s=96&d=mm&r=g","caption":"Maura Pereira"},"sameAs":["https:\/\/www.correiobraziliense.com.br\/"],"url":"https:\/\/www.correiobraziliense.com.br\/cbradar\/author\/mauramyth\/"}]}},"_links":{"self":[{"href":"https:\/\/www.correiobraziliense.com.br\/cbradar\/wp-json\/wp\/v2\/posts\/171111","targetHints":{"allow":["GET"]}}],"collection":[{"href":"https:\/\/www.correiobraziliense.com.br\/cbradar\/wp-json\/wp\/v2\/posts"}],"about":[{"href":"https:\/\/www.correiobraziliense.com.br\/cbradar\/wp-json\/wp\/v2\/types\/post"}],"author":[{"embeddable":true,"href":"https:\/\/www.correiobraziliense.com.br\/cbradar\/wp-json\/wp\/v2\/users\/8"}],"replies":[{"embeddable":true,"href":"https:\/\/www.correiobraziliense.com.br\/cbradar\/wp-json\/wp\/v2\/comments?post=171111"}],"version-history":[{"count":14,"href":"https:\/\/www.correiobraziliense.com.br\/cbradar\/wp-json\/wp\/v2\/posts\/171111\/revisions"}],"predecessor-version":[{"id":171247,"href":"https:\/\/www.correiobraziliense.com.br\/cbradar\/wp-json\/wp\/v2\/posts\/171111\/revisions\/171247"}],"wp:featuredmedia":[{"embeddable":true,"href":"https:\/\/www.correiobraziliense.com.br\/cbradar\/wp-json\/wp\/v2\/media\/115769"}],"wp:attachment":[{"href":"https:\/\/www.correiobraziliense.com.br\/cbradar\/wp-json\/wp\/v2\/media?parent=171111"}],"wp:term":[{"taxonomy":"category","embeddable":true,"href":"https:\/\/www.correiobraziliense.com.br\/cbradar\/wp-json\/wp\/v2\/categories?post=171111"},{"taxonomy":"post_tag","embeddable":true,"href":"https:\/\/www.correiobraziliense.com.br\/cbradar\/wp-json\/wp\/v2\/tags?post=171111"}],"curies":[{"name":"wp","href":"https:\/\/api.w.org\/{rel}","templated":true}]}}