{"id":171145,"date":"2026-01-09T07:45:00","date_gmt":"2026-01-09T10:45:00","guid":{"rendered":"https:\/\/www.correiobraziliense.com.br\/cbradar\/?p=171145"},"modified":"2026-01-08T20:07:46","modified_gmt":"2026-01-08T23:07:46","slug":"a-planta-calmante-que-voltou-com-forca-em-2025","status":"publish","type":"post","link":"https:\/\/www.correiobraziliense.com.br\/cbradar\/a-planta-calmante-que-voltou-com-forca-em-2025\/","title":{"rendered":"A planta calmante que voltou com for\u00e7a em 2025"},"content":{"rendered":"\n<p>Al\u00e9m de deliciar com seu aroma, a <strong>Erva-Cidreira<\/strong>, ou\u00a0<em>Melissa officinalis<\/em>, \u00e9 amplamente reconhecida por seus efeitos relaxantes. Em 2025, a utiliza\u00e7\u00e3o dessa planta continua a crescer, tanto em m\u00e9todos tradicionais quanto em estudos cient\u00edficos. Seus compostos, como \u00e1cidos fen\u00f3licos, flavonoides e \u00f3leos essenciais, t\u00eam demonstrado contribuir para o al\u00edvio do estresse e ansiedade. Essa busca por redu\u00e7\u00e3o de sintomas emocionais leves tem fortalecido sua presen\u00e7a em ch\u00e1s e suplementos naturais, especialmente em tempos de maior press\u00e3o social e profissional.<\/p>\n\n\n\n<p>O potencial relaxante da erva-cidreira est\u00e1 ligado \u00e0 capacidade dos seus componentes de influenciar neurotransmissores. Pesquisas apontam que o citral e o citronelal, presentes no \u00f3leo essencial da planta, atuam de maneira a facilitar um estado de relaxamento. \u00c9 crescente o interesse em combinar essa planta com pr\u00e1ticas de autocuidado, aproveitando sua capacidade de suavizar tanto a tens\u00e3o emocional quanto f\u00edsica. Dessa forma, a Melissa torna-se uma aliada no cotidiano de muitos em busca de tranquilidade.<\/p>\n\n\n\n<h2 class=\"wp-block-heading\">Quais s\u00e3o os Benef\u00edcios Adicionais da Erva-Cidreira?<\/h2>\n\n\n\n<p>Os efeitos da erva-cidreira n\u00e3o se limitam ao emocional. Alguns estudos relatam melhorias em quest\u00f5es digestivas e tens\u00e3o muscular associadas ao estresse, al\u00e9m de um leve efeito antioxidante. Essa combina\u00e7\u00e3o de benef\u00edcios coloca a erva-cidreira no radar como parte de estrat\u00e9gias de bem-estar. Contudo, \u00e9 essencial lembrar que essas propriedades n\u00e3o substituem o acompanhamento m\u00e9dico em casos de desconfortos persistentes ou gravidade cl\u00ednica significativa.<\/p>\n\n\n\n<p>Para aproveitar ao m\u00e1ximo, \u00e9 importante compreender as diferentes formas de consumo. As pessoas frequentemente optam por prepara\u00e7\u00f5es como ch\u00e1s, extratos l\u00edquidos ou c\u00e1psulas. Cada uma dessas formas oferece uma maneira pr\u00e1tica de incorporar os benef\u00edcios da planta ao dia a dia, respeitando prefer\u00eancias e necessidades individuais de dosagem.<\/p>\n\n\n\n<h2 class=\"wp-block-heading\">Como Intensificar os Efeitos Calmantes da Erva-Cidreira?<\/h2>\n\n\n\n<p>A maneira como a erva-cidreira \u00e9 consumida pode influenciar os efeitos experimentados. Preparar uma infus\u00e3o de folhas frescas ou secas por cerca de 5 a 10 minutos \u00e9 uma pr\u00e1tica comum, que preserva a ess\u00eancia e os compostos vol\u00e1teis. Al\u00e9m disso, ela pode ser combinada com outras ervas para criar uma mistura de efeitos relaxantes. Ao escolher ervas adicionais, o conhecimento sobre intera\u00e7\u00f5es e pot\u00eancias de cada uma permitir\u00e1 uma experi\u00eancia mais controlada e segura.<\/p>\n\n\n<div class=\"wp-block-image\">\n<figure class=\"aligncenter size-large\"><img decoding=\"async\" width=\"1024\" height=\"576\" src=\"https:\/\/www.correiobraziliense.com.br\/cbradar\/wp-content\/uploads\/2025\/06\/erva-cidreira_1748965294021-1024x576.jpg\" alt=\"\" class=\"wp-image-47506\" srcset=\"https:\/\/www.correiobraziliense.com.br\/cbradar\/wp-content\/uploads\/2025\/06\/erva-cidreira_1748965294021-1024x576.jpg 1024w, https:\/\/www.correiobraziliense.com.br\/cbradar\/wp-content\/uploads\/2025\/06\/erva-cidreira_1748965294021-300x169.jpg 300w, https:\/\/www.correiobraziliense.com.br\/cbradar\/wp-content\/uploads\/2025\/06\/erva-cidreira_1748965294021-768x432.jpg 768w, https:\/\/www.correiobraziliense.com.br\/cbradar\/wp-content\/uploads\/2025\/06\/erva-cidreira_1748965294021-750x422.jpg 750w, https:\/\/www.correiobraziliense.com.br\/cbradar\/wp-content\/uploads\/2025\/06\/erva-cidreira_1748965294021-1140x641.jpg 1140w, https:\/\/www.correiobraziliense.com.br\/cbradar\/wp-content\/uploads\/2025\/06\/erva-cidreira_1748965294021.jpg 1280w\" sizes=\"(max-width: 1024px) 100vw, 1024px\" \/><figcaption class=\"wp-element-caption\">Erva-cidreira &#8211; Cr\u00e9ditos: depositphotos.com \/ duskbabe<\/figcaption><\/figure><\/div>\n\n\n<ul class=\"wp-block-list\">\n<li>Infus\u00e3o em \u00e1gua quente;<\/li>\n\n\n\n<li>Associar a outras ervas calmantes;<\/li>\n\n\n\n<li>Utilizar c\u00e1psulas ou extratos padronizados;<\/li>\n\n\n\n<li>Priorizar pr\u00e1ticas de consumo moderadas.<\/li>\n<\/ul>\n\n\n\n<h2 class=\"wp-block-heading\">Quais Cuidados Devem Ser Observados?<\/h2>\n\n\n\n<p>Apesar de ser uma solu\u00e7\u00e3o natural, a seguran\u00e7a no uso da erva-cidreira depende de diversos fatores, como dosagem e <a href=\"https:\/\/www.correiobraziliense.com.br\/cbradar\/febre-suina-classica-nao-afeta-humanos-mas-gera-alerta\/\" target=\"_blank\" rel=\"noreferrer noopener\">sa\u00fade <\/a>individual. O consumo moderado tende a ser bem tolerado, mas em quantidades excessivas pode causar sonol\u00eancia e interferir em atividades di\u00e1rias que exigem concentra\u00e7\u00e3o. Isso \u00e9 particularmente relevante para aqueles que utilizam medicamentos que afetam o sistema nervoso central, pois a intera\u00e7\u00e3o com a erva-cidreira pode potencializar efeitos sedativos.<\/p>\n\n\n\n<ol class=\"wp-block-list\">\n<li>Consultar especialistas antes de iniciar uso frequente;<\/li>\n\n\n\n<li>Seguir orienta\u00e7\u00f5es de dosagem e dura\u00e7\u00e3o;<\/li>\n\n\n\n<li>Avoid misturas n\u00e3o supervisionadas;<\/li>\n\n\n\n<li>Estar atento a rea\u00e7\u00f5es adversas.<\/li>\n<\/ol>\n\n\n\n<h2 class=\"wp-block-heading\">Integrando a Erva-Cidreira a H\u00e1bitos de Relaxamento<\/h2>\n\n\n\n<p>Para maximizar os benef\u00edcios da erva-cidreira, \u00e9 recomend\u00e1vel incorpor\u00e1-la em um estilo de vida equilibrado. Momentos de descanso, alimenta\u00e7\u00e3o balanceada e atividades f\u00edsicas leves s\u00e3o estrat\u00e9gias eficazes contra estresse e ansiedade. Muitas pessoas t\u00eam encontrado conforto ao consumir o ch\u00e1 de erva-cidreira \u00e0 noite, como parte de um ritual relaxante antes de dormir. Outros preferem durante o dia para pausas entre tarefas. De qualquer maneira, deve-se lembrar que a erva \u00e9 um complemento e n\u00e3o uma solu\u00e7\u00e3o \u00fanica para desafios emocionais complexos.<\/p>\n\n\n<a href=\"https:\/\/www.instagram.com\/dra.annaluisabf\/\" target=\"_blank\" rel=\"noopener\" style=\"text-decoration: none; color: inherit;\">\n    <span style=\"display: inline-block; border: 1px solid #ccc; border-radius: 10px; padding: 15px; max-width: 550px; font-family: sans-serif; box-shadow: 0 2px 5px rgba(0,0,0,0.1); width: 100%;\">\n\n      <!-- T\u00edtulo -->\n      <span style=\"display: block; margin: 0 0 15px 0; font-weight: bold; color: #2c3e50; text-align: center;\">\n        Entre em contato:\n      <\/span>\n\n      <!-- Linha do perfil -->\n      <span style=\"display: flex; align-items: center; gap: 15px;\">\n        <img decoding=\"async\"\n          src=\"https:\/\/www.correiobraziliense.com.br\/cbradar\/wp-content\/uploads\/2025\/08\/dra_anna_luisa.jpeg\"\n          alt=\"Foto da Dra. Anna Lu\u00edsa\"\n          style=\"border-radius: 50%; width: 80px; height: 80px; object-fit: cover;\"\n        \/>\n        <span style=\"display: flex; flex-direction: column;\">\n          <span style=\"font-size: 18px; font-weight: 700; color: #2c3e50;\">Dra. Anna Lu\u00edsa Barbosa Fernandes<\/span>\n          <span style=\"color: #555;\">CRM-GO 33.271<\/span>\n        <\/span>\n      <\/span>\n\n      <!-- Redes -->\n      <span style=\"display: flex; align-items: center; gap: 10px; margin-top: 12px;\">\n        <img decoding=\"async\" src=\"https:\/\/cdn-icons-png.flaticon.com\/24\/1384\/1384063.png\" alt=\"Instagram\" width=\"24\" height=\"24\" \/>\n        <span style=\"text-decoration: underline; color: #2c3e50;\">@dra.annaluisabf<\/span>\n      <\/span>\n\n    <\/span>\n  <\/a>","protected":false},"excerpt":{"rendered":"<p>Al\u00e9m de deliciar com seu aroma, a Erva-Cidreira, ou\u00a0Melissa officinalis, \u00e9 amplamente reconhecida por seus efeitos relaxantes. Em 2025, a utiliza\u00e7\u00e3o dessa planta continua a crescer, tanto em m\u00e9todos tradicionais quanto em estudos cient\u00edficos. Seus compostos, como \u00e1cidos fen\u00f3licos, flavonoides e \u00f3leos essenciais, t\u00eam demonstrado contribuir para o al\u00edvio do estresse e ansiedade. Essa busca [&hellip;]<\/p>\n","protected":false},"author":14,"featured_media":47505,"comment_status":"open","ping_status":"open","sticky":false,"template":"","format":"standard","meta":{"_yoast_wpseo_focuskw":"Erva-Cidreira","_yoast_wpseo_title":"","_yoast_wpseo_metadesc":"A erva-cidreira tem ganhado destaque por seus efeitos relaxantes e pode ajudar no al\u00edvio do estresse quando usada com modera\u00e7\u00e3o.","jnews-multi-image_gallery":[],"jnews_single_post":{"format":"standard"},"jnews_primary_category":[],"jnews_social_meta":[],"jnews_override_counter":[],"footnotes":""},"categories":[4404],"tags":[281,120,1318],"class_list":["post-171145","post","type-post","status-publish","format-standard","has-post-thumbnail","hentry","category-saude","tag-alimentacao","tag-bem-estar","tag-saude-2"],"yoast_head":"<!-- This site is optimized with the Yoast SEO plugin v24.6 - https:\/\/yoast.com\/wordpress\/plugins\/seo\/ -->\n<title>A planta calmante que voltou com for\u00e7a em 2025 - Correio Braziliense - Radar<\/title>\n<meta name=\"description\" content=\"A erva-cidreira tem ganhado destaque por seus efeitos relaxantes e pode ajudar no al\u00edvio do estresse quando usada com modera\u00e7\u00e3o.\" \/>\n<meta name=\"robots\" content=\"index, follow, max-snippet:-1, max-image-preview:large, max-video-preview:-1\" \/>\n<link rel=\"canonical\" href=\"https:\/\/www.correiobraziliense.com.br\/cbradar\/a-planta-calmante-que-voltou-com-forca-em-2025\/\" \/>\n<meta property=\"og:locale\" content=\"pt_BR\" \/>\n<meta property=\"og:type\" content=\"article\" \/>\n<meta property=\"og:title\" content=\"A planta calmante que voltou com for\u00e7a em 2025 - Correio Braziliense - Radar\" \/>\n<meta property=\"og:description\" content=\"A erva-cidreira tem ganhado destaque por seus efeitos relaxantes e pode ajudar no al\u00edvio do estresse quando usada com modera\u00e7\u00e3o.\" \/>\n<meta property=\"og:url\" content=\"https:\/\/www.correiobraziliense.com.br\/cbradar\/a-planta-calmante-que-voltou-com-forca-em-2025\/\" \/>\n<meta property=\"og:site_name\" content=\"Correio Braziliense - Radar\" \/>\n<meta property=\"article:published_time\" content=\"2026-01-09T10:45:00+00:00\" \/>\n<meta property=\"og:image\" content=\"https:\/\/www.correiobraziliense.com.br\/cbradar\/wp-content\/uploads\/2025\/06\/erva-cidreira_1748965221355.jpg\" \/>\n\t<meta property=\"og:image:width\" content=\"1280\" \/>\n\t<meta property=\"og:image:height\" content=\"720\" \/>\n\t<meta property=\"og:image:type\" content=\"image\/jpeg\" \/>\n<meta name=\"author\" content=\"guilherme_saude\" \/>\n<meta name=\"twitter:card\" content=\"summary_large_image\" \/>\n<meta name=\"twitter:label1\" content=\"Escrito por\" \/>\n\t<meta name=\"twitter:data1\" content=\"guilherme_saude\" \/>\n\t<meta name=\"twitter:label2\" content=\"Est. tempo de leitura\" \/>\n\t<meta name=\"twitter:data2\" content=\"4 minutos\" \/>\n<!-- \/ Yoast SEO plugin. -->","yoast_head_json":{"title":"A planta calmante que voltou com for\u00e7a em 2025 - Correio Braziliense - Radar","description":"A erva-cidreira tem ganhado destaque por seus efeitos relaxantes e pode ajudar no al\u00edvio do estresse quando usada com modera\u00e7\u00e3o.","robots":{"index":"index","follow":"follow","max-snippet":"max-snippet:-1","max-image-preview":"max-image-preview:large","max-video-preview":"max-video-preview:-1"},"canonical":"https:\/\/www.correiobraziliense.com.br\/cbradar\/a-planta-calmante-que-voltou-com-forca-em-2025\/","og_locale":"pt_BR","og_type":"article","og_title":"A planta calmante que voltou com for\u00e7a em 2025 - Correio Braziliense - Radar","og_description":"A erva-cidreira tem ganhado destaque por seus efeitos relaxantes e pode ajudar no al\u00edvio do estresse quando usada com modera\u00e7\u00e3o.","og_url":"https:\/\/www.correiobraziliense.com.br\/cbradar\/a-planta-calmante-que-voltou-com-forca-em-2025\/","og_site_name":"Correio Braziliense - Radar","article_published_time":"2026-01-09T10:45:00+00:00","og_image":[{"width":1280,"height":720,"url":"https:\/\/www.correiobraziliense.com.br\/cbradar\/wp-content\/uploads\/2025\/06\/erva-cidreira_1748965221355.jpg","type":"image\/jpeg"}],"author":"guilherme_saude","twitter_card":"summary_large_image","twitter_misc":{"Escrito por":"guilherme_saude","Est. tempo de leitura":"4 minutos"},"schema":{"@context":"https:\/\/schema.org","@graph":[{"@type":"WebPage","@id":"https:\/\/www.correiobraziliense.com.br\/cbradar\/a-planta-calmante-que-voltou-com-forca-em-2025\/","url":"https:\/\/www.correiobraziliense.com.br\/cbradar\/a-planta-calmante-que-voltou-com-forca-em-2025\/","name":"A planta calmante que voltou com for\u00e7a em 2025 - Correio Braziliense - Radar","isPartOf":{"@id":"https:\/\/www.correiobraziliense.com.br\/cbradar\/#website"},"primaryImageOfPage":{"@id":"https:\/\/www.correiobraziliense.com.br\/cbradar\/a-planta-calmante-que-voltou-com-forca-em-2025\/#primaryimage"},"image":{"@id":"https:\/\/www.correiobraziliense.com.br\/cbradar\/a-planta-calmante-que-voltou-com-forca-em-2025\/#primaryimage"},"thumbnailUrl":"https:\/\/www.correiobraziliense.com.br\/cbradar\/wp-content\/uploads\/2025\/06\/erva-cidreira_1748965221355.jpg","datePublished":"2026-01-09T10:45:00+00:00","author":{"@id":"https:\/\/www.correiobraziliense.com.br\/cbradar\/#\/schema\/person\/5aa4bf3c8fa699c267933611de12978b"},"description":"A erva-cidreira tem ganhado destaque por seus efeitos relaxantes e pode ajudar no al\u00edvio do estresse quando usada com modera\u00e7\u00e3o.","breadcrumb":{"@id":"https:\/\/www.correiobraziliense.com.br\/cbradar\/a-planta-calmante-que-voltou-com-forca-em-2025\/#breadcrumb"},"inLanguage":"pt-BR","potentialAction":[{"@type":"ReadAction","target":["https:\/\/www.correiobraziliense.com.br\/cbradar\/a-planta-calmante-que-voltou-com-forca-em-2025\/"]}]},{"@type":"ImageObject","inLanguage":"pt-BR","@id":"https:\/\/www.correiobraziliense.com.br\/cbradar\/a-planta-calmante-que-voltou-com-forca-em-2025\/#primaryimage","url":"https:\/\/www.correiobraziliense.com.br\/cbradar\/wp-content\/uploads\/2025\/06\/erva-cidreira_1748965221355.jpg","contentUrl":"https:\/\/www.correiobraziliense.com.br\/cbradar\/wp-content\/uploads\/2025\/06\/erva-cidreira_1748965221355.jpg","width":1280,"height":720,"caption":"Erva-cidreira - Cr\u00e9ditos: depositphotos.com \/ Nikolay_Donetsk"},{"@type":"BreadcrumbList","@id":"https:\/\/www.correiobraziliense.com.br\/cbradar\/a-planta-calmante-que-voltou-com-forca-em-2025\/#breadcrumb","itemListElement":[{"@type":"ListItem","position":1,"name":"In\u00edcio","item":"https:\/\/www.correiobraziliense.com.br\/cbradar\/"},{"@type":"ListItem","position":2,"name":"A planta calmante que voltou com for\u00e7a em 2025"}]},{"@type":"WebSite","@id":"https:\/\/www.correiobraziliense.com.br\/cbradar\/#website","url":"https:\/\/www.correiobraziliense.com.br\/cbradar\/","name":"Correio Braziliense - Radar","description":"Acompanhe as \u00faltimas not\u00edcias e fique bem informado sobre tudo o que acontece no Brasil e no mundo.","potentialAction":[{"@type":"SearchAction","target":{"@type":"EntryPoint","urlTemplate":"https:\/\/www.correiobraziliense.com.br\/cbradar\/?s={search_term_string}"},"query-input":{"@type":"PropertyValueSpecification","valueRequired":true,"valueName":"search_term_string"}}],"inLanguage":"pt-BR"},{"@type":"Person","@id":"https:\/\/www.correiobraziliense.com.br\/cbradar\/#\/schema\/person\/5aa4bf3c8fa699c267933611de12978b","name":"guilherme_saude","image":{"@type":"ImageObject","inLanguage":"pt-BR","@id":"https:\/\/www.correiobraziliense.com.br\/cbradar\/#\/schema\/person\/image\/","url":"https:\/\/secure.gravatar.com\/avatar\/df9adfb835d344bc0af109d41756253f?s=96&d=mm&r=g","contentUrl":"https:\/\/secure.gravatar.com\/avatar\/df9adfb835d344bc0af109d41756253f?s=96&d=mm&r=g","caption":"guilherme_saude"},"url":"https:\/\/www.correiobraziliense.com.br\/cbradar\/author\/guilherme_saude\/"}]}},"_links":{"self":[{"href":"https:\/\/www.correiobraziliense.com.br\/cbradar\/wp-json\/wp\/v2\/posts\/171145","targetHints":{"allow":["GET"]}}],"collection":[{"href":"https:\/\/www.correiobraziliense.com.br\/cbradar\/wp-json\/wp\/v2\/posts"}],"about":[{"href":"https:\/\/www.correiobraziliense.com.br\/cbradar\/wp-json\/wp\/v2\/types\/post"}],"author":[{"embeddable":true,"href":"https:\/\/www.correiobraziliense.com.br\/cbradar\/wp-json\/wp\/v2\/users\/14"}],"replies":[{"embeddable":true,"href":"https:\/\/www.correiobraziliense.com.br\/cbradar\/wp-json\/wp\/v2\/comments?post=171145"}],"version-history":[{"count":1,"href":"https:\/\/www.correiobraziliense.com.br\/cbradar\/wp-json\/wp\/v2\/posts\/171145\/revisions"}],"predecessor-version":[{"id":171147,"href":"https:\/\/www.correiobraziliense.com.br\/cbradar\/wp-json\/wp\/v2\/posts\/171145\/revisions\/171147"}],"wp:featuredmedia":[{"embeddable":true,"href":"https:\/\/www.correiobraziliense.com.br\/cbradar\/wp-json\/wp\/v2\/media\/47505"}],"wp:attachment":[{"href":"https:\/\/www.correiobraziliense.com.br\/cbradar\/wp-json\/wp\/v2\/media?parent=171145"}],"wp:term":[{"taxonomy":"category","embeddable":true,"href":"https:\/\/www.correiobraziliense.com.br\/cbradar\/wp-json\/wp\/v2\/categories?post=171145"},{"taxonomy":"post_tag","embeddable":true,"href":"https:\/\/www.correiobraziliense.com.br\/cbradar\/wp-json\/wp\/v2\/tags?post=171145"}],"curies":[{"name":"wp","href":"https:\/\/api.w.org\/{rel}","templated":true}]}}