{"id":171170,"date":"2026-01-09T15:55:00","date_gmt":"2026-01-09T18:55:00","guid":{"rendered":"https:\/\/www.correiobraziliense.com.br\/cbradar\/?p=171170"},"modified":"2026-01-08T20:17:24","modified_gmt":"2026-01-08T23:17:24","slug":"o-alimento-natural-que-pode-transformar-sua-alimentacao","status":"publish","type":"post","link":"https:\/\/www.correiobraziliense.com.br\/cbradar\/o-alimento-natural-que-pode-transformar-sua-alimentacao\/","title":{"rendered":"O alimento natural que pode transformar sua alimenta\u00e7\u00e3o"},"content":{"rendered":"\n<p>A <strong>N\u00easpera<\/strong>, tamb\u00e9m chamada de ameixa-japonesa, \u00e9 uma fruta peculiar que se destaca tanto pelo paladar quanto pelas qualidades nutricionais. Com origem na \u00c1sia, especialmente na China, essa fruta \u00e9 reverenciada pelo sabor que combina notas doces e \u00e1cidas. O destaque nutricional da n\u00easpera vai para a elevada presen\u00e7a de vitamina C, um nutriente essencial que desempenha papel crucial na defesa do organismo contra infec\u00e7\u00f5es.<\/p>\n\n\n\n<p>Rica em fibras diet\u00e9ticas, a n\u00easpera ainda auxilia na <a href=\"https:\/\/www.correiobraziliense.com.br\/cbradar\/febre-suina-classica-nao-afeta-humanos-mas-gera-alerta\/\" target=\"_blank\" rel=\"noreferrer noopener\">sa\u00fade <\/a>digestiva. O consumo adequados de fibras \u00e9 conhecido por promover o bom funcionamento intestinal, evitando problemas como constipa\u00e7\u00e3o e auxiliando tamb\u00e9m no controle do apetite. Dessa forma, a inclus\u00e3o da n\u00easpera na dieta pode ser ben\u00e9fica tanto para o metabolismo quanto para a manuten\u00e7\u00e3o do peso corporal.<\/p>\n\n\n\n<h2 class=\"wp-block-heading\">Qual \u00e9 o caminho para cultivar n\u00easperas no jardim de casa?<\/h2>\n\n\n\n<p>Para os entusiastas da jardinagem, cultivar n\u00easperas pode ser uma experi\u00eancia enriquecedora. A planta prefere regi\u00f5es de clima quente e luminoso, mas pode se adaptar se os cuidados corretos forem seguidos. Um dos requisitos b\u00e1sicos \u00e9 que a planta receba bastante luz solar direta, fator vital para que possa desenvolver frutos de forma adequada.<\/p>\n\n\n\n<p>Outro aspecto importante \u00e9 preparar um solo que permita boa drenagem, evitando o ac\u00famulo de \u00e1gua que poderia afetar negativamente as ra\u00edzes. Adicionar mat\u00e9ria org\u00e2nica, como o composto, pode ajudar a enriquecer o solo, assegurando que a planta tenha acesso aos nutrientes necess\u00e1rios para se desenvolver de forma saud\u00e1vel.<\/p>\n\n\n\n<h2 class=\"wp-block-heading\">Quais pr\u00e1ticas s\u00e3o recomendadas para o cuidado da n\u00easpera?<\/h2>\n\n\n\n<p>Regar a planta adequadamente \u00e9 crucial, especialmente em \u00e9pocas de pouca chuva. Manter o solo com umidade correta \u00e9 essencial para prevenir o apodrecimento das ra\u00edzes. Em locais onde os ventos s\u00e3o constantes e fortes, \u00e9 importante oferecer prote\u00e7\u00e3o \u00e0s plantas para evitar danos nas folhas e nos frutos em crescimento.<\/p>\n\n\n\n<p>Cuidar do ambiente ao redor da nespereira tamb\u00e9m \u00e9 fundamental. Remover plantas invasoras ajuda a evitar a competi\u00e7\u00e3o por nutrientes, garantindo que a \u00e1rvore possa se nutrir adequadamente para se manter vigorosa e produtiva.<\/p>\n\n\n\n<h2 class=\"wp-block-heading\">De que maneiras a n\u00easpera pode ser usada na cozinha?<\/h2>\n\n\n\n<p>Na gastronomia, a n\u00easpera se mostra bastante vers\u00e1til. A fruta fresca pode ser desfrutada ao natural, mas tamb\u00e9m pode ser transformada em deliciosas geleias e compotas. A versatilidade da n\u00easpera permite que ela seja usada em uma variedade de pratos, tanto doces quanto salgados, adicionando um toque distinto e ex\u00f3tico.<\/p>\n\n\n\n<p>O prazer de consumir n\u00easperas cultivadas em casa vai al\u00e9m da experi\u00eancia gastron\u00f4mica; ele refor\u00e7a a conex\u00e3o com a natureza e promove um consumo sustent\u00e1vel, al\u00e9m de garantir que a dieta inclua alimentos frescos e saud\u00e1veis.<\/p>\n\n\n<a href=\"https:\/\/www.instagram.com\/dra.annaluisabf\/\" target=\"_blank\" rel=\"noopener\" style=\"text-decoration: none; color: inherit;\">\n    <span style=\"display: inline-block; border: 1px solid #ccc; border-radius: 10px; padding: 15px; max-width: 550px; font-family: sans-serif; box-shadow: 0 2px 5px rgba(0,0,0,0.1); width: 100%;\">\n\n      <!-- T\u00edtulo -->\n      <span style=\"display: block; margin: 0 0 15px 0; font-weight: bold; color: #2c3e50; text-align: center;\">\n        Entre em contato:\n      <\/span>\n\n      <!-- Linha do perfil -->\n      <span style=\"display: flex; align-items: center; gap: 15px;\">\n        <img decoding=\"async\"\n          src=\"https:\/\/www.correiobraziliense.com.br\/cbradar\/wp-content\/uploads\/2025\/08\/dra_anna_luisa.jpeg\"\n          alt=\"Foto da Dra. Anna Lu\u00edsa\"\n          style=\"border-radius: 50%; width: 80px; height: 80px; object-fit: cover;\"\n        \/>\n        <span style=\"display: flex; flex-direction: column;\">\n          <span style=\"font-size: 18px; font-weight: 700; color: #2c3e50;\">Dra. Anna Lu\u00edsa Barbosa Fernandes<\/span>\n          <span style=\"color: #555;\">CRM-GO 33.271<\/span>\n        <\/span>\n      <\/span>\n\n      <!-- Redes -->\n      <span style=\"display: flex; align-items: center; gap: 10px; margin-top: 12px;\">\n        <img decoding=\"async\" src=\"https:\/\/cdn-icons-png.flaticon.com\/24\/1384\/1384063.png\" alt=\"Instagram\" width=\"24\" height=\"24\" \/>\n        <span style=\"text-decoration: underline; color: #2c3e50;\">@dra.annaluisabf<\/span>\n      <\/span>\n\n    <\/span>\n  <\/a>","protected":false},"excerpt":{"rendered":"<p>A N\u00easpera, tamb\u00e9m chamada de ameixa-japonesa, \u00e9 uma fruta peculiar que se destaca tanto pelo paladar quanto pelas qualidades nutricionais. Com origem na \u00c1sia, especialmente na China, essa fruta \u00e9 reverenciada pelo sabor que combina notas doces e \u00e1cidas. O destaque nutricional da n\u00easpera vai para a elevada presen\u00e7a de vitamina C, um nutriente essencial [&hellip;]<\/p>\n","protected":false},"author":14,"featured_media":100414,"comment_status":"open","ping_status":"open","sticky":false,"template":"","format":"standard","meta":{"_yoast_wpseo_focuskw":"N\u00easpera","_yoast_wpseo_title":"","_yoast_wpseo_metadesc":"A n\u00easpera \u00e9 uma fruta rica em vitamina C e fibras que pode fortalecer a imunidade e melhorar a sa\u00fade digestiva.","jnews-multi-image_gallery":[],"jnews_single_post":{"format":"standard"},"jnews_primary_category":[],"jnews_social_meta":[],"jnews_override_counter":[],"footnotes":""},"categories":[4404],"tags":[281,120,1318],"class_list":["post-171170","post","type-post","status-publish","format-standard","has-post-thumbnail","hentry","category-saude","tag-alimentacao","tag-bem-estar","tag-saude-2"],"yoast_head":"<!-- This site is optimized with the Yoast SEO plugin v24.6 - https:\/\/yoast.com\/wordpress\/plugins\/seo\/ -->\n<title>O alimento natural que pode transformar sua alimenta\u00e7\u00e3o - Correio Braziliense - Radar<\/title>\n<meta name=\"description\" content=\"A n\u00easpera \u00e9 uma fruta rica em vitamina C e fibras que pode fortalecer a imunidade e melhorar a sa\u00fade digestiva.\" \/>\n<meta name=\"robots\" content=\"index, follow, max-snippet:-1, max-image-preview:large, max-video-preview:-1\" \/>\n<link rel=\"canonical\" href=\"https:\/\/www.correiobraziliense.com.br\/cbradar\/o-alimento-natural-que-pode-transformar-sua-alimentacao\/\" \/>\n<meta property=\"og:locale\" content=\"pt_BR\" \/>\n<meta property=\"og:type\" content=\"article\" \/>\n<meta property=\"og:title\" content=\"O alimento natural que pode transformar sua alimenta\u00e7\u00e3o - Correio Braziliense - Radar\" \/>\n<meta property=\"og:description\" content=\"A n\u00easpera \u00e9 uma fruta rica em vitamina C e fibras que pode fortalecer a imunidade e melhorar a sa\u00fade digestiva.\" \/>\n<meta property=\"og:url\" content=\"https:\/\/www.correiobraziliense.com.br\/cbradar\/o-alimento-natural-que-pode-transformar-sua-alimentacao\/\" \/>\n<meta property=\"og:site_name\" content=\"Correio Braziliense - Radar\" \/>\n<meta property=\"article:published_time\" content=\"2026-01-09T18:55:00+00:00\" \/>\n<meta property=\"og:image\" content=\"https:\/\/www.correiobraziliense.com.br\/cbradar\/wp-content\/uploads\/2025\/09\/loquat_1757288697693.jpg\" \/>\n\t<meta property=\"og:image:width\" content=\"1280\" \/>\n\t<meta property=\"og:image:height\" content=\"720\" \/>\n\t<meta property=\"og:image:type\" content=\"image\/jpeg\" \/>\n<meta name=\"author\" content=\"guilherme_saude\" \/>\n<meta name=\"twitter:card\" content=\"summary_large_image\" \/>\n<meta name=\"twitter:label1\" content=\"Escrito por\" \/>\n\t<meta name=\"twitter:data1\" content=\"guilherme_saude\" \/>\n\t<meta name=\"twitter:label2\" content=\"Est. tempo de leitura\" \/>\n\t<meta name=\"twitter:data2\" content=\"4 minutos\" \/>\n<!-- \/ Yoast SEO plugin. -->","yoast_head_json":{"title":"O alimento natural que pode transformar sua alimenta\u00e7\u00e3o - Correio Braziliense - Radar","description":"A n\u00easpera \u00e9 uma fruta rica em vitamina C e fibras que pode fortalecer a imunidade e melhorar a sa\u00fade digestiva.","robots":{"index":"index","follow":"follow","max-snippet":"max-snippet:-1","max-image-preview":"max-image-preview:large","max-video-preview":"max-video-preview:-1"},"canonical":"https:\/\/www.correiobraziliense.com.br\/cbradar\/o-alimento-natural-que-pode-transformar-sua-alimentacao\/","og_locale":"pt_BR","og_type":"article","og_title":"O alimento natural que pode transformar sua alimenta\u00e7\u00e3o - Correio Braziliense - Radar","og_description":"A n\u00easpera \u00e9 uma fruta rica em vitamina C e fibras que pode fortalecer a imunidade e melhorar a sa\u00fade digestiva.","og_url":"https:\/\/www.correiobraziliense.com.br\/cbradar\/o-alimento-natural-que-pode-transformar-sua-alimentacao\/","og_site_name":"Correio Braziliense - Radar","article_published_time":"2026-01-09T18:55:00+00:00","og_image":[{"width":1280,"height":720,"url":"https:\/\/www.correiobraziliense.com.br\/cbradar\/wp-content\/uploads\/2025\/09\/loquat_1757288697693.jpg","type":"image\/jpeg"}],"author":"guilherme_saude","twitter_card":"summary_large_image","twitter_misc":{"Escrito por":"guilherme_saude","Est. tempo de leitura":"4 minutos"},"schema":{"@context":"https:\/\/schema.org","@graph":[{"@type":"WebPage","@id":"https:\/\/www.correiobraziliense.com.br\/cbradar\/o-alimento-natural-que-pode-transformar-sua-alimentacao\/","url":"https:\/\/www.correiobraziliense.com.br\/cbradar\/o-alimento-natural-que-pode-transformar-sua-alimentacao\/","name":"O alimento natural que pode transformar sua alimenta\u00e7\u00e3o - Correio Braziliense - Radar","isPartOf":{"@id":"https:\/\/www.correiobraziliense.com.br\/cbradar\/#website"},"primaryImageOfPage":{"@id":"https:\/\/www.correiobraziliense.com.br\/cbradar\/o-alimento-natural-que-pode-transformar-sua-alimentacao\/#primaryimage"},"image":{"@id":"https:\/\/www.correiobraziliense.com.br\/cbradar\/o-alimento-natural-que-pode-transformar-sua-alimentacao\/#primaryimage"},"thumbnailUrl":"https:\/\/www.correiobraziliense.com.br\/cbradar\/wp-content\/uploads\/2025\/09\/loquat_1757288697693.jpg","datePublished":"2026-01-09T18:55:00+00:00","author":{"@id":"https:\/\/www.correiobraziliense.com.br\/cbradar\/#\/schema\/person\/5aa4bf3c8fa699c267933611de12978b"},"description":"A n\u00easpera \u00e9 uma fruta rica em vitamina C e fibras que pode fortalecer a imunidade e melhorar a sa\u00fade digestiva.","breadcrumb":{"@id":"https:\/\/www.correiobraziliense.com.br\/cbradar\/o-alimento-natural-que-pode-transformar-sua-alimentacao\/#breadcrumb"},"inLanguage":"pt-BR","potentialAction":[{"@type":"ReadAction","target":["https:\/\/www.correiobraziliense.com.br\/cbradar\/o-alimento-natural-que-pode-transformar-sua-alimentacao\/"]}]},{"@type":"ImageObject","inLanguage":"pt-BR","@id":"https:\/\/www.correiobraziliense.com.br\/cbradar\/o-alimento-natural-que-pode-transformar-sua-alimentacao\/#primaryimage","url":"https:\/\/www.correiobraziliense.com.br\/cbradar\/wp-content\/uploads\/2025\/09\/loquat_1757288697693.jpg","contentUrl":"https:\/\/www.correiobraziliense.com.br\/cbradar\/wp-content\/uploads\/2025\/09\/loquat_1757288697693.jpg","width":1280,"height":720,"caption":"N\u00easpera - Cr\u00e9ditos: depositphotos.com \/ membio"},{"@type":"BreadcrumbList","@id":"https:\/\/www.correiobraziliense.com.br\/cbradar\/o-alimento-natural-que-pode-transformar-sua-alimentacao\/#breadcrumb","itemListElement":[{"@type":"ListItem","position":1,"name":"In\u00edcio","item":"https:\/\/www.correiobraziliense.com.br\/cbradar\/"},{"@type":"ListItem","position":2,"name":"O alimento natural que pode transformar sua alimenta\u00e7\u00e3o"}]},{"@type":"WebSite","@id":"https:\/\/www.correiobraziliense.com.br\/cbradar\/#website","url":"https:\/\/www.correiobraziliense.com.br\/cbradar\/","name":"Correio Braziliense - Radar","description":"Acompanhe as \u00faltimas not\u00edcias e fique bem informado sobre tudo o que acontece no Brasil e no mundo.","potentialAction":[{"@type":"SearchAction","target":{"@type":"EntryPoint","urlTemplate":"https:\/\/www.correiobraziliense.com.br\/cbradar\/?s={search_term_string}"},"query-input":{"@type":"PropertyValueSpecification","valueRequired":true,"valueName":"search_term_string"}}],"inLanguage":"pt-BR"},{"@type":"Person","@id":"https:\/\/www.correiobraziliense.com.br\/cbradar\/#\/schema\/person\/5aa4bf3c8fa699c267933611de12978b","name":"guilherme_saude","image":{"@type":"ImageObject","inLanguage":"pt-BR","@id":"https:\/\/www.correiobraziliense.com.br\/cbradar\/#\/schema\/person\/image\/","url":"https:\/\/secure.gravatar.com\/avatar\/df9adfb835d344bc0af109d41756253f?s=96&d=mm&r=g","contentUrl":"https:\/\/secure.gravatar.com\/avatar\/df9adfb835d344bc0af109d41756253f?s=96&d=mm&r=g","caption":"guilherme_saude"},"url":"https:\/\/www.correiobraziliense.com.br\/cbradar\/author\/guilherme_saude\/"}]}},"_links":{"self":[{"href":"https:\/\/www.correiobraziliense.com.br\/cbradar\/wp-json\/wp\/v2\/posts\/171170","targetHints":{"allow":["GET"]}}],"collection":[{"href":"https:\/\/www.correiobraziliense.com.br\/cbradar\/wp-json\/wp\/v2\/posts"}],"about":[{"href":"https:\/\/www.correiobraziliense.com.br\/cbradar\/wp-json\/wp\/v2\/types\/post"}],"author":[{"embeddable":true,"href":"https:\/\/www.correiobraziliense.com.br\/cbradar\/wp-json\/wp\/v2\/users\/14"}],"replies":[{"embeddable":true,"href":"https:\/\/www.correiobraziliense.com.br\/cbradar\/wp-json\/wp\/v2\/comments?post=171170"}],"version-history":[{"count":1,"href":"https:\/\/www.correiobraziliense.com.br\/cbradar\/wp-json\/wp\/v2\/posts\/171170\/revisions"}],"predecessor-version":[{"id":171177,"href":"https:\/\/www.correiobraziliense.com.br\/cbradar\/wp-json\/wp\/v2\/posts\/171170\/revisions\/171177"}],"wp:featuredmedia":[{"embeddable":true,"href":"https:\/\/www.correiobraziliense.com.br\/cbradar\/wp-json\/wp\/v2\/media\/100414"}],"wp:attachment":[{"href":"https:\/\/www.correiobraziliense.com.br\/cbradar\/wp-json\/wp\/v2\/media?parent=171170"}],"wp:term":[{"taxonomy":"category","embeddable":true,"href":"https:\/\/www.correiobraziliense.com.br\/cbradar\/wp-json\/wp\/v2\/categories?post=171170"},{"taxonomy":"post_tag","embeddable":true,"href":"https:\/\/www.correiobraziliense.com.br\/cbradar\/wp-json\/wp\/v2\/tags?post=171170"}],"curies":[{"name":"wp","href":"https:\/\/api.w.org\/{rel}","templated":true}]}}