{"id":171184,"date":"2026-01-09T18:25:00","date_gmt":"2026-01-09T21:25:00","guid":{"rendered":"https:\/\/www.correiobraziliense.com.br\/cbradar\/?p=171184"},"modified":"2026-01-08T20:20:53","modified_gmt":"2026-01-08T23:20:53","slug":"o-erro-no-preparo-do-acai-que-pode-causar-doenca-grave","status":"publish","type":"post","link":"https:\/\/www.correiobraziliense.com.br\/cbradar\/o-erro-no-preparo-do-acai-que-pode-causar-doenca-grave\/","title":{"rendered":"O erro no preparo do a\u00e7a\u00ed que pode causar doen\u00e7a grave"},"content":{"rendered":"\n<p>A <strong>Doen\u00e7a de Chagas<\/strong> \u00e9 uma infec\u00e7\u00e3o causada pelo protozo\u00e1rio\u00a0<em>Trypanosoma cruzi<\/em>, comumente associada \u00e0 picada do inseto conhecido como barbeiro. No entanto, nos \u00faltimos anos, tem-se observado uma nova forma de transmiss\u00e3o atrav\u00e9s do consumo de alimentos contaminados, em especial o a\u00e7a\u00ed. A contamina\u00e7\u00e3o pode ocorrer quando o processamento do a\u00e7a\u00ed n\u00e3o \u00e9 feito adequadamente, permitindo que o inseto deposite suas fezes no local, contaminando o fruto.<\/p>\n\n\n\n<p>Recentemente, o caso de um jovem, Ronald Maia da Silva, que faleceu por complica\u00e7\u00f5es decorrentes da Doen\u00e7a de Chagas ap\u00f3s consumir a\u00e7a\u00ed contaminado, trouxe novamente aten\u00e7\u00e3o a essa quest\u00e3o. Isso ocorreu na Regi\u00e3o Metropolitana de Bel\u00e9m, destacando a import\u00e2ncia da implementa\u00e7\u00e3o de processos seguros no preparo desse alimento.<\/p>\n\n\n\n<h2 class=\"wp-block-heading\">Quais s\u00e3o as Principais Formas de Cont\u00e1gio da Doen\u00e7a?<\/h2>\n\n\n\n<p>Tradicionalmente, a Doen\u00e7a de Chagas era transmitida majoritariamente atrav\u00e9s da picada do barbeiro. Contudo, estudos demonstram que aproximadamente 70% dos casos mais recentes podem ter origem no consumo de alimentos contaminados. Al\u00e9m do a\u00e7a\u00ed, outros produtos como a cana de a\u00e7\u00facar e diversos sucos tamb\u00e9m foram identificados como potenciais ve\u00edculos de cont\u00e1gio.<\/p>\n\n\n\n<p>O processo de contamina\u00e7\u00e3o alimentar ocorre principalmente durante o manuseio dos alimentos em locais onde o barbeiro e suas fezes est\u00e3o presentes. Por isso, adotar m\u00e9todos de higieniza\u00e7\u00e3o mais rigorosos, como o branqueamento do a\u00e7a\u00ed, \u00e9 essencial para matar o protozo\u00e1rio e tornar o alimento seguro.<\/p>\n\n\n<div class=\"wp-block-image\">\n<figure class=\"aligncenter size-large\"><img decoding=\"async\" width=\"1024\" height=\"576\" src=\"https:\/\/www.correiobraziliense.com.br\/cbradar\/wp-content\/uploads\/2025\/10\/acai_1759692173422-1024x576.jpg\" alt=\"\" class=\"wp-image-114434\" srcset=\"https:\/\/www.correiobraziliense.com.br\/cbradar\/wp-content\/uploads\/2025\/10\/acai_1759692173422-1024x576.jpg 1024w, https:\/\/www.correiobraziliense.com.br\/cbradar\/wp-content\/uploads\/2025\/10\/acai_1759692173422-300x169.jpg 300w, https:\/\/www.correiobraziliense.com.br\/cbradar\/wp-content\/uploads\/2025\/10\/acai_1759692173422-768x432.jpg 768w, https:\/\/www.correiobraziliense.com.br\/cbradar\/wp-content\/uploads\/2025\/10\/acai_1759692173422-750x422.jpg 750w, https:\/\/www.correiobraziliense.com.br\/cbradar\/wp-content\/uploads\/2025\/10\/acai_1759692173422-1140x641.jpg 1140w, https:\/\/www.correiobraziliense.com.br\/cbradar\/wp-content\/uploads\/2025\/10\/acai_1759692173422.jpg 1280w\" sizes=\"(max-width: 1024px) 100vw, 1024px\" \/><figcaption class=\"wp-element-caption\">A\u00e7a\u00ed &#8211; Cr\u00e9ditos: depositphotos.com \/ MKPK <\/figcaption><\/figure><\/div>\n\n\n<h2 class=\"wp-block-heading\">A\u00e7a\u00ed: Vil\u00e3o ou V\u00edtima?<\/h2>\n\n\n\n<p>A associa\u00e7\u00e3o do a\u00e7a\u00ed com a Doen\u00e7a de Chagas desperta preocupa\u00e7\u00f5es em consumidores por todo o Brasil, mas tamb\u00e9m traz desafios para produtores que devem garantir a seguran\u00e7a do produto. O a\u00e7a\u00ed \u00e9 um alimento tradicional e amplamente consumido, especialmente na regi\u00e3o Norte, o que torna a vigil\u00e2ncia e a preven\u00e7\u00e3o contra a contamina\u00e7\u00e3o ainda mais relevantes.<\/p>\n\n\n\n<p>\u00c9 crucial entender que, quando processado de maneira correta, o a\u00e7a\u00ed n\u00e3o representa perigo. O uso de m\u00e9todos adequados, como elevar a temperatura do fruto a 80\u00b0C durante o branqueamento, elimina o risco de contamina\u00e7\u00e3o, assegurando que o produto seja seguro para o consumo humano.<\/p>\n\n\n\n<h2 class=\"wp-block-heading\">Como Diagnosticar e Tratar a Doen\u00e7a de Chagas?<\/h2>\n\n\n\n<p>A Doen\u00e7a de Chagas pode ser dividida em duas fases: aguda e cr\u00f4nica. A fase aguda \u00e9 caracterizada por sintomas como febre prolongada, fraqueza intensa e dores de cabe\u00e7a. Se n\u00e3o tratada de forma adequada, essa fase pode evoluir para a fase cr\u00f4nica, que pode causar s\u00e9rios problemas card\u00edacos e digestivos.<\/p>\n\n\n\n<p>O diagn\u00f3stico precoce \u00e9 fundamental e pode ser realizado atrav\u00e9s da identifica\u00e7\u00e3o dos sintomas e de an\u00e1lises laboratoriais. O tratamento inclui o uso de medicamentos espec\u00edficos, como o benznidazol, que est\u00e1 dispon\u00edvel gratuitamente atrav\u00e9s do Minist\u00e9rio da <a href=\"https:\/\/www.correiobraziliense.com.br\/cbradar\/febre-suina-classica-nao-afeta-humanos-mas-gera-alerta\/\" target=\"_blank\" rel=\"noreferrer noopener\">Sa\u00fade <\/a>para casos confirmados.<\/p>\n\n\n\n<h2 class=\"wp-block-heading\">Preven\u00e7\u00e3o e Medidas de Seguran\u00e7a<\/h2>\n\n\n\n<p>Prevenir a contamina\u00e7\u00e3o por&nbsp;<em>Trypanosoma cruzi<\/em>&nbsp;atrav\u00e9s do consumo de alimentos exige boas pr\u00e1ticas de higiene e processamento seguro. Os consumidores devem estar atentos \u00e0 proced\u00eancia do a\u00e7a\u00ed e buscar informa\u00e7\u00f5es sobre a origem e o processamento do produto antes da compra.<\/p>\n\n\n\n<p>Al\u00e9m disso, pol\u00edticas p\u00fablicas eficazes devem ser implementadas para garantir pr\u00e1ticas de higiene adequadas, como o uso de equipamentos limpos e a implementa\u00e7\u00e3o de t\u00e9cnicas de branqueamento. Educar os produtores e a popula\u00e7\u00e3o sobre a import\u00e2ncia dessas pr\u00e1ticas \u00e9 vital para reduzir os riscos associados \u00e0 Doen\u00e7a de Chagas e proteger a sa\u00fade p\u00fablica.<\/p>\n\n\n<a href=\"https:\/\/www.instagram.com\/dra.annaluisabf\/\" target=\"_blank\" rel=\"noopener\" style=\"text-decoration: none; color: inherit;\">\n    <span style=\"display: inline-block; border: 1px solid #ccc; border-radius: 10px; padding: 15px; max-width: 550px; font-family: sans-serif; box-shadow: 0 2px 5px rgba(0,0,0,0.1); width: 100%;\">\n\n      <!-- T\u00edtulo -->\n      <span style=\"display: block; margin: 0 0 15px 0; font-weight: bold; color: #2c3e50; text-align: center;\">\n        Entre em contato:\n      <\/span>\n\n      <!-- Linha do perfil -->\n      <span style=\"display: flex; align-items: center; gap: 15px;\">\n        <img decoding=\"async\"\n          src=\"https:\/\/www.correiobraziliense.com.br\/cbradar\/wp-content\/uploads\/2025\/08\/dra_anna_luisa.jpeg\"\n          alt=\"Foto da Dra. Anna Lu\u00edsa\"\n          style=\"border-radius: 50%; width: 80px; height: 80px; object-fit: cover;\"\n        \/>\n        <span style=\"display: flex; flex-direction: column;\">\n          <span style=\"font-size: 18px; font-weight: 700; color: #2c3e50;\">Dra. Anna Lu\u00edsa Barbosa Fernandes<\/span>\n          <span style=\"color: #555;\">CRM-GO 33.271<\/span>\n        <\/span>\n      <\/span>\n\n      <!-- Redes -->\n      <span style=\"display: flex; align-items: center; gap: 10px; margin-top: 12px;\">\n        <img decoding=\"async\" src=\"https:\/\/cdn-icons-png.flaticon.com\/24\/1384\/1384063.png\" alt=\"Instagram\" width=\"24\" height=\"24\" \/>\n        <span style=\"text-decoration: underline; color: #2c3e50;\">@dra.annaluisabf<\/span>\n      <\/span>\n\n    <\/span>\n  <\/a>","protected":false},"excerpt":{"rendered":"<p>A Doen\u00e7a de Chagas \u00e9 uma infec\u00e7\u00e3o causada pelo protozo\u00e1rio\u00a0Trypanosoma cruzi, comumente associada \u00e0 picada do inseto conhecido como barbeiro. No entanto, nos \u00faltimos anos, tem-se observado uma nova forma de transmiss\u00e3o atrav\u00e9s do consumo de alimentos contaminados, em especial o a\u00e7a\u00ed. A contamina\u00e7\u00e3o pode ocorrer quando o processamento do a\u00e7a\u00ed n\u00e3o \u00e9 feito adequadamente, [&hellip;]<\/p>\n","protected":false},"author":14,"featured_media":54145,"comment_status":"open","ping_status":"open","sticky":false,"template":"","format":"standard","meta":{"_yoast_wpseo_focuskw":"Doen\u00e7a de Chagas","_yoast_wpseo_title":"","_yoast_wpseo_metadesc":"A Doen\u00e7a de Chagas voltou ao debate ap\u00f3s casos ligados ao consumo de a\u00e7a\u00ed contaminado e levantou alertas sobre seguran\u00e7a alimentar.","jnews-multi-image_gallery":[],"jnews_single_post":{"format":"standard"},"jnews_primary_category":[],"jnews_social_meta":[],"jnews_override_counter":[],"footnotes":""},"categories":[4404],"tags":[281,120,1318],"class_list":["post-171184","post","type-post","status-publish","format-standard","has-post-thumbnail","hentry","category-saude","tag-alimentacao","tag-bem-estar","tag-saude-2"],"yoast_head":"<!-- This site is optimized with the Yoast SEO plugin v24.6 - https:\/\/yoast.com\/wordpress\/plugins\/seo\/ -->\n<title>O erro no preparo do a\u00e7a\u00ed que pode causar doen\u00e7a grave - Correio Braziliense - Radar<\/title>\n<meta name=\"description\" content=\"A Doen\u00e7a de Chagas voltou ao debate ap\u00f3s casos ligados ao consumo de a\u00e7a\u00ed contaminado e levantou alertas sobre seguran\u00e7a alimentar.\" \/>\n<meta name=\"robots\" content=\"index, follow, max-snippet:-1, max-image-preview:large, max-video-preview:-1\" \/>\n<link rel=\"canonical\" href=\"https:\/\/www.correiobraziliense.com.br\/cbradar\/o-erro-no-preparo-do-acai-que-pode-causar-doenca-grave\/\" \/>\n<meta property=\"og:locale\" content=\"pt_BR\" \/>\n<meta property=\"og:type\" content=\"article\" \/>\n<meta property=\"og:title\" content=\"O erro no preparo do a\u00e7a\u00ed que pode causar doen\u00e7a grave - Correio Braziliense - Radar\" \/>\n<meta property=\"og:description\" content=\"A Doen\u00e7a de Chagas voltou ao debate ap\u00f3s casos ligados ao consumo de a\u00e7a\u00ed contaminado e levantou alertas sobre seguran\u00e7a alimentar.\" \/>\n<meta property=\"og:url\" content=\"https:\/\/www.correiobraziliense.com.br\/cbradar\/o-erro-no-preparo-do-acai-que-pode-causar-doenca-grave\/\" \/>\n<meta property=\"og:site_name\" content=\"Correio Braziliense - Radar\" \/>\n<meta property=\"article:published_time\" content=\"2026-01-09T21:25:00+00:00\" \/>\n<meta property=\"og:image\" content=\"https:\/\/www.correiobraziliense.com.br\/cbradar\/wp-content\/uploads\/2025\/06\/suco-de-acai_1750074372331.jpg\" \/>\n\t<meta property=\"og:image:width\" content=\"1280\" \/>\n\t<meta property=\"og:image:height\" content=\"720\" \/>\n\t<meta property=\"og:image:type\" content=\"image\/jpeg\" \/>\n<meta name=\"author\" content=\"guilherme_saude\" \/>\n<meta name=\"twitter:card\" content=\"summary_large_image\" \/>\n<meta name=\"twitter:label1\" content=\"Escrito por\" \/>\n\t<meta name=\"twitter:data1\" content=\"guilherme_saude\" \/>\n\t<meta name=\"twitter:label2\" content=\"Est. tempo de leitura\" \/>\n\t<meta name=\"twitter:data2\" content=\"4 minutos\" \/>\n<!-- \/ Yoast SEO plugin. -->","yoast_head_json":{"title":"O erro no preparo do a\u00e7a\u00ed que pode causar doen\u00e7a grave - Correio Braziliense - Radar","description":"A Doen\u00e7a de Chagas voltou ao debate ap\u00f3s casos ligados ao consumo de a\u00e7a\u00ed contaminado e levantou alertas sobre seguran\u00e7a alimentar.","robots":{"index":"index","follow":"follow","max-snippet":"max-snippet:-1","max-image-preview":"max-image-preview:large","max-video-preview":"max-video-preview:-1"},"canonical":"https:\/\/www.correiobraziliense.com.br\/cbradar\/o-erro-no-preparo-do-acai-que-pode-causar-doenca-grave\/","og_locale":"pt_BR","og_type":"article","og_title":"O erro no preparo do a\u00e7a\u00ed que pode causar doen\u00e7a grave - Correio Braziliense - Radar","og_description":"A Doen\u00e7a de Chagas voltou ao debate ap\u00f3s casos ligados ao consumo de a\u00e7a\u00ed contaminado e levantou alertas sobre seguran\u00e7a alimentar.","og_url":"https:\/\/www.correiobraziliense.com.br\/cbradar\/o-erro-no-preparo-do-acai-que-pode-causar-doenca-grave\/","og_site_name":"Correio Braziliense - Radar","article_published_time":"2026-01-09T21:25:00+00:00","og_image":[{"width":1280,"height":720,"url":"https:\/\/www.correiobraziliense.com.br\/cbradar\/wp-content\/uploads\/2025\/06\/suco-de-acai_1750074372331.jpg","type":"image\/jpeg"}],"author":"guilherme_saude","twitter_card":"summary_large_image","twitter_misc":{"Escrito por":"guilherme_saude","Est. tempo de leitura":"4 minutos"},"schema":{"@context":"https:\/\/schema.org","@graph":[{"@type":"WebPage","@id":"https:\/\/www.correiobraziliense.com.br\/cbradar\/o-erro-no-preparo-do-acai-que-pode-causar-doenca-grave\/","url":"https:\/\/www.correiobraziliense.com.br\/cbradar\/o-erro-no-preparo-do-acai-que-pode-causar-doenca-grave\/","name":"O erro no preparo do a\u00e7a\u00ed que pode causar doen\u00e7a grave - Correio Braziliense - Radar","isPartOf":{"@id":"https:\/\/www.correiobraziliense.com.br\/cbradar\/#website"},"primaryImageOfPage":{"@id":"https:\/\/www.correiobraziliense.com.br\/cbradar\/o-erro-no-preparo-do-acai-que-pode-causar-doenca-grave\/#primaryimage"},"image":{"@id":"https:\/\/www.correiobraziliense.com.br\/cbradar\/o-erro-no-preparo-do-acai-que-pode-causar-doenca-grave\/#primaryimage"},"thumbnailUrl":"https:\/\/www.correiobraziliense.com.br\/cbradar\/wp-content\/uploads\/2025\/06\/suco-de-acai_1750074372331.jpg","datePublished":"2026-01-09T21:25:00+00:00","author":{"@id":"https:\/\/www.correiobraziliense.com.br\/cbradar\/#\/schema\/person\/5aa4bf3c8fa699c267933611de12978b"},"description":"A Doen\u00e7a de Chagas voltou ao debate ap\u00f3s casos ligados ao consumo de a\u00e7a\u00ed contaminado e levantou alertas sobre seguran\u00e7a alimentar.","breadcrumb":{"@id":"https:\/\/www.correiobraziliense.com.br\/cbradar\/o-erro-no-preparo-do-acai-que-pode-causar-doenca-grave\/#breadcrumb"},"inLanguage":"pt-BR","potentialAction":[{"@type":"ReadAction","target":["https:\/\/www.correiobraziliense.com.br\/cbradar\/o-erro-no-preparo-do-acai-que-pode-causar-doenca-grave\/"]}]},{"@type":"ImageObject","inLanguage":"pt-BR","@id":"https:\/\/www.correiobraziliense.com.br\/cbradar\/o-erro-no-preparo-do-acai-que-pode-causar-doenca-grave\/#primaryimage","url":"https:\/\/www.correiobraziliense.com.br\/cbradar\/wp-content\/uploads\/2025\/06\/suco-de-acai_1750074372331.jpg","contentUrl":"https:\/\/www.correiobraziliense.com.br\/cbradar\/wp-content\/uploads\/2025\/06\/suco-de-acai_1750074372331.jpg","width":1280,"height":720,"caption":"Suco de a\u00e7a\u00ed - Cr\u00e9ditos: depositphotos.com \/ diogoppr"},{"@type":"BreadcrumbList","@id":"https:\/\/www.correiobraziliense.com.br\/cbradar\/o-erro-no-preparo-do-acai-que-pode-causar-doenca-grave\/#breadcrumb","itemListElement":[{"@type":"ListItem","position":1,"name":"In\u00edcio","item":"https:\/\/www.correiobraziliense.com.br\/cbradar\/"},{"@type":"ListItem","position":2,"name":"O erro no preparo do a\u00e7a\u00ed que pode causar doen\u00e7a grave"}]},{"@type":"WebSite","@id":"https:\/\/www.correiobraziliense.com.br\/cbradar\/#website","url":"https:\/\/www.correiobraziliense.com.br\/cbradar\/","name":"Correio Braziliense - Radar","description":"Acompanhe as \u00faltimas not\u00edcias e fique bem informado sobre tudo o que acontece no Brasil e no mundo.","potentialAction":[{"@type":"SearchAction","target":{"@type":"EntryPoint","urlTemplate":"https:\/\/www.correiobraziliense.com.br\/cbradar\/?s={search_term_string}"},"query-input":{"@type":"PropertyValueSpecification","valueRequired":true,"valueName":"search_term_string"}}],"inLanguage":"pt-BR"},{"@type":"Person","@id":"https:\/\/www.correiobraziliense.com.br\/cbradar\/#\/schema\/person\/5aa4bf3c8fa699c267933611de12978b","name":"guilherme_saude","image":{"@type":"ImageObject","inLanguage":"pt-BR","@id":"https:\/\/www.correiobraziliense.com.br\/cbradar\/#\/schema\/person\/image\/","url":"https:\/\/secure.gravatar.com\/avatar\/df9adfb835d344bc0af109d41756253f?s=96&d=mm&r=g","contentUrl":"https:\/\/secure.gravatar.com\/avatar\/df9adfb835d344bc0af109d41756253f?s=96&d=mm&r=g","caption":"guilherme_saude"},"url":"https:\/\/www.correiobraziliense.com.br\/cbradar\/author\/guilherme_saude\/"}]}},"_links":{"self":[{"href":"https:\/\/www.correiobraziliense.com.br\/cbradar\/wp-json\/wp\/v2\/posts\/171184","targetHints":{"allow":["GET"]}}],"collection":[{"href":"https:\/\/www.correiobraziliense.com.br\/cbradar\/wp-json\/wp\/v2\/posts"}],"about":[{"href":"https:\/\/www.correiobraziliense.com.br\/cbradar\/wp-json\/wp\/v2\/types\/post"}],"author":[{"embeddable":true,"href":"https:\/\/www.correiobraziliense.com.br\/cbradar\/wp-json\/wp\/v2\/users\/14"}],"replies":[{"embeddable":true,"href":"https:\/\/www.correiobraziliense.com.br\/cbradar\/wp-json\/wp\/v2\/comments?post=171184"}],"version-history":[{"count":1,"href":"https:\/\/www.correiobraziliense.com.br\/cbradar\/wp-json\/wp\/v2\/posts\/171184\/revisions"}],"predecessor-version":[{"id":171187,"href":"https:\/\/www.correiobraziliense.com.br\/cbradar\/wp-json\/wp\/v2\/posts\/171184\/revisions\/171187"}],"wp:featuredmedia":[{"embeddable":true,"href":"https:\/\/www.correiobraziliense.com.br\/cbradar\/wp-json\/wp\/v2\/media\/54145"}],"wp:attachment":[{"href":"https:\/\/www.correiobraziliense.com.br\/cbradar\/wp-json\/wp\/v2\/media?parent=171184"}],"wp:term":[{"taxonomy":"category","embeddable":true,"href":"https:\/\/www.correiobraziliense.com.br\/cbradar\/wp-json\/wp\/v2\/categories?post=171184"},{"taxonomy":"post_tag","embeddable":true,"href":"https:\/\/www.correiobraziliense.com.br\/cbradar\/wp-json\/wp\/v2\/tags?post=171184"}],"curies":[{"name":"wp","href":"https:\/\/api.w.org\/{rel}","templated":true}]}}