{"id":17119,"date":"2025-03-31T15:30:00","date_gmt":"2025-03-31T18:30:00","guid":{"rendered":"https:\/\/www.correiobraziliense.com.br\/cbradar\/?p=17119"},"modified":"2025-06-30T15:00:50","modified_gmt":"2025-06-30T18:00:50","slug":"taylor-swift-pode-ser-a-proxima-a-entrar-no-universo-da-marvel-entenda","status":"publish","type":"post","link":"https:\/\/www.correiobraziliense.com.br\/cbradar\/taylor-swift-pode-ser-a-proxima-a-entrar-no-universo-da-marvel-entenda\/","title":{"rendered":"Taylor Swift pode ser a pr\u00f3xima a entrar no universo da Marvel, entenda"},"content":{"rendered":"\n<p>Imagina s\u00f3: <strong>Taylor Swift<\/strong> vestindo uma roupa de super-hero\u00edna e salvando o mundo nos cinemas. Essa possibilidade est\u00e1 mais pr\u00f3xima da realidade do que voc\u00ea imagina. Nos \u00faltimos meses, v\u00e1rias fontes confirmaram que a cantora teve conversas s\u00e9rias com a <strong>Marvel Studios<\/strong> sobre um poss\u00edvel papel no <strong>Universo Cinematogr\u00e1fico da Marvel<\/strong>.<\/p>\n\n\n\n<p>A hist\u00f3ria n\u00e3o \u00e9 nova, mas agora ganhou for\u00e7a total. Tudo come\u00e7ou quando a cara da <strong>Taylor<\/strong> apareceu na capa do \u00e1lbum da <strong>Dazzler<\/strong> no <a href=\"https:\/\/www.correiobraziliense.com.br\/cbradar\/quais-eram-os-concorrentes-de-ainda-estou-aqui-no-oscar\/\" target=\"_blank\" rel=\"noreferrer noopener\">filme <\/a>&#8220;X-Men: Apocalipse&#8221;. Coincid\u00eancia? Improv\u00e1vel. A <strong>Marvel<\/strong> j\u00e1 tinha de olho na cantora h\u00e1 um bom tempo, e essa foi s\u00f3 uma forma de testar as \u00e1guas.<\/p>\n\n\n\n<h2 class=\"wp-block-heading\"><strong>Por que Taylor Swift chamou aten\u00e7\u00e3o da Marvel Studios?<\/strong><\/h2>\n\n\n<div class=\"wp-block-image\">\n<figure class=\"aligncenter size-large\"><img decoding=\"async\" width=\"1024\" height=\"576\" src=\"https:\/\/www.correiobraziliense.com.br\/cbradar\/wp-content\/uploads\/2025\/03\/Taylor-Swift_1743270593773-1024x576.jpg\" alt=\"Taylor Swift pode ser a pr\u00f3xima a entrar no universo da Marvel, entenda\" class=\"wp-image-17125\" srcset=\"https:\/\/www.correiobraziliense.com.br\/cbradar\/wp-content\/uploads\/2025\/03\/Taylor-Swift_1743270593773-1024x576.jpg 1024w, https:\/\/www.correiobraziliense.com.br\/cbradar\/wp-content\/uploads\/2025\/03\/Taylor-Swift_1743270593773-300x169.jpg 300w, https:\/\/www.correiobraziliense.com.br\/cbradar\/wp-content\/uploads\/2025\/03\/Taylor-Swift_1743270593773-768x432.jpg 768w, https:\/\/www.correiobraziliense.com.br\/cbradar\/wp-content\/uploads\/2025\/03\/Taylor-Swift_1743270593773-750x422.jpg 750w, https:\/\/www.correiobraziliense.com.br\/cbradar\/wp-content\/uploads\/2025\/03\/Taylor-Swift_1743270593773-1140x641.jpg 1140w, https:\/\/www.correiobraziliense.com.br\/cbradar\/wp-content\/uploads\/2025\/03\/Taylor-Swift_1743270593773.jpg 1280w\" sizes=\"(max-width: 1024px) 100vw, 1024px\" \/><figcaption class=\"wp-element-caption\">Taylor Swift. Cr\u00e9ditos: depositphotos.com \/ Image Press Agency<\/figcaption><\/figure><\/div>\n\n\n<p>A trajet\u00f3ria art\u00edstica de <strong>Taylor Swift<\/strong> demonstra versatilidade que vai muito al\u00e9m da m\u00fasica. A cantora j\u00e1 participou de produ\u00e7\u00f5es como &#8220;Hannah Montana: O Filme&#8221;, &#8220;Idas e Vindas do Amor&#8221;, &#8220;CSI: Investiga\u00e7\u00e3o Criminal&#8221; e mais recentemente &#8220;Amsterdam&#8221; ao lado de <strong>Christian Bale<\/strong> e <strong>Margot Robbie<\/strong>. Sua experi\u00eancia em diferentes g\u00eaneros comprova capacidade de adapta\u00e7\u00e3o que a <strong><a href=\"https:\/\/www.marvel.com\/\" target=\"_blank\" rel=\"noreferrer noopener\">Marvel<\/a><\/strong> valoriza em seus projetos.<\/p>\n\n\n\n<p>Swift tamb\u00e9m se aventurou na dire\u00e7\u00e3o, produzindo e dirigindo o curta-metragem &#8220;All Too Well: The Short Film&#8221;, mostrando que sua vis\u00e3o criativa n\u00e3o se limita apenas \u00e0 performance. Essa habilidade multifacetada alinha-se perfeitamente com a abordagem da <strong>Marvel Studios<\/strong>, que frequentemente busca artistas com diferentes talentos para enriquecer suas produ\u00e7\u00f5es.<\/p>\n\n\n\n<h2 class=\"wp-block-heading\"><strong>Qual personagem Taylor Swift poderia interpretar no MCU?<\/strong><\/h2>\n\n\n\n<p>A personagem <strong>Dazzler<\/strong> permanece como a escolha mais prov\u00e1vel para <strong>Taylor Swift<\/strong> no <strong>MCU<\/strong>. <strong>Alison Blaire<\/strong>, conhecida como <strong>Dazzler<\/strong>, \u00e9 uma mutante com habilidades que convertem ondas sonoras em feixes de luz e energia. A conex\u00e3o com a carreira musical de Swift torna essa escala\u00e7\u00e3o praticamente perfeita do ponto de vista narrativo.<\/p>\n\n\n\n<p>Outro rumor interessante envolve a possibilidade de Swift interpretar <strong>Blonde Phantom<\/strong> em uma s\u00e9rie limitada para o <strong>Disney+<\/strong>. Esta personagem da Era de Ouro da <strong>Marvel<\/strong> ofereceria uma abordagem mais adulta e sombria, similar ao tom de &#8220;Jessica Jones&#8221;. A <strong>Blonde Phantom<\/strong> era uma vigilante sem superpoderes que lutava contra o crime usando apenas habilidades humanas e determina\u00e7\u00e3o.<\/p>\n\n\n\n<h2 class=\"wp-block-heading\"><strong>Como a entrada de Swift transformaria o Universo Marvel?<\/strong><\/h2>\n\n\n\n<blockquote class=\"instagram-media\" data-instgrm-captioned data-instgrm-permalink=\"https:\/\/www.instagram.com\/p\/DDdQlYOuVxM\/?utm_source=ig_embed&amp;utm_campaign=loading\" data-instgrm-version=\"14\" style=\" background:#FFF; border:0; border-radius:3px; box-shadow:0 0 1px 0 rgba(0,0,0,0.5),0 1px 10px 0 rgba(0,0,0,0.15); margin: 1px; max-width:540px; min-width:326px; padding:0; width:99.375%; width:-webkit-calc(100% - 2px); width:calc(100% - 2px);\"><div style=\"padding:16px;\"> <a href=\"https:\/\/www.instagram.com\/p\/DDdQlYOuVxM\/?utm_source=ig_embed&amp;utm_campaign=loading\" style=\" background:#FFFFFF; line-height:0; padding:0 0; text-align:center; text-decoration:none; width:100%;\" target=\"_blank\"> <div style=\" display: flex; flex-direction: row; align-items: center;\"> <div style=\"background-color: #F4F4F4; border-radius: 50%; flex-grow: 0; height: 40px; margin-right: 14px; width: 40px;\"><\/div> <div style=\"display: flex; flex-direction: column; flex-grow: 1; justify-content: center;\"> <div style=\" background-color: #F4F4F4; border-radius: 4px; flex-grow: 0; height: 14px; margin-bottom: 6px; width: 100px;\"><\/div> <div style=\" background-color: #F4F4F4; border-radius: 4px; flex-grow: 0; height: 14px; width: 60px;\"><\/div><\/div><\/div><div style=\"padding: 19% 0;\"><\/div> <div style=\"display:block; height:50px; margin:0 auto 12px; width:50px;\"><svg width=\"50px\" height=\"50px\" viewBox=\"0 0 60 60\" version=\"1.1\" xmlns=\"https:\/\/www.w3.org\/2000\/svg\" xmlns:xlink=\"https:\/\/www.w3.org\/1999\/xlink\"><g stroke=\"none\" stroke-width=\"1\" fill=\"none\" fill-rule=\"evenodd\"><g transform=\"translate(-511.000000, -20.000000)\" fill=\"#000000\"><g><path d=\"M556.869,30.41 C554.814,30.41 553.148,32.076 553.148,34.131 C553.148,36.186 554.814,37.852 556.869,37.852 C558.924,37.852 560.59,36.186 560.59,34.131 C560.59,32.076 558.924,30.41 556.869,30.41 M541,60.657 C535.114,60.657 530.342,55.887 530.342,50 C530.342,44.114 535.114,39.342 541,39.342 C546.887,39.342 551.658,44.114 551.658,50 C551.658,55.887 546.887,60.657 541,60.657 M541,33.886 C532.1,33.886 524.886,41.1 524.886,50 C524.886,58.899 532.1,66.113 541,66.113 C549.9,66.113 557.115,58.899 557.115,50 C557.115,41.1 549.9,33.886 541,33.886 M565.378,62.101 C565.244,65.022 564.756,66.606 564.346,67.663 C563.803,69.06 563.154,70.057 562.106,71.106 C561.058,72.155 560.06,72.803 558.662,73.347 C557.607,73.757 556.021,74.244 553.102,74.378 C549.944,74.521 548.997,74.552 541,74.552 C533.003,74.552 532.056,74.521 528.898,74.378 C525.979,74.244 524.393,73.757 523.338,73.347 C521.94,72.803 520.942,72.155 519.894,71.106 C518.846,70.057 518.197,69.06 517.654,67.663 C517.244,66.606 516.755,65.022 516.623,62.101 C516.479,58.943 516.448,57.996 516.448,50 C516.448,42.003 516.479,41.056 516.623,37.899 C516.755,34.978 517.244,33.391 517.654,32.338 C518.197,30.938 518.846,29.942 519.894,28.894 C520.942,27.846 521.94,27.196 523.338,26.654 C524.393,26.244 525.979,25.756 528.898,25.623 C532.057,25.479 533.004,25.448 541,25.448 C548.997,25.448 549.943,25.479 553.102,25.623 C556.021,25.756 557.607,26.244 558.662,26.654 C560.06,27.196 561.058,27.846 562.106,28.894 C563.154,29.942 563.803,30.938 564.346,32.338 C564.756,33.391 565.244,34.978 565.378,37.899 C565.522,41.056 565.552,42.003 565.552,50 C565.552,57.996 565.522,58.943 565.378,62.101 M570.82,37.631 C570.674,34.438 570.167,32.258 569.425,30.349 C568.659,28.377 567.633,26.702 565.965,25.035 C564.297,23.368 562.623,22.342 560.652,21.575 C558.743,20.834 556.562,20.326 553.369,20.18 C550.169,20.033 549.148,20 541,20 C532.853,20 531.831,20.033 528.631,20.18 C525.438,20.326 523.257,20.834 521.349,21.575 C519.376,22.342 517.703,23.368 516.035,25.035 C514.368,26.702 513.342,28.377 512.574,30.349 C511.834,32.258 511.326,34.438 511.181,37.631 C511.035,40.831 511,41.851 511,50 C511,58.147 511.035,59.17 511.181,62.369 C511.326,65.562 511.834,67.743 512.574,69.651 C513.342,71.625 514.368,73.296 516.035,74.965 C517.703,76.634 519.376,77.658 521.349,78.425 C523.257,79.167 525.438,79.673 528.631,79.82 C531.831,79.965 532.853,80.001 541,80.001 C549.148,80.001 550.169,79.965 553.369,79.82 C556.562,79.673 558.743,79.167 560.652,78.425 C562.623,77.658 564.297,76.634 565.965,74.965 C567.633,73.296 568.659,71.625 569.425,69.651 C570.167,67.743 570.674,65.562 570.82,62.369 C570.966,59.17 571,58.147 571,50 C571,41.851 570.966,40.831 570.82,37.631\"><\/path><\/g><\/g><\/g><\/svg><\/div><div style=\"padding-top: 8px;\"> <div style=\" color:#3897f0; font-family:Arial,sans-serif; font-size:14px; font-style:normal; font-weight:550; line-height:18px;\">Ver essa foto no Instagram<\/div><\/div><div style=\"padding: 12.5% 0;\"><\/div> <div style=\"display: flex; flex-direction: row; margin-bottom: 14px; align-items: center;\"><div> <div style=\"background-color: #F4F4F4; border-radius: 50%; height: 12.5px; width: 12.5px; transform: translateX(0px) translateY(7px);\"><\/div> <div style=\"background-color: #F4F4F4; height: 12.5px; transform: rotate(-45deg) translateX(3px) translateY(1px); width: 12.5px; flex-grow: 0; margin-right: 14px; margin-left: 2px;\"><\/div> <div style=\"background-color: #F4F4F4; border-radius: 50%; height: 12.5px; width: 12.5px; transform: translateX(9px) translateY(-18px);\"><\/div><\/div><div style=\"margin-left: 8px;\"> <div style=\" background-color: #F4F4F4; border-radius: 50%; flex-grow: 0; height: 20px; width: 20px;\"><\/div> <div style=\" width: 0; height: 0; border-top: 2px solid transparent; border-left: 6px solid #f4f4f4; border-bottom: 2px solid transparent; transform: translateX(16px) translateY(-4px) rotate(30deg)\"><\/div><\/div><div style=\"margin-left: auto;\"> <div style=\" width: 0px; border-top: 8px solid #F4F4F4; border-right: 8px solid transparent; transform: translateY(16px);\"><\/div> <div style=\" background-color: #F4F4F4; flex-grow: 0; height: 12px; width: 16px; transform: translateY(-4px);\"><\/div> <div style=\" width: 0; height: 0; border-top: 8px solid #F4F4F4; border-left: 8px solid transparent; transform: translateY(-4px) translateX(8px);\"><\/div><\/div><\/div> <div style=\"display: flex; flex-direction: column; flex-grow: 1; justify-content: center; margin-bottom: 24px;\"> <div style=\" background-color: #F4F4F4; border-radius: 4px; flex-grow: 0; height: 14px; margin-bottom: 6px; width: 224px;\"><\/div> <div style=\" background-color: #F4F4F4; border-radius: 4px; flex-grow: 0; height: 14px; width: 144px;\"><\/div><\/div><\/a><p style=\" color:#c9c8cd; font-family:Arial,sans-serif; font-size:14px; line-height:17px; margin-bottom:0; margin-top:8px; overflow:hidden; padding:8px 0 7px; text-align:center; text-overflow:ellipsis; white-space:nowrap;\"><a href=\"https:\/\/www.instagram.com\/p\/DDdQlYOuVxM\/?utm_source=ig_embed&amp;utm_campaign=loading\" style=\" color:#c9c8cd; font-family:Arial,sans-serif; font-size:14px; font-style:normal; font-weight:normal; line-height:17px; text-decoration:none;\" target=\"_blank\">Uma publica\u00e7\u00e3o compartilhada por Taylor Swift (@taylorswift)<\/a><\/p><\/div><\/blockquote>\n<script async src=\"\/\/www.instagram.com\/embed.js\"><\/script>\n\n\n\n<p>A inclus\u00e3o de <strong>Taylor Swift<\/strong> no <strong>MCU<\/strong> representaria muito mais que um simples casting. Sua participa\u00e7\u00e3o poderia atrair um p\u00fablico massivo que ainda n\u00e3o se conectou completamente com as produ\u00e7\u00f5es da <strong>Marvel<\/strong>, especialmente considerando sua base de f\u00e3s global que ultrapassa 400 milh\u00f5es de pessoas nas redes sociais.<\/p>\n\n\n\n<p>As conversas n\u00e3o se limitam apenas \u00e0 <strong>Marvel Studios<\/strong>, com rumores indicando que Swift tamb\u00e9m est\u00e1 avaliando propostas da <strong>DC Studios<\/strong> e outros est\u00fadios para projetos de super-her\u00f3is. Essa disputa entre est\u00fadios demonstra o valor estrat\u00e9gico que a ind\u00fastria cinematogr\u00e1fica v\u00ea na participa\u00e7\u00e3o da cantora no g\u00eanero de super-her\u00f3is.<\/p>\n\n\n\n<h2 class=\"wp-block-heading\"><strong>O que torna Taylor Swift ideal para o mundo dos super-her\u00f3is?<\/strong><\/h2>\n\n\n\n<p>A capacidade de <strong>Taylor Swift<\/strong> de reinventar sua imagem e m\u00fasica ao longo dos anos reflete a flexibilidade necess\u00e1ria para personagens de quadrinhos. Desde suas origens no country at\u00e9 o pop mainstream, passando por folk e indie, ela demonstrou habilidade de se adaptar a diferentes estilos sem perder sua ess\u00eancia.<\/p>\n\n\n\n<p>Sua experi\u00eancia em projetos audiovisuais inclui participa\u00e7\u00e3o em &#8220;O Doador de Mem\u00f3rias&#8221;, onde interpretou <strong>Rosemary<\/strong>, mostrando aptid\u00e3o para fic\u00e7\u00e3o cient\u00edfica. Essa viv\u00eancia em g\u00eaneros fant\u00e1sticos pode ser fundamental para o sucesso em uma produ\u00e7\u00e3o da <strong>Marvel<\/strong>, que frequentemente mescla elementos de fic\u00e7\u00e3o cient\u00edfica, fantasia e a\u00e7\u00e3o.<\/p>\n\n\n\n<p>A entrada de <strong>Taylor Swift<\/strong> no <strong>MCU<\/strong> permanece no campo das especula\u00e7\u00f5es, mas os sinais apontam para negocia\u00e7\u00f5es s\u00e9rias. Se confirmada, sua participa\u00e7\u00e3o pode marcar um novo cap\u00edtulo tanto para sua carreira quanto para o futuro do <strong>Universo Cinematogr\u00e1fico da Marvel<\/strong>.<\/p>\n","protected":false},"excerpt":{"rendered":"<p>Taylor Swift negociando papel no MCU? Saiba mais sobre os rumores em torno da poss\u00edvel entrada da cantora no universo da Marvel.<\/p>\n","protected":false},"author":3,"featured_media":17124,"comment_status":"open","ping_status":"open","sticky":false,"template":"","format":"standard","meta":{"jnews-multi-image_gallery":[],"jnews_single_post":{"format":"standard"},"jnews_primary_category":[],"jnews_social_meta":[],"jnews_override_counter":[],"footnotes":""},"categories":[140],"post_tag":[534,802],"class_list":["post-17119","post","type-post","status-publish","format-standard","has-post-thumbnail","hentry","category-entretenimento","tag-fortunas","tag-taylor-swift"],"yoast_head":"<!-- This site is optimized with the Yoast SEO plugin v24.6 - https:\/\/yoast.com\/wordpress\/plugins\/seo\/ -->\n<title>Taylor Swift pode ser a pr\u00f3xima a entrar no universo da Marvel, entenda<\/title>\n<meta name=\"description\" content=\"Taylor Swift negociando papel no MCU? Saiba mais sobre os rumores em torno da poss\u00edvel entrada da cantora no universo da Marvel.\" \/>\n<meta name=\"robots\" content=\"index, follow, max-snippet:-1, max-image-preview:large, max-video-preview:-1\" \/>\n<link rel=\"canonical\" href=\"https:\/\/www.correiobraziliense.com.br\/cbradar\/taylor-swift-pode-ser-a-proxima-a-entrar-no-universo-da-marvel-entenda\/\" \/>\n<meta property=\"og:locale\" content=\"pt_BR\" \/>\n<meta property=\"og:type\" content=\"article\" \/>\n<meta property=\"og:title\" content=\"Taylor Swift pode ser a pr\u00f3xima a entrar no universo da Marvel, entenda\" \/>\n<meta property=\"og:description\" content=\"Taylor Swift negociando papel no MCU? Saiba mais sobre os rumores em torno da poss\u00edvel entrada da cantora no universo da Marvel.\" \/>\n<meta property=\"og:url\" content=\"https:\/\/www.correiobraziliense.com.br\/cbradar\/taylor-swift-pode-ser-a-proxima-a-entrar-no-universo-da-marvel-entenda\/\" \/>\n<meta property=\"og:site_name\" content=\"Correio Braziliense - Radar\" \/>\n<meta property=\"article:published_time\" content=\"2025-03-31T18:30:00+00:00\" \/>\n<meta property=\"article:modified_time\" content=\"2025-06-30T18:00:50+00:00\" \/>\n<meta property=\"og:image\" content=\"https:\/\/www.correiobraziliense.com.br\/cbradar\/wp-content\/uploads\/2025\/03\/Taylor-Swift_1743270561050.jpg\" \/>\n\t<meta property=\"og:image:width\" content=\"1280\" \/>\n\t<meta property=\"og:image:height\" content=\"720\" \/>\n\t<meta property=\"og:image:type\" content=\"image\/jpeg\" \/>\n<meta name=\"author\" content=\"Larissa Carvalho\" \/>\n<meta name=\"twitter:card\" content=\"summary_large_image\" \/>\n<meta name=\"twitter:label1\" content=\"Escrito por\" \/>\n\t<meta name=\"twitter:data1\" content=\"Larissa Carvalho\" \/>\n\t<meta name=\"twitter:label2\" content=\"Est. tempo de leitura\" \/>\n\t<meta name=\"twitter:data2\" content=\"4 minutos\" \/>\n<!-- \/ Yoast SEO plugin. -->","yoast_head_json":{"title":"Taylor Swift pode ser a pr\u00f3xima a entrar no universo da Marvel, entenda","description":"Taylor Swift negociando papel no MCU? Saiba mais sobre os rumores em torno da poss\u00edvel entrada da cantora no universo da Marvel.","robots":{"index":"index","follow":"follow","max-snippet":"max-snippet:-1","max-image-preview":"max-image-preview:large","max-video-preview":"max-video-preview:-1"},"canonical":"https:\/\/www.correiobraziliense.com.br\/cbradar\/taylor-swift-pode-ser-a-proxima-a-entrar-no-universo-da-marvel-entenda\/","og_locale":"pt_BR","og_type":"article","og_title":"Taylor Swift pode ser a pr\u00f3xima a entrar no universo da Marvel, entenda","og_description":"Taylor Swift negociando papel no MCU? Saiba mais sobre os rumores em torno da poss\u00edvel entrada da cantora no universo da Marvel.","og_url":"https:\/\/www.correiobraziliense.com.br\/cbradar\/taylor-swift-pode-ser-a-proxima-a-entrar-no-universo-da-marvel-entenda\/","og_site_name":"Correio Braziliense - Radar","article_published_time":"2025-03-31T18:30:00+00:00","article_modified_time":"2025-06-30T18:00:50+00:00","og_image":[{"width":1280,"height":720,"url":"https:\/\/www.correiobraziliense.com.br\/cbradar\/wp-content\/uploads\/2025\/03\/Taylor-Swift_1743270561050.jpg","type":"image\/jpeg"}],"author":"Larissa Carvalho","twitter_card":"summary_large_image","twitter_misc":{"Escrito por":"Larissa Carvalho","Est. tempo de leitura":"4 minutos"},"schema":{"@context":"https:\/\/schema.org","@graph":[{"@type":"WebPage","@id":"https:\/\/www.correiobraziliense.com.br\/cbradar\/taylor-swift-pode-ser-a-proxima-a-entrar-no-universo-da-marvel-entenda\/","url":"https:\/\/www.correiobraziliense.com.br\/cbradar\/taylor-swift-pode-ser-a-proxima-a-entrar-no-universo-da-marvel-entenda\/","name":"Taylor Swift pode ser a pr\u00f3xima a entrar no universo da Marvel, entenda","isPartOf":{"@id":"https:\/\/www.correiobraziliense.com.br\/cbradar\/#website"},"primaryImageOfPage":{"@id":"https:\/\/www.correiobraziliense.com.br\/cbradar\/taylor-swift-pode-ser-a-proxima-a-entrar-no-universo-da-marvel-entenda\/#primaryimage"},"image":{"@id":"https:\/\/www.correiobraziliense.com.br\/cbradar\/taylor-swift-pode-ser-a-proxima-a-entrar-no-universo-da-marvel-entenda\/#primaryimage"},"thumbnailUrl":"https:\/\/www.correiobraziliense.com.br\/cbradar\/wp-content\/uploads\/2025\/03\/Taylor-Swift_1743270561050.jpg","datePublished":"2025-03-31T18:30:00+00:00","dateModified":"2025-06-30T18:00:50+00:00","author":{"@id":"https:\/\/www.correiobraziliense.com.br\/cbradar\/#\/schema\/person\/58422787644df994b53a19d3e56c1513"},"description":"Taylor Swift negociando papel no MCU? Saiba mais sobre os rumores em torno da poss\u00edvel entrada da cantora no universo da Marvel.","breadcrumb":{"@id":"https:\/\/www.correiobraziliense.com.br\/cbradar\/taylor-swift-pode-ser-a-proxima-a-entrar-no-universo-da-marvel-entenda\/#breadcrumb"},"inLanguage":"pt-BR","potentialAction":[{"@type":"ReadAction","target":["https:\/\/www.correiobraziliense.com.br\/cbradar\/taylor-swift-pode-ser-a-proxima-a-entrar-no-universo-da-marvel-entenda\/"]}]},{"@type":"ImageObject","inLanguage":"pt-BR","@id":"https:\/\/www.correiobraziliense.com.br\/cbradar\/taylor-swift-pode-ser-a-proxima-a-entrar-no-universo-da-marvel-entenda\/#primaryimage","url":"https:\/\/www.correiobraziliense.com.br\/cbradar\/wp-content\/uploads\/2025\/03\/Taylor-Swift_1743270561050.jpg","contentUrl":"https:\/\/www.correiobraziliense.com.br\/cbradar\/wp-content\/uploads\/2025\/03\/Taylor-Swift_1743270561050.jpg","width":1280,"height":720,"caption":"Taylor Swift. Cr\u00e9ditos: depositphotos.com \/ Image Press Agency"},{"@type":"BreadcrumbList","@id":"https:\/\/www.correiobraziliense.com.br\/cbradar\/taylor-swift-pode-ser-a-proxima-a-entrar-no-universo-da-marvel-entenda\/#breadcrumb","itemListElement":[{"@type":"ListItem","position":1,"name":"In\u00edcio","item":"https:\/\/www.correiobraziliense.com.br\/cbradar\/"},{"@type":"ListItem","position":2,"name":"Taylor Swift pode ser a pr\u00f3xima a entrar no universo da Marvel, entenda"}]},{"@type":"WebSite","@id":"https:\/\/www.correiobraziliense.com.br\/cbradar\/#website","url":"https:\/\/www.correiobraziliense.com.br\/cbradar\/","name":"Correio Braziliense - Radar","description":"Acompanhe as \u00faltimas not\u00edcias e fique bem informado sobre tudo o que acontece no Brasil e no mundo.","potentialAction":[{"@type":"SearchAction","target":{"@type":"EntryPoint","urlTemplate":"https:\/\/www.correiobraziliense.com.br\/cbradar\/?s={search_term_string}"},"query-input":{"@type":"PropertyValueSpecification","valueRequired":true,"valueName":"search_term_string"}}],"inLanguage":"pt-BR"},{"@type":"Person","@id":"https:\/\/www.correiobraziliense.com.br\/cbradar\/#\/schema\/person\/58422787644df994b53a19d3e56c1513","name":"Larissa Carvalho","image":{"@type":"ImageObject","inLanguage":"pt-BR","@id":"https:\/\/www.correiobraziliense.com.br\/cbradar\/#\/schema\/person\/image\/","url":"https:\/\/secure.gravatar.com\/avatar\/fe4f91a0de32b52a838d0d612abdc1aa?s=96&d=mm&r=g","contentUrl":"https:\/\/secure.gravatar.com\/avatar\/fe4f91a0de32b52a838d0d612abdc1aa?s=96&d=mm&r=g","caption":"Larissa Carvalho"},"url":"https:\/\/www.correiobraziliense.com.br\/cbradar\/author\/larissamyth\/"}]}},"_links":{"self":[{"href":"https:\/\/www.correiobraziliense.com.br\/cbradar\/wp-json\/wp\/v2\/posts\/17119","targetHints":{"allow":["GET"]}}],"collection":[{"href":"https:\/\/www.correiobraziliense.com.br\/cbradar\/wp-json\/wp\/v2\/posts"}],"about":[{"href":"https:\/\/www.correiobraziliense.com.br\/cbradar\/wp-json\/wp\/v2\/types\/post"}],"author":[{"embeddable":true,"href":"https:\/\/www.correiobraziliense.com.br\/cbradar\/wp-json\/wp\/v2\/users\/3"}],"replies":[{"embeddable":true,"href":"https:\/\/www.correiobraziliense.com.br\/cbradar\/wp-json\/wp\/v2\/comments?post=17119"}],"version-history":[{"count":2,"href":"https:\/\/www.correiobraziliense.com.br\/cbradar\/wp-json\/wp\/v2\/posts\/17119\/revisions"}],"predecessor-version":[{"id":62330,"href":"https:\/\/www.correiobraziliense.com.br\/cbradar\/wp-json\/wp\/v2\/posts\/17119\/revisions\/62330"}],"wp:featuredmedia":[{"embeddable":true,"href":"https:\/\/www.correiobraziliense.com.br\/cbradar\/wp-json\/wp\/v2\/media\/17124"}],"wp:attachment":[{"href":"https:\/\/www.correiobraziliense.com.br\/cbradar\/wp-json\/wp\/v2\/media?parent=17119"}],"wp:term":[{"taxonomy":"category","embeddable":true,"href":"https:\/\/www.correiobraziliense.com.br\/cbradar\/wp-json\/wp\/v2\/categories?post=17119"},{"taxonomy":"post_tag","embeddable":true,"href":"https:\/\/www.correiobraziliense.com.br\/cbradar\/wp-json\/wp\/v2\/post_tag?post=17119"}],"curies":[{"name":"wp","href":"https:\/\/api.w.org\/{rel}","templated":true}]}}