{"id":171197,"date":"2026-01-09T21:35:00","date_gmt":"2026-01-10T00:35:00","guid":{"rendered":"https:\/\/www.correiobraziliense.com.br\/cbradar\/?p=171197"},"modified":"2026-01-08T20:26:19","modified_gmt":"2026-01-08T23:26:19","slug":"o-cha-delicado-que-pode-melhorar-digestao-e-inflamacao","status":"publish","type":"post","link":"https:\/\/www.correiobraziliense.com.br\/cbradar\/o-cha-delicado-que-pode-melhorar-digestao-e-inflamacao\/","title":{"rendered":"O ch\u00e1 delicado que pode melhorar digest\u00e3o e inflama\u00e7\u00e3o"},"content":{"rendered":"\n<p>Com a chegada de um novo ano, muitos se esfor\u00e7am para recuperar o equil\u00edbrio ap\u00f3s os excessos do per\u00edodo festivo. Al\u00e9m de uma alimenta\u00e7\u00e3o equilibrada e da pr\u00e1tica de exerc\u00edcios f\u00edsicos, o uso de ch\u00e1s pode ser um aliado importante nessa jornada. Entre eles, o <strong>Ch\u00e1 de Jasmim<\/strong> vem se destacando por suas propriedades ben\u00e9ficas. Feito a partir de ch\u00e1 verde ou branco aromatizado com jasmim, ele \u00e9 conhecido por seus compostos que favorecem o metabolismo e auxiliam na digest\u00e3o.<\/p>\n\n\n\n<p>De acordo com especialistas, o ch\u00e1 de jasmim cont\u00e9m uma mistura valiosa de catequinas, polifen\u00f3is e aromas vol\u00e1teis. Esses componentes n\u00e3o s\u00f3 conferem \u00e0 bebida um perfume agrad\u00e1vel, mas tamb\u00e9m desempenham um papel importante na sa\u00fade geral. Eles ajudam a mitigar processos inflamat\u00f3rios, combater o estresse oxidativo e melhorar a sa\u00fade cardiovascular. Al\u00e9m disso, proporcionam uma sensa\u00e7\u00e3o de relaxamento sem induzir sonol\u00eancia em excesso.<\/p>\n\n\n\n<h2 class=\"wp-block-heading\">Como o Ch\u00e1 de Jasmim contribui para o metabolismo?<\/h2>\n\n\n\n<p>O potencial impacto do ch\u00e1 de jasmim no metabolismo \u00e9 um dos pontos de interesse nos estudos sobre a bebida. Especialmente quando preparado com ch\u00e1 verde como base, ele cont\u00e9m catequinas, como a epigalocatequina galato, e pequenas quantidades de cafe\u00edna. Essa combina\u00e7\u00e3o est\u00e1 associada ao aumento do gasto energ\u00e9tico e \u00e0 maior oxida\u00e7\u00e3o de gorduras, auxiliando assim na manuten\u00e7\u00e3o de um metabolismo saud\u00e1vel.<\/p>\n\n\n\n<p>Embora as evid\u00eancias em humanos ainda sejam limitadas, pesquisas em modelos animais oferecem insights promissores sobre a efic\u00e1cia desses compostos. Eles podem influenciar a regula\u00e7\u00e3o de processos metab\u00f3licos no f\u00edgado e no tecido adiposo, al\u00e9m de possivelmente reduzir inflama\u00e7\u00f5es ligadas a dist\u00farbios metab\u00f3licos.<\/p>\n\n\n<div class=\"wp-block-image\">\n<figure class=\"aligncenter size-large\"><img decoding=\"async\" width=\"1024\" height=\"576\" src=\"https:\/\/www.correiobraziliense.com.br\/cbradar\/wp-content\/uploads\/2025\/12\/Cha-de-Jasmim_1767189679271-1024x576.jpg\" alt=\"\" class=\"wp-image-166298\" srcset=\"https:\/\/www.correiobraziliense.com.br\/cbradar\/wp-content\/uploads\/2025\/12\/Cha-de-Jasmim_1767189679271-1024x576.jpg 1024w, https:\/\/www.correiobraziliense.com.br\/cbradar\/wp-content\/uploads\/2025\/12\/Cha-de-Jasmim_1767189679271-300x169.jpg 300w, https:\/\/www.correiobraziliense.com.br\/cbradar\/wp-content\/uploads\/2025\/12\/Cha-de-Jasmim_1767189679271-768x432.jpg 768w, https:\/\/www.correiobraziliense.com.br\/cbradar\/wp-content\/uploads\/2025\/12\/Cha-de-Jasmim_1767189679271-750x422.jpg 750w, https:\/\/www.correiobraziliense.com.br\/cbradar\/wp-content\/uploads\/2025\/12\/Cha-de-Jasmim_1767189679271-1140x641.jpg 1140w, https:\/\/www.correiobraziliense.com.br\/cbradar\/wp-content\/uploads\/2025\/12\/Cha-de-Jasmim_1767189679271.jpg 1280w\" sizes=\"(max-width: 1024px) 100vw, 1024px\" \/><figcaption class=\"wp-element-caption\">Ch\u00e1 de Jasmim &#8211; Cr\u00e9ditos: depositphotos.com \/ joannawnuk<\/figcaption><\/figure><\/div>\n\n\n<h2 class=\"wp-block-heading\">O ch\u00e1 de jasmim pode melhorar a sa\u00fade digestiva?<\/h2>\n\n\n\n<p>A sa\u00fade digestiva \u00e9 outra \u00e1rea onde o ch\u00e1 de jasmim mostra potencial. Parte dos polifen\u00f3is presentes no ch\u00e1 n\u00e3o \u00e9 absorvida no intestino delgado, chegando ao c\u00f3lon onde serve como nutriente para bact\u00e9rias ben\u00e9ficas. Esse mecanismo pode ajudar a equilibrar a microbiota intestinal e diminuir inflama\u00e7\u00f5es leves, explicando o porqu\u00ea da sua associa\u00e7\u00e3o com melhorias digestivas.<\/p>\n\n\n\n<p>A incorpora\u00e7\u00e3o do ch\u00e1 de jasmim em uma dieta saud\u00e1vel pode, portanto, representar um suplemento valioso para a sa\u00fade digestiva e metab\u00f3lica.<\/p>\n\n\n\n<h2 class=\"wp-block-heading\">Qual \u00e9 a forma correta de preparar o ch\u00e1 de jasmim?<\/h2>\n\n\n\n<p>A forma de preparo do ch\u00e1 de jasmim \u00e9 crucial para a preserva\u00e7\u00e3o de seus compostos ativos. A \u00e1gua deve estar quente, mas n\u00e3o fervendo, com temperaturas ideais entre 70 \u00b0C e 80 \u00b0C. O tempo de infus\u00e3o n\u00e3o deve exceder tr\u00eas minutos para evitar a degrada\u00e7\u00e3o dos polifen\u00f3is e o aumento do amargor da bebida.<\/p>\n\n\n\n<p>Consumo moderado e precau\u00e7\u00f5es s\u00e3o importantes, j\u00e1 que a presen\u00e7a de cafe\u00edna pode causar efeitos indesejados em pessoas sens\u00edveis. O consumo exagerado pode gerar desconfortos, ent\u00e3o \u00e9 sempre importante manter o equil\u00edbrio.<\/p>\n\n\n\n<h2 class=\"wp-block-heading\">Quais cuidados devem ser tomados ao consumir ch\u00e1 de jasmim?<\/h2>\n\n\n\n<p>Mesmo com seus benef\u00edcios, o ch\u00e1 de jasmim n\u00e3o \u00e9 adequado para todos. Gestantes, lactantes ou pessoas com alergia \u00e0 planta devem evitar consumi-lo em doses terap\u00eauticas sem orienta\u00e7\u00e3o profissional, assim como aqueles em tratamento com anticoagulantes, anti-hipertensivos ou anticoncepcionais.<\/p>\n\n\n\n<p>Pessoas com condi\u00e7\u00f5es como gastrite, refluxo, ansiedade ou sensibilidade \u00e0 cafe\u00edna s\u00e3o aconselhadas a consumir a bebida com cautela. Al\u00e9m disso, o consumo do ch\u00e1 junto \u00e0s refei\u00e7\u00f5es pode interferir na absor\u00e7\u00e3o de ferro e n\u00e3o deve ser combinado com certos medicamentos sem orienta\u00e7\u00e3o m\u00e9dica.<\/p>\n\n\n<a href=\"https:\/\/www.instagram.com\/dra.annaluisabf\/\" target=\"_blank\" rel=\"noopener\" style=\"text-decoration: none; color: inherit;\">\n    <span style=\"display: inline-block; border: 1px solid #ccc; border-radius: 10px; padding: 15px; max-width: 550px; font-family: sans-serif; box-shadow: 0 2px 5px rgba(0,0,0,0.1); width: 100%;\">\n\n      <!-- T\u00edtulo -->\n      <span style=\"display: block; margin: 0 0 15px 0; font-weight: bold; color: #2c3e50; text-align: center;\">\n        Entre em contato:\n      <\/span>\n\n      <!-- Linha do perfil -->\n      <span style=\"display: flex; align-items: center; gap: 15px;\">\n        <img decoding=\"async\"\n          src=\"https:\/\/www.correiobraziliense.com.br\/cbradar\/wp-content\/uploads\/2025\/08\/dra_anna_luisa.jpeg\"\n          alt=\"Foto da Dra. Anna Lu\u00edsa\"\n          style=\"border-radius: 50%; width: 80px; height: 80px; object-fit: cover;\"\n        \/>\n        <span style=\"display: flex; flex-direction: column;\">\n          <span style=\"font-size: 18px; font-weight: 700; color: #2c3e50;\">Dra. Anna Lu\u00edsa Barbosa Fernandes<\/span>\n          <span style=\"color: #555;\">CRM-GO 33.271<\/span>\n        <\/span>\n      <\/span>\n\n      <!-- Redes -->\n      <span style=\"display: flex; align-items: center; gap: 10px; margin-top: 12px;\">\n        <img decoding=\"async\" src=\"https:\/\/cdn-icons-png.flaticon.com\/24\/1384\/1384063.png\" alt=\"Instagram\" width=\"24\" height=\"24\" \/>\n        <span style=\"text-decoration: underline; color: #2c3e50;\">@dra.annaluisabf<\/span>\n      <\/span>\n\n    <\/span>\n  <\/a>","protected":false},"excerpt":{"rendered":"<p>Com a chegada de um novo ano, muitos se esfor\u00e7am para recuperar o equil\u00edbrio ap\u00f3s os excessos do per\u00edodo festivo. Al\u00e9m de uma alimenta\u00e7\u00e3o equilibrada e da pr\u00e1tica de exerc\u00edcios f\u00edsicos, o uso de ch\u00e1s pode ser um aliado importante nessa jornada. Entre eles, o Ch\u00e1 de Jasmim vem se destacando por suas propriedades ben\u00e9ficas. [&hellip;]<\/p>\n","protected":false},"author":14,"featured_media":166297,"comment_status":"open","ping_status":"open","sticky":false,"template":"","format":"standard","meta":{"_yoast_wpseo_focuskw":"Ch\u00e1 de Jasmim","_yoast_wpseo_title":"","_yoast_wpseo_metadesc":"O ch\u00e1 de jasmim combina aroma e compostos ativos que podem ajudar no metabolismo, digest\u00e3o e equil\u00edbrio ap\u00f3s per\u00edodos de excessos.","jnews-multi-image_gallery":[],"jnews_single_post":{"format":"standard"},"jnews_primary_category":[],"jnews_social_meta":[],"jnews_override_counter":[],"footnotes":""},"categories":[4404],"tags":[120,565,1318],"class_list":["post-171197","post","type-post","status-publish","format-standard","has-post-thumbnail","hentry","category-saude","tag-bem-estar","tag-saude","tag-saude-2"],"yoast_head":"<!-- This site is optimized with the Yoast SEO plugin v24.6 - https:\/\/yoast.com\/wordpress\/plugins\/seo\/ -->\n<title>O ch\u00e1 delicado que pode melhorar digest\u00e3o e inflama\u00e7\u00e3o - Correio Braziliense - Radar<\/title>\n<meta name=\"description\" content=\"O ch\u00e1 de jasmim combina aroma e compostos ativos que podem ajudar no metabolismo, digest\u00e3o e equil\u00edbrio ap\u00f3s per\u00edodos de excessos.\" \/>\n<meta name=\"robots\" content=\"index, follow, max-snippet:-1, max-image-preview:large, max-video-preview:-1\" \/>\n<link rel=\"canonical\" href=\"https:\/\/www.correiobraziliense.com.br\/cbradar\/o-cha-delicado-que-pode-melhorar-digestao-e-inflamacao\/\" \/>\n<meta property=\"og:locale\" content=\"pt_BR\" \/>\n<meta property=\"og:type\" content=\"article\" \/>\n<meta property=\"og:title\" content=\"O ch\u00e1 delicado que pode melhorar digest\u00e3o e inflama\u00e7\u00e3o - Correio Braziliense - Radar\" \/>\n<meta property=\"og:description\" content=\"O ch\u00e1 de jasmim combina aroma e compostos ativos que podem ajudar no metabolismo, digest\u00e3o e equil\u00edbrio ap\u00f3s per\u00edodos de excessos.\" \/>\n<meta property=\"og:url\" content=\"https:\/\/www.correiobraziliense.com.br\/cbradar\/o-cha-delicado-que-pode-melhorar-digestao-e-inflamacao\/\" \/>\n<meta property=\"og:site_name\" content=\"Correio Braziliense - Radar\" \/>\n<meta property=\"article:published_time\" content=\"2026-01-10T00:35:00+00:00\" \/>\n<meta property=\"og:image\" content=\"https:\/\/www.correiobraziliense.com.br\/cbradar\/wp-content\/uploads\/2025\/12\/Cha-de-Jasmim_1767189611212.jpg\" \/>\n\t<meta property=\"og:image:width\" content=\"1280\" \/>\n\t<meta property=\"og:image:height\" content=\"720\" \/>\n\t<meta property=\"og:image:type\" content=\"image\/jpeg\" \/>\n<meta name=\"author\" content=\"guilherme_saude\" \/>\n<meta name=\"twitter:card\" content=\"summary_large_image\" \/>\n<meta name=\"twitter:label1\" content=\"Escrito por\" \/>\n\t<meta name=\"twitter:data1\" content=\"guilherme_saude\" \/>\n\t<meta name=\"twitter:label2\" content=\"Est. tempo de leitura\" \/>\n\t<meta name=\"twitter:data2\" content=\"4 minutos\" \/>\n<!-- \/ Yoast SEO plugin. -->","yoast_head_json":{"title":"O ch\u00e1 delicado que pode melhorar digest\u00e3o e inflama\u00e7\u00e3o - Correio Braziliense - Radar","description":"O ch\u00e1 de jasmim combina aroma e compostos ativos que podem ajudar no metabolismo, digest\u00e3o e equil\u00edbrio ap\u00f3s per\u00edodos de excessos.","robots":{"index":"index","follow":"follow","max-snippet":"max-snippet:-1","max-image-preview":"max-image-preview:large","max-video-preview":"max-video-preview:-1"},"canonical":"https:\/\/www.correiobraziliense.com.br\/cbradar\/o-cha-delicado-que-pode-melhorar-digestao-e-inflamacao\/","og_locale":"pt_BR","og_type":"article","og_title":"O ch\u00e1 delicado que pode melhorar digest\u00e3o e inflama\u00e7\u00e3o - Correio Braziliense - Radar","og_description":"O ch\u00e1 de jasmim combina aroma e compostos ativos que podem ajudar no metabolismo, digest\u00e3o e equil\u00edbrio ap\u00f3s per\u00edodos de excessos.","og_url":"https:\/\/www.correiobraziliense.com.br\/cbradar\/o-cha-delicado-que-pode-melhorar-digestao-e-inflamacao\/","og_site_name":"Correio Braziliense - Radar","article_published_time":"2026-01-10T00:35:00+00:00","og_image":[{"width":1280,"height":720,"url":"https:\/\/www.correiobraziliense.com.br\/cbradar\/wp-content\/uploads\/2025\/12\/Cha-de-Jasmim_1767189611212.jpg","type":"image\/jpeg"}],"author":"guilherme_saude","twitter_card":"summary_large_image","twitter_misc":{"Escrito por":"guilherme_saude","Est. tempo de leitura":"4 minutos"},"schema":{"@context":"https:\/\/schema.org","@graph":[{"@type":"WebPage","@id":"https:\/\/www.correiobraziliense.com.br\/cbradar\/o-cha-delicado-que-pode-melhorar-digestao-e-inflamacao\/","url":"https:\/\/www.correiobraziliense.com.br\/cbradar\/o-cha-delicado-que-pode-melhorar-digestao-e-inflamacao\/","name":"O ch\u00e1 delicado que pode melhorar digest\u00e3o e inflama\u00e7\u00e3o - Correio Braziliense - Radar","isPartOf":{"@id":"https:\/\/www.correiobraziliense.com.br\/cbradar\/#website"},"primaryImageOfPage":{"@id":"https:\/\/www.correiobraziliense.com.br\/cbradar\/o-cha-delicado-que-pode-melhorar-digestao-e-inflamacao\/#primaryimage"},"image":{"@id":"https:\/\/www.correiobraziliense.com.br\/cbradar\/o-cha-delicado-que-pode-melhorar-digestao-e-inflamacao\/#primaryimage"},"thumbnailUrl":"https:\/\/www.correiobraziliense.com.br\/cbradar\/wp-content\/uploads\/2025\/12\/Cha-de-Jasmim_1767189611212.jpg","datePublished":"2026-01-10T00:35:00+00:00","author":{"@id":"https:\/\/www.correiobraziliense.com.br\/cbradar\/#\/schema\/person\/5aa4bf3c8fa699c267933611de12978b"},"description":"O ch\u00e1 de jasmim combina aroma e compostos ativos que podem ajudar no metabolismo, digest\u00e3o e equil\u00edbrio ap\u00f3s per\u00edodos de excessos.","breadcrumb":{"@id":"https:\/\/www.correiobraziliense.com.br\/cbradar\/o-cha-delicado-que-pode-melhorar-digestao-e-inflamacao\/#breadcrumb"},"inLanguage":"pt-BR","potentialAction":[{"@type":"ReadAction","target":["https:\/\/www.correiobraziliense.com.br\/cbradar\/o-cha-delicado-que-pode-melhorar-digestao-e-inflamacao\/"]}]},{"@type":"ImageObject","inLanguage":"pt-BR","@id":"https:\/\/www.correiobraziliense.com.br\/cbradar\/o-cha-delicado-que-pode-melhorar-digestao-e-inflamacao\/#primaryimage","url":"https:\/\/www.correiobraziliense.com.br\/cbradar\/wp-content\/uploads\/2025\/12\/Cha-de-Jasmim_1767189611212.jpg","contentUrl":"https:\/\/www.correiobraziliense.com.br\/cbradar\/wp-content\/uploads\/2025\/12\/Cha-de-Jasmim_1767189611212.jpg","width":1280,"height":720,"caption":"Ch\u00e1 de Jasmim - Cr\u00e9ditos: depositphotos.com \/ innaso4inska"},{"@type":"BreadcrumbList","@id":"https:\/\/www.correiobraziliense.com.br\/cbradar\/o-cha-delicado-que-pode-melhorar-digestao-e-inflamacao\/#breadcrumb","itemListElement":[{"@type":"ListItem","position":1,"name":"In\u00edcio","item":"https:\/\/www.correiobraziliense.com.br\/cbradar\/"},{"@type":"ListItem","position":2,"name":"O ch\u00e1 delicado que pode melhorar digest\u00e3o e inflama\u00e7\u00e3o"}]},{"@type":"WebSite","@id":"https:\/\/www.correiobraziliense.com.br\/cbradar\/#website","url":"https:\/\/www.correiobraziliense.com.br\/cbradar\/","name":"Correio Braziliense - Radar","description":"Acompanhe as \u00faltimas not\u00edcias e fique bem informado sobre tudo o que acontece no Brasil e no mundo.","potentialAction":[{"@type":"SearchAction","target":{"@type":"EntryPoint","urlTemplate":"https:\/\/www.correiobraziliense.com.br\/cbradar\/?s={search_term_string}"},"query-input":{"@type":"PropertyValueSpecification","valueRequired":true,"valueName":"search_term_string"}}],"inLanguage":"pt-BR"},{"@type":"Person","@id":"https:\/\/www.correiobraziliense.com.br\/cbradar\/#\/schema\/person\/5aa4bf3c8fa699c267933611de12978b","name":"guilherme_saude","image":{"@type":"ImageObject","inLanguage":"pt-BR","@id":"https:\/\/www.correiobraziliense.com.br\/cbradar\/#\/schema\/person\/image\/","url":"https:\/\/secure.gravatar.com\/avatar\/df9adfb835d344bc0af109d41756253f?s=96&d=mm&r=g","contentUrl":"https:\/\/secure.gravatar.com\/avatar\/df9adfb835d344bc0af109d41756253f?s=96&d=mm&r=g","caption":"guilherme_saude"},"url":"https:\/\/www.correiobraziliense.com.br\/cbradar\/author\/guilherme_saude\/"}]}},"_links":{"self":[{"href":"https:\/\/www.correiobraziliense.com.br\/cbradar\/wp-json\/wp\/v2\/posts\/171197","targetHints":{"allow":["GET"]}}],"collection":[{"href":"https:\/\/www.correiobraziliense.com.br\/cbradar\/wp-json\/wp\/v2\/posts"}],"about":[{"href":"https:\/\/www.correiobraziliense.com.br\/cbradar\/wp-json\/wp\/v2\/types\/post"}],"author":[{"embeddable":true,"href":"https:\/\/www.correiobraziliense.com.br\/cbradar\/wp-json\/wp\/v2\/users\/14"}],"replies":[{"embeddable":true,"href":"https:\/\/www.correiobraziliense.com.br\/cbradar\/wp-json\/wp\/v2\/comments?post=171197"}],"version-history":[{"count":1,"href":"https:\/\/www.correiobraziliense.com.br\/cbradar\/wp-json\/wp\/v2\/posts\/171197\/revisions"}],"predecessor-version":[{"id":171200,"href":"https:\/\/www.correiobraziliense.com.br\/cbradar\/wp-json\/wp\/v2\/posts\/171197\/revisions\/171200"}],"wp:featuredmedia":[{"embeddable":true,"href":"https:\/\/www.correiobraziliense.com.br\/cbradar\/wp-json\/wp\/v2\/media\/166297"}],"wp:attachment":[{"href":"https:\/\/www.correiobraziliense.com.br\/cbradar\/wp-json\/wp\/v2\/media?parent=171197"}],"wp:term":[{"taxonomy":"category","embeddable":true,"href":"https:\/\/www.correiobraziliense.com.br\/cbradar\/wp-json\/wp\/v2\/categories?post=171197"},{"taxonomy":"post_tag","embeddable":true,"href":"https:\/\/www.correiobraziliense.com.br\/cbradar\/wp-json\/wp\/v2\/tags?post=171197"}],"curies":[{"name":"wp","href":"https:\/\/api.w.org\/{rel}","templated":true}]}}