{"id":17123,"date":"2025-03-31T15:10:00","date_gmt":"2025-03-31T18:10:00","guid":{"rendered":"https:\/\/www.correiobraziliense.com.br\/cbradar\/?p=17123"},"modified":"2025-03-30T14:34:30","modified_gmt":"2025-03-30T17:34:30","slug":"cuidados-fundamentais-para-cultivar-orquideas-de-forma-saudavel","status":"publish","type":"post","link":"https:\/\/www.correiobraziliense.com.br\/cbradar\/cuidados-fundamentais-para-cultivar-orquideas-de-forma-saudavel\/","title":{"rendered":"Cuidados fundamentais para cultivar orqu\u00eddeas de forma saud\u00e1vel"},"content":{"rendered":"\n<p>As orqu\u00eddeas s\u00e3o plantas conhecidas por sua beleza e delicadeza, exigindo cuidados espec\u00edficos para garantir seu crescimento saud\u00e1vel e florescimento anual. Um dos aspectos mais importantes no cultivo de orqu\u00eddeas \u00e9 a escolha do vaso adequado, que deve ser resistente e atender \u00e0s necessidades da planta. Essa escolha \u00e9 crucial, pois o vaso ser\u00e1 o lar da orqu\u00eddea por v\u00e1rios anos.<\/p>\n\n\n\n<p>Segundo especialistas, os vasos de vidro n\u00e3o s\u00e3o recomendados para o cultivo de orqu\u00eddeas. Os vasos de pl\u00e1stico s\u00e3o considerados ideais, enquanto os de cer\u00e2mica, cachep\u00f4s e placas de madeira s\u00e3o boas alternativas. A escolha do vaso certo depende do tamanho da orqu\u00eddea, sendo que, para plantas adultas, o vaso n\u00famero 13 \u00e9 geralmente recomendado.<\/p>\n\n\n\n<h2 class=\"wp-block-heading\"><strong>Como escolher o vaso ideal para orqu\u00eddeas?<\/strong><\/h2>\n\n\n\n<p>Para escolher o vaso ideal, \u00e9 necess\u00e1rio analisar o tamanho da orqu\u00eddea. O vaso deve permitir que a planta cres\u00e7a confortavelmente, sem ficar apertada. O vaso n\u00famero 13, com dimens\u00f5es de 10 x 13 x 13 cent\u00edmetros, \u00e9 uma op\u00e7\u00e3o comum para orqu\u00eddeas adultas. Al\u00e9m disso, \u00e9 importante que o vaso tenha furos no fundo para garantir a drenagem adequada, evitando o ac\u00famulo de \u00e1gua que pode levar ao apodrecimento das ra\u00edzes.<\/p>\n\n\n\n<p>O plantio da orqu\u00eddea no vaso escolhido deve ser feito com cuidado. Primeiro, \u00e9 necess\u00e1rio remover o excesso de ra\u00edzes mortas com uma tesoura esterilizada. Em seguida, materiais como isopor ou pedras devem ser colocados no fundo do vaso para garantir a drenagem. A planta deve ser assentada no vaso, completada com substrato e estacada para evitar que balance com o vento.<\/p>\n\n\n\n<figure class=\"wp-block-image size-large\"><img decoding=\"async\" width=\"1024\" height=\"576\" src=\"https:\/\/www.correiobraziliense.com.br\/cbradar\/wp-content\/uploads\/2025\/03\/orquideas_1743270600604-1024x576.jpg\" alt=\"Cuidados fundamentais para cultivar orqu\u00eddeas de forma saud\u00e1vel\" class=\"wp-image-17128\" srcset=\"https:\/\/www.correiobraziliense.com.br\/cbradar\/wp-content\/uploads\/2025\/03\/orquideas_1743270600604-1024x576.jpg 1024w, https:\/\/www.correiobraziliense.com.br\/cbradar\/wp-content\/uploads\/2025\/03\/orquideas_1743270600604-300x169.jpg 300w, https:\/\/www.correiobraziliense.com.br\/cbradar\/wp-content\/uploads\/2025\/03\/orquideas_1743270600604-768x432.jpg 768w, https:\/\/www.correiobraziliense.com.br\/cbradar\/wp-content\/uploads\/2025\/03\/orquideas_1743270600604-750x422.jpg 750w, https:\/\/www.correiobraziliense.com.br\/cbradar\/wp-content\/uploads\/2025\/03\/orquideas_1743270600604-1140x641.jpg 1140w, https:\/\/www.correiobraziliense.com.br\/cbradar\/wp-content\/uploads\/2025\/03\/orquideas_1743270600604.jpg 1280w\" sizes=\"(max-width: 1024px) 100vw, 1024px\" \/><figcaption class=\"wp-element-caption\">Orqu\u00eddeas em parede\nCr\u00e9ditos: depositphotos.com \/ JillLang<\/figcaption><\/figure>\n\n\n\n<h2 class=\"wp-block-heading\"><strong>Qual o melhor substrato para orqu\u00eddeas?<\/strong><\/h2>\n\n\n\n<p>O substrato \u00e9 um elemento crucial no cultivo de orqu\u00eddeas. Um mix de casca de pinus tratada com casca de arroz carbonizada, junto a uma pequena quantidade de sphagnum na base, \u00e9 recomendado por especialistas. O sphagnum \u00e9 um tipo de musgo que ajuda a controlar a umidade, essencial para o enraizamento da planta. Durante o processo de enraizamento, \u00e9 importante regar bem a orqu\u00eddea para garantir que ela se estabele\u00e7a no novo vaso.<\/p>\n\n\n\n<h2 class=\"wp-block-heading\"><strong>Quando trocar a orqu\u00eddea de vaso?<\/strong><\/h2>\n\n\n\n<p>O transplante da orqu\u00eddea para um novo vaso deve ser considerado em algumas situa\u00e7\u00f5es espec\u00edficas. Se o substrato estiver velho, as ra\u00edzes estiverem saindo do vaso, houver presen\u00e7a de doen\u00e7as ou pragas, ou se a drenagem n\u00e3o estiver funcionando adequadamente, \u00e9 hora de trocar o vaso. O novo vaso deve ser um pouco maior que o anterior, permitindo que a planta cres\u00e7a confortavelmente.<\/p>\n\n\n\n<h2 class=\"wp-block-heading\"><strong>O vaso transparente \u00e9 uma boa op\u00e7\u00e3o?<\/strong><\/h2>\n\n\n\n<p>A escolha de um vaso transparente pode ser ben\u00e9fica para algumas variedades de orqu\u00eddeas, como a phalaenopsis, que realiza a fotoss\u00edntese atrav\u00e9s das ra\u00edzes. Nesses casos, o vaso transparente ou leitoso permite a entrada de luz, auxiliando no processo de fotoss\u00edntese. No entanto, nem todas as orqu\u00eddeas se beneficiam dessa caracter\u00edstica, sendo importante conhecer as necessidades espec\u00edficas de cada variedade.<\/p>\n\n\n\n<p>Em resumo, o cultivo de orqu\u00eddeas requer aten\u00e7\u00e3o a detalhes como a escolha do vaso, o tipo de substrato e o momento adequado para o transplante. Com os cuidados certos, essas plantas podem florescer e encantar com sua beleza \u00fanica por muitos anos.<\/p>\n","protected":false},"excerpt":{"rendered":"<p>Saiba mais sobre os cuidados essenciais para o cultivo de orqu\u00eddeas, desde a escolha do vaso ideal at\u00e9 as t\u00e9cnicas e substratos recomendados<\/p>\n","protected":false},"author":3,"featured_media":17126,"comment_status":"open","ping_status":"open","sticky":false,"template":"","format":"standard","meta":{"_yoast_wpseo_focuskw":"como plantar orqu\u00eddeas","_yoast_wpseo_title":"%%title%%","_yoast_wpseo_metadesc":"Saiba mais sobre os cuidados essenciais para o cultivo de orqu\u00eddeas, desde a escolha do vaso ideal at\u00e9 as t\u00e9cnicas e substratos recomendados","jnews-multi-image_gallery":[],"jnews_single_post":{"format":"standard"},"jnews_primary_category":[],"jnews_social_meta":[],"jnews_override_counter":[],"footnotes":""},"categories":[136],"post_tag":[137,2627],"class_list":["post-17123","post","type-post","status-publish","format-standard","has-post-thumbnail","hentry","category-jardinagem","tag-como-plantar","tag-orquideas"],"yoast_head":"<!-- This site is optimized with the Yoast SEO plugin v24.6 - https:\/\/yoast.com\/wordpress\/plugins\/seo\/ -->\n<title>Cuidados fundamentais para cultivar orqu\u00eddeas de forma saud\u00e1vel<\/title>\n<meta name=\"description\" content=\"Saiba mais sobre os cuidados essenciais para o cultivo de orqu\u00eddeas, desde a escolha do vaso ideal at\u00e9 as t\u00e9cnicas e substratos recomendados\" \/>\n<meta name=\"robots\" content=\"index, follow, max-snippet:-1, max-image-preview:large, max-video-preview:-1\" \/>\n<link rel=\"canonical\" href=\"https:\/\/www.correiobraziliense.com.br\/cbradar\/cuidados-fundamentais-para-cultivar-orquideas-de-forma-saudavel\/\" \/>\n<meta property=\"og:locale\" content=\"pt_BR\" \/>\n<meta property=\"og:type\" content=\"article\" \/>\n<meta property=\"og:title\" content=\"Cuidados fundamentais para cultivar orqu\u00eddeas de forma saud\u00e1vel\" \/>\n<meta property=\"og:description\" content=\"Saiba mais sobre os cuidados essenciais para o cultivo de orqu\u00eddeas, desde a escolha do vaso ideal at\u00e9 as t\u00e9cnicas e substratos recomendados\" \/>\n<meta property=\"og:url\" content=\"https:\/\/www.correiobraziliense.com.br\/cbradar\/cuidados-fundamentais-para-cultivar-orquideas-de-forma-saudavel\/\" \/>\n<meta property=\"og:site_name\" content=\"Correio Braziliense - Radar\" \/>\n<meta property=\"article:published_time\" content=\"2025-03-31T18:10:00+00:00\" \/>\n<meta property=\"og:image\" content=\"https:\/\/www.correiobraziliense.com.br\/cbradar\/wp-content\/uploads\/2025\/03\/orquideas_1743270573358.jpg\" \/>\n\t<meta property=\"og:image:width\" content=\"1279\" \/>\n\t<meta property=\"og:image:height\" content=\"720\" \/>\n\t<meta property=\"og:image:type\" content=\"image\/jpeg\" \/>\n<meta name=\"author\" content=\"Larissa Carvalho\" \/>\n<meta name=\"twitter:card\" content=\"summary_large_image\" \/>\n<meta name=\"twitter:label1\" content=\"Escrito por\" \/>\n\t<meta name=\"twitter:data1\" content=\"Larissa Carvalho\" \/>\n\t<meta name=\"twitter:label2\" content=\"Est. tempo de leitura\" \/>\n\t<meta name=\"twitter:data2\" content=\"4 minutos\" \/>\n<!-- \/ Yoast SEO plugin. -->","yoast_head_json":{"title":"Cuidados fundamentais para cultivar orqu\u00eddeas de forma saud\u00e1vel","description":"Saiba mais sobre os cuidados essenciais para o cultivo de orqu\u00eddeas, desde a escolha do vaso ideal at\u00e9 as t\u00e9cnicas e substratos recomendados","robots":{"index":"index","follow":"follow","max-snippet":"max-snippet:-1","max-image-preview":"max-image-preview:large","max-video-preview":"max-video-preview:-1"},"canonical":"https:\/\/www.correiobraziliense.com.br\/cbradar\/cuidados-fundamentais-para-cultivar-orquideas-de-forma-saudavel\/","og_locale":"pt_BR","og_type":"article","og_title":"Cuidados fundamentais para cultivar orqu\u00eddeas de forma saud\u00e1vel","og_description":"Saiba mais sobre os cuidados essenciais para o cultivo de orqu\u00eddeas, desde a escolha do vaso ideal at\u00e9 as t\u00e9cnicas e substratos recomendados","og_url":"https:\/\/www.correiobraziliense.com.br\/cbradar\/cuidados-fundamentais-para-cultivar-orquideas-de-forma-saudavel\/","og_site_name":"Correio Braziliense - Radar","article_published_time":"2025-03-31T18:10:00+00:00","og_image":[{"width":1279,"height":720,"url":"https:\/\/www.correiobraziliense.com.br\/cbradar\/wp-content\/uploads\/2025\/03\/orquideas_1743270573358.jpg","type":"image\/jpeg"}],"author":"Larissa Carvalho","twitter_card":"summary_large_image","twitter_misc":{"Escrito por":"Larissa Carvalho","Est. tempo de leitura":"4 minutos"},"schema":{"@context":"https:\/\/schema.org","@graph":[{"@type":"WebPage","@id":"https:\/\/www.correiobraziliense.com.br\/cbradar\/cuidados-fundamentais-para-cultivar-orquideas-de-forma-saudavel\/","url":"https:\/\/www.correiobraziliense.com.br\/cbradar\/cuidados-fundamentais-para-cultivar-orquideas-de-forma-saudavel\/","name":"Cuidados fundamentais para cultivar orqu\u00eddeas de forma saud\u00e1vel","isPartOf":{"@id":"https:\/\/www.correiobraziliense.com.br\/cbradar\/#website"},"primaryImageOfPage":{"@id":"https:\/\/www.correiobraziliense.com.br\/cbradar\/cuidados-fundamentais-para-cultivar-orquideas-de-forma-saudavel\/#primaryimage"},"image":{"@id":"https:\/\/www.correiobraziliense.com.br\/cbradar\/cuidados-fundamentais-para-cultivar-orquideas-de-forma-saudavel\/#primaryimage"},"thumbnailUrl":"https:\/\/www.correiobraziliense.com.br\/cbradar\/wp-content\/uploads\/2025\/03\/orquideas_1743270573358.jpg","datePublished":"2025-03-31T18:10:00+00:00","author":{"@id":"https:\/\/www.correiobraziliense.com.br\/cbradar\/#\/schema\/person\/58422787644df994b53a19d3e56c1513"},"description":"Saiba mais sobre os cuidados essenciais para o cultivo de orqu\u00eddeas, desde a escolha do vaso ideal at\u00e9 as t\u00e9cnicas e substratos recomendados","breadcrumb":{"@id":"https:\/\/www.correiobraziliense.com.br\/cbradar\/cuidados-fundamentais-para-cultivar-orquideas-de-forma-saudavel\/#breadcrumb"},"inLanguage":"pt-BR","potentialAction":[{"@type":"ReadAction","target":["https:\/\/www.correiobraziliense.com.br\/cbradar\/cuidados-fundamentais-para-cultivar-orquideas-de-forma-saudavel\/"]}]},{"@type":"ImageObject","inLanguage":"pt-BR","@id":"https:\/\/www.correiobraziliense.com.br\/cbradar\/cuidados-fundamentais-para-cultivar-orquideas-de-forma-saudavel\/#primaryimage","url":"https:\/\/www.correiobraziliense.com.br\/cbradar\/wp-content\/uploads\/2025\/03\/orquideas_1743270573358.jpg","contentUrl":"https:\/\/www.correiobraziliense.com.br\/cbradar\/wp-content\/uploads\/2025\/03\/orquideas_1743270573358.jpg","width":1279,"height":720,"caption":"Orqu\u00eddeas Cr\u00e9ditos: depositphotos.com \/ joanvadell"},{"@type":"BreadcrumbList","@id":"https:\/\/www.correiobraziliense.com.br\/cbradar\/cuidados-fundamentais-para-cultivar-orquideas-de-forma-saudavel\/#breadcrumb","itemListElement":[{"@type":"ListItem","position":1,"name":"In\u00edcio","item":"https:\/\/www.correiobraziliense.com.br\/cbradar\/"},{"@type":"ListItem","position":2,"name":"Cuidados fundamentais para cultivar orqu\u00eddeas de forma saud\u00e1vel"}]},{"@type":"WebSite","@id":"https:\/\/www.correiobraziliense.com.br\/cbradar\/#website","url":"https:\/\/www.correiobraziliense.com.br\/cbradar\/","name":"Correio Braziliense - Radar","description":"Acompanhe as \u00faltimas not\u00edcias e fique bem informado sobre tudo o que acontece no Brasil e no mundo.","potentialAction":[{"@type":"SearchAction","target":{"@type":"EntryPoint","urlTemplate":"https:\/\/www.correiobraziliense.com.br\/cbradar\/?s={search_term_string}"},"query-input":{"@type":"PropertyValueSpecification","valueRequired":true,"valueName":"search_term_string"}}],"inLanguage":"pt-BR"},{"@type":"Person","@id":"https:\/\/www.correiobraziliense.com.br\/cbradar\/#\/schema\/person\/58422787644df994b53a19d3e56c1513","name":"Larissa Carvalho","image":{"@type":"ImageObject","inLanguage":"pt-BR","@id":"https:\/\/www.correiobraziliense.com.br\/cbradar\/#\/schema\/person\/image\/","url":"https:\/\/secure.gravatar.com\/avatar\/fe4f91a0de32b52a838d0d612abdc1aa?s=96&d=mm&r=g","contentUrl":"https:\/\/secure.gravatar.com\/avatar\/fe4f91a0de32b52a838d0d612abdc1aa?s=96&d=mm&r=g","caption":"Larissa Carvalho"},"url":"https:\/\/www.correiobraziliense.com.br\/cbradar\/author\/larissamyth\/"}]}},"_links":{"self":[{"href":"https:\/\/www.correiobraziliense.com.br\/cbradar\/wp-json\/wp\/v2\/posts\/17123","targetHints":{"allow":["GET"]}}],"collection":[{"href":"https:\/\/www.correiobraziliense.com.br\/cbradar\/wp-json\/wp\/v2\/posts"}],"about":[{"href":"https:\/\/www.correiobraziliense.com.br\/cbradar\/wp-json\/wp\/v2\/types\/post"}],"author":[{"embeddable":true,"href":"https:\/\/www.correiobraziliense.com.br\/cbradar\/wp-json\/wp\/v2\/users\/3"}],"replies":[{"embeddable":true,"href":"https:\/\/www.correiobraziliense.com.br\/cbradar\/wp-json\/wp\/v2\/comments?post=17123"}],"version-history":[{"count":2,"href":"https:\/\/www.correiobraziliense.com.br\/cbradar\/wp-json\/wp\/v2\/posts\/17123\/revisions"}],"predecessor-version":[{"id":17297,"href":"https:\/\/www.correiobraziliense.com.br\/cbradar\/wp-json\/wp\/v2\/posts\/17123\/revisions\/17297"}],"wp:featuredmedia":[{"embeddable":true,"href":"https:\/\/www.correiobraziliense.com.br\/cbradar\/wp-json\/wp\/v2\/media\/17126"}],"wp:attachment":[{"href":"https:\/\/www.correiobraziliense.com.br\/cbradar\/wp-json\/wp\/v2\/media?parent=17123"}],"wp:term":[{"taxonomy":"category","embeddable":true,"href":"https:\/\/www.correiobraziliense.com.br\/cbradar\/wp-json\/wp\/v2\/categories?post=17123"},{"taxonomy":"post_tag","embeddable":true,"href":"https:\/\/www.correiobraziliense.com.br\/cbradar\/wp-json\/wp\/v2\/post_tag?post=17123"}],"curies":[{"name":"wp","href":"https:\/\/api.w.org\/{rel}","templated":true}]}}