{"id":1713,"date":"2025-02-11T13:50:00","date_gmt":"2025-02-11T16:50:00","guid":{"rendered":"https:\/\/www.correiobraziliense.com.br\/cbradar\/?p=1713"},"modified":"2025-02-10T20:08:59","modified_gmt":"2025-02-10T23:08:59","slug":"filme-de-brad-pitt-sobre-formula-1-revela-um-novo-trailer-imperdivel","status":"publish","type":"post","link":"https:\/\/www.correiobraziliense.com.br\/cbradar\/filme-de-brad-pitt-sobre-formula-1-revela-um-novo-trailer-imperdivel\/","title":{"rendered":"Filme de Brad Pitt sobre F\u00f3rmula 1 revela um novo trailer imperd\u00edvel"},"content":{"rendered":"\n<p>O mundo do automobilismo est\u00e1 em expectativa com o lan\u00e7amento do filme de<strong> F\u00f3rmula 1<\/strong> estrelado por<a href=\"https:\/\/pt.wikipedia.org\/wiki\/Brad_Pitt\" target=\"_blank\" rel=\"noreferrer noopener\"> <strong>Brad Pitt<\/strong><\/a>. O ator interpretar\u00e1<strong> Sonny Hayes<\/strong>, um piloto aposentado que retorna \u00e0s pistas para orientar um jovem talento. Este filme promete trazer uma vis\u00e3o emocionante e realista do universo das corridas, gra\u00e7as \u00e0 colabora\u00e7\u00e3o de <strong>Lewis Hamilton<\/strong>, que atua como produtor e consultor.<\/p>\n\n\n\n<p>Com estreia marcada para 26 de junho de 2025, o longa-metragem \u00e9 uma produ\u00e7\u00e3o da<strong><a href=\"https:\/\/www.correiobraziliense.com.br\/cbradar\/entenda-como-zac-efron-se-solidou-em-holywood-depois-da-disney\/\" target=\"_blank\" rel=\"noreferrer noopener\"> Apple TV<\/a><\/strong> e foi filmado durante fins de semana de corridas reais. A presen\u00e7a de pilotos do grid de 2024 em algumas cenas adiciona um toque aut\u00eantico \u00e0 narrativa, tornando-o ainda mais aguardado pelos f\u00e3s do esporte.<\/p>\n\n\n\n<h2 class=\"wp-block-heading\">Qual \u00e9 a Trama do Filme?<\/h2>\n\n\n\n<p>O enredo gira em torno de Sonny Hayes, interpretado por Brad Pitt, que decide voltar ao mundo das corridas para ajudar <strong>Joshua Pearce<\/strong>, um jovem piloto promissor vivido por <strong>Damson Idris<\/strong>. Ambos competem pela equipe fict\u00edcia <strong>ApexGP<\/strong>, com o objetivo de levar o time ao sucesso na F\u00f3rmula 1. A hist\u00f3ria explora temas de supera\u00e7\u00e3o, mentoria e a busca pela vit\u00f3ria em um ambiente altamente competitivo.<\/p>\n\n\n\n<figure class=\"wp-block-embed aligncenter is-type-video is-provider-youtube wp-block-embed-youtube wp-embed-aspect-16-9 wp-has-aspect-ratio\"><div class=\"wp-block-embed__wrapper\">\n<div class=\"jeg_video_container jeg_video_content\"><iframe loading=\"lazy\" title=\"F1 | Somente nos cinemas, junho de 2025\" width=\"500\" height=\"281\" src=\"https:\/\/www.youtube.com\/embed\/GwMecdJkXJE?feature=oembed\" frameborder=\"0\" allow=\"accelerometer; autoplay; clipboard-write; encrypted-media; gyroscope; picture-in-picture; web-share\" referrerpolicy=\"strict-origin-when-cross-origin\" allowfullscreen><\/iframe><\/div>\n<\/div><figcaption class=\"wp-element-caption\">Trailer de F1 \/\/ Cr\u00e9ditos: <a href=\"https:\/\/www.youtube.com\/@WarnerBrosPicturesBR\" target=\"_blank\" rel=\"noreferrer noopener\">Warner Bros. Pictures Brasil<\/a><\/figcaption><\/figure>\n\n\n\n<h2 class=\"wp-block-heading\">Como Lewis Hamilton Contribuiu para a Produ\u00e7\u00e3o?<\/h2>\n\n\n\n<p>Lewis Hamilton, heptacampe\u00e3o mundial de F\u00f3rmula 1, desempenhou um papel crucial na produ\u00e7\u00e3o do filme. Al\u00e9m de ser um dos produtores, ele atuou como consultor para garantir que o filme refletisse com precis\u00e3o a realidade das corridas. Sua experi\u00eancia e conhecimento do esporte foram fundamentais para criar cenas aut\u00eanticas e envolventes, que capturam a ess\u00eancia da F\u00f3rmula 1.<\/p>\n\n\n\n<h2 class=\"wp-block-heading\">Quais S\u00e3o as Expectativas para o Lan\u00e7amento?<\/h2>\n\n\n\n<p>O lan\u00e7amento do filme \u00e9 altamente aguardado, n\u00e3o apenas pelos f\u00e3s de F\u00f3rmula 1, mas tamb\u00e9m por entusiastas do cinema. A combina\u00e7\u00e3o de um elenco de peso, cenas de a\u00e7\u00e3o realistas e a participa\u00e7\u00e3o de pilotos reais promete atrair um p\u00fablico diversificado. A estreia nos cinemas est\u00e1 prevista para junho de 2025, e espera-se que o filme seja um sucesso de bilheteria.<\/p>\n\n\n\n<h2 class=\"wp-block-heading\">Por Que Este Filme \u00c9 Importante para os F\u00e3s de F\u00f3rmula 1?<\/h2>\n\n\n\n<p>Este filme oferece uma oportunidade \u00fanica de ver o mundo da F\u00f3rmula 1 atrav\u00e9s de uma lente cinematogr\u00e1fica, com uma narrativa que mistura fic\u00e7\u00e3o e realidade. Para os f\u00e3s do esporte, \u00e9 uma chance de ver suas estrelas favoritas em um contexto diferente, al\u00e9m de proporcionar uma nova perspectiva sobre o que acontece nos bastidores das corridas. A produ\u00e7\u00e3o promete ser um marco na representa\u00e7\u00e3o do automobilismo nas telonas.<\/p>\n","protected":false},"excerpt":{"rendered":"<p>O mundo do automobilismo est\u00e1 em expectativa com o lan\u00e7amento do filme de F\u00f3rmula 1 estrelado por Brad Pitt. O ator interpretar\u00e1 Sonny Hayes, um piloto aposentado que retorna \u00e0s pistas para orientar um jovem talento. Este filme promete trazer uma vis\u00e3o emocionante e realista do universo das corridas, gra\u00e7as \u00e0 colabora\u00e7\u00e3o de Lewis Hamilton, [&hellip;]<\/p>\n","protected":false},"author":6,"featured_media":1717,"comment_status":"open","ping_status":"open","sticky":false,"template":"","format":"standard","meta":{"_yoast_wpseo_focuskw":"F\u00f3rmula 1","_yoast_wpseo_title":"","_yoast_wpseo_metadesc":"O novo trailer do filme de Brad Pitt sobre F\u00f3rmula 1 est\u00e1 imperd\u00edvel! Prepare-se para muita emo\u00e7\u00e3o e velocidade nas telonas.","jnews-multi-image_gallery":[],"jnews_single_post":{"format":"standard"},"jnews_primary_category":[],"jnews_social_meta":[],"jnews_override_counter":[],"footnotes":""},"categories":[122,140,169],"tags":[562,176,563],"class_list":["post-1713","post","type-post","status-publish","format-standard","has-post-thumbnail","hentry","category-automobilismo","category-entretenimento","category-noticias","tag-brad-pitt","tag-filmes","tag-formula-1"],"yoast_head":"<!-- This site is optimized with the Yoast SEO plugin v24.6 - https:\/\/yoast.com\/wordpress\/plugins\/seo\/ -->\n<title>Filme de Brad Pitt sobre F\u00f3rmula 1 revela um novo trailer imperd\u00edvel - Correio Braziliense - Radar<\/title>\n<meta name=\"description\" content=\"O novo trailer do filme de Brad Pitt sobre F\u00f3rmula 1 est\u00e1 imperd\u00edvel! Prepare-se para muita emo\u00e7\u00e3o e velocidade nas telonas.\" \/>\n<meta name=\"robots\" content=\"index, follow, max-snippet:-1, max-image-preview:large, max-video-preview:-1\" \/>\n<link rel=\"canonical\" href=\"https:\/\/www.correiobraziliense.com.br\/cbradar\/filme-de-brad-pitt-sobre-formula-1-revela-um-novo-trailer-imperdivel\/\" \/>\n<meta property=\"og:locale\" content=\"pt_BR\" \/>\n<meta property=\"og:type\" content=\"article\" \/>\n<meta property=\"og:title\" content=\"Filme de Brad Pitt sobre F\u00f3rmula 1 revela um novo trailer imperd\u00edvel - Correio Braziliense - Radar\" \/>\n<meta property=\"og:description\" content=\"O novo trailer do filme de Brad Pitt sobre F\u00f3rmula 1 est\u00e1 imperd\u00edvel! Prepare-se para muita emo\u00e7\u00e3o e velocidade nas telonas.\" \/>\n<meta property=\"og:url\" content=\"https:\/\/www.correiobraziliense.com.br\/cbradar\/filme-de-brad-pitt-sobre-formula-1-revela-um-novo-trailer-imperdivel\/\" \/>\n<meta property=\"og:site_name\" content=\"Correio Braziliense - Radar\" \/>\n<meta property=\"article:published_time\" content=\"2025-02-11T16:50:00+00:00\" \/>\n<meta property=\"og:image\" content=\"https:\/\/www.correiobraziliense.com.br\/cbradar\/wp-content\/uploads\/2025\/02\/radpit.jpg\" \/>\n\t<meta property=\"og:image:width\" content=\"1280\" \/>\n\t<meta property=\"og:image:height\" content=\"720\" \/>\n\t<meta property=\"og:image:type\" content=\"image\/jpeg\" \/>\n<meta name=\"author\" content=\"Vitor Bruno\" \/>\n<meta name=\"twitter:card\" content=\"summary_large_image\" \/>\n<meta name=\"twitter:label1\" content=\"Escrito por\" \/>\n\t<meta name=\"twitter:data1\" content=\"Vitor Bruno\" \/>\n\t<meta name=\"twitter:label2\" content=\"Est. tempo de leitura\" \/>\n\t<meta name=\"twitter:data2\" content=\"3 minutos\" \/>\n<!-- \/ Yoast SEO plugin. -->","yoast_head_json":{"title":"Filme de Brad Pitt sobre F\u00f3rmula 1 revela um novo trailer imperd\u00edvel - Correio Braziliense - Radar","description":"O novo trailer do filme de Brad Pitt sobre F\u00f3rmula 1 est\u00e1 imperd\u00edvel! Prepare-se para muita emo\u00e7\u00e3o e velocidade nas telonas.","robots":{"index":"index","follow":"follow","max-snippet":"max-snippet:-1","max-image-preview":"max-image-preview:large","max-video-preview":"max-video-preview:-1"},"canonical":"https:\/\/www.correiobraziliense.com.br\/cbradar\/filme-de-brad-pitt-sobre-formula-1-revela-um-novo-trailer-imperdivel\/","og_locale":"pt_BR","og_type":"article","og_title":"Filme de Brad Pitt sobre F\u00f3rmula 1 revela um novo trailer imperd\u00edvel - Correio Braziliense - Radar","og_description":"O novo trailer do filme de Brad Pitt sobre F\u00f3rmula 1 est\u00e1 imperd\u00edvel! Prepare-se para muita emo\u00e7\u00e3o e velocidade nas telonas.","og_url":"https:\/\/www.correiobraziliense.com.br\/cbradar\/filme-de-brad-pitt-sobre-formula-1-revela-um-novo-trailer-imperdivel\/","og_site_name":"Correio Braziliense - Radar","article_published_time":"2025-02-11T16:50:00+00:00","og_image":[{"width":1280,"height":720,"url":"https:\/\/www.correiobraziliense.com.br\/cbradar\/wp-content\/uploads\/2025\/02\/radpit.jpg","type":"image\/jpeg"}],"author":"Vitor Bruno","twitter_card":"summary_large_image","twitter_misc":{"Escrito por":"Vitor Bruno","Est. tempo de leitura":"3 minutos"},"schema":{"@context":"https:\/\/schema.org","@graph":[{"@type":"WebPage","@id":"https:\/\/www.correiobraziliense.com.br\/cbradar\/filme-de-brad-pitt-sobre-formula-1-revela-um-novo-trailer-imperdivel\/","url":"https:\/\/www.correiobraziliense.com.br\/cbradar\/filme-de-brad-pitt-sobre-formula-1-revela-um-novo-trailer-imperdivel\/","name":"Filme de Brad Pitt sobre F\u00f3rmula 1 revela um novo trailer imperd\u00edvel - Correio Braziliense - Radar","isPartOf":{"@id":"https:\/\/www.correiobraziliense.com.br\/cbradar\/#website"},"primaryImageOfPage":{"@id":"https:\/\/www.correiobraziliense.com.br\/cbradar\/filme-de-brad-pitt-sobre-formula-1-revela-um-novo-trailer-imperdivel\/#primaryimage"},"image":{"@id":"https:\/\/www.correiobraziliense.com.br\/cbradar\/filme-de-brad-pitt-sobre-formula-1-revela-um-novo-trailer-imperdivel\/#primaryimage"},"thumbnailUrl":"https:\/\/www.correiobraziliense.com.br\/cbradar\/wp-content\/uploads\/2025\/02\/radpit.jpg","datePublished":"2025-02-11T16:50:00+00:00","author":{"@id":"https:\/\/www.correiobraziliense.com.br\/cbradar\/#\/schema\/person\/e04970e26e5f467475848c94d302ca5b"},"description":"O novo trailer do filme de Brad Pitt sobre F\u00f3rmula 1 est\u00e1 imperd\u00edvel! Prepare-se para muita emo\u00e7\u00e3o e velocidade nas telonas.","breadcrumb":{"@id":"https:\/\/www.correiobraziliense.com.br\/cbradar\/filme-de-brad-pitt-sobre-formula-1-revela-um-novo-trailer-imperdivel\/#breadcrumb"},"inLanguage":"pt-BR","potentialAction":[{"@type":"ReadAction","target":["https:\/\/www.correiobraziliense.com.br\/cbradar\/filme-de-brad-pitt-sobre-formula-1-revela-um-novo-trailer-imperdivel\/"]}]},{"@type":"ImageObject","inLanguage":"pt-BR","@id":"https:\/\/www.correiobraziliense.com.br\/cbradar\/filme-de-brad-pitt-sobre-formula-1-revela-um-novo-trailer-imperdivel\/#primaryimage","url":"https:\/\/www.correiobraziliense.com.br\/cbradar\/wp-content\/uploads\/2025\/02\/radpit.jpg","contentUrl":"https:\/\/www.correiobraziliense.com.br\/cbradar\/wp-content\/uploads\/2025\/02\/radpit.jpg","width":1280,"height":720,"caption":"Brad Pitt \/\/ Cr\u00e9ditos: Cartaz F1 - Apple Original Films"},{"@type":"BreadcrumbList","@id":"https:\/\/www.correiobraziliense.com.br\/cbradar\/filme-de-brad-pitt-sobre-formula-1-revela-um-novo-trailer-imperdivel\/#breadcrumb","itemListElement":[{"@type":"ListItem","position":1,"name":"In\u00edcio","item":"https:\/\/www.correiobraziliense.com.br\/cbradar\/"},{"@type":"ListItem","position":2,"name":"Filme de Brad Pitt sobre F\u00f3rmula 1 revela um novo trailer imperd\u00edvel"}]},{"@type":"WebSite","@id":"https:\/\/www.correiobraziliense.com.br\/cbradar\/#website","url":"https:\/\/www.correiobraziliense.com.br\/cbradar\/","name":"Correio Braziliense - Radar","description":"Acompanhe as \u00faltimas not\u00edcias e fique bem informado sobre tudo o que acontece no Brasil e no mundo.","potentialAction":[{"@type":"SearchAction","target":{"@type":"EntryPoint","urlTemplate":"https:\/\/www.correiobraziliense.com.br\/cbradar\/?s={search_term_string}"},"query-input":{"@type":"PropertyValueSpecification","valueRequired":true,"valueName":"search_term_string"}}],"inLanguage":"pt-BR"},{"@type":"Person","@id":"https:\/\/www.correiobraziliense.com.br\/cbradar\/#\/schema\/person\/e04970e26e5f467475848c94d302ca5b","name":"Vitor Bruno","image":{"@type":"ImageObject","inLanguage":"pt-BR","@id":"https:\/\/www.correiobraziliense.com.br\/cbradar\/#\/schema\/person\/image\/","url":"https:\/\/secure.gravatar.com\/avatar\/b719e5cdede09f942064960883b5524d?s=96&d=mm&r=g","contentUrl":"https:\/\/secure.gravatar.com\/avatar\/b719e5cdede09f942064960883b5524d?s=96&d=mm&r=g","caption":"Vitor Bruno"},"sameAs":["https:\/\/www.correiobraziliense.com.br\/"],"url":"https:\/\/www.correiobraziliense.com.br\/cbradar\/author\/vitormyth\/"}]}},"_links":{"self":[{"href":"https:\/\/www.correiobraziliense.com.br\/cbradar\/wp-json\/wp\/v2\/posts\/1713","targetHints":{"allow":["GET"]}}],"collection":[{"href":"https:\/\/www.correiobraziliense.com.br\/cbradar\/wp-json\/wp\/v2\/posts"}],"about":[{"href":"https:\/\/www.correiobraziliense.com.br\/cbradar\/wp-json\/wp\/v2\/types\/post"}],"author":[{"embeddable":true,"href":"https:\/\/www.correiobraziliense.com.br\/cbradar\/wp-json\/wp\/v2\/users\/6"}],"replies":[{"embeddable":true,"href":"https:\/\/www.correiobraziliense.com.br\/cbradar\/wp-json\/wp\/v2\/comments?post=1713"}],"version-history":[{"count":1,"href":"https:\/\/www.correiobraziliense.com.br\/cbradar\/wp-json\/wp\/v2\/posts\/1713\/revisions"}],"predecessor-version":[{"id":1718,"href":"https:\/\/www.correiobraziliense.com.br\/cbradar\/wp-json\/wp\/v2\/posts\/1713\/revisions\/1718"}],"wp:featuredmedia":[{"embeddable":true,"href":"https:\/\/www.correiobraziliense.com.br\/cbradar\/wp-json\/wp\/v2\/media\/1717"}],"wp:attachment":[{"href":"https:\/\/www.correiobraziliense.com.br\/cbradar\/wp-json\/wp\/v2\/media?parent=1713"}],"wp:term":[{"taxonomy":"category","embeddable":true,"href":"https:\/\/www.correiobraziliense.com.br\/cbradar\/wp-json\/wp\/v2\/categories?post=1713"},{"taxonomy":"post_tag","embeddable":true,"href":"https:\/\/www.correiobraziliense.com.br\/cbradar\/wp-json\/wp\/v2\/tags?post=1713"}],"curies":[{"name":"wp","href":"https:\/\/api.w.org\/{rel}","templated":true}]}}