{"id":17130,"date":"2025-03-31T20:30:00","date_gmt":"2025-03-31T23:30:00","guid":{"rendered":"https:\/\/www.correiobraziliense.com.br\/cbradar\/?p=17130"},"modified":"2025-03-30T14:31:09","modified_gmt":"2025-03-30T17:31:09","slug":"essas-sao-as-melhores-hortalicas-para-plantar-em-abril","status":"publish","type":"post","link":"https:\/\/www.correiobraziliense.com.br\/cbradar\/essas-sao-as-melhores-hortalicas-para-plantar-em-abril\/","title":{"rendered":"Essas s\u00e3o as melhores hortali\u00e7as para plantar em abril"},"content":{"rendered":"\n<p>O cultivo de hortali\u00e7as \u00e9 uma atividade que pode trazer satisfa\u00e7\u00e3o e alimentos frescos para a mesa. No entanto, \u00e9 essencial escolher as plantas certas para cada esta\u00e7\u00e3o e regi\u00e3o. O <strong>outono<\/strong>, que come\u00e7a em abril no <strong>Brasil<\/strong>, \u00e9 uma \u00e9poca de transi\u00e7\u00e3o com temperaturas mais amenas, ideal para o plantio de certas hortali\u00e7as. Conhecer as condi\u00e7\u00f5es clim\u00e1ticas e as necessidades de cada planta \u00e9 crucial para um cultivo bem-sucedido.<\/p>\n\n\n\n<p>Durante o outono, as temperaturas come\u00e7am a cair, o que pode influenciar o desenvolvimento das plantas. Algumas hortali\u00e7as preferem climas mais frios, enquanto outras se adaptam melhor a temperaturas amenas. Por isso, \u00e9 importante saber quais esp\u00e9cies s\u00e3o mais adequadas para plantar nesta \u00e9poca do ano em diferentes regi\u00f5es do Brasil.<\/p>\n\n\n\n<h2 class=\"wp-block-heading\"><strong>Quais hortali\u00e7as plantar em abril?<\/strong><\/h2>\n\n\n\n<p>No m\u00eas de abril, v\u00e1rias hortali\u00e7as podem ser plantadas em todo o Brasil. Entre as op\u00e7\u00f5es est\u00e3o a&nbsp;<strong>acelga<\/strong>,&nbsp;<strong>agri\u00e3o<\/strong>,&nbsp;<strong>aipo<\/strong>,&nbsp;<strong>alho-por\u00f3<\/strong>,&nbsp;<strong>almeir\u00e3o<\/strong>,&nbsp;<strong>beterraba<\/strong>,&nbsp;<strong>cebola<\/strong>,&nbsp;<strong>cebolinha<\/strong>,&nbsp;<strong>cenoura de inverno<\/strong>,&nbsp;<strong>chic\u00f3ria<\/strong>,&nbsp;<strong>couve manteiga<\/strong>,&nbsp;<strong>ervilha<\/strong>,&nbsp;<strong>espinafre<\/strong>,&nbsp;<strong>jil\u00f3<\/strong>,&nbsp;<strong>mostarda<\/strong>,&nbsp;<strong>nabo<\/strong>,&nbsp;<strong>rabanete<\/strong>,&nbsp;<strong>repolho de inverno<\/strong>,&nbsp;<strong>r\u00facula<\/strong>,&nbsp;<strong>salsa<\/strong>&nbsp;e&nbsp;<strong>manjeric\u00e3o<\/strong>.<\/p>\n\n\n\n<p>Al\u00e9m dessas, em regi\u00f5es espec\u00edficas como o <strong>Norte<\/strong>, <strong>Nordeste<\/strong>, <strong>Centro-Oeste<\/strong>, <strong>Rio de Janeiro<\/strong>, <strong>Esp\u00edrito Santo<\/strong> e <strong>norte de Minas Gerais<\/strong>, \u00e9 poss\u00edvel plantar&nbsp;<strong>ab\u00f3bora<\/strong>,&nbsp;<strong>abobrinha<\/strong>,&nbsp;<strong>berinjela<\/strong>,&nbsp;<strong>coentro<\/strong>,&nbsp;<strong>couve-flor<\/strong>,&nbsp;<strong>feij\u00e3o-vagem<\/strong>,&nbsp;<strong>melancia<\/strong>,&nbsp;<strong>mel\u00e3o<\/strong>,&nbsp;<strong>pepino<\/strong>,&nbsp;<strong>pimenta<\/strong>,&nbsp;<strong>piment\u00e3o<\/strong>&nbsp;e&nbsp;<strong>tomate<\/strong>. Essas regi\u00f5es, com climas mais quentes, permitem o cultivo de uma variedade maior de hortali\u00e7as.<\/p>\n\n\n\n<figure class=\"wp-block-image size-large\"><img decoding=\"async\" width=\"1024\" height=\"576\" src=\"https:\/\/www.correiobraziliense.com.br\/cbradar\/wp-content\/uploads\/2025\/03\/plantacao-de-cenoura_1743270833936-1024x576.jpg\" alt=\"Essas s\u00e3o as melhores hortali\u00e7as para plantar em abril\" class=\"wp-image-17135\" srcset=\"https:\/\/www.correiobraziliense.com.br\/cbradar\/wp-content\/uploads\/2025\/03\/plantacao-de-cenoura_1743270833936-1024x576.jpg 1024w, https:\/\/www.correiobraziliense.com.br\/cbradar\/wp-content\/uploads\/2025\/03\/plantacao-de-cenoura_1743270833936-300x169.jpg 300w, https:\/\/www.correiobraziliense.com.br\/cbradar\/wp-content\/uploads\/2025\/03\/plantacao-de-cenoura_1743270833936-768x432.jpg 768w, https:\/\/www.correiobraziliense.com.br\/cbradar\/wp-content\/uploads\/2025\/03\/plantacao-de-cenoura_1743270833936-750x422.jpg 750w, https:\/\/www.correiobraziliense.com.br\/cbradar\/wp-content\/uploads\/2025\/03\/plantacao-de-cenoura_1743270833936-1140x641.jpg 1140w, https:\/\/www.correiobraziliense.com.br\/cbradar\/wp-content\/uploads\/2025\/03\/plantacao-de-cenoura_1743270833936.jpg 1280w\" sizes=\"(max-width: 1024px) 100vw, 1024px\" \/><figcaption class=\"wp-element-caption\">cenouras rec\u00e9m colhidas\nCr\u00e9ditos: depositphotos.com \/ DimaSobkoD<\/figcaption><\/figure>\n\n\n\n<h2 class=\"wp-block-heading\"><strong>Como realizar o plantio de hortali\u00e7as?<\/strong><\/h2>\n\n\n\n<p>O plantio de hortali\u00e7as n\u00e3o \u00e9 complicado, mas requer aten\u00e7\u00e3o e cuidado. Primeiramente, \u00e9 necess\u00e1rio escolher um local adequado, como um vaso ou floreira, que receba luz solar direta. A luz \u00e9 fundamental para o crescimento saud\u00e1vel das plantas. Em seguida, deve-se preencher o recipiente com substrato adequado, fazer um furo de cerca de 2 cm, inserir a semente e cobrir com terra.<\/p>\n\n\n\n<p>A rega \u00e9 um aspecto crucial do cultivo. \u00c9 importante regar a terra de forma que ela fique levemente \u00famida, sem encharcar. Acompanhar o desenvolvimento das plantas e regar diariamente s\u00e3o pr\u00e1ticas essenciais para garantir que as hortali\u00e7as cres\u00e7am de maneira saud\u00e1vel.<\/p>\n\n\n\n<h2 class=\"wp-block-heading\"><strong>Quando colher as hortali\u00e7as?<\/strong><\/h2>\n\n\n\n<p>O tempo de colheita das hortali\u00e7as varia conforme o ciclo de cada planta. Por isso, \u00e9 fundamental seguir as instru\u00e7\u00f5es fornecidas nos pacotes de sementes. Cada esp\u00e9cie tem um tempo espec\u00edfico para atingir o ponto ideal de colheita, e respeitar esse tempo \u00e9 crucial para obter hortali\u00e7as de qualidade.<\/p>\n\n\n\n<p>Com as informa\u00e7\u00f5es corretas e os cuidados adequados, o cultivo de hortali\u00e7as no outono pode ser uma atividade gratificante e produtiva. Al\u00e9m de proporcionar alimentos frescos, cuidar de uma horta pode ser uma excelente forma de relaxar e se conectar com a natureza.<\/p>\n","protected":false},"excerpt":{"rendered":"<p>Aprenda a cultivar hortali\u00e7as no outono brasileiro. Conhe\u00e7a as melhores hortali\u00e7as para plantar em abril e dicas para um cultivo bem-sucedido.<\/p>\n","protected":false},"author":3,"featured_media":17134,"comment_status":"open","ping_status":"open","sticky":false,"template":"","format":"standard","meta":{"_yoast_wpseo_focuskw":"como cultivar hortali\u00e7as","_yoast_wpseo_title":"%%title%%","_yoast_wpseo_metadesc":"Aprenda a cultivar hortali\u00e7as no outono brasileiro. Conhe\u00e7a as melhores hortali\u00e7as para plantar em abril e dicas para um cultivo bem-sucedido.","jnews-multi-image_gallery":[],"jnews_single_post":{"format":"standard"},"jnews_primary_category":[],"jnews_social_meta":[],"jnews_override_counter":[],"footnotes":""},"categories":[136],"post_tag":[137,870],"class_list":["post-17130","post","type-post","status-publish","format-standard","has-post-thumbnail","hentry","category-jardinagem","tag-como-plantar","tag-hortalicas"],"yoast_head":"<!-- This site is optimized with the Yoast SEO plugin v24.6 - https:\/\/yoast.com\/wordpress\/plugins\/seo\/ -->\n<title>Essas s\u00e3o as melhores hortali\u00e7as para plantar em abril<\/title>\n<meta name=\"description\" content=\"Aprenda a cultivar hortali\u00e7as no outono brasileiro. Conhe\u00e7a as melhores hortali\u00e7as para plantar em abril e dicas para um cultivo bem-sucedido.\" \/>\n<meta name=\"robots\" content=\"index, follow, max-snippet:-1, max-image-preview:large, max-video-preview:-1\" \/>\n<link rel=\"canonical\" href=\"https:\/\/www.correiobraziliense.com.br\/cbradar\/essas-sao-as-melhores-hortalicas-para-plantar-em-abril\/\" \/>\n<meta property=\"og:locale\" content=\"pt_BR\" \/>\n<meta property=\"og:type\" content=\"article\" \/>\n<meta property=\"og:title\" content=\"Essas s\u00e3o as melhores hortali\u00e7as para plantar em abril\" \/>\n<meta property=\"og:description\" content=\"Aprenda a cultivar hortali\u00e7as no outono brasileiro. Conhe\u00e7a as melhores hortali\u00e7as para plantar em abril e dicas para um cultivo bem-sucedido.\" \/>\n<meta property=\"og:url\" content=\"https:\/\/www.correiobraziliense.com.br\/cbradar\/essas-sao-as-melhores-hortalicas-para-plantar-em-abril\/\" \/>\n<meta property=\"og:site_name\" content=\"Correio Braziliense - Radar\" \/>\n<meta property=\"article:published_time\" content=\"2025-03-31T23:30:00+00:00\" \/>\n<meta property=\"og:image\" content=\"https:\/\/www.correiobraziliense.com.br\/cbradar\/wp-content\/uploads\/2025\/03\/horta_1743270786368.jpg\" \/>\n\t<meta property=\"og:image:width\" content=\"1280\" \/>\n\t<meta property=\"og:image:height\" content=\"720\" \/>\n\t<meta property=\"og:image:type\" content=\"image\/jpeg\" \/>\n<meta name=\"author\" content=\"Larissa Carvalho\" \/>\n<meta name=\"twitter:card\" content=\"summary_large_image\" \/>\n<meta name=\"twitter:label1\" content=\"Escrito por\" \/>\n\t<meta name=\"twitter:data1\" content=\"Larissa Carvalho\" \/>\n\t<meta name=\"twitter:label2\" content=\"Est. tempo de leitura\" \/>\n\t<meta name=\"twitter:data2\" content=\"3 minutos\" \/>\n<!-- \/ Yoast SEO plugin. -->","yoast_head_json":{"title":"Essas s\u00e3o as melhores hortali\u00e7as para plantar em abril","description":"Aprenda a cultivar hortali\u00e7as no outono brasileiro. Conhe\u00e7a as melhores hortali\u00e7as para plantar em abril e dicas para um cultivo bem-sucedido.","robots":{"index":"index","follow":"follow","max-snippet":"max-snippet:-1","max-image-preview":"max-image-preview:large","max-video-preview":"max-video-preview:-1"},"canonical":"https:\/\/www.correiobraziliense.com.br\/cbradar\/essas-sao-as-melhores-hortalicas-para-plantar-em-abril\/","og_locale":"pt_BR","og_type":"article","og_title":"Essas s\u00e3o as melhores hortali\u00e7as para plantar em abril","og_description":"Aprenda a cultivar hortali\u00e7as no outono brasileiro. Conhe\u00e7a as melhores hortali\u00e7as para plantar em abril e dicas para um cultivo bem-sucedido.","og_url":"https:\/\/www.correiobraziliense.com.br\/cbradar\/essas-sao-as-melhores-hortalicas-para-plantar-em-abril\/","og_site_name":"Correio Braziliense - Radar","article_published_time":"2025-03-31T23:30:00+00:00","og_image":[{"width":1280,"height":720,"url":"https:\/\/www.correiobraziliense.com.br\/cbradar\/wp-content\/uploads\/2025\/03\/horta_1743270786368.jpg","type":"image\/jpeg"}],"author":"Larissa Carvalho","twitter_card":"summary_large_image","twitter_misc":{"Escrito por":"Larissa Carvalho","Est. tempo de leitura":"3 minutos"},"schema":{"@context":"https:\/\/schema.org","@graph":[{"@type":"WebPage","@id":"https:\/\/www.correiobraziliense.com.br\/cbradar\/essas-sao-as-melhores-hortalicas-para-plantar-em-abril\/","url":"https:\/\/www.correiobraziliense.com.br\/cbradar\/essas-sao-as-melhores-hortalicas-para-plantar-em-abril\/","name":"Essas s\u00e3o as melhores hortali\u00e7as para plantar em abril","isPartOf":{"@id":"https:\/\/www.correiobraziliense.com.br\/cbradar\/#website"},"primaryImageOfPage":{"@id":"https:\/\/www.correiobraziliense.com.br\/cbradar\/essas-sao-as-melhores-hortalicas-para-plantar-em-abril\/#primaryimage"},"image":{"@id":"https:\/\/www.correiobraziliense.com.br\/cbradar\/essas-sao-as-melhores-hortalicas-para-plantar-em-abril\/#primaryimage"},"thumbnailUrl":"https:\/\/www.correiobraziliense.com.br\/cbradar\/wp-content\/uploads\/2025\/03\/horta_1743270786368.jpg","datePublished":"2025-03-31T23:30:00+00:00","author":{"@id":"https:\/\/www.correiobraziliense.com.br\/cbradar\/#\/schema\/person\/58422787644df994b53a19d3e56c1513"},"description":"Aprenda a cultivar hortali\u00e7as no outono brasileiro. Conhe\u00e7a as melhores hortali\u00e7as para plantar em abril e dicas para um cultivo bem-sucedido.","breadcrumb":{"@id":"https:\/\/www.correiobraziliense.com.br\/cbradar\/essas-sao-as-melhores-hortalicas-para-plantar-em-abril\/#breadcrumb"},"inLanguage":"pt-BR","potentialAction":[{"@type":"ReadAction","target":["https:\/\/www.correiobraziliense.com.br\/cbradar\/essas-sao-as-melhores-hortalicas-para-plantar-em-abril\/"]}]},{"@type":"ImageObject","inLanguage":"pt-BR","@id":"https:\/\/www.correiobraziliense.com.br\/cbradar\/essas-sao-as-melhores-hortalicas-para-plantar-em-abril\/#primaryimage","url":"https:\/\/www.correiobraziliense.com.br\/cbradar\/wp-content\/uploads\/2025\/03\/horta_1743270786368.jpg","contentUrl":"https:\/\/www.correiobraziliense.com.br\/cbradar\/wp-content\/uploads\/2025\/03\/horta_1743270786368.jpg","width":1280,"height":720,"caption":"Hortali\u00e7as Cr\u00e9ditos: depositphotos.com \/ encierro"},{"@type":"BreadcrumbList","@id":"https:\/\/www.correiobraziliense.com.br\/cbradar\/essas-sao-as-melhores-hortalicas-para-plantar-em-abril\/#breadcrumb","itemListElement":[{"@type":"ListItem","position":1,"name":"In\u00edcio","item":"https:\/\/www.correiobraziliense.com.br\/cbradar\/"},{"@type":"ListItem","position":2,"name":"Essas s\u00e3o as melhores hortali\u00e7as para plantar em abril"}]},{"@type":"WebSite","@id":"https:\/\/www.correiobraziliense.com.br\/cbradar\/#website","url":"https:\/\/www.correiobraziliense.com.br\/cbradar\/","name":"Correio Braziliense - Radar","description":"Acompanhe as \u00faltimas not\u00edcias e fique bem informado sobre tudo o que acontece no Brasil e no mundo.","potentialAction":[{"@type":"SearchAction","target":{"@type":"EntryPoint","urlTemplate":"https:\/\/www.correiobraziliense.com.br\/cbradar\/?s={search_term_string}"},"query-input":{"@type":"PropertyValueSpecification","valueRequired":true,"valueName":"search_term_string"}}],"inLanguage":"pt-BR"},{"@type":"Person","@id":"https:\/\/www.correiobraziliense.com.br\/cbradar\/#\/schema\/person\/58422787644df994b53a19d3e56c1513","name":"Larissa Carvalho","image":{"@type":"ImageObject","inLanguage":"pt-BR","@id":"https:\/\/www.correiobraziliense.com.br\/cbradar\/#\/schema\/person\/image\/","url":"https:\/\/secure.gravatar.com\/avatar\/fe4f91a0de32b52a838d0d612abdc1aa?s=96&d=mm&r=g","contentUrl":"https:\/\/secure.gravatar.com\/avatar\/fe4f91a0de32b52a838d0d612abdc1aa?s=96&d=mm&r=g","caption":"Larissa Carvalho"},"url":"https:\/\/www.correiobraziliense.com.br\/cbradar\/author\/larissamyth\/"}]}},"_links":{"self":[{"href":"https:\/\/www.correiobraziliense.com.br\/cbradar\/wp-json\/wp\/v2\/posts\/17130","targetHints":{"allow":["GET"]}}],"collection":[{"href":"https:\/\/www.correiobraziliense.com.br\/cbradar\/wp-json\/wp\/v2\/posts"}],"about":[{"href":"https:\/\/www.correiobraziliense.com.br\/cbradar\/wp-json\/wp\/v2\/types\/post"}],"author":[{"embeddable":true,"href":"https:\/\/www.correiobraziliense.com.br\/cbradar\/wp-json\/wp\/v2\/users\/3"}],"replies":[{"embeddable":true,"href":"https:\/\/www.correiobraziliense.com.br\/cbradar\/wp-json\/wp\/v2\/comments?post=17130"}],"version-history":[{"count":2,"href":"https:\/\/www.correiobraziliense.com.br\/cbradar\/wp-json\/wp\/v2\/posts\/17130\/revisions"}],"predecessor-version":[{"id":17301,"href":"https:\/\/www.correiobraziliense.com.br\/cbradar\/wp-json\/wp\/v2\/posts\/17130\/revisions\/17301"}],"wp:featuredmedia":[{"embeddable":true,"href":"https:\/\/www.correiobraziliense.com.br\/cbradar\/wp-json\/wp\/v2\/media\/17134"}],"wp:attachment":[{"href":"https:\/\/www.correiobraziliense.com.br\/cbradar\/wp-json\/wp\/v2\/media?parent=17130"}],"wp:term":[{"taxonomy":"category","embeddable":true,"href":"https:\/\/www.correiobraziliense.com.br\/cbradar\/wp-json\/wp\/v2\/categories?post=17130"},{"taxonomy":"post_tag","embeddable":true,"href":"https:\/\/www.correiobraziliense.com.br\/cbradar\/wp-json\/wp\/v2\/post_tag?post=17130"}],"curies":[{"name":"wp","href":"https:\/\/api.w.org\/{rel}","templated":true}]}}