{"id":171336,"date":"2026-01-10T15:15:00","date_gmt":"2026-01-10T18:15:00","guid":{"rendered":"https:\/\/www.correiobraziliense.com.br\/cbradar\/?p=171336"},"modified":"2026-01-09T13:36:23","modified_gmt":"2026-01-09T16:36:23","slug":"com-ch-ou-x-essa-e-a-regra-para-escrever-tachar-e-taxar","status":"publish","type":"post","link":"https:\/\/www.correiobraziliense.com.br\/cbradar\/com-ch-ou-x-essa-e-a-regra-para-escrever-tachar-e-taxar\/","title":{"rendered":"Com ch ou x? Essa \u00e9 a regra para escrever \u201cTachar\u201d e \u201ctaxar\u201d"},"content":{"rendered":"\n<p>A diferen\u00e7a entre <strong>tachar<\/strong> e <strong>taxar<\/strong> costuma gerar d\u00favidas em textos do dia a dia, em conversas formais e at\u00e9 em documentos oficiais. As duas palavras s\u00e3o parecidas na escrita e na pron\u00fancia, mas pertencem a contextos bastante distintos. Entender quando empregar cada forma ajuda a evitar interpreta\u00e7\u00f5es equivocadas e erros de linguagem, principalmente em situa\u00e7\u00f5es que exigem clareza, como contratos, not\u00edcias ou comunicados institucionais.<\/p>\n\n\n\n<h2 class=\"wp-block-heading\">O que significa taxar e quando a palavra deve ser usada corretamente<\/h2>\n\n\n\n<p>A palavra <strong>taxar<\/strong> est\u00e1 ligada ao campo <strong>econ\u00f4mico e jur\u00eddico<\/strong>. Em linhas gerais, significa impor ou cobrar uma <strong>taxa<\/strong>, tributo, tarifa ou valor adicional sobre um produto, servi\u00e7o, pessoa ou opera\u00e7\u00e3o financeira. Trata-se de um verbo associado a <strong>impostos, arrecada\u00e7\u00e3o e cobran\u00e7as oficiais<\/strong>, normalmente realizadas por governos, \u00f3rg\u00e3os p\u00fablicos ou institui\u00e7\u00f5es reguladas.<\/p>\n\n\n\n<p>Alguns usos frequentes de <strong>taxar<\/strong> envolvem situa\u00e7\u00f5es de <strong>tributa\u00e7\u00e3o e tarifas<\/strong>, em que h\u00e1 um encargo financeiro claramente definido. Em textos especializados, \u00e9 comum o uso de express\u00f5es como <strong>\u201ctaxar produtos de luxo\u201d<\/strong>, <strong>\u201ctaxar grandes fortunas\u201d<\/strong> ou <strong>\u201ctaxar opera\u00e7\u00f5es digitais\u201d<\/strong>, sempre com foco em pol\u00edticas fiscais e regras de cobran\u00e7a.<\/p>\n\n\n\n<ul class=\"wp-block-list\">\n<li>cobran\u00e7a de impostos sobre mercadorias importadas;<\/li>\n\n\n\n<li>tarifas sobre servi\u00e7os de transporte, energia ou saneamento;<\/li>\n\n\n\n<li>tributa\u00e7\u00e3o sobre lucros, rendimentos ou opera\u00e7\u00f5es banc\u00e1rias;<\/li>\n\n\n\n<li>defini\u00e7\u00e3o de al\u00edquotas especiais sobre determinados setores econ\u00f4micos.<\/li>\n<\/ul>\n\n\n\n<h2 class=\"wp-block-heading\">Tachar \u00e9 o mesmo que taxar ou tem outro significado<\/h2>\n\n\n\n<p>Apesar da semelhan\u00e7a gr\u00e1fica, <strong>tachar<\/strong> n\u00e3o tem rela\u00e7\u00e3o com impostos ou finan\u00e7as. O verbo remete a dois grandes sentidos: um ligado \u00e0 <strong>cr\u00edtica ou acusa\u00e7\u00e3o<\/strong>, e outro relacionado \u00e0 <strong>marca\u00e7\u00e3o de textos<\/strong> com algum tipo de sinal, como um risco ou uma tacha. Em ambos os casos, a ideia central \u00e9 a de <strong>atribuir algo ou apontar algo de forma vis\u00edvel<\/strong>.<\/p>\n\n\n\n<p>No uso mais comum, <strong>\u201ctachar\u201d significa atribuir uma caracter\u00edstica negativa<\/strong> ou classificar algu\u00e9m ou algo de forma pejorativa. J\u00e1 no contexto gr\u00e1fico, pode indicar o ato de <strong>marcar, riscar ou censurar palavras<\/strong> e trechos de um documento, muitas vezes para indicar erro, retirada ou reprova\u00e7\u00e3o. Esse emprego \u00e9 frequente em revis\u00f5es de texto, corre\u00e7\u00f5es manuais e anota\u00e7\u00f5es em provas ou rascunhos.<\/p>\n\n\n\n<ul class=\"wp-block-list\">\n<li>chamar algu\u00e9m de desonesto, injusto ou incompetente;<\/li>\n\n\n\n<li>classificar uma atitude como inadequada ou indevida;<\/li>\n\n\n\n<li>riscar uma express\u00e3o em um contrato para indicar que n\u00e3o tem mais validade;<\/li>\n\n\n\n<li>marcar uma frase em um manuscrito para indicar que deve ser retirada.<\/li>\n<\/ul>\n\n\n\n<figure class=\"wp-block-image size-large\"><img decoding=\"async\" width=\"1024\" height=\"572\" src=\"https:\/\/www.correiobraziliense.com.br\/cbradar\/wp-content\/uploads\/2026\/01\/Tachar-vs-Taxar-1024x572.png\" alt=\"Com ch ou x? Essa \u00e9 a regra para escrever \u201cTachar\u201d e \u201ctaxar\u201d\" class=\"wp-image-171338\" srcset=\"https:\/\/www.correiobraziliense.com.br\/cbradar\/wp-content\/uploads\/2026\/01\/Tachar-vs-Taxar-1024x572.png 1024w, https:\/\/www.correiobraziliense.com.br\/cbradar\/wp-content\/uploads\/2026\/01\/Tachar-vs-Taxar-300x167.png 300w, https:\/\/www.correiobraziliense.com.br\/cbradar\/wp-content\/uploads\/2026\/01\/Tachar-vs-Taxar-768x429.png 768w, https:\/\/www.correiobraziliense.com.br\/cbradar\/wp-content\/uploads\/2026\/01\/Tachar-vs-Taxar-750x419.png 750w, https:\/\/www.correiobraziliense.com.br\/cbradar\/wp-content\/uploads\/2026\/01\/Tachar-vs-Taxar-1140x636.png 1140w, https:\/\/www.correiobraziliense.com.br\/cbradar\/wp-content\/uploads\/2026\/01\/Tachar-vs-Taxar.png 1376w\" sizes=\"(max-width: 1024px) 100vw, 1024px\" \/><figcaption class=\"wp-element-caption\">Tachar acusa defeitos ou censura algu\u00e9m; taxar aplica taxas ou tributos financeiros, evite confus\u00f5es na escrita correta.<\/figcaption><\/figure>\n\n\n\n<h2 class=\"wp-block-heading\">Quais s\u00e3o as principais diferen\u00e7as entre tachar e taxar na pr\u00e1tica<\/h2>\n\n\n\n<p>Na pr\u00e1tica, a distin\u00e7\u00e3o entre <strong>tachar<\/strong> e <strong>taxar<\/strong> pode ser organizada por meio de alguns crit\u00e9rios simples. \u00c9 \u00fatil observar o <strong>campo de sentido<\/strong> da frase: se a situa\u00e7\u00e3o envolve <strong>dinheiro, tributos, tarifas ou cobran\u00e7as<\/strong>, a forma adequada costuma ser <strong>\u201ctaxar\u201d<\/strong>. Se tratar de <strong>cr\u00edtica, julgamento, acusa\u00e7\u00e3o, censura<\/strong> ou marca\u00e7\u00e3o gr\u00e1fica, a op\u00e7\u00e3o correta tende a ser <strong>\u201ctachar\u201d<\/strong>.<\/p>\n\n\n\n<p>Em contextos orais informais, a confus\u00e3o entre as duas formas aparece com frequ\u00eancia, mas em registros formais \u2014 como <strong>relat\u00f3rios, peti\u00e7\u00f5es, contratos ou mat\u00e9rias jornal\u00edsticas<\/strong> \u2014 a diferencia\u00e7\u00e3o \u00e9 considerada fundamental. Um erro na escolha entre os dois verbos pode <strong>alterar o entendimento jur\u00eddico ou administrativo<\/strong> de uma frase e comprometer a precis\u00e3o da informa\u00e7\u00e3o.<\/p>\n\n\n\n<ol class=\"wp-block-list\">\n<li><strong>Taxar<\/strong> deriva de \u201ctaxa\u201d, portanto se relaciona a tarifas, tributos e encargos financeiros.<\/li>\n\n\n\n<li><strong>Tachar<\/strong> est\u00e1 associado a atribuir r\u00f3tulos, cr\u00edticas ou defeitos, al\u00e9m de riscar ou marcar textos.<\/li>\n\n\n\n<li>Em documentos oficiais, um erro na escolha entre as duas formas pode alterar o entendimento jur\u00eddico ou administrativo.<\/li>\n\n\n\n<li>Em linguagem jornal\u00edstica, a distin\u00e7\u00e3o ajuda a manter a precis\u00e3o da informa\u00e7\u00e3o transmitida.<\/li>\n<\/ol>\n\n\n\n<p>Para aprofundarmos no tema, trouxemos o v\u00eddeo do professor Noslen explicando essas diferen\u00e7as:<\/p>\n\n\n\n<blockquote class=\"tiktok-embed\" cite=\"https:\/\/www.tiktok.com\/@professornoslen\/video\/7296596500249971974\" data-video-id=\"7296596500249971974\" style=\"max-width: 605px;min-width: 325px;\" > <section> <a target=\"_blank\" title=\"@professornoslen\" href=\"https:\/\/www.tiktok.com\/@professornoslen?refer=embed\">@professornoslen<\/a> \ud83d\udcb8TAXADO ou TACHADO?\ud83d\udcb8 E a\u00ed, qual o certo? Na verdade, as duas palavras existem. TAXAR significa tributar, tarifar, fixar pre\u00e7o ou imposto. J\u00e1 TACHAR significa censurar, colocar defeito ou mesmo colocar uma tacha (em um mural, por exemplo). E a\u00ed, j\u00e1 conhecia as duas formas de escrever a palavra? Aproveita e j\u00e1 me conta tamb\u00e9m se voc\u00ea foi taxado nas suas \u00faltimas compras? Eu fui! \ud83d\ude05 <a title=\"linguaportuguesa\" target=\"_blank\" href=\"https:\/\/www.tiktok.com\/tag\/linguaportuguesa?refer=embed\">#linguaportuguesa<\/a> <a title=\"dicasportugues\" target=\"_blank\" href=\"https:\/\/www.tiktok.com\/tag\/dicasportugues?refer=embed\">#dicasportugues<\/a> <a title=\"taxacao\" target=\"_blank\" href=\"https:\/\/www.tiktok.com\/tag\/taxacao?refer=embed\">#taxacao<\/a> <a title=\"taxar\" target=\"_blank\" href=\"https:\/\/www.tiktok.com\/tag\/taxar?refer=embed\">#taxar<\/a> <a target=\"_blank\" title=\"\u266c som original - professornoslen\" href=\"https:\/\/www.tiktok.com\/music\/som-original-7296596547985279750?refer=embed\">\u266c som original &#8211; professornoslen<\/a> <\/section> <\/blockquote> <script async src=\"https:\/\/www.tiktok.com\/embed.js\"><\/script>\n\n\n\n<h2 class=\"wp-block-heading\">Como evitar erros ao usar tachar e taxar nos textos<\/h2>\n\n\n\n<p>Para reduzir enganos no uso de <strong>tachar<\/strong> e <strong>taxar<\/strong>, uma estrat\u00e9gia eficiente \u00e9 sempre relacionar mentalmente cada verbo ao seu <strong>campo de atua\u00e7\u00e3o<\/strong>. Quando houver refer\u00eancia a <strong>governo, Estado, empresa, tarifa, imposto ou valor cobrado<\/strong>, a escolha tende a recair sobre <strong>\u201ctaxar\u201d<\/strong>. J\u00e1 quando a frase tratar de <strong>julgamento, cr\u00edtica, censura, reprova\u00e7\u00e3o<\/strong> ou marca\u00e7\u00e3o de trechos escritos, o mais adequado costuma ser <strong>\u201ctachar\u201d<\/strong>.<\/p>\n\n\n\n<p>Al\u00e9m dessa associa\u00e7\u00e3o, algumas pr\u00e1ticas ajudam a consolidar o uso correto e a torn\u00e1-lo quase autom\u00e1tico. Consultar <strong>dicion\u00e1rios atualizados<\/strong>, observar <strong>textos de refer\u00eancia<\/strong> e comparar mentalmente sentidos pr\u00f3ximos s\u00e3o recursos simples que melhoram a clareza e a corre\u00e7\u00e3o dos textos em portugu\u00eas do Brasil.<\/p>\n\n\n\n<ul class=\"wp-block-list\">\n<li><strong>Reler o contexto<\/strong>: verificar se h\u00e1 men\u00e7\u00e3o a dinheiro, cr\u00edtica ou marca\u00e7\u00e3o de texto.<\/li>\n\n\n\n<li><strong>Consultar dicion\u00e1rios atualizados<\/strong>: confirmar acep\u00e7\u00f5es e exemplos de uso em 2025.<\/li>\n\n\n\n<li><strong>Observar textos de refer\u00eancia<\/strong>: analisar como jornais, tribunais e \u00f3rg\u00e3os oficiais usam cada termo.<\/li>\n\n\n\n<li><strong>Comparar frases semelhantes<\/strong>: trocar mentalmente \u201ctaxar\u201d por \u201ccobrar taxa\u201d e \u201ctachar\u201d por \u201crotular\u201d para ver qual faz sentido.<\/li>\n<\/ul>\n","protected":false},"excerpt":{"rendered":"<p>\u201cTaxar\u201d e \u201ctachar\u201d: descubra a diferen\u00e7a entre cobrar taxas e atribuir cr\u00edticas negativas, com exemplos claros e f\u00e1ceis de memorizar.<\/p>\n","protected":false},"author":3,"featured_media":171754,"comment_status":"open","ping_status":"open","sticky":false,"template":"","format":"standard","meta":{"_yoast_wpseo_focuskw":"tachar taxar","_yoast_wpseo_title":"%%title%%","_yoast_wpseo_metadesc":"\u201cTaxar\u201d e \u201ctachar\u201d: descubra a diferen\u00e7a entre cobrar taxas e atribuir cr\u00edticas negativas, com exemplos claros e f\u00e1ceis de memorizar.","jnews-multi-image_gallery":[],"jnews_single_post":{"format":"standard"},"jnews_primary_category":[],"jnews_social_meta":[],"jnews_override_counter":[],"footnotes":""},"categories":[112],"post_tag":[144,10902,11064,6081],"class_list":["post-171336","post","type-post","status-publish","format-standard","has-post-thumbnail","hentry","category-curiosidades","tag-curiosidades","tag-lingua-portuguesa","tag-linguas","tag-portugues"],"yoast_head":"<!-- This site is optimized with the Yoast SEO plugin v24.6 - https:\/\/yoast.com\/wordpress\/plugins\/seo\/ -->\n<title>Com ch ou x? Essa \u00e9 a regra para escrever \u201cTachar\u201d e \u201ctaxar\u201d<\/title>\n<meta name=\"description\" content=\"\u201cTaxar\u201d e \u201ctachar\u201d: descubra a diferen\u00e7a entre cobrar taxas e atribuir cr\u00edticas negativas, com exemplos claros e f\u00e1ceis de memorizar.\" \/>\n<meta name=\"robots\" content=\"index, follow, max-snippet:-1, max-image-preview:large, max-video-preview:-1\" \/>\n<link rel=\"canonical\" href=\"https:\/\/www.correiobraziliense.com.br\/cbradar\/com-ch-ou-x-essa-e-a-regra-para-escrever-tachar-e-taxar\/\" \/>\n<meta property=\"og:locale\" content=\"pt_BR\" \/>\n<meta property=\"og:type\" content=\"article\" \/>\n<meta property=\"og:title\" content=\"Com ch ou x? Essa \u00e9 a regra para escrever \u201cTachar\u201d e \u201ctaxar\u201d\" \/>\n<meta property=\"og:description\" content=\"\u201cTaxar\u201d e \u201ctachar\u201d: descubra a diferen\u00e7a entre cobrar taxas e atribuir cr\u00edticas negativas, com exemplos claros e f\u00e1ceis de memorizar.\" \/>\n<meta property=\"og:url\" content=\"https:\/\/www.correiobraziliense.com.br\/cbradar\/com-ch-ou-x-essa-e-a-regra-para-escrever-tachar-e-taxar\/\" \/>\n<meta property=\"og:site_name\" content=\"Correio Braziliense - Radar\" \/>\n<meta property=\"article:published_time\" content=\"2026-01-10T18:15:00+00:00\" \/>\n<meta property=\"og:image\" content=\"https:\/\/www.correiobraziliense.com.br\/cbradar\/wp-content\/uploads\/2026\/01\/freepik__imagem-simblica-das-palavras-tachar-e-taxar__49928.png\" \/>\n\t<meta property=\"og:image:width\" content=\"1280\" \/>\n\t<meta property=\"og:image:height\" content=\"720\" \/>\n\t<meta property=\"og:image:type\" content=\"image\/png\" \/>\n<meta name=\"author\" content=\"Larissa Carvalho\" \/>\n<meta name=\"twitter:card\" content=\"summary_large_image\" \/>\n<meta name=\"twitter:label1\" content=\"Escrito por\" \/>\n\t<meta name=\"twitter:data1\" content=\"Larissa Carvalho\" \/>\n\t<meta name=\"twitter:label2\" content=\"Est. tempo de leitura\" \/>\n\t<meta name=\"twitter:data2\" content=\"5 minutos\" \/>\n<!-- \/ Yoast SEO plugin. -->","yoast_head_json":{"title":"Com ch ou x? Essa \u00e9 a regra para escrever \u201cTachar\u201d e \u201ctaxar\u201d","description":"\u201cTaxar\u201d e \u201ctachar\u201d: descubra a diferen\u00e7a entre cobrar taxas e atribuir cr\u00edticas negativas, com exemplos claros e f\u00e1ceis de memorizar.","robots":{"index":"index","follow":"follow","max-snippet":"max-snippet:-1","max-image-preview":"max-image-preview:large","max-video-preview":"max-video-preview:-1"},"canonical":"https:\/\/www.correiobraziliense.com.br\/cbradar\/com-ch-ou-x-essa-e-a-regra-para-escrever-tachar-e-taxar\/","og_locale":"pt_BR","og_type":"article","og_title":"Com ch ou x? Essa \u00e9 a regra para escrever \u201cTachar\u201d e \u201ctaxar\u201d","og_description":"\u201cTaxar\u201d e \u201ctachar\u201d: descubra a diferen\u00e7a entre cobrar taxas e atribuir cr\u00edticas negativas, com exemplos claros e f\u00e1ceis de memorizar.","og_url":"https:\/\/www.correiobraziliense.com.br\/cbradar\/com-ch-ou-x-essa-e-a-regra-para-escrever-tachar-e-taxar\/","og_site_name":"Correio Braziliense - Radar","article_published_time":"2026-01-10T18:15:00+00:00","og_image":[{"width":1280,"height":720,"url":"https:\/\/www.correiobraziliense.com.br\/cbradar\/wp-content\/uploads\/2026\/01\/freepik__imagem-simblica-das-palavras-tachar-e-taxar__49928.png","type":"image\/png"}],"author":"Larissa Carvalho","twitter_card":"summary_large_image","twitter_misc":{"Escrito por":"Larissa Carvalho","Est. tempo de leitura":"5 minutos"},"schema":{"@context":"https:\/\/schema.org","@graph":[{"@type":"WebPage","@id":"https:\/\/www.correiobraziliense.com.br\/cbradar\/com-ch-ou-x-essa-e-a-regra-para-escrever-tachar-e-taxar\/","url":"https:\/\/www.correiobraziliense.com.br\/cbradar\/com-ch-ou-x-essa-e-a-regra-para-escrever-tachar-e-taxar\/","name":"Com ch ou x? Essa \u00e9 a regra para escrever \u201cTachar\u201d e \u201ctaxar\u201d","isPartOf":{"@id":"https:\/\/www.correiobraziliense.com.br\/cbradar\/#website"},"primaryImageOfPage":{"@id":"https:\/\/www.correiobraziliense.com.br\/cbradar\/com-ch-ou-x-essa-e-a-regra-para-escrever-tachar-e-taxar\/#primaryimage"},"image":{"@id":"https:\/\/www.correiobraziliense.com.br\/cbradar\/com-ch-ou-x-essa-e-a-regra-para-escrever-tachar-e-taxar\/#primaryimage"},"thumbnailUrl":"https:\/\/www.correiobraziliense.com.br\/cbradar\/wp-content\/uploads\/2026\/01\/freepik__imagem-simblica-das-palavras-tachar-e-taxar__49928.png","datePublished":"2026-01-10T18:15:00+00:00","author":{"@id":"https:\/\/www.correiobraziliense.com.br\/cbradar\/#\/schema\/person\/58422787644df994b53a19d3e56c1513"},"description":"\u201cTaxar\u201d e \u201ctachar\u201d: descubra a diferen\u00e7a entre cobrar taxas e atribuir cr\u00edticas negativas, com exemplos claros e f\u00e1ceis de memorizar.","breadcrumb":{"@id":"https:\/\/www.correiobraziliense.com.br\/cbradar\/com-ch-ou-x-essa-e-a-regra-para-escrever-tachar-e-taxar\/#breadcrumb"},"inLanguage":"pt-BR","potentialAction":[{"@type":"ReadAction","target":["https:\/\/www.correiobraziliense.com.br\/cbradar\/com-ch-ou-x-essa-e-a-regra-para-escrever-tachar-e-taxar\/"]}]},{"@type":"ImageObject","inLanguage":"pt-BR","@id":"https:\/\/www.correiobraziliense.com.br\/cbradar\/com-ch-ou-x-essa-e-a-regra-para-escrever-tachar-e-taxar\/#primaryimage","url":"https:\/\/www.correiobraziliense.com.br\/cbradar\/wp-content\/uploads\/2026\/01\/freepik__imagem-simblica-das-palavras-tachar-e-taxar__49928.png","contentUrl":"https:\/\/www.correiobraziliense.com.br\/cbradar\/wp-content\/uploads\/2026\/01\/freepik__imagem-simblica-das-palavras-tachar-e-taxar__49928.png","width":1280,"height":720,"caption":"Apesar da grafia parecida, os verbos pertencem a campos sem\u00e2nticos diferentes"},{"@type":"BreadcrumbList","@id":"https:\/\/www.correiobraziliense.com.br\/cbradar\/com-ch-ou-x-essa-e-a-regra-para-escrever-tachar-e-taxar\/#breadcrumb","itemListElement":[{"@type":"ListItem","position":1,"name":"In\u00edcio","item":"https:\/\/www.correiobraziliense.com.br\/cbradar\/"},{"@type":"ListItem","position":2,"name":"Com ch ou x? Essa \u00e9 a regra para escrever \u201cTachar\u201d e \u201ctaxar\u201d"}]},{"@type":"WebSite","@id":"https:\/\/www.correiobraziliense.com.br\/cbradar\/#website","url":"https:\/\/www.correiobraziliense.com.br\/cbradar\/","name":"Correio Braziliense - Radar","description":"Acompanhe as \u00faltimas not\u00edcias e fique bem informado sobre tudo o que acontece no Brasil e no mundo.","potentialAction":[{"@type":"SearchAction","target":{"@type":"EntryPoint","urlTemplate":"https:\/\/www.correiobraziliense.com.br\/cbradar\/?s={search_term_string}"},"query-input":{"@type":"PropertyValueSpecification","valueRequired":true,"valueName":"search_term_string"}}],"inLanguage":"pt-BR"},{"@type":"Person","@id":"https:\/\/www.correiobraziliense.com.br\/cbradar\/#\/schema\/person\/58422787644df994b53a19d3e56c1513","name":"Larissa Carvalho","image":{"@type":"ImageObject","inLanguage":"pt-BR","@id":"https:\/\/www.correiobraziliense.com.br\/cbradar\/#\/schema\/person\/image\/","url":"https:\/\/secure.gravatar.com\/avatar\/fe4f91a0de32b52a838d0d612abdc1aa?s=96&d=mm&r=g","contentUrl":"https:\/\/secure.gravatar.com\/avatar\/fe4f91a0de32b52a838d0d612abdc1aa?s=96&d=mm&r=g","caption":"Larissa Carvalho"},"url":"https:\/\/www.correiobraziliense.com.br\/cbradar\/author\/larissamyth\/"}]}},"_links":{"self":[{"href":"https:\/\/www.correiobraziliense.com.br\/cbradar\/wp-json\/wp\/v2\/posts\/171336","targetHints":{"allow":["GET"]}}],"collection":[{"href":"https:\/\/www.correiobraziliense.com.br\/cbradar\/wp-json\/wp\/v2\/posts"}],"about":[{"href":"https:\/\/www.correiobraziliense.com.br\/cbradar\/wp-json\/wp\/v2\/types\/post"}],"author":[{"embeddable":true,"href":"https:\/\/www.correiobraziliense.com.br\/cbradar\/wp-json\/wp\/v2\/users\/3"}],"replies":[{"embeddable":true,"href":"https:\/\/www.correiobraziliense.com.br\/cbradar\/wp-json\/wp\/v2\/comments?post=171336"}],"version-history":[{"count":2,"href":"https:\/\/www.correiobraziliense.com.br\/cbradar\/wp-json\/wp\/v2\/posts\/171336\/revisions"}],"predecessor-version":[{"id":171339,"href":"https:\/\/www.correiobraziliense.com.br\/cbradar\/wp-json\/wp\/v2\/posts\/171336\/revisions\/171339"}],"wp:featuredmedia":[{"embeddable":true,"href":"https:\/\/www.correiobraziliense.com.br\/cbradar\/wp-json\/wp\/v2\/media\/171754"}],"wp:attachment":[{"href":"https:\/\/www.correiobraziliense.com.br\/cbradar\/wp-json\/wp\/v2\/media?parent=171336"}],"wp:term":[{"taxonomy":"category","embeddable":true,"href":"https:\/\/www.correiobraziliense.com.br\/cbradar\/wp-json\/wp\/v2\/categories?post=171336"},{"taxonomy":"post_tag","embeddable":true,"href":"https:\/\/www.correiobraziliense.com.br\/cbradar\/wp-json\/wp\/v2\/post_tag?post=171336"}],"curies":[{"name":"wp","href":"https:\/\/api.w.org\/{rel}","templated":true}]}}