{"id":171373,"date":"2026-01-11T20:35:00","date_gmt":"2026-01-11T23:35:00","guid":{"rendered":"https:\/\/www.correiobraziliense.com.br\/cbradar\/?p=171373"},"modified":"2026-01-10T20:29:28","modified_gmt":"2026-01-10T23:29:28","slug":"por-que-muitas-pessoas-ainda-confundem-o-uso-de-este-e-esse-na-lingua-portuguesa","status":"publish","type":"post","link":"https:\/\/www.correiobraziliense.com.br\/cbradar\/por-que-muitas-pessoas-ainda-confundem-o-uso-de-este-e-esse-na-lingua-portuguesa\/","title":{"rendered":"Por que muitas pessoas ainda confundem o uso de \u201cEste\u201d e \u201cesse\u201d na l\u00edngua portuguesa"},"content":{"rendered":"\n<p>A confus\u00e3o entre <strong>este<\/strong> e <strong>esse<\/strong> aparece com frequ\u00eancia em conversas informais, em mensagens de texto e at\u00e9 em produ\u00e7\u00f5es acad\u00eamicas. Embora a gram\u00e1tica apresente regras claras, no dia a dia muita gente n\u00e3o presta aten\u00e7\u00e3o \u00e0 posi\u00e7\u00e3o de quem fala, ao momento em que algo acontece ou ao trecho do texto a que o pronome se refere. Por isso, d\u00favidas como <strong>\u201ceste ano\u201d<\/strong> ou <strong>\u201cesse ano\u201d<\/strong> acabam se tornando comuns em diferentes contextos de uso da l\u00edngua portuguesa, especialmente quando se busca escrever de forma <strong>mais formal e correta<\/strong>.<\/p>\n\n\n\n<h2 class=\"wp-block-heading\">O que s\u00e3o \u201ceste\u201d e \u201cesse\u201d na l\u00edngua portuguesa<\/h2>\n\n\n\n<p>Os termos <strong>este<\/strong> e <strong>esse<\/strong> pertencem ao grupo dos <strong>pronomes demonstrativos<\/strong>, usados para indicar a posi\u00e7\u00e3o de algo em rela\u00e7\u00e3o \u00e0s pessoas envolvidas na comunica\u00e7\u00e3o. De forma geral, esses pronomes marcam se o objeto, a ideia ou o tempo est\u00e1 ligado a quem fala, a quem ouve ou a um terceiro elemento distante de ambos.<\/p>\n\n\n\n<p>Em textos escritos, esses pronomes tamb\u00e9m ajudam a construir <strong>coes\u00e3o e clareza<\/strong>. <strong>Este<\/strong> costuma introduzir um elemento novo que ser\u00e1 explicado, enquanto <strong>esse<\/strong> retoma uma informa\u00e7\u00e3o que j\u00e1 apareceu antes no texto. Esse mecanismo permite que o leitor acompanhe a sequ\u00eancia de ideias sem se perder, o que \u00e9 essencial em textos <strong>jornal\u00edsticos, acad\u00eamicos e jur\u00eddicos<\/strong>.<\/p>\n\n\n\n<figure class=\"wp-block-image size-large\"><img decoding=\"async\" width=\"1024\" height=\"576\" src=\"https:\/\/www.correiobraziliense.com.br\/cbradar\/wp-content\/uploads\/2026\/01\/Featured_Image_Este_Esse_1280x720-1024x576.png\" alt=\"Por que muitas pessoas ainda confundem o uso de \u201cEste\u201d e \u201cesse\u201d na l\u00edngua portuguesa\" class=\"wp-image-171376\" srcset=\"https:\/\/www.correiobraziliense.com.br\/cbradar\/wp-content\/uploads\/2026\/01\/Featured_Image_Este_Esse_1280x720-1024x576.png 1024w, https:\/\/www.correiobraziliense.com.br\/cbradar\/wp-content\/uploads\/2026\/01\/Featured_Image_Este_Esse_1280x720-300x169.png 300w, https:\/\/www.correiobraziliense.com.br\/cbradar\/wp-content\/uploads\/2026\/01\/Featured_Image_Este_Esse_1280x720-768x432.png 768w, https:\/\/www.correiobraziliense.com.br\/cbradar\/wp-content\/uploads\/2026\/01\/Featured_Image_Este_Esse_1280x720-750x422.png 750w, https:\/\/www.correiobraziliense.com.br\/cbradar\/wp-content\/uploads\/2026\/01\/Featured_Image_Este_Esse_1280x720-1140x641.png 1140w, https:\/\/www.correiobraziliense.com.br\/cbradar\/wp-content\/uploads\/2026\/01\/Featured_Image_Este_Esse_1280x720.png 1280w\" sizes=\"(max-width: 1024px) 100vw, 1024px\" \/><figcaption class=\"wp-element-caption\">Ei, t\u00e1 na d\u00favida com &#8220;este&#8221; ou &#8220;esse&#8221;? Este \u00e9 pertinho de voc\u00ea, esse \u00e9 do seu amigo. F\u00e1cil assim no dia a dia!<\/figcaption><\/figure>\n\n\n\n<h2 class=\"wp-block-heading\">Como usar \u201ceste\u201d e \u201cesse\u201d corretamente na pr\u00e1tica<\/h2>\n\n\n\n<p>De maneira simplificada, a norma padr\u00e3o indica que <strong>este<\/strong> se associa ao que est\u00e1 <strong>pr\u00f3ximo<\/strong> do falante, tanto em espa\u00e7o quanto em tempo, enquanto <strong>esse<\/strong> se relaciona a algo <strong>mais distante<\/strong> ou j\u00e1 mencionado. Em termos pr\u00e1ticos, essa diferen\u00e7a ajuda a organizar o discurso, evitando ambiguidades e repeti\u00e7\u00e3o excessiva de palavras.<\/p>\n\n\n\n<p>Alguns exemplos ajudam a visualizar essa diferen\u00e7a e mostram como a escolha do pronome pode mudar a percep\u00e7\u00e3o de proximidade:<\/p>\n\n\n\n<ul class=\"wp-block-list\">\n<li><strong>Espa\u00e7o<\/strong>: \u201c<em>Este<\/em> caderno na minha m\u00e3o\u201d (perto de quem fala) x \u201c<em>Esse<\/em> caderno a\u00ed com a pessoa que escuta\u201d.<\/li>\n\n\n\n<li><strong>Tempo<\/strong>: \u201c<em>Este<\/em> ano\u201d para o ano em curso; \u201c<em>Esse<\/em> ano\u201d para um ano anterior ou futuro j\u00e1 citado antes.<\/li>\n\n\n\n<li><strong>Texto<\/strong>: \u201c<em>Este<\/em> ponto ser\u00e1 analisado a seguir\u201d (introdu\u00e7\u00e3o) x \u201c<em>Esse<\/em> ponto foi discutido anteriormente\u201d (retomada).<\/li>\n<\/ul>\n\n\n\n<h2 class=\"wp-block-heading\">Quais fatores explicam a confus\u00e3o entre \u201ceste\u201d e \u201cesse\u201d<\/h2>\n\n\n\n<p>A principal palavra-chave desse tema \u00e9 <strong>uso de este e esse<\/strong>, e uma das explica\u00e7\u00f5es para a confus\u00e3o est\u00e1 na diferen\u00e7a entre <strong>uso real da l\u00edngua<\/strong> e <strong>regras gramaticais<\/strong>. Em muitos contextos informais, a varia\u00e7\u00e3o entre esses pronomes n\u00e3o impede a compreens\u00e3o, o que faz com que falantes n\u00e3o sintam necessidade de seguir rigorosamente a distin\u00e7\u00e3o.<\/p>\n\n\n\n<p>Outro fator \u00e9 a simplifica\u00e7\u00e3o do sistema demonstrativo em algumas regi\u00f5es do Brasil, em que <strong>esse<\/strong> acaba assumindo o lugar de <strong>este<\/strong> no cotidiano. Como a escola nem sempre aprofunda o tema com exemplos reais, a regra do <strong>uso de \u201ceste\u201d e \u201cesse\u201d<\/strong> tende a ser esquecida com facilidade, principalmente quando n\u00e3o \u00e9 praticada em <strong>reda\u00e7\u00f5es, e-mails formais e provas<\/strong>.<\/p>\n\n\n\n<p>Para aprofundarmos nesse tema, trouxemos o v\u00eddeo do especialista @erivaldoamancio:<\/p>\n\n\n\n<blockquote class=\"tiktok-embed\" cite=\"https:\/\/www.tiktok.com\/@erivaldoamancio\/video\/7233919404151442694\" data-video-id=\"7233919404151442694\" style=\"max-width: 605px;min-width: 325px;\" > <section> <a target=\"_blank\" title=\"@erivaldoamancio\" href=\"https:\/\/www.tiktok.com\/@erivaldoamancio?refer=embed\">@erivaldoamancio<\/a> Como usar este e esse <a title=\"aprendanotitok\" target=\"_blank\" href=\"https:\/\/www.tiktok.com\/tag\/aprendanotitok?refer=embed\">#aprendanotitok<\/a> <a title=\"educa\u00e7\u00e3o\" target=\"_blank\" href=\"https:\/\/www.tiktok.com\/tag\/educa%C3%A7%C3%A3o?refer=embed\">#educa\u00e7\u00e3o<\/a> <a title=\"curiosidades\" target=\"_blank\" href=\"https:\/\/www.tiktok.com\/tag\/curiosidades?refer=embed\">#curiosidades<\/a> <a title=\"concursopublico\" target=\"_blank\" href=\"https:\/\/www.tiktok.com\/tag\/concursopublico?refer=embed\">#concursopublico<\/a> <a target=\"_blank\" title=\"\u266c som original - Erivaldo Amancio\" href=\"https:\/\/www.tiktok.com\/music\/som-original-7233919434364291845?refer=embed\">\u266c som original &#8211; Erivaldo Amancio<\/a> <\/section> <\/blockquote> <script async src=\"https:\/\/www.tiktok.com\/embed.js\"><\/script>\n\n\n\n<h2 class=\"wp-block-heading\">Como fixar a diferen\u00e7a entre \u201ceste\u201d e \u201cesse\u201d no dia a dia<\/h2>\n\n\n\n<p>Uma forma simples de memorizar o uso de <strong>este<\/strong> e <strong>esse<\/strong> \u00e9 relacionar cada pronome a uma <strong>pergunta mental r\u00e1pida<\/strong>. Antes de escrever, a pessoa pode testar se est\u00e1 tratando de algo pr\u00f3ximo no tempo, no espa\u00e7o ou no texto, ou se est\u00e1 retomando uma informa\u00e7\u00e3o anterior, tornando a escolha mais consciente.<\/p>\n\n\n\n<ol class=\"wp-block-list\">\n<li>Identificar se o elemento est\u00e1 perto de quem fala, no momento presente ou ser\u00e1 explicado depois. Se a resposta for positiva, a tend\u00eancia \u00e9 usar <strong>este<\/strong>.<\/li>\n\n\n\n<li>Verificar se o elemento j\u00e1 foi citado, est\u00e1 mais ligado a quem ouve ou se se refere a tempo passado ou futuro. Nesses casos, prevalece o uso de <strong>esse<\/strong>.<\/li>\n\n\n\n<li>Observar exemplos em textos jornal\u00edsticos, acad\u00eamicos e oficiais, marcando mentalmente quando aparece <strong>este<\/strong> para introduzir e <strong>esse<\/strong> para retomar.<\/li>\n<\/ol>\n\n\n\n<p>Com o tempo, a distin\u00e7\u00e3o entre os dois pronomes deixa de ser apenas uma <strong>regra decorada<\/strong> e passa a funcionar como ferramenta de clareza textual. Em contextos formais, esse cuidado favorece a compreens\u00e3o do leitor e reduz o risco de interpreta\u00e7\u00f5es imprecisas, al\u00e9m de demonstrar <strong>dom\u00ednio da norma padr\u00e3o<\/strong>.<\/p>\n","protected":false},"excerpt":{"rendered":"<p>Descubra por que muitas pessoas confundem o uso de \u201ceste\u201d e \u201cesse\u201d na l\u00edngua portuguesa e aprenda, com exemplos simples, a usar cada um corretamente.<\/p>\n","protected":false},"author":3,"featured_media":172237,"comment_status":"open","ping_status":"open","sticky":false,"template":"","format":"standard","meta":{"_yoast_wpseo_focuskw":"este esse","_yoast_wpseo_title":"%%title%%","_yoast_wpseo_metadesc":"Descubra por que muitas pessoas confundem o uso de \u201ceste\u201d e \u201cesse\u201d na l\u00edngua portuguesa e aprenda, com exemplos simples, a usar cada um corretamente.","jnews-multi-image_gallery":[],"jnews_single_post":{"format":"standard"},"jnews_primary_category":[],"jnews_social_meta":[],"jnews_override_counter":[],"footnotes":""},"categories":[112],"tags":[144,10902,11064,6081],"class_list":["post-171373","post","type-post","status-publish","format-standard","has-post-thumbnail","hentry","category-curiosidades","tag-curiosidades","tag-lingua-portuguesa","tag-linguas","tag-portugues"],"yoast_head":"<!-- This site is optimized with the Yoast SEO plugin v24.6 - https:\/\/yoast.com\/wordpress\/plugins\/seo\/ -->\n<title>Por que muitas pessoas ainda confundem o uso de \u201cEste\u201d e \u201cesse\u201d na l\u00edngua portuguesa<\/title>\n<meta name=\"description\" content=\"Descubra por que muitas pessoas confundem o uso de \u201ceste\u201d e \u201cesse\u201d na l\u00edngua portuguesa e aprenda, com exemplos simples, a usar cada um corretamente.\" \/>\n<meta name=\"robots\" content=\"index, follow, max-snippet:-1, max-image-preview:large, max-video-preview:-1\" \/>\n<link rel=\"canonical\" href=\"https:\/\/www.correiobraziliense.com.br\/cbradar\/por-que-muitas-pessoas-ainda-confundem-o-uso-de-este-e-esse-na-lingua-portuguesa\/\" \/>\n<meta property=\"og:locale\" content=\"pt_BR\" \/>\n<meta property=\"og:type\" content=\"article\" \/>\n<meta property=\"og:title\" content=\"Por que muitas pessoas ainda confundem o uso de \u201cEste\u201d e \u201cesse\u201d na l\u00edngua portuguesa\" \/>\n<meta property=\"og:description\" content=\"Descubra por que muitas pessoas confundem o uso de \u201ceste\u201d e \u201cesse\u201d na l\u00edngua portuguesa e aprenda, com exemplos simples, a usar cada um corretamente.\" \/>\n<meta property=\"og:url\" content=\"https:\/\/www.correiobraziliense.com.br\/cbradar\/por-que-muitas-pessoas-ainda-confundem-o-uso-de-este-e-esse-na-lingua-portuguesa\/\" \/>\n<meta property=\"og:site_name\" content=\"Correio Braziliense - Radar\" \/>\n<meta property=\"article:published_time\" content=\"2026-01-11T23:35:00+00:00\" \/>\n<meta property=\"og:image\" content=\"https:\/\/www.correiobraziliense.com.br\/cbradar\/wp-content\/uploads\/2026\/01\/Gemini_Generated_Image_k04rrak04rrak04r-1-1-1.png\" \/>\n\t<meta property=\"og:image:width\" content=\"1280\" \/>\n\t<meta property=\"og:image:height\" content=\"720\" \/>\n\t<meta property=\"og:image:type\" content=\"image\/png\" \/>\n<meta name=\"author\" content=\"Larissa Carvalho\" \/>\n<meta name=\"twitter:card\" content=\"summary_large_image\" \/>\n<meta name=\"twitter:label1\" content=\"Escrito por\" \/>\n\t<meta name=\"twitter:data1\" content=\"Larissa Carvalho\" \/>\n\t<meta name=\"twitter:label2\" content=\"Est. tempo de leitura\" \/>\n\t<meta name=\"twitter:data2\" content=\"5 minutos\" \/>\n<!-- \/ Yoast SEO plugin. -->","yoast_head_json":{"title":"Por que muitas pessoas ainda confundem o uso de \u201cEste\u201d e \u201cesse\u201d na l\u00edngua portuguesa","description":"Descubra por que muitas pessoas confundem o uso de \u201ceste\u201d e \u201cesse\u201d na l\u00edngua portuguesa e aprenda, com exemplos simples, a usar cada um corretamente.","robots":{"index":"index","follow":"follow","max-snippet":"max-snippet:-1","max-image-preview":"max-image-preview:large","max-video-preview":"max-video-preview:-1"},"canonical":"https:\/\/www.correiobraziliense.com.br\/cbradar\/por-que-muitas-pessoas-ainda-confundem-o-uso-de-este-e-esse-na-lingua-portuguesa\/","og_locale":"pt_BR","og_type":"article","og_title":"Por que muitas pessoas ainda confundem o uso de \u201cEste\u201d e \u201cesse\u201d na l\u00edngua portuguesa","og_description":"Descubra por que muitas pessoas confundem o uso de \u201ceste\u201d e \u201cesse\u201d na l\u00edngua portuguesa e aprenda, com exemplos simples, a usar cada um corretamente.","og_url":"https:\/\/www.correiobraziliense.com.br\/cbradar\/por-que-muitas-pessoas-ainda-confundem-o-uso-de-este-e-esse-na-lingua-portuguesa\/","og_site_name":"Correio Braziliense - Radar","article_published_time":"2026-01-11T23:35:00+00:00","og_image":[{"width":1280,"height":720,"url":"https:\/\/www.correiobraziliense.com.br\/cbradar\/wp-content\/uploads\/2026\/01\/Gemini_Generated_Image_k04rrak04rrak04r-1-1-1.png","type":"image\/png"}],"author":"Larissa Carvalho","twitter_card":"summary_large_image","twitter_misc":{"Escrito por":"Larissa Carvalho","Est. tempo de leitura":"5 minutos"},"schema":{"@context":"https:\/\/schema.org","@graph":[{"@type":"WebPage","@id":"https:\/\/www.correiobraziliense.com.br\/cbradar\/por-que-muitas-pessoas-ainda-confundem-o-uso-de-este-e-esse-na-lingua-portuguesa\/","url":"https:\/\/www.correiobraziliense.com.br\/cbradar\/por-que-muitas-pessoas-ainda-confundem-o-uso-de-este-e-esse-na-lingua-portuguesa\/","name":"Por que muitas pessoas ainda confundem o uso de \u201cEste\u201d e \u201cesse\u201d na l\u00edngua portuguesa","isPartOf":{"@id":"https:\/\/www.correiobraziliense.com.br\/cbradar\/#website"},"primaryImageOfPage":{"@id":"https:\/\/www.correiobraziliense.com.br\/cbradar\/por-que-muitas-pessoas-ainda-confundem-o-uso-de-este-e-esse-na-lingua-portuguesa\/#primaryimage"},"image":{"@id":"https:\/\/www.correiobraziliense.com.br\/cbradar\/por-que-muitas-pessoas-ainda-confundem-o-uso-de-este-e-esse-na-lingua-portuguesa\/#primaryimage"},"thumbnailUrl":"https:\/\/www.correiobraziliense.com.br\/cbradar\/wp-content\/uploads\/2026\/01\/Gemini_Generated_Image_k04rrak04rrak04r-1-1-1.png","datePublished":"2026-01-11T23:35:00+00:00","author":{"@id":"https:\/\/www.correiobraziliense.com.br\/cbradar\/#\/schema\/person\/58422787644df994b53a19d3e56c1513"},"description":"Descubra por que muitas pessoas confundem o uso de \u201ceste\u201d e \u201cesse\u201d na l\u00edngua portuguesa e aprenda, com exemplos simples, a usar cada um corretamente.","breadcrumb":{"@id":"https:\/\/www.correiobraziliense.com.br\/cbradar\/por-que-muitas-pessoas-ainda-confundem-o-uso-de-este-e-esse-na-lingua-portuguesa\/#breadcrumb"},"inLanguage":"pt-BR","potentialAction":[{"@type":"ReadAction","target":["https:\/\/www.correiobraziliense.com.br\/cbradar\/por-que-muitas-pessoas-ainda-confundem-o-uso-de-este-e-esse-na-lingua-portuguesa\/"]}]},{"@type":"ImageObject","inLanguage":"pt-BR","@id":"https:\/\/www.correiobraziliense.com.br\/cbradar\/por-que-muitas-pessoas-ainda-confundem-o-uso-de-este-e-esse-na-lingua-portuguesa\/#primaryimage","url":"https:\/\/www.correiobraziliense.com.br\/cbradar\/wp-content\/uploads\/2026\/01\/Gemini_Generated_Image_k04rrak04rrak04r-1-1-1.png","contentUrl":"https:\/\/www.correiobraziliense.com.br\/cbradar\/wp-content\/uploads\/2026\/01\/Gemini_Generated_Image_k04rrak04rrak04r-1-1-1.png","width":1280,"height":720,"caption":"Ei, t\u00e1 na d\u00favida com \"este\" ou \"esse\"? Este \u00e9 pertinho de voc\u00ea, esse \u00e9 do seu amigo. F\u00e1cil assim no dia a dia!"},{"@type":"BreadcrumbList","@id":"https:\/\/www.correiobraziliense.com.br\/cbradar\/por-que-muitas-pessoas-ainda-confundem-o-uso-de-este-e-esse-na-lingua-portuguesa\/#breadcrumb","itemListElement":[{"@type":"ListItem","position":1,"name":"In\u00edcio","item":"https:\/\/www.correiobraziliense.com.br\/cbradar\/"},{"@type":"ListItem","position":2,"name":"Por que muitas pessoas ainda confundem o uso de \u201cEste\u201d e \u201cesse\u201d na l\u00edngua portuguesa"}]},{"@type":"WebSite","@id":"https:\/\/www.correiobraziliense.com.br\/cbradar\/#website","url":"https:\/\/www.correiobraziliense.com.br\/cbradar\/","name":"Correio Braziliense - Radar","description":"Acompanhe as \u00faltimas not\u00edcias e fique bem informado sobre tudo o que acontece no Brasil e no mundo.","potentialAction":[{"@type":"SearchAction","target":{"@type":"EntryPoint","urlTemplate":"https:\/\/www.correiobraziliense.com.br\/cbradar\/?s={search_term_string}"},"query-input":{"@type":"PropertyValueSpecification","valueRequired":true,"valueName":"search_term_string"}}],"inLanguage":"pt-BR"},{"@type":"Person","@id":"https:\/\/www.correiobraziliense.com.br\/cbradar\/#\/schema\/person\/58422787644df994b53a19d3e56c1513","name":"Larissa Carvalho","image":{"@type":"ImageObject","inLanguage":"pt-BR","@id":"https:\/\/www.correiobraziliense.com.br\/cbradar\/#\/schema\/person\/image\/","url":"https:\/\/secure.gravatar.com\/avatar\/fe4f91a0de32b52a838d0d612abdc1aa?s=96&d=mm&r=g","contentUrl":"https:\/\/secure.gravatar.com\/avatar\/fe4f91a0de32b52a838d0d612abdc1aa?s=96&d=mm&r=g","caption":"Larissa Carvalho"},"url":"https:\/\/www.correiobraziliense.com.br\/cbradar\/author\/larissamyth\/"}]}},"_links":{"self":[{"href":"https:\/\/www.correiobraziliense.com.br\/cbradar\/wp-json\/wp\/v2\/posts\/171373","targetHints":{"allow":["GET"]}}],"collection":[{"href":"https:\/\/www.correiobraziliense.com.br\/cbradar\/wp-json\/wp\/v2\/posts"}],"about":[{"href":"https:\/\/www.correiobraziliense.com.br\/cbradar\/wp-json\/wp\/v2\/types\/post"}],"author":[{"embeddable":true,"href":"https:\/\/www.correiobraziliense.com.br\/cbradar\/wp-json\/wp\/v2\/users\/3"}],"replies":[{"embeddable":true,"href":"https:\/\/www.correiobraziliense.com.br\/cbradar\/wp-json\/wp\/v2\/comments?post=171373"}],"version-history":[{"count":2,"href":"https:\/\/www.correiobraziliense.com.br\/cbradar\/wp-json\/wp\/v2\/posts\/171373\/revisions"}],"predecessor-version":[{"id":171377,"href":"https:\/\/www.correiobraziliense.com.br\/cbradar\/wp-json\/wp\/v2\/posts\/171373\/revisions\/171377"}],"wp:featuredmedia":[{"embeddable":true,"href":"https:\/\/www.correiobraziliense.com.br\/cbradar\/wp-json\/wp\/v2\/media\/172237"}],"wp:attachment":[{"href":"https:\/\/www.correiobraziliense.com.br\/cbradar\/wp-json\/wp\/v2\/media?parent=171373"}],"wp:term":[{"taxonomy":"category","embeddable":true,"href":"https:\/\/www.correiobraziliense.com.br\/cbradar\/wp-json\/wp\/v2\/categories?post=171373"},{"taxonomy":"post_tag","embeddable":true,"href":"https:\/\/www.correiobraziliense.com.br\/cbradar\/wp-json\/wp\/v2\/tags?post=171373"}],"curies":[{"name":"wp","href":"https:\/\/api.w.org\/{rel}","templated":true}]}}