{"id":171401,"date":"2026-01-10T11:45:00","date_gmt":"2026-01-10T14:45:00","guid":{"rendered":"https:\/\/www.correiobraziliense.com.br\/cbradar\/?p=171401"},"modified":"2026-01-09T11:59:01","modified_gmt":"2026-01-09T14:59:01","slug":"a-cidade-onde-a-forca-industrial-convive-com-paisagens-naturais-preservadas-e-atrai-olhares-no-centro-oeste","status":"publish","type":"post","link":"https:\/\/www.correiobraziliense.com.br\/cbradar\/a-cidade-onde-a-forca-industrial-convive-com-paisagens-naturais-preservadas-e-atrai-olhares-no-centro-oeste\/","title":{"rendered":"A cidade onde a ind\u00fastria cresce sem apagar o verde que atrai olhares ao equilibrar progresso e preserva\u00e7\u00e3o no Centro-Oeste"},"content":{"rendered":"\n<p>A cidade de <strong>Rondon\u00f3polis<\/strong> consolida-se como a principal porta de sa\u00edda da produ\u00e7\u00e3o agropecu\u00e1ria do <strong>Brasil<\/strong>, unindo uma log\u00edstica ferrovi\u00e1ria de ponta a um setor industrial em franco crescimento. Localizada a 212 km da capital <strong>Cuiab\u00e1<\/strong>, a terra do <strong>rondonopolitano<\/strong> \u00e9 estrategicamente cortada pelas rodovias <strong>BR-163<\/strong> e <strong>BR-364<\/strong>, conectando o interior do <strong>Mato Grosso<\/strong> aos principais portos do pa\u00eds. O munic\u00edpio abriga o maior terminal ferrovi\u00e1rio da <strong>Am\u00e9rica Latina<\/strong>, atraindo investimentos multibilion\u00e1rios e transforma a regi\u00e3o em um hub essencial para a seguran\u00e7a alimentar global.<\/p>\n\n\n\n<h2 class=\"wp-block-heading\">Como o vigor econ\u00f4mico sustenta a infraestrutura urbana?<\/h2>\n\n\n\n<p>A for\u00e7a do agroneg\u00f3cio reflete diretamente na moderniza\u00e7\u00e3o dos servi\u00e7os p\u00fablicos e na verticaliza\u00e7\u00e3o acelerada do centro urbano. Segundo o<a href=\"https:\/\/cidades.ibge.gov.br\/brasil\/mt\/rondonopolis\/panorama\" target=\"_blank\" rel=\"noreferrer noopener\"> <strong>Instituto Brasileiro de Geografia e Estat\u00edstica (IBGE)<\/strong><\/a><strong> IDH 0,755<\/strong>, a localidade apresenta indicadores de renda e longevidade que a posicionam entre as mais pr\u00f3speras do estado, atraindo profissionais qualificados de todas as regi\u00f5es brasileiras.<\/p>\n\n\n\n<p>Viver nesta pot\u00eancia regional permite acesso a uma rede de sa\u00fade privada de alta complexidade e centros educacionais focados em tecnologia e gest\u00e3o rural. O planejamento urbano prioriza a cria\u00e7\u00e3o de novos bairros planejados, como o <strong>Sagrada Fam\u00edlia<\/strong>, que oferecem seguran\u00e7a e \u00e1reas de lazer integradas, suportando o fluxo migrat\u00f3rio de fam\u00edlias que buscam estabilidade econ\u00f4mica e qualidade de vida.<\/p>\n\n\n<div class=\"wp-block-image\">\n<figure class=\"aligncenter size-large\"><img decoding=\"async\" width=\"1024\" height=\"576\" src=\"https:\/\/www.correiobraziliense.com.br\/cbradar\/wp-content\/uploads\/2025\/12\/Imagens_de_drone_Mini_2_DJI_da_cidade_de_Rondonopolis_Mato_Grosso-Gilmar_Leal_VIDEOMAKER_2-59_screenshot-1-1024x576.jpg\" alt=\"A cidade onde a for\u00e7a industrial convive com paisagens naturais preservadas e atra\u00ed olhares no Centro-Oeste\" class=\"wp-image-153707\" srcset=\"https:\/\/www.correiobraziliense.com.br\/cbradar\/wp-content\/uploads\/2025\/12\/Imagens_de_drone_Mini_2_DJI_da_cidade_de_Rondonopolis_Mato_Grosso-Gilmar_Leal_VIDEOMAKER_2-59_screenshot-1-1024x576.jpg 1024w, https:\/\/www.correiobraziliense.com.br\/cbradar\/wp-content\/uploads\/2025\/12\/Imagens_de_drone_Mini_2_DJI_da_cidade_de_Rondonopolis_Mato_Grosso-Gilmar_Leal_VIDEOMAKER_2-59_screenshot-1-300x169.jpg 300w, https:\/\/www.correiobraziliense.com.br\/cbradar\/wp-content\/uploads\/2025\/12\/Imagens_de_drone_Mini_2_DJI_da_cidade_de_Rondonopolis_Mato_Grosso-Gilmar_Leal_VIDEOMAKER_2-59_screenshot-1-768x432.jpg 768w, https:\/\/www.correiobraziliense.com.br\/cbradar\/wp-content\/uploads\/2025\/12\/Imagens_de_drone_Mini_2_DJI_da_cidade_de_Rondonopolis_Mato_Grosso-Gilmar_Leal_VIDEOMAKER_2-59_screenshot-1-1536x864.jpg 1536w, https:\/\/www.correiobraziliense.com.br\/cbradar\/wp-content\/uploads\/2025\/12\/Imagens_de_drone_Mini_2_DJI_da_cidade_de_Rondonopolis_Mato_Grosso-Gilmar_Leal_VIDEOMAKER_2-59_screenshot-1-2048x1152.jpg 2048w, https:\/\/www.correiobraziliense.com.br\/cbradar\/wp-content\/uploads\/2025\/12\/Imagens_de_drone_Mini_2_DJI_da_cidade_de_Rondonopolis_Mato_Grosso-Gilmar_Leal_VIDEOMAKER_2-59_screenshot-1-750x422.jpg 750w, https:\/\/www.correiobraziliense.com.br\/cbradar\/wp-content\/uploads\/2025\/12\/Imagens_de_drone_Mini_2_DJI_da_cidade_de_Rondonopolis_Mato_Grosso-Gilmar_Leal_VIDEOMAKER_2-59_screenshot-1-1140x641.jpg 1140w\" sizes=\"(max-width: 1024px) 100vw, 1024px\" \/><figcaption class=\"wp-element-caption\">Rondon\u00f3polis, no sul de Mato Grosso, \u00e9 polo urbano estrat\u00e9gico ligado ao agroneg\u00f3cio, com boa estrutura de servi\u00e7os, com\u00e9rcio e log\u00edstica rodovi\u00e1ria. \/\/ Cr\u00e9ditos: YouTube.com\/@gilmardasilvaleal<\/figcaption><\/figure><\/div>\n\n\n<h2 class=\"wp-block-heading\">O papel estrat\u00e9gico do terminal ferrovi\u00e1rio e das esmagadoras<\/h2>\n\n\n\n<p>A economia local \u00e9 impulsionada pelo processamento de gr\u00e3os, sendo sede das principais esmagadoras de soja do mundo, que agregam valor ao produto bruto antes da exporta\u00e7\u00e3o. O terminal da <strong>Rumo Log\u00edstica<\/strong> movimenta milh\u00f5es de toneladas anualmente, reduzindo custos de transporte e consolidando a cidade como um polo de competitividade internacional.<\/p>\n\n\n\n<p>Este cen\u00e1rio industrial fomenta um setor de servi\u00e7os robusto, com destaque para as oficinas de manuten\u00e7\u00e3o de frotas pesadas e consultorias de agroneg\u00f3cio. A <strong>Prefeitura de Rondon\u00f3polis<\/strong> investe na desburocratiza\u00e7\u00e3o para a abertura de novas empresas, garantindo que o ciclo de inova\u00e7\u00e3o nas cadeias de suprimentos e biocombust\u00edveis continue a expandir o PIB municipal.<\/p>\n\n\n\n<p><strong>Descubra a for\u00e7a de Rondon\u00f3polis, o maior polo industrial do interior de Mato Grosso. <\/strong>O v\u00eddeo \u00e9 do canal <strong>Cidades &amp; Cia<\/strong>, que conta com mais de <strong>100 mil inscritos,<\/strong> e detalha a economia pujante, o terminal intermodal e as belezas naturais como a<strong> Cidade de Pedra<\/strong>:<\/p>\n\n\n\n<figure class=\"wp-block-embed aligncenter is-type-video is-provider-youtube wp-block-embed-youtube wp-embed-aspect-16-9 wp-has-aspect-ratio\"><div class=\"wp-block-embed__wrapper\">\n<div class=\"jeg_video_container jeg_video_content\"><iframe loading=\"lazy\" title=\"CONHECA RONDON\u00d3POLIS O MAIOR POLO INDUSTRIAL DO INTERIOR DO MATO GROSSO\" width=\"500\" height=\"281\" src=\"https:\/\/www.youtube.com\/embed\/zsZYflnyMJs?feature=oembed\" frameborder=\"0\" allow=\"accelerometer; autoplay; clipboard-write; encrypted-media; gyroscope; picture-in-picture; web-share\" referrerpolicy=\"strict-origin-when-cross-origin\" allowfullscreen><\/iframe><\/div>\n<\/div><\/figure>\n\n\n\n<h2 class=\"wp-block-heading\">Roteiros de lazer entre a natureza e a cultura sertaneja<\/h2>\n\n\n\n<p>O lazer na regi\u00e3o oferece um contraste fascinante entre a agita\u00e7\u00e3o urbana e o ref\u00fagio ecol\u00f3gico proporcionado pelo <strong>Pantanal<\/strong> e pelo <strong>Cerrado<\/strong>. O <strong>Cais do Rio Vermelho<\/strong> \u00e9 o ponto de encontro tradicional para a gastronomia local, onde pratos \u00e0 base de peixes de \u00e1gua doce, como o pacu e a pintado, s\u00e3o servidos em um ambiente que celebra a hist\u00f3ria da funda\u00e7\u00e3o da cidade.<\/p>\n\n\n\n<p>Para quem busca aventura, as forma\u00e7\u00f5es rochosas e cachoeiras da <strong>Cidade de Pedra<\/strong> e do <strong>Parque Estadual da Serra de Santa B\u00e1rbara<\/strong> oferecem trilhas deslumbrantes a poucos quil\u00f4metros do centro. A agenda cultural \u00e9 marcada pela <strong>Exposul<\/strong>, uma das maiores feiras agropecu\u00e1rias do pa\u00eds, que une exposi\u00e7\u00f5es tecnol\u00f3gicas a shows de visibilidade nacional, refor\u00e7ando a identidade sertaneja e o orgulho produtivo do povo mato-grossense.<\/p>\n\n\n<div class=\"wp-block-image\">\n<figure class=\"aligncenter size-large\"><img decoding=\"async\" width=\"1024\" height=\"576\" src=\"https:\/\/www.correiobraziliense.com.br\/cbradar\/wp-content\/uploads\/2025\/12\/Imagens_de_drone_Mini_2_DJI_da_cidade_de_Rondonopolis_Mato_Grosso-Gilmar_Leal_VIDEOMAKER_12-33_screenshot-1024x576.jpg\" alt=\"A cidade onde a for\u00e7a industrial convive com paisagens naturais preservadas e atra\u00ed olhares\" class=\"wp-image-153696\" srcset=\"https:\/\/www.correiobraziliense.com.br\/cbradar\/wp-content\/uploads\/2025\/12\/Imagens_de_drone_Mini_2_DJI_da_cidade_de_Rondonopolis_Mato_Grosso-Gilmar_Leal_VIDEOMAKER_12-33_screenshot-1024x576.jpg 1024w, https:\/\/www.correiobraziliense.com.br\/cbradar\/wp-content\/uploads\/2025\/12\/Imagens_de_drone_Mini_2_DJI_da_cidade_de_Rondonopolis_Mato_Grosso-Gilmar_Leal_VIDEOMAKER_12-33_screenshot-300x169.jpg 300w, https:\/\/www.correiobraziliense.com.br\/cbradar\/wp-content\/uploads\/2025\/12\/Imagens_de_drone_Mini_2_DJI_da_cidade_de_Rondonopolis_Mato_Grosso-Gilmar_Leal_VIDEOMAKER_12-33_screenshot-768x432.jpg 768w, https:\/\/www.correiobraziliense.com.br\/cbradar\/wp-content\/uploads\/2025\/12\/Imagens_de_drone_Mini_2_DJI_da_cidade_de_Rondonopolis_Mato_Grosso-Gilmar_Leal_VIDEOMAKER_12-33_screenshot-1536x864.jpg 1536w, https:\/\/www.correiobraziliense.com.br\/cbradar\/wp-content\/uploads\/2025\/12\/Imagens_de_drone_Mini_2_DJI_da_cidade_de_Rondonopolis_Mato_Grosso-Gilmar_Leal_VIDEOMAKER_12-33_screenshot-2048x1152.jpg 2048w, https:\/\/www.correiobraziliense.com.br\/cbradar\/wp-content\/uploads\/2025\/12\/Imagens_de_drone_Mini_2_DJI_da_cidade_de_Rondonopolis_Mato_Grosso-Gilmar_Leal_VIDEOMAKER_12-33_screenshot-750x422.jpg 750w, https:\/\/www.correiobraziliense.com.br\/cbradar\/wp-content\/uploads\/2025\/12\/Imagens_de_drone_Mini_2_DJI_da_cidade_de_Rondonopolis_Mato_Grosso-Gilmar_Leal_VIDEOMAKER_12-33_screenshot-1140x641.jpg 1140w\" sizes=\"(max-width: 1024px) 100vw, 1024px\" \/><figcaption class=\"wp-element-caption\">A cidade equilibra vida urbana e campo, funcionando como base para produtores de soja e milho da regi\u00e3o \/\/ Cr\u00e9ditos: YouTube.com\/@gilmardasilvaleal<\/figcaption><\/figure><\/div>\n\n\n<p><strong>Leia tamb\u00e9m: <a href=\"https:\/\/www.correiobraziliense.com.br\/cbradar\/a-cidade-da-serra-catarinense-que-esta-chamando-atencao-pelo-frio-intenso-e-tranquilidade-de-um-lugar-com-seguranca-reforcada\/\" target=\"_blank\" rel=\"noreferrer noopener\">A cidade da Serra Catarinense que est\u00e1 chamando aten\u00e7\u00e3o pelo frio intenso e tranquilidade de um lugar com seguran\u00e7a refor\u00e7ada.<\/a><\/strong><\/p>\n\n\n\n<h2 class=\"wp-block-heading\">Entenda como o regime de chuvas dita a produtividade local<\/h2>\n\n\n\n<p><strong>O clima tropical \u00e9 caracterizado por temperaturas elevadas durante todo o ano, com uma divis\u00e3o clara entre o per\u00edodo de secas severas e a temporada de chuvas intensas. <\/strong>Essa altern\u00e2ncia clim\u00e1tica \u00e9 fundamental para o sucesso das safras de soja e milho, mas exige que a infraestrutura urbana possua sistemas de drenagem eficientes e que os moradores estejam preparados para a baixa umidade t\u00edpica do inverno no <strong>Centro-Oeste<\/strong>.<\/p>\n\n\n\n<p>Confira abaixo o comportamento das esta\u00e7\u00f5es para planejar suas atividades de lazer ou visitas comerciais, com base nos registros do <strong><a href=\"https:\/\/www.climatempo.com.br\/previsao-do-tempo\/cidade\/222\/rondonopolis-mt\" target=\"_blank\" rel=\"noreferrer noopener\">Climatempo<\/a><\/strong>.<\/p>\n\n\n\n<figure class=\"wp-block-table\"><table class=\"has-fixed-layout\"><thead><tr><th>Per\u00edodo (meses)<\/th><th>Temperatura m\u00e9dia<\/th><th>Clima<\/th><th>Atividades recomendadas<\/th><\/tr><\/thead><tbody><tr><td>Outubro a Mar\u00e7o<\/td><td>24\u00b0C a 33\u00b0C<\/td><td>Quente e muito chuvoso<\/td><td>Turismo gastron\u00f4mico e visitas aos centros de inova\u00e7\u00e3o.<\/td><\/tr><tr><td>Abril a Junho<\/td><td>18\u00b0C a 30\u00b0C<\/td><td>Ameno e seco<\/td><td>Ecoturismo nas cachoeiras e trilhas na <strong>Serra<\/strong>.<\/td><\/tr><tr><td>Julho a Agosto<\/td><td>14\u00b0C a 32\u00b0C<\/td><td>Frio matinal e muito seco<\/td><td>Participa\u00e7\u00e3o na <strong>Exposul<\/strong> e lazer noturno no <strong>Cais<\/strong>.<\/td><\/tr><tr><td>Setembro<\/td><td>22\u00b0C a 36\u00b0C<\/td><td>Calor extremo<\/td><td>Esportes n\u00e1uticos no rio e atividades em ambientes climatizados.<\/td><\/tr><\/tbody><\/table><\/figure>\n\n\n<div class=\"wp-block-image\">\n<figure class=\"aligncenter size-large\"><img decoding=\"async\" width=\"1024\" height=\"576\" src=\"https:\/\/www.correiobraziliense.com.br\/cbradar\/wp-content\/uploads\/2025\/12\/Imagens_de_drone_Mini_2_DJI_da_cidade_de_Rondonopolis_Mato_Grosso-Gilmar_Leal_VIDEOMAKER_13-52_screenshot-1024x576.jpg\" alt=\"A cidade onde a for\u00e7a industrial convive com paisagens naturais preservadas e atra\u00ed olhares\" class=\"wp-image-153695\" srcset=\"https:\/\/www.correiobraziliense.com.br\/cbradar\/wp-content\/uploads\/2025\/12\/Imagens_de_drone_Mini_2_DJI_da_cidade_de_Rondonopolis_Mato_Grosso-Gilmar_Leal_VIDEOMAKER_13-52_screenshot-1024x576.jpg 1024w, https:\/\/www.correiobraziliense.com.br\/cbradar\/wp-content\/uploads\/2025\/12\/Imagens_de_drone_Mini_2_DJI_da_cidade_de_Rondonopolis_Mato_Grosso-Gilmar_Leal_VIDEOMAKER_13-52_screenshot-300x169.jpg 300w, https:\/\/www.correiobraziliense.com.br\/cbradar\/wp-content\/uploads\/2025\/12\/Imagens_de_drone_Mini_2_DJI_da_cidade_de_Rondonopolis_Mato_Grosso-Gilmar_Leal_VIDEOMAKER_13-52_screenshot-768x432.jpg 768w, https:\/\/www.correiobraziliense.com.br\/cbradar\/wp-content\/uploads\/2025\/12\/Imagens_de_drone_Mini_2_DJI_da_cidade_de_Rondonopolis_Mato_Grosso-Gilmar_Leal_VIDEOMAKER_13-52_screenshot-1536x864.jpg 1536w, https:\/\/www.correiobraziliense.com.br\/cbradar\/wp-content\/uploads\/2025\/12\/Imagens_de_drone_Mini_2_DJI_da_cidade_de_Rondonopolis_Mato_Grosso-Gilmar_Leal_VIDEOMAKER_13-52_screenshot-2048x1152.jpg 2048w, https:\/\/www.correiobraziliense.com.br\/cbradar\/wp-content\/uploads\/2025\/12\/Imagens_de_drone_Mini_2_DJI_da_cidade_de_Rondonopolis_Mato_Grosso-Gilmar_Leal_VIDEOMAKER_13-52_screenshot-750x422.jpg 750w, https:\/\/www.correiobraziliense.com.br\/cbradar\/wp-content\/uploads\/2025\/12\/Imagens_de_drone_Mini_2_DJI_da_cidade_de_Rondonopolis_Mato_Grosso-Gilmar_Leal_VIDEOMAKER_13-52_screenshot-1140x641.jpg 1140w\" sizes=\"(max-width: 1024px) 100vw, 1024px\" \/><figcaption class=\"wp-element-caption\">Explore Rondon\u00f3polis al\u00e9m do agro, conhecendo cachoeiras, forma\u00e7\u00f5es rochosas e o Casario hist\u00f3rico \u00e0s margens do rio, cen\u00e1rio que revela a alma do Cerrado mato-grossense. \/\/ Cr\u00e9ditos: YouTube.com\/@gilmardasilvaleal<\/figcaption><\/figure><\/div>\n\n\n<h2 class=\"wp-block-heading\">Por que Rondon\u00f3polis \u00e9 o destino definitivo para investimentos?<\/h2>\n\n\n\n<p><strong>Escolher este polo log\u00edstico para estabelecer ra\u00edzes significa estar no epicentro da engrenagem que alimenta o Brasil e o mundo.<\/strong> A cidade oferece a seguran\u00e7a de uma economia diversificada, que resiste a oscila\u00e7\u00f5es de mercado atrav\u00e9s da tecnologia aplicada ao campo e de uma infraestrutura que n\u00e3o para de crescer.<\/p>\n\n\n\n<p>Viver aqui \u00e9 participar ativamente do futuro do pa\u00eds, onde o trabalho \u00e1rduo encontra recompensas em uma urbanidade moderna, conectada e profundamente resiliente diante dos desafios do novo s\u00e9culo.<\/p>\n\n\n\n<ul class=\"wp-block-list\">\n<li>Lideran\u00e7a absoluta no transporte ferrovi\u00e1rio de gr\u00e3os e produ\u00e7\u00e3o de fertilizantes no pa\u00eds.<\/li>\n\n\n\n<li>Mercado imobili\u00e1rio em constante valoriza\u00e7\u00e3o devido \u00e0 demanda por moradias de alto padr\u00e3o.<\/li>\n\n\n\n<li>Infraestrutura educacional de ponta com foco em engenharia mec\u00e2nica e agronomia avan\u00e7ada.<\/li>\n<\/ul>\n","protected":false},"excerpt":{"rendered":"<p>A cidade de Rondon\u00f3polis consolida-se como a principal porta de sa\u00edda da produ\u00e7\u00e3o agropecu\u00e1ria do Brasil, unindo uma log\u00edstica ferrovi\u00e1ria de ponta a um setor industrial em franco crescimento. Localizada a 212 km da capital Cuiab\u00e1, a terra do rondonopolitano \u00e9 estrategicamente cortada pelas rodovias BR-163 e BR-364, conectando o interior do Mato Grosso aos [&hellip;]<\/p>\n","protected":false},"author":8,"featured_media":153697,"comment_status":"open","ping_status":"open","sticky":false,"template":"","format":"standard","meta":{"_yoast_wpseo_focuskw":"cidade no centro oeste","_yoast_wpseo_title":"","_yoast_wpseo_metadesc":"Essa cidade do Centro-Oeste se destaca por unir for\u00e7a industrial, crescimento econ\u00f4mico e paisagens naturais preservadas.","jnews-multi-image_gallery":[],"jnews_single_post":{"format":"standard"},"jnews_primary_category":[],"jnews_social_meta":[],"jnews_override_counter":[],"footnotes":""},"categories":[108,111],"post_tag":[225,12547],"class_list":["post-171401","post","type-post","status-publish","format-standard","has-post-thumbnail","hentry","category-cidades","category-turismo","tag-brasil","tag-rondonopolis"],"yoast_head":"<!-- This site is optimized with the Yoast SEO plugin v24.6 - https:\/\/yoast.com\/wordpress\/plugins\/seo\/ -->\n<title>A cidade onde a ind\u00fastria cresce sem apagar o verde que atrai olhares ao equilibrar progresso e preserva\u00e7\u00e3o no Centro-Oeste - Correio Braziliense - Radar<\/title>\n<meta name=\"description\" content=\"Essa cidade do Centro-Oeste se destaca por unir for\u00e7a industrial, crescimento econ\u00f4mico e paisagens naturais preservadas.\" \/>\n<meta name=\"robots\" content=\"index, follow, max-snippet:-1, max-image-preview:large, max-video-preview:-1\" \/>\n<link rel=\"canonical\" href=\"https:\/\/www.correiobraziliense.com.br\/cbradar\/a-cidade-onde-a-forca-industrial-convive-com-paisagens-naturais-preservadas-e-atrai-olhares-no-centro-oeste\/\" \/>\n<meta property=\"og:locale\" content=\"pt_BR\" \/>\n<meta property=\"og:type\" content=\"article\" \/>\n<meta property=\"og:title\" content=\"A cidade onde a ind\u00fastria cresce sem apagar o verde que atrai olhares ao equilibrar progresso e preserva\u00e7\u00e3o no Centro-Oeste - Correio Braziliense - Radar\" \/>\n<meta property=\"og:description\" content=\"Essa cidade do Centro-Oeste se destaca por unir for\u00e7a industrial, crescimento econ\u00f4mico e paisagens naturais preservadas.\" \/>\n<meta property=\"og:url\" content=\"https:\/\/www.correiobraziliense.com.br\/cbradar\/a-cidade-onde-a-forca-industrial-convive-com-paisagens-naturais-preservadas-e-atrai-olhares-no-centro-oeste\/\" \/>\n<meta property=\"og:site_name\" content=\"Correio Braziliense - Radar\" \/>\n<meta property=\"article:published_time\" content=\"2026-01-10T14:45:00+00:00\" \/>\n<meta property=\"og:image\" content=\"https:\/\/www.correiobraziliense.com.br\/cbradar\/wp-content\/uploads\/2025\/12\/Imagens_de_drone_Mini_2_DJI_da_cidade_de_Rondonopolis_Mato_Grosso-Gilmar_Leal_VIDEOMAKER_0-1_screenshot-scaled-e1767970715582.jpg\" \/>\n\t<meta property=\"og:image:width\" content=\"1280\" \/>\n\t<meta property=\"og:image:height\" content=\"720\" \/>\n\t<meta property=\"og:image:type\" content=\"image\/jpeg\" \/>\n<meta name=\"author\" content=\"Maura Pereira\" \/>\n<meta name=\"twitter:card\" content=\"summary_large_image\" \/>\n<meta name=\"twitter:label1\" content=\"Escrito por\" \/>\n\t<meta name=\"twitter:data1\" content=\"Maura Pereira\" \/>\n\t<meta name=\"twitter:label2\" content=\"Est. tempo de leitura\" \/>\n\t<meta name=\"twitter:data2\" content=\"6 minutos\" \/>\n<!-- \/ Yoast SEO plugin. -->","yoast_head_json":{"title":"A cidade onde a ind\u00fastria cresce sem apagar o verde que atrai olhares ao equilibrar progresso e preserva\u00e7\u00e3o no Centro-Oeste - Correio Braziliense - Radar","description":"Essa cidade do Centro-Oeste se destaca por unir for\u00e7a industrial, crescimento econ\u00f4mico e paisagens naturais preservadas.","robots":{"index":"index","follow":"follow","max-snippet":"max-snippet:-1","max-image-preview":"max-image-preview:large","max-video-preview":"max-video-preview:-1"},"canonical":"https:\/\/www.correiobraziliense.com.br\/cbradar\/a-cidade-onde-a-forca-industrial-convive-com-paisagens-naturais-preservadas-e-atrai-olhares-no-centro-oeste\/","og_locale":"pt_BR","og_type":"article","og_title":"A cidade onde a ind\u00fastria cresce sem apagar o verde que atrai olhares ao equilibrar progresso e preserva\u00e7\u00e3o no Centro-Oeste - Correio Braziliense - Radar","og_description":"Essa cidade do Centro-Oeste se destaca por unir for\u00e7a industrial, crescimento econ\u00f4mico e paisagens naturais preservadas.","og_url":"https:\/\/www.correiobraziliense.com.br\/cbradar\/a-cidade-onde-a-forca-industrial-convive-com-paisagens-naturais-preservadas-e-atrai-olhares-no-centro-oeste\/","og_site_name":"Correio Braziliense - Radar","article_published_time":"2026-01-10T14:45:00+00:00","og_image":[{"width":1280,"height":720,"url":"https:\/\/www.correiobraziliense.com.br\/cbradar\/wp-content\/uploads\/2025\/12\/Imagens_de_drone_Mini_2_DJI_da_cidade_de_Rondonopolis_Mato_Grosso-Gilmar_Leal_VIDEOMAKER_0-1_screenshot-scaled-e1767970715582.jpg","type":"image\/jpeg"}],"author":"Maura Pereira","twitter_card":"summary_large_image","twitter_misc":{"Escrito por":"Maura Pereira","Est. tempo de leitura":"6 minutos"},"schema":{"@context":"https:\/\/schema.org","@graph":[{"@type":"WebPage","@id":"https:\/\/www.correiobraziliense.com.br\/cbradar\/a-cidade-onde-a-forca-industrial-convive-com-paisagens-naturais-preservadas-e-atrai-olhares-no-centro-oeste\/","url":"https:\/\/www.correiobraziliense.com.br\/cbradar\/a-cidade-onde-a-forca-industrial-convive-com-paisagens-naturais-preservadas-e-atrai-olhares-no-centro-oeste\/","name":"A cidade onde a ind\u00fastria cresce sem apagar o verde que atrai olhares ao equilibrar progresso e preserva\u00e7\u00e3o no Centro-Oeste - Correio Braziliense - Radar","isPartOf":{"@id":"https:\/\/www.correiobraziliense.com.br\/cbradar\/#website"},"primaryImageOfPage":{"@id":"https:\/\/www.correiobraziliense.com.br\/cbradar\/a-cidade-onde-a-forca-industrial-convive-com-paisagens-naturais-preservadas-e-atrai-olhares-no-centro-oeste\/#primaryimage"},"image":{"@id":"https:\/\/www.correiobraziliense.com.br\/cbradar\/a-cidade-onde-a-forca-industrial-convive-com-paisagens-naturais-preservadas-e-atrai-olhares-no-centro-oeste\/#primaryimage"},"thumbnailUrl":"https:\/\/www.correiobraziliense.com.br\/cbradar\/wp-content\/uploads\/2025\/12\/Imagens_de_drone_Mini_2_DJI_da_cidade_de_Rondonopolis_Mato_Grosso-Gilmar_Leal_VIDEOMAKER_0-1_screenshot-scaled-e1767970715582.jpg","datePublished":"2026-01-10T14:45:00+00:00","author":{"@id":"https:\/\/www.correiobraziliense.com.br\/cbradar\/#\/schema\/person\/4053c651a9bfc785afc6f4cbc9032fd3"},"description":"Essa cidade do Centro-Oeste se destaca por unir for\u00e7a industrial, crescimento econ\u00f4mico e paisagens naturais preservadas.","breadcrumb":{"@id":"https:\/\/www.correiobraziliense.com.br\/cbradar\/a-cidade-onde-a-forca-industrial-convive-com-paisagens-naturais-preservadas-e-atrai-olhares-no-centro-oeste\/#breadcrumb"},"inLanguage":"pt-BR","potentialAction":[{"@type":"ReadAction","target":["https:\/\/www.correiobraziliense.com.br\/cbradar\/a-cidade-onde-a-forca-industrial-convive-com-paisagens-naturais-preservadas-e-atrai-olhares-no-centro-oeste\/"]}]},{"@type":"ImageObject","inLanguage":"pt-BR","@id":"https:\/\/www.correiobraziliense.com.br\/cbradar\/a-cidade-onde-a-forca-industrial-convive-com-paisagens-naturais-preservadas-e-atrai-olhares-no-centro-oeste\/#primaryimage","url":"https:\/\/www.correiobraziliense.com.br\/cbradar\/wp-content\/uploads\/2025\/12\/Imagens_de_drone_Mini_2_DJI_da_cidade_de_Rondonopolis_Mato_Grosso-Gilmar_Leal_VIDEOMAKER_0-1_screenshot-scaled-e1767970715582.jpg","contentUrl":"https:\/\/www.correiobraziliense.com.br\/cbradar\/wp-content\/uploads\/2025\/12\/Imagens_de_drone_Mini_2_DJI_da_cidade_de_Rondonopolis_Mato_Grosso-Gilmar_Leal_VIDEOMAKER_0-1_screenshot-scaled-e1767970715582.jpg","width":1280,"height":720,"caption":"Rondon\u00f3polis possui o segundo maior PIB de Mato Grosso e lidera o ranking estadual de exporta\u00e7\u00f5es, exportando mais que muitos estados brasileiros gra\u00e7as \u00e0 for\u00e7a do agro. \/\/ Cr\u00e9ditos: YouTube.com\/@gilmardasilvaleal"},{"@type":"BreadcrumbList","@id":"https:\/\/www.correiobraziliense.com.br\/cbradar\/a-cidade-onde-a-forca-industrial-convive-com-paisagens-naturais-preservadas-e-atrai-olhares-no-centro-oeste\/#breadcrumb","itemListElement":[{"@type":"ListItem","position":1,"name":"In\u00edcio","item":"https:\/\/www.correiobraziliense.com.br\/cbradar\/"},{"@type":"ListItem","position":2,"name":"A cidade onde a ind\u00fastria cresce sem apagar o verde que atrai olhares ao equilibrar progresso e preserva\u00e7\u00e3o no Centro-Oeste"}]},{"@type":"WebSite","@id":"https:\/\/www.correiobraziliense.com.br\/cbradar\/#website","url":"https:\/\/www.correiobraziliense.com.br\/cbradar\/","name":"Correio Braziliense - Radar","description":"Acompanhe as \u00faltimas not\u00edcias e fique bem informado sobre tudo o que acontece no Brasil e no mundo.","potentialAction":[{"@type":"SearchAction","target":{"@type":"EntryPoint","urlTemplate":"https:\/\/www.correiobraziliense.com.br\/cbradar\/?s={search_term_string}"},"query-input":{"@type":"PropertyValueSpecification","valueRequired":true,"valueName":"search_term_string"}}],"inLanguage":"pt-BR"},{"@type":"Person","@id":"https:\/\/www.correiobraziliense.com.br\/cbradar\/#\/schema\/person\/4053c651a9bfc785afc6f4cbc9032fd3","name":"Maura Pereira","image":{"@type":"ImageObject","inLanguage":"pt-BR","@id":"https:\/\/www.correiobraziliense.com.br\/cbradar\/#\/schema\/person\/image\/","url":"https:\/\/secure.gravatar.com\/avatar\/3effd6bdadfa447f15089c7f7144eaa6?s=96&d=mm&r=g","contentUrl":"https:\/\/secure.gravatar.com\/avatar\/3effd6bdadfa447f15089c7f7144eaa6?s=96&d=mm&r=g","caption":"Maura Pereira"},"sameAs":["https:\/\/www.correiobraziliense.com.br\/"],"url":"https:\/\/www.correiobraziliense.com.br\/cbradar\/author\/mauramyth\/"}]}},"_links":{"self":[{"href":"https:\/\/www.correiobraziliense.com.br\/cbradar\/wp-json\/wp\/v2\/posts\/171401","targetHints":{"allow":["GET"]}}],"collection":[{"href":"https:\/\/www.correiobraziliense.com.br\/cbradar\/wp-json\/wp\/v2\/posts"}],"about":[{"href":"https:\/\/www.correiobraziliense.com.br\/cbradar\/wp-json\/wp\/v2\/types\/post"}],"author":[{"embeddable":true,"href":"https:\/\/www.correiobraziliense.com.br\/cbradar\/wp-json\/wp\/v2\/users\/8"}],"replies":[{"embeddable":true,"href":"https:\/\/www.correiobraziliense.com.br\/cbradar\/wp-json\/wp\/v2\/comments?post=171401"}],"version-history":[{"count":16,"href":"https:\/\/www.correiobraziliense.com.br\/cbradar\/wp-json\/wp\/v2\/posts\/171401\/revisions"}],"predecessor-version":[{"id":171593,"href":"https:\/\/www.correiobraziliense.com.br\/cbradar\/wp-json\/wp\/v2\/posts\/171401\/revisions\/171593"}],"wp:featuredmedia":[{"embeddable":true,"href":"https:\/\/www.correiobraziliense.com.br\/cbradar\/wp-json\/wp\/v2\/media\/153697"}],"wp:attachment":[{"href":"https:\/\/www.correiobraziliense.com.br\/cbradar\/wp-json\/wp\/v2\/media?parent=171401"}],"wp:term":[{"taxonomy":"category","embeddable":true,"href":"https:\/\/www.correiobraziliense.com.br\/cbradar\/wp-json\/wp\/v2\/categories?post=171401"},{"taxonomy":"post_tag","embeddable":true,"href":"https:\/\/www.correiobraziliense.com.br\/cbradar\/wp-json\/wp\/v2\/post_tag?post=171401"}],"curies":[{"name":"wp","href":"https:\/\/api.w.org\/{rel}","templated":true}]}}