{"id":17184,"date":"2025-03-31T20:50:00","date_gmt":"2025-03-31T23:50:00","guid":{"rendered":"https:\/\/www.correiobraziliense.com.br\/cbradar\/?p=17184"},"modified":"2025-03-30T14:30:59","modified_gmt":"2025-03-30T17:30:59","slug":"novo-recurso-de-audio-para-usuarios-do-iphone-surpreende","status":"publish","type":"post","link":"https:\/\/www.correiobraziliense.com.br\/cbradar\/novo-recurso-de-audio-para-usuarios-do-iphone-surpreende\/","title":{"rendered":"Novo recurso de \u00e1udio para usu\u00e1rios do iPhone surpreende"},"content":{"rendered":"\n<p>A <strong>Apple <\/strong>lan\u00e7ou uma nova funcionalidade no <strong>Brasil <\/strong>que promete revolucionar a forma como pessoas com dificuldades auditivas interagem com o som. Com os<strong> AirPods Pro 2<\/strong>, os usu\u00e1rios podem realizar um teste auditivo diretamente nos fones, criando um perfil auditivo personalizado. Essa inova\u00e7\u00e3o visa melhorar a clareza do som, reduzindo ru\u00eddos indesejados e destacando vozes de maneira eficaz.<\/p>\n\n\n\n<p>Os AirPods Pro 2, dispon\u00edveis por R$ 2.599, s\u00e3o equipados com um chip avan\u00e7ado que ajusta o som em tempo real, operando a uma frequ\u00eancia de milhares de ajustes por segundo. Essa tecnologia permite que os fones adaptem o som a diferentes ambientes, como shows ao vivo, proporcionando uma experi\u00eancia auditiva mais rica e personalizada. A funcionalidade est\u00e1 prevista para ser lan\u00e7ada em 150 pa\u00edses, ampliando o acesso a solu\u00e7\u00f5es auditivas adaptadas.<\/p>\n\n\n\n<h2 class=\"wp-block-heading\"><strong>Como os AirPods Pro 2 realizam a audiometria?<\/strong><\/h2>\n\n\n\n<p>Os AirPods Pro 2 introduzem uma fun\u00e7\u00e3o de audiometria que pode ser utilizada em diversas situa\u00e7\u00f5es cotidianas, al\u00e9m do uso convencional para chamadas e m\u00fasica. De acordo com a Organiza\u00e7\u00e3o Mundial da Sa\u00fade, cerca de 1,5 bilh\u00e3o de pessoas no mundo enfrentam algum tipo de perda auditiva, tornando essa inova\u00e7\u00e3o especialmente relevante.<\/p>\n\n\n\n<p>Os fones v\u00eam com diferentes tamanhos de pontas de silicone, garantindo um encaixe confort\u00e1vel e isolamento ac\u00fastico eficaz. Microfones externos e alto-falantes internos trabalham em conjunto para captar e transmitir o som ambiente de forma otimizada, ajustando automaticamente os n\u00edveis de som para atender \u00e0s prefer\u00eancias auditivas do usu\u00e1rio.<\/p>\n\n\n\n<figure class=\"wp-block-image size-large\"><img decoding=\"async\" width=\"1024\" height=\"576\" src=\"https:\/\/www.correiobraziliense.com.br\/cbradar\/wp-content\/uploads\/2025\/03\/iPhone_1743274626577-1024x576.jpg\" alt=\"Novo recurso de \u00e1udio para usu\u00e1rios do iPhone surpreende\" class=\"wp-image-17186\" srcset=\"https:\/\/www.correiobraziliense.com.br\/cbradar\/wp-content\/uploads\/2025\/03\/iPhone_1743274626577-1024x576.jpg 1024w, https:\/\/www.correiobraziliense.com.br\/cbradar\/wp-content\/uploads\/2025\/03\/iPhone_1743274626577-300x169.jpg 300w, https:\/\/www.correiobraziliense.com.br\/cbradar\/wp-content\/uploads\/2025\/03\/iPhone_1743274626577-768x432.jpg 768w, https:\/\/www.correiobraziliense.com.br\/cbradar\/wp-content\/uploads\/2025\/03\/iPhone_1743274626577-750x422.jpg 750w, https:\/\/www.correiobraziliense.com.br\/cbradar\/wp-content\/uploads\/2025\/03\/iPhone_1743274626577-1140x641.jpg 1140w, https:\/\/www.correiobraziliense.com.br\/cbradar\/wp-content\/uploads\/2025\/03\/iPhone_1743274626577.jpg 1280w\" sizes=\"(max-width: 1024px) 100vw, 1024px\" \/><figcaption class=\"wp-element-caption\">iPhone. Cr\u00e9ditos: depositphotos.com \/ HayDmitriy<\/figcaption><\/figure>\n\n\n\n<h2 class=\"wp-block-heading\"><strong>Quais vantagens o perfil auditivo personalizado oferece?<\/strong><\/h2>\n\n\n\n<p>O perfil auditivo personalizado permite que os sons ao redor do usu\u00e1rio sejam processados e ajustados conforme suas necessidades espec\u00edficas, aplicando amplifica\u00e7\u00e3o e equil\u00edbrio sonoro. Os usu\u00e1rios podem ajustar manualmente o tom e a amplifica\u00e7\u00e3o conforme o ambiente muda, utilizando dispositivos como iPhone, iPad e Apple Watch.<\/p>\n\n\n\n<p>Um dos recursos mais destacados \u00e9 a amplifica\u00e7\u00e3o de conversas, que ajusta os microfones para focar em vozes humanas, facilitando a comunica\u00e7\u00e3o em ambientes ruidosos. Al\u00e9m disso, a tecnologia de aprendizado de m\u00e1quina dos AirPods Pro 2 pode filtrar ru\u00eddos constantes, como o som de aparelhos de ar-condicionado, melhorando a clareza auditiva.<\/p>\n\n\n\n<h2 class=\"wp-block-heading\"><strong>Como configurar o recurso de aparelho auditivo nos AirPods?<\/strong><\/h2>\n\n\n\n<p>Para configurar o recurso de aparelho auditivo nos AirPods, siga estas etapas:<\/p>\n\n\n\n<ol class=\"wp-block-list\">\n<li>Conecte os AirPods ao iPhone ou iPad e acesse Ajustes.<\/li>\n\n\n\n<li>Selecione a op\u00e7\u00e3o AirPods e toque em Assist\u00eancia auditiva.<\/li>\n\n\n\n<li>Inicie o Teste de Audi\u00e7\u00e3o e siga as instru\u00e7\u00f5es para configurar o aparelho auditivo.<\/li>\n\n\n\n<li>Ative o aparelho auditivo conforme necess\u00e1rio.<\/li>\n<\/ol>\n\n\n\n<p>As configura\u00e7\u00f5es s\u00e3o armazenadas nos AirPods, permitindo que funcionem independentemente do dispositivo pareado. Ajustes como amplifica\u00e7\u00e3o e equil\u00edbrio podem ser feitos manualmente, e a Central de Controle oferece acesso r\u00e1pido a essas configura\u00e7\u00f5es.<\/p>\n\n\n\n<h2 class=\"wp-block-heading\"><strong>Quais s\u00e3o os planos futuros da Apple para a tecnologia auditiva?<\/strong><\/h2>\n\n\n\n<p>A Apple planeja expandir essa tecnologia para incluir alertas sobre sons potencialmente prejudiciais \u00e0 sa\u00fade auditiva, como sirenes e alarmes. Esta expans\u00e3o refor\u00e7a o compromisso da empresa em melhorar a qualidade de vida dos usu\u00e1rios, oferecendo solu\u00e7\u00f5es tecnol\u00f3gicas inovadoras para desafios auditivos.<\/p>\n","protected":false},"excerpt":{"rendered":"<p>Os AirPods Pro 2 da Apple trazem uma revolu\u00e7\u00e3o auditiva com teste auditivo e perfil personalizado.<\/p>\n","protected":false},"author":3,"featured_media":17185,"comment_status":"open","ping_status":"open","sticky":false,"template":"","format":"standard","meta":{"_yoast_wpseo_focuskw":"Apple recurso","_yoast_wpseo_title":"%%title%%","_yoast_wpseo_metadesc":"Os AirPods Pro 2 da Apple trazem uma revolu\u00e7\u00e3o auditiva com teste auditivo e perfil personalizado.","jnews-multi-image_gallery":[],"jnews_single_post":{"format":"standard"},"jnews_primary_category":[],"jnews_social_meta":[],"jnews_override_counter":[],"footnotes":""},"categories":[115],"tags":[158,323],"class_list":["post-17184","post","type-post","status-publish","format-standard","has-post-thumbnail","hentry","category-tecnologia","tag-apple","tag-iphone"],"yoast_head":"<!-- This site is optimized with the Yoast SEO plugin v24.6 - https:\/\/yoast.com\/wordpress\/plugins\/seo\/ -->\n<title>Novo recurso de \u00e1udio para usu\u00e1rios do iPhone surpreende<\/title>\n<meta name=\"description\" content=\"Os AirPods Pro 2 da Apple trazem uma revolu\u00e7\u00e3o auditiva com teste auditivo e perfil personalizado.\" \/>\n<meta name=\"robots\" content=\"index, follow, max-snippet:-1, max-image-preview:large, max-video-preview:-1\" \/>\n<link rel=\"canonical\" href=\"https:\/\/www.correiobraziliense.com.br\/cbradar\/novo-recurso-de-audio-para-usuarios-do-iphone-surpreende\/\" \/>\n<meta property=\"og:locale\" content=\"pt_BR\" \/>\n<meta property=\"og:type\" content=\"article\" \/>\n<meta property=\"og:title\" content=\"Novo recurso de \u00e1udio para usu\u00e1rios do iPhone surpreende\" \/>\n<meta property=\"og:description\" content=\"Os AirPods Pro 2 da Apple trazem uma revolu\u00e7\u00e3o auditiva com teste auditivo e perfil personalizado.\" \/>\n<meta property=\"og:url\" content=\"https:\/\/www.correiobraziliense.com.br\/cbradar\/novo-recurso-de-audio-para-usuarios-do-iphone-surpreende\/\" \/>\n<meta property=\"og:site_name\" content=\"Correio Braziliense - Radar\" \/>\n<meta property=\"article:published_time\" content=\"2025-03-31T23:50:00+00:00\" \/>\n<meta property=\"og:image\" content=\"https:\/\/www.correiobraziliense.com.br\/cbradar\/wp-content\/uploads\/2025\/03\/iPhone_1743274571686.jpg\" \/>\n\t<meta property=\"og:image:width\" content=\"1280\" \/>\n\t<meta property=\"og:image:height\" content=\"720\" \/>\n\t<meta property=\"og:image:type\" content=\"image\/jpeg\" \/>\n<meta name=\"author\" content=\"Larissa Carvalho\" \/>\n<meta name=\"twitter:card\" content=\"summary_large_image\" \/>\n<meta name=\"twitter:label1\" content=\"Escrito por\" \/>\n\t<meta name=\"twitter:data1\" content=\"Larissa Carvalho\" \/>\n\t<meta name=\"twitter:label2\" content=\"Est. tempo de leitura\" \/>\n\t<meta name=\"twitter:data2\" content=\"4 minutos\" \/>\n<!-- \/ Yoast SEO plugin. -->","yoast_head_json":{"title":"Novo recurso de \u00e1udio para usu\u00e1rios do iPhone surpreende","description":"Os AirPods Pro 2 da Apple trazem uma revolu\u00e7\u00e3o auditiva com teste auditivo e perfil personalizado.","robots":{"index":"index","follow":"follow","max-snippet":"max-snippet:-1","max-image-preview":"max-image-preview:large","max-video-preview":"max-video-preview:-1"},"canonical":"https:\/\/www.correiobraziliense.com.br\/cbradar\/novo-recurso-de-audio-para-usuarios-do-iphone-surpreende\/","og_locale":"pt_BR","og_type":"article","og_title":"Novo recurso de \u00e1udio para usu\u00e1rios do iPhone surpreende","og_description":"Os AirPods Pro 2 da Apple trazem uma revolu\u00e7\u00e3o auditiva com teste auditivo e perfil personalizado.","og_url":"https:\/\/www.correiobraziliense.com.br\/cbradar\/novo-recurso-de-audio-para-usuarios-do-iphone-surpreende\/","og_site_name":"Correio Braziliense - Radar","article_published_time":"2025-03-31T23:50:00+00:00","og_image":[{"width":1280,"height":720,"url":"https:\/\/www.correiobraziliense.com.br\/cbradar\/wp-content\/uploads\/2025\/03\/iPhone_1743274571686.jpg","type":"image\/jpeg"}],"author":"Larissa Carvalho","twitter_card":"summary_large_image","twitter_misc":{"Escrito por":"Larissa Carvalho","Est. tempo de leitura":"4 minutos"},"schema":{"@context":"https:\/\/schema.org","@graph":[{"@type":"WebPage","@id":"https:\/\/www.correiobraziliense.com.br\/cbradar\/novo-recurso-de-audio-para-usuarios-do-iphone-surpreende\/","url":"https:\/\/www.correiobraziliense.com.br\/cbradar\/novo-recurso-de-audio-para-usuarios-do-iphone-surpreende\/","name":"Novo recurso de \u00e1udio para usu\u00e1rios do iPhone surpreende","isPartOf":{"@id":"https:\/\/www.correiobraziliense.com.br\/cbradar\/#website"},"primaryImageOfPage":{"@id":"https:\/\/www.correiobraziliense.com.br\/cbradar\/novo-recurso-de-audio-para-usuarios-do-iphone-surpreende\/#primaryimage"},"image":{"@id":"https:\/\/www.correiobraziliense.com.br\/cbradar\/novo-recurso-de-audio-para-usuarios-do-iphone-surpreende\/#primaryimage"},"thumbnailUrl":"https:\/\/www.correiobraziliense.com.br\/cbradar\/wp-content\/uploads\/2025\/03\/iPhone_1743274571686.jpg","datePublished":"2025-03-31T23:50:00+00:00","author":{"@id":"https:\/\/www.correiobraziliense.com.br\/cbradar\/#\/schema\/person\/58422787644df994b53a19d3e56c1513"},"description":"Os AirPods Pro 2 da Apple trazem uma revolu\u00e7\u00e3o auditiva com teste auditivo e perfil personalizado.","breadcrumb":{"@id":"https:\/\/www.correiobraziliense.com.br\/cbradar\/novo-recurso-de-audio-para-usuarios-do-iphone-surpreende\/#breadcrumb"},"inLanguage":"pt-BR","potentialAction":[{"@type":"ReadAction","target":["https:\/\/www.correiobraziliense.com.br\/cbradar\/novo-recurso-de-audio-para-usuarios-do-iphone-surpreende\/"]}]},{"@type":"ImageObject","inLanguage":"pt-BR","@id":"https:\/\/www.correiobraziliense.com.br\/cbradar\/novo-recurso-de-audio-para-usuarios-do-iphone-surpreende\/#primaryimage","url":"https:\/\/www.correiobraziliense.com.br\/cbradar\/wp-content\/uploads\/2025\/03\/iPhone_1743274571686.jpg","contentUrl":"https:\/\/www.correiobraziliense.com.br\/cbradar\/wp-content\/uploads\/2025\/03\/iPhone_1743274571686.jpg","width":1280,"height":720,"caption":"iPhone. Cr\u00e9ditos: depositphotos.com \/ HayDmitriy"},{"@type":"BreadcrumbList","@id":"https:\/\/www.correiobraziliense.com.br\/cbradar\/novo-recurso-de-audio-para-usuarios-do-iphone-surpreende\/#breadcrumb","itemListElement":[{"@type":"ListItem","position":1,"name":"In\u00edcio","item":"https:\/\/www.correiobraziliense.com.br\/cbradar\/"},{"@type":"ListItem","position":2,"name":"Novo recurso de \u00e1udio para usu\u00e1rios do iPhone surpreende"}]},{"@type":"WebSite","@id":"https:\/\/www.correiobraziliense.com.br\/cbradar\/#website","url":"https:\/\/www.correiobraziliense.com.br\/cbradar\/","name":"Correio Braziliense - Radar","description":"Acompanhe as \u00faltimas not\u00edcias e fique bem informado sobre tudo o que acontece no Brasil e no mundo.","potentialAction":[{"@type":"SearchAction","target":{"@type":"EntryPoint","urlTemplate":"https:\/\/www.correiobraziliense.com.br\/cbradar\/?s={search_term_string}"},"query-input":{"@type":"PropertyValueSpecification","valueRequired":true,"valueName":"search_term_string"}}],"inLanguage":"pt-BR"},{"@type":"Person","@id":"https:\/\/www.correiobraziliense.com.br\/cbradar\/#\/schema\/person\/58422787644df994b53a19d3e56c1513","name":"Larissa Carvalho","image":{"@type":"ImageObject","inLanguage":"pt-BR","@id":"https:\/\/www.correiobraziliense.com.br\/cbradar\/#\/schema\/person\/image\/","url":"https:\/\/secure.gravatar.com\/avatar\/fe4f91a0de32b52a838d0d612abdc1aa?s=96&d=mm&r=g","contentUrl":"https:\/\/secure.gravatar.com\/avatar\/fe4f91a0de32b52a838d0d612abdc1aa?s=96&d=mm&r=g","caption":"Larissa Carvalho"},"url":"https:\/\/www.correiobraziliense.com.br\/cbradar\/author\/larissamyth\/"}]}},"_links":{"self":[{"href":"https:\/\/www.correiobraziliense.com.br\/cbradar\/wp-json\/wp\/v2\/posts\/17184","targetHints":{"allow":["GET"]}}],"collection":[{"href":"https:\/\/www.correiobraziliense.com.br\/cbradar\/wp-json\/wp\/v2\/posts"}],"about":[{"href":"https:\/\/www.correiobraziliense.com.br\/cbradar\/wp-json\/wp\/v2\/types\/post"}],"author":[{"embeddable":true,"href":"https:\/\/www.correiobraziliense.com.br\/cbradar\/wp-json\/wp\/v2\/users\/3"}],"replies":[{"embeddable":true,"href":"https:\/\/www.correiobraziliense.com.br\/cbradar\/wp-json\/wp\/v2\/comments?post=17184"}],"version-history":[{"count":1,"href":"https:\/\/www.correiobraziliense.com.br\/cbradar\/wp-json\/wp\/v2\/posts\/17184\/revisions"}],"predecessor-version":[{"id":17187,"href":"https:\/\/www.correiobraziliense.com.br\/cbradar\/wp-json\/wp\/v2\/posts\/17184\/revisions\/17187"}],"wp:featuredmedia":[{"embeddable":true,"href":"https:\/\/www.correiobraziliense.com.br\/cbradar\/wp-json\/wp\/v2\/media\/17185"}],"wp:attachment":[{"href":"https:\/\/www.correiobraziliense.com.br\/cbradar\/wp-json\/wp\/v2\/media?parent=17184"}],"wp:term":[{"taxonomy":"category","embeddable":true,"href":"https:\/\/www.correiobraziliense.com.br\/cbradar\/wp-json\/wp\/v2\/categories?post=17184"},{"taxonomy":"post_tag","embeddable":true,"href":"https:\/\/www.correiobraziliense.com.br\/cbradar\/wp-json\/wp\/v2\/tags?post=17184"}],"curies":[{"name":"wp","href":"https:\/\/api.w.org\/{rel}","templated":true}]}}