{"id":171857,"date":"2026-01-10T06:05:00","date_gmt":"2026-01-10T09:05:00","guid":{"rendered":"https:\/\/www.correiobraziliense.com.br\/cbradar\/?p=171857"},"modified":"2026-01-09T20:28:32","modified_gmt":"2026-01-09T23:28:32","slug":"a-fruta-simples-que-pode-proteger-o-coracao","status":"publish","type":"post","link":"https:\/\/www.correiobraziliense.com.br\/cbradar\/a-fruta-simples-que-pode-proteger-o-coracao\/","title":{"rendered":"A fruta simples que pode proteger o cora\u00e7\u00e3o"},"content":{"rendered":"\n<p>A <strong>Banana <\/strong>\u00e9 uma fruta amplamente consumida em todo o mundo, conhecida n\u00e3o apenas por sua praticidade e sabor, mas tamb\u00e9m por seus benef\u00edcios nutricionais. Entre seus nutrientes mais destacados est\u00e1 o\u00a0<strong>pot\u00e1ssio<\/strong>, um mineral essencial para o funcionamento adequado do organismo. O pot\u00e1ssio desempenha um papel crucial na manuten\u00e7\u00e3o do equil\u00edbrio de l\u00edquidos no corpo, al\u00e9m de ajudar na contra\u00e7\u00e3o muscular e na transmiss\u00e3o de impulsos nervosos.<\/p>\n\n\n\n<p>Um dos\u00a0<strong>benef\u00edcios mais not\u00e1veis da banana<\/strong>\u00a0\u00e9 sua contribui\u00e7\u00e3o para a sa\u00fade cardiovascular. Estudos indicam que o pot\u00e1ssio, abundante na Banana, pode ajudar a reduzir a press\u00e3o arterial ao promover a excre\u00e7\u00e3o de s\u00f3dio pela urina. Esse efeito \u00e9 particularmente importante para indiv\u00edduos que sofrem de hipertens\u00e3o, uma condi\u00e7\u00e3o que aumenta significativamente o risco de doen\u00e7as card\u00edacas.<\/p>\n\n\n\n<h2 class=\"wp-block-heading\">Por que comer bananas beneficia a sa\u00fade cardiovascular?<\/h2>\n\n\n\n<p>A Banana \u00e9 um exemplo cl\u00e1ssico de alimento que pode ajudar a regular a press\u00e3o arterial por meio de seu alto teor de pot\u00e1ssio. O consumo regular de bananas pode favorecer a dilata\u00e7\u00e3o dos vasos sangu\u00edneos, auxiliando na redu\u00e7\u00e3o da press\u00e3o arterial. Al\u00e9m disso, ao promover a elimina\u00e7\u00e3o de s\u00f3dio, o pot\u00e1ssio contribui para prevenir o ac\u00famulo de l\u00edquidos e, consequentemente, diminuir a sobrecarga sobre o cora\u00e7\u00e3o.<\/p>\n\n\n\n<figure class=\"wp-block-image aligncenter size-large\"><img decoding=\"async\" width=\"1024\" height=\"576\" src=\"https:\/\/www.correiobraziliense.com.br\/cbradar\/wp-content\/uploads\/2025\/05\/fruta_1747007724160-1024x576.jpg\" alt=\"\" class=\"wp-image-35601\" srcset=\"https:\/\/www.correiobraziliense.com.br\/cbradar\/wp-content\/uploads\/2025\/05\/fruta_1747007724160-1024x576.jpg 1024w, https:\/\/www.correiobraziliense.com.br\/cbradar\/wp-content\/uploads\/2025\/05\/fruta_1747007724160-300x169.jpg 300w, https:\/\/www.correiobraziliense.com.br\/cbradar\/wp-content\/uploads\/2025\/05\/fruta_1747007724160-768x432.jpg 768w, https:\/\/www.correiobraziliense.com.br\/cbradar\/wp-content\/uploads\/2025\/05\/fruta_1747007724160-750x422.jpg 750w, https:\/\/www.correiobraziliense.com.br\/cbradar\/wp-content\/uploads\/2025\/05\/fruta_1747007724160-1140x641.jpg 1140w, https:\/\/www.correiobraziliense.com.br\/cbradar\/wp-content\/uploads\/2025\/05\/fruta_1747007724160.jpg 1280w\" sizes=\"(max-width: 1024px) 100vw, 1024px\" \/><figcaption class=\"wp-element-caption\">descubra por que a banana \u00e9 aliada do cora\u00e7\u00e3o &#8211; Cr\u00e9ditos: depositphotos.com \/ AntonMatyukha\n\n<\/figcaption><\/figure>\n\n\n\n<h2 class=\"wp-block-heading\">Quais s\u00e3o os efeitos do pot\u00e1ssio na press\u00e3o arterial?<\/h2>\n\n\n\n<p>Enquanto o excesso de s\u00f3dio na dieta tem sido associado ao aumento da press\u00e3o arterial, o pot\u00e1ssio age como um contrapeso natural. A ingest\u00e3o adequada deste nutriente, encontrada em alimentos como bananas, pode ser uma estrat\u00e9gia eficaz na preven\u00e7\u00e3o e controle da hipertens\u00e3o. N\u00e3o \u00e9 apenas o pot\u00e1ssio isolado que importa, mas o consumo da Banana como parte de uma dieta equilibrada, rica em frutas, verduras e gr\u00e3os, \u00e9 essencial para um benef\u00edcio m\u00e1ximo.<\/p>\n\n\n\n<h2 class=\"wp-block-heading\">A Banana \u00e9 adequada para todos?<\/h2>\n\n\n\n<p>Apesar dos muitos benef\u00edcios, o consumo de Banana deve ser moderado em pessoas com doen\u00e7as renais. Pacientes com problemas nos rins podem ter dificuldade em eliminar o excesso de pot\u00e1ssio do organismo, resultando em n\u00edveis elevados deste mineral no sangue, o que pode ser prejudicial. Portanto, \u00e9 vital que indiv\u00edduos nessa condi\u00e7\u00e3o consultem um profissional de <a href=\"https:\/\/www.correiobraziliense.com.br\/cbradar\/o-anti-inflamatorio-natural-mais-poderoso-da-atualidade\/\" target=\"_blank\" rel=\"noreferrer noopener\">sa\u00fade <\/a>antes de incrementar a ingest\u00e3o de pot\u00e1ssio em sua dieta.<\/p>\n\n\n\n<p>A Banana tamb\u00e9m cont\u00e9m fibras que auxiliam na digest\u00e3o e promovem a sensa\u00e7\u00e3o de saciedade. Essa combina\u00e7\u00e3o torna a fruta uma excelente op\u00e7\u00e3o de lanche saud\u00e1vel entre refei\u00e7\u00f5es. Al\u00e9m disso, sua praticidade e versatilidade permitem que seja incorporada em diversas prepara\u00e7\u00f5es culin\u00e1rias, como vitaminas, mingaus, ou mesmo como ingrediente para sobremesas r\u00e1pidas.<\/p>\n\n\n\n<h2 class=\"wp-block-heading\">Como maximizar os benef\u00edcios da Banana na dieta di\u00e1ria?<\/h2>\n\n\n\n<ul class=\"wp-block-list\">\n<li>Incluir a Banana no caf\u00e9 da manh\u00e3, combinada com cereais ou iogurte, para um in\u00edcio de dia nutritivo.<\/li>\n\n\n\n<li>Utilizar a Banana como lanche entre refei\u00e7\u00f5es, minimizando a ingest\u00e3o de produtos ultraprocessados.<\/li>\n\n\n\n<li>Adicionar rodelas de Banana a vitaminas, proporcionando um sabor doce e nutrientes adicionais.<\/li>\n\n\n\n<li>Aproveitar Bananas maduras em receitas caseiras, como bolos simples e panquecas.<\/li>\n<\/ul>\n\n\n\n<p>De modo geral, a Banana n\u00e3o s\u00f3 oferece benef\u00edcios significativos para a sa\u00fade cardiovascular e digestiva, como tamb\u00e9m \u00e9 uma fruta conveniente que pode ser facilmente incorporada no dia a dia. Independentemente do estilo de vida ou condi\u00e7\u00e3o de sa\u00fade, \u00e9 sempre aconselh\u00e1vel procurar a orienta\u00e7\u00e3o de um profissional para determinar a quantidade ideal de cada alimento na dieta.<\/p>\n\n\n<a href=\"https:\/\/www.instagram.com\/dra.annaluisabf\/\" target=\"_blank\" rel=\"noopener\" style=\"text-decoration: none; color: inherit;\">\n    <span style=\"display: inline-block; border: 1px solid #ccc; border-radius: 10px; padding: 15px; max-width: 550px; font-family: sans-serif; box-shadow: 0 2px 5px rgba(0,0,0,0.1); width: 100%;\">\n\n      <!-- T\u00edtulo -->\n      <span style=\"display: block; margin: 0 0 15px 0; font-weight: bold; color: #2c3e50; text-align: center;\">\n        Entre em contato:\n      <\/span>\n\n      <!-- Linha do perfil -->\n      <span style=\"display: flex; align-items: center; gap: 15px;\">\n        <img decoding=\"async\"\n          src=\"https:\/\/www.correiobraziliense.com.br\/cbradar\/wp-content\/uploads\/2025\/08\/dra_anna_luisa.jpeg\"\n          alt=\"Foto da Dra. Anna Lu\u00edsa\"\n          style=\"border-radius: 50%; width: 80px; height: 80px; object-fit: cover;\"\n        \/>\n        <span style=\"display: flex; flex-direction: column;\">\n          <span style=\"font-size: 18px; font-weight: 700; color: #2c3e50;\">Dra. Anna Lu\u00edsa Barbosa Fernandes<\/span>\n          <span style=\"color: #555;\">CRM-GO 33.271<\/span>\n        <\/span>\n      <\/span>\n\n      <!-- Redes -->\n      <span style=\"display: flex; align-items: center; gap: 10px; margin-top: 12px;\">\n        <img decoding=\"async\" src=\"https:\/\/cdn-icons-png.flaticon.com\/24\/1384\/1384063.png\" alt=\"Instagram\" width=\"24\" height=\"24\" \/>\n        <span style=\"text-decoration: underline; color: #2c3e50;\">@dra.annaluisabf<\/span>\n      <\/span>\n\n    <\/span>\n  <\/a>","protected":false},"excerpt":{"rendered":"<p>A Banana \u00e9 uma fruta amplamente consumida em todo o mundo, conhecida n\u00e3o apenas por sua praticidade e sabor, mas tamb\u00e9m por seus benef\u00edcios nutricionais. Entre seus nutrientes mais destacados est\u00e1 o\u00a0pot\u00e1ssio, um mineral essencial para o funcionamento adequado do organismo. O pot\u00e1ssio desempenha um papel crucial na manuten\u00e7\u00e3o do equil\u00edbrio de l\u00edquidos no corpo, [&hellip;]<\/p>\n","protected":false},"author":14,"featured_media":35600,"comment_status":"open","ping_status":"open","sticky":false,"template":"","format":"standard","meta":{"_yoast_wpseo_focuskw":"Banana","_yoast_wpseo_title":"","_yoast_wpseo_metadesc":"A banana \u00e9 rica em pot\u00e1ssio e pode ajudar a controlar a press\u00e3o arterial e fortalecer a sa\u00fade cardiovascular quando consumida com equil\u00edbrio.","jnews-multi-image_gallery":[],"jnews_single_post":{"format":"standard"},"jnews_primary_category":[],"jnews_social_meta":[],"jnews_override_counter":[],"footnotes":""},"categories":[4404],"tags":[281,120,1318],"class_list":["post-171857","post","type-post","status-publish","format-standard","has-post-thumbnail","hentry","category-saude","tag-alimentacao","tag-bem-estar","tag-saude-2"],"yoast_head":"<!-- This site is optimized with the Yoast SEO plugin v24.6 - https:\/\/yoast.com\/wordpress\/plugins\/seo\/ -->\n<title>A fruta simples que pode proteger o cora\u00e7\u00e3o - Correio Braziliense - Radar<\/title>\n<meta name=\"description\" content=\"A banana \u00e9 rica em pot\u00e1ssio e pode ajudar a controlar a press\u00e3o arterial e fortalecer a sa\u00fade cardiovascular quando consumida com equil\u00edbrio.\" \/>\n<meta name=\"robots\" content=\"index, follow, max-snippet:-1, max-image-preview:large, max-video-preview:-1\" \/>\n<link rel=\"canonical\" href=\"https:\/\/www.correiobraziliense.com.br\/cbradar\/a-fruta-simples-que-pode-proteger-o-coracao\/\" \/>\n<meta property=\"og:locale\" content=\"pt_BR\" \/>\n<meta property=\"og:type\" content=\"article\" \/>\n<meta property=\"og:title\" content=\"A fruta simples que pode proteger o cora\u00e7\u00e3o - Correio Braziliense - Radar\" \/>\n<meta property=\"og:description\" content=\"A banana \u00e9 rica em pot\u00e1ssio e pode ajudar a controlar a press\u00e3o arterial e fortalecer a sa\u00fade cardiovascular quando consumida com equil\u00edbrio.\" \/>\n<meta property=\"og:url\" content=\"https:\/\/www.correiobraziliense.com.br\/cbradar\/a-fruta-simples-que-pode-proteger-o-coracao\/\" \/>\n<meta property=\"og:site_name\" content=\"Correio Braziliense - Radar\" \/>\n<meta property=\"article:published_time\" content=\"2026-01-10T09:05:00+00:00\" \/>\n<meta property=\"og:image\" content=\"https:\/\/www.correiobraziliense.com.br\/cbradar\/wp-content\/uploads\/2025\/05\/banana_1747007637790.jpg\" \/>\n\t<meta property=\"og:image:width\" content=\"1280\" \/>\n\t<meta property=\"og:image:height\" content=\"720\" \/>\n\t<meta property=\"og:image:type\" content=\"image\/jpeg\" \/>\n<meta name=\"author\" content=\"guilherme_saude\" \/>\n<meta name=\"twitter:card\" content=\"summary_large_image\" \/>\n<meta name=\"twitter:label1\" content=\"Escrito por\" \/>\n\t<meta name=\"twitter:data1\" content=\"guilherme_saude\" \/>\n\t<meta name=\"twitter:label2\" content=\"Est. tempo de leitura\" \/>\n\t<meta name=\"twitter:data2\" content=\"4 minutos\" \/>\n<!-- \/ Yoast SEO plugin. -->","yoast_head_json":{"title":"A fruta simples que pode proteger o cora\u00e7\u00e3o - Correio Braziliense - Radar","description":"A banana \u00e9 rica em pot\u00e1ssio e pode ajudar a controlar a press\u00e3o arterial e fortalecer a sa\u00fade cardiovascular quando consumida com equil\u00edbrio.","robots":{"index":"index","follow":"follow","max-snippet":"max-snippet:-1","max-image-preview":"max-image-preview:large","max-video-preview":"max-video-preview:-1"},"canonical":"https:\/\/www.correiobraziliense.com.br\/cbradar\/a-fruta-simples-que-pode-proteger-o-coracao\/","og_locale":"pt_BR","og_type":"article","og_title":"A fruta simples que pode proteger o cora\u00e7\u00e3o - Correio Braziliense - Radar","og_description":"A banana \u00e9 rica em pot\u00e1ssio e pode ajudar a controlar a press\u00e3o arterial e fortalecer a sa\u00fade cardiovascular quando consumida com equil\u00edbrio.","og_url":"https:\/\/www.correiobraziliense.com.br\/cbradar\/a-fruta-simples-que-pode-proteger-o-coracao\/","og_site_name":"Correio Braziliense - Radar","article_published_time":"2026-01-10T09:05:00+00:00","og_image":[{"width":1280,"height":720,"url":"https:\/\/www.correiobraziliense.com.br\/cbradar\/wp-content\/uploads\/2025\/05\/banana_1747007637790.jpg","type":"image\/jpeg"}],"author":"guilherme_saude","twitter_card":"summary_large_image","twitter_misc":{"Escrito por":"guilherme_saude","Est. tempo de leitura":"4 minutos"},"schema":{"@context":"https:\/\/schema.org","@graph":[{"@type":"WebPage","@id":"https:\/\/www.correiobraziliense.com.br\/cbradar\/a-fruta-simples-que-pode-proteger-o-coracao\/","url":"https:\/\/www.correiobraziliense.com.br\/cbradar\/a-fruta-simples-que-pode-proteger-o-coracao\/","name":"A fruta simples que pode proteger o cora\u00e7\u00e3o - Correio Braziliense - Radar","isPartOf":{"@id":"https:\/\/www.correiobraziliense.com.br\/cbradar\/#website"},"primaryImageOfPage":{"@id":"https:\/\/www.correiobraziliense.com.br\/cbradar\/a-fruta-simples-que-pode-proteger-o-coracao\/#primaryimage"},"image":{"@id":"https:\/\/www.correiobraziliense.com.br\/cbradar\/a-fruta-simples-que-pode-proteger-o-coracao\/#primaryimage"},"thumbnailUrl":"https:\/\/www.correiobraziliense.com.br\/cbradar\/wp-content\/uploads\/2025\/05\/banana_1747007637790.jpg","datePublished":"2026-01-10T09:05:00+00:00","author":{"@id":"https:\/\/www.correiobraziliense.com.br\/cbradar\/#\/schema\/person\/5aa4bf3c8fa699c267933611de12978b"},"description":"A banana \u00e9 rica em pot\u00e1ssio e pode ajudar a controlar a press\u00e3o arterial e fortalecer a sa\u00fade cardiovascular quando consumida com equil\u00edbrio.","breadcrumb":{"@id":"https:\/\/www.correiobraziliense.com.br\/cbradar\/a-fruta-simples-que-pode-proteger-o-coracao\/#breadcrumb"},"inLanguage":"pt-BR","potentialAction":[{"@type":"ReadAction","target":["https:\/\/www.correiobraziliense.com.br\/cbradar\/a-fruta-simples-que-pode-proteger-o-coracao\/"]}]},{"@type":"ImageObject","inLanguage":"pt-BR","@id":"https:\/\/www.correiobraziliense.com.br\/cbradar\/a-fruta-simples-que-pode-proteger-o-coracao\/#primaryimage","url":"https:\/\/www.correiobraziliense.com.br\/cbradar\/wp-content\/uploads\/2025\/05\/banana_1747007637790.jpg","contentUrl":"https:\/\/www.correiobraziliense.com.br\/cbradar\/wp-content\/uploads\/2025\/05\/banana_1747007637790.jpg","width":1280,"height":720,"caption":"banana - Cr\u00e9ditos: depositphotos.com \/ VadimVasenin"},{"@type":"BreadcrumbList","@id":"https:\/\/www.correiobraziliense.com.br\/cbradar\/a-fruta-simples-que-pode-proteger-o-coracao\/#breadcrumb","itemListElement":[{"@type":"ListItem","position":1,"name":"In\u00edcio","item":"https:\/\/www.correiobraziliense.com.br\/cbradar\/"},{"@type":"ListItem","position":2,"name":"A fruta simples que pode proteger o cora\u00e7\u00e3o"}]},{"@type":"WebSite","@id":"https:\/\/www.correiobraziliense.com.br\/cbradar\/#website","url":"https:\/\/www.correiobraziliense.com.br\/cbradar\/","name":"Correio Braziliense - Radar","description":"Acompanhe as \u00faltimas not\u00edcias e fique bem informado sobre tudo o que acontece no Brasil e no mundo.","potentialAction":[{"@type":"SearchAction","target":{"@type":"EntryPoint","urlTemplate":"https:\/\/www.correiobraziliense.com.br\/cbradar\/?s={search_term_string}"},"query-input":{"@type":"PropertyValueSpecification","valueRequired":true,"valueName":"search_term_string"}}],"inLanguage":"pt-BR"},{"@type":"Person","@id":"https:\/\/www.correiobraziliense.com.br\/cbradar\/#\/schema\/person\/5aa4bf3c8fa699c267933611de12978b","name":"guilherme_saude","image":{"@type":"ImageObject","inLanguage":"pt-BR","@id":"https:\/\/www.correiobraziliense.com.br\/cbradar\/#\/schema\/person\/image\/","url":"https:\/\/secure.gravatar.com\/avatar\/df9adfb835d344bc0af109d41756253f?s=96&d=mm&r=g","contentUrl":"https:\/\/secure.gravatar.com\/avatar\/df9adfb835d344bc0af109d41756253f?s=96&d=mm&r=g","caption":"guilherme_saude"},"url":"https:\/\/www.correiobraziliense.com.br\/cbradar\/author\/guilherme_saude\/"}]}},"_links":{"self":[{"href":"https:\/\/www.correiobraziliense.com.br\/cbradar\/wp-json\/wp\/v2\/posts\/171857","targetHints":{"allow":["GET"]}}],"collection":[{"href":"https:\/\/www.correiobraziliense.com.br\/cbradar\/wp-json\/wp\/v2\/posts"}],"about":[{"href":"https:\/\/www.correiobraziliense.com.br\/cbradar\/wp-json\/wp\/v2\/types\/post"}],"author":[{"embeddable":true,"href":"https:\/\/www.correiobraziliense.com.br\/cbradar\/wp-json\/wp\/v2\/users\/14"}],"replies":[{"embeddable":true,"href":"https:\/\/www.correiobraziliense.com.br\/cbradar\/wp-json\/wp\/v2\/comments?post=171857"}],"version-history":[{"count":1,"href":"https:\/\/www.correiobraziliense.com.br\/cbradar\/wp-json\/wp\/v2\/posts\/171857\/revisions"}],"predecessor-version":[{"id":171864,"href":"https:\/\/www.correiobraziliense.com.br\/cbradar\/wp-json\/wp\/v2\/posts\/171857\/revisions\/171864"}],"wp:featuredmedia":[{"embeddable":true,"href":"https:\/\/www.correiobraziliense.com.br\/cbradar\/wp-json\/wp\/v2\/media\/35600"}],"wp:attachment":[{"href":"https:\/\/www.correiobraziliense.com.br\/cbradar\/wp-json\/wp\/v2\/media?parent=171857"}],"wp:term":[{"taxonomy":"category","embeddable":true,"href":"https:\/\/www.correiobraziliense.com.br\/cbradar\/wp-json\/wp\/v2\/categories?post=171857"},{"taxonomy":"post_tag","embeddable":true,"href":"https:\/\/www.correiobraziliense.com.br\/cbradar\/wp-json\/wp\/v2\/tags?post=171857"}],"curies":[{"name":"wp","href":"https:\/\/api.w.org\/{rel}","templated":true}]}}