{"id":171882,"date":"2026-01-10T13:15:00","date_gmt":"2026-01-10T16:15:00","guid":{"rendered":"https:\/\/www.correiobraziliense.com.br\/cbradar\/?p=171882"},"modified":"2026-01-09T20:40:15","modified_gmt":"2026-01-09T23:40:15","slug":"o-exercicio-simples-que-fortalece-todo-o-corpo","status":"publish","type":"post","link":"https:\/\/www.correiobraziliense.com.br\/cbradar\/o-exercicio-simples-que-fortalece-todo-o-corpo\/","title":{"rendered":"O exerc\u00edcio simples que fortalece todo o corpo"},"content":{"rendered":"\n<p>A <strong>Prancha Abdominal <\/strong>\u00e9 um exerc\u00edcio que tem chamado a aten\u00e7\u00e3o de muitos adeptos de academias e fisioterapeutas nos \u00faltimos anos. Considerado um exerc\u00edcio isom\u00e9trico, este movimento ajuda a fortalecer a regi\u00e3o central do corpo, tamb\u00e9m conhecida como core, sem que haja movimento articular. Este fortalecimento \u00e9 fundamental, pois proporciona uma base s\u00f3lida para o corpo, ajudando na execu\u00e7\u00e3o de outras atividades f\u00edsicas e na preven\u00e7\u00e3o de les\u00f5es.<\/p>\n\n\n\n<h2 class=\"wp-block-heading\">Como a Prancha Abdominal ajuda na sa\u00fade?<\/h2>\n\n\n\n<p>O exerc\u00edcio da Prancha Abdominal desempenha um papel importante na manuten\u00e7\u00e3o de uma boa postura e na prote\u00e7\u00e3o da coluna vertebral. Ao engajar m\u00fasculos do abd\u00f3men, lombar, gl\u00fateos, ombros e at\u00e9 coxas, a prancha oferece suporte essencial para a coluna. Esse fortalecimento do core tamb\u00e9m est\u00e1 ligado a um baixo risco de les\u00f5es e a uma melhor performance em atividades di\u00e1rias e esportivas. Al\u00e9m disso, a prancha promove o alinhamento corporal e melhora a efici\u00eancia em outras pr\u00e1ticas, como corrida e levantamento de peso.<\/p>\n\n\n\n<h2 class=\"wp-block-heading\">Qual \u00e9 o tempo ideal para a Prancha Abdominal?<\/h2>\n\n\n<div class=\"wp-block-image\">\n<figure class=\"aligncenter size-large\"><img decoding=\"async\" width=\"1024\" height=\"576\" src=\"https:\/\/www.correiobraziliense.com.br\/cbradar\/wp-content\/uploads\/2026\/01\/abdominal-plank_1768001998318-1024x576.jpg\" alt=\"\" class=\"wp-image-171886\" srcset=\"https:\/\/www.correiobraziliense.com.br\/cbradar\/wp-content\/uploads\/2026\/01\/abdominal-plank_1768001998318-1024x576.jpg 1024w, https:\/\/www.correiobraziliense.com.br\/cbradar\/wp-content\/uploads\/2026\/01\/abdominal-plank_1768001998318-300x169.jpg 300w, https:\/\/www.correiobraziliense.com.br\/cbradar\/wp-content\/uploads\/2026\/01\/abdominal-plank_1768001998318-768x432.jpg 768w, https:\/\/www.correiobraziliense.com.br\/cbradar\/wp-content\/uploads\/2026\/01\/abdominal-plank_1768001998318-750x422.jpg 750w, https:\/\/www.correiobraziliense.com.br\/cbradar\/wp-content\/uploads\/2026\/01\/abdominal-plank_1768001998318-1140x641.jpg 1140w, https:\/\/www.correiobraziliense.com.br\/cbradar\/wp-content\/uploads\/2026\/01\/abdominal-plank_1768001998318.jpg 1280w\" sizes=\"(max-width: 1024px) 100vw, 1024px\" \/><figcaption class=\"wp-element-caption\">Prancha Abdominal &#8211; Cr\u00e9ditos: depositphotos.com \/ undrey<\/figcaption><\/figure><\/div>\n\n\n<p>O tempo ideal para manter a prancha depende de diversos fatores, incluindo idade, n\u00edvel de treinamento e condi\u00e7\u00f5es f\u00edsicas individuais. Para adultos jovens, entre 20 e 39 anos, um tempo entre 45 e 60 segundos costuma indicar uma boa resist\u00eancia do core. J\u00e1 para aqueles entre 40 e 50 anos, tempos de 30 a 45 segundos s\u00e3o geralmente recomendados. Pessoas acima de 60 anos podem considerar de 15 a 30 segundos como um bom par\u00e2metro, desde que a postura seja mantida corretamente e n\u00e3o haja dores.<\/p>\n\n\n\n<h2 class=\"wp-block-heading\">Como realizar a Prancha Abdominal corretamente?<\/h2>\n\n\n\n<p>A execu\u00e7\u00e3o da prancha com boa t\u00e9cnica \u00e9 crucial para evitar les\u00f5es e maximizar os benef\u00edcios. Manter os ombros alinhados com os cotovelos ou m\u00e3os \u00e9 vital para a estabilidade, assim como contrair gl\u00fateos e coxas para proteger a lombar. Al\u00e9m disso, evitar que a lombar afunde ou os quadris subam muito e manter o pesco\u00e7o em posi\u00e7\u00e3o neutra ajuda na efic\u00e1cia do exerc\u00edcio. Outra dica importante \u00e9 respirar de forma cont\u00ednua, sem prender o ar, para manter a ativa\u00e7\u00e3o do core.<\/p>\n\n\n\n<h2 class=\"wp-block-heading\">Quais s\u00e3o as varia\u00e7\u00f5es e frequ\u00eancia recomendadas para a Prancha Abdominal?<\/h2>\n\n\n\n<p>Para come\u00e7ar, a prancha pode ser realizada tr\u00eas a cinco vezes por semana, respeitando a toler\u00e2ncia individual. Praticantes iniciantes podem come\u00e7ar com s\u00e9ries curtas, como 3 s\u00e9ries de 20 a 30 segundos, progredindo gradualmente a cada semana. \u00c0 medida que se desenvolve a t\u00e9cnica b\u00e1sica, varia\u00e7\u00f5es mais desafiadoras, como prancha lateral ou com eleva\u00e7\u00e3o de perna ou bra\u00e7o, podem ser introduzidas. Essas varia\u00e7\u00f5es ajudam a aumentar o est\u00edmulo sem causar desconforto ou desequil\u00edbrios significativos.<\/p>\n\n\n\n<p>Incorporar a Prancha Abdominal \u00e0 rotina de treinos oferece in\u00fameros benef\u00edcios para a sa\u00fade, sendo um dos m\u00e9todos mais eficazes para garantir maior estabilidade corporal e desempenho em atividades f\u00edsicas. Portanto, realizar o exerc\u00edcio regularmente, enquanto se atenta \u00e0 t\u00e9cnica e \u00e0 progress\u00e3o segura, \u00e9 essencial para quem busca uma vida ativa e saud\u00e1vel.<\/p>\n\n\n<a href=\"https:\/\/www.instagram.com\/dra.annaluisabf\/\" target=\"_blank\" rel=\"noopener\" style=\"text-decoration: none; color: inherit;\">\n    <span style=\"display: inline-block; border: 1px solid #ccc; border-radius: 10px; padding: 15px; max-width: 550px; font-family: sans-serif; box-shadow: 0 2px 5px rgba(0,0,0,0.1); width: 100%;\">\n\n      <!-- T\u00edtulo -->\n      <span style=\"display: block; margin: 0 0 15px 0; font-weight: bold; color: #2c3e50; text-align: center;\">\n        Entre em contato:\n      <\/span>\n\n      <!-- Linha do perfil -->\n      <span style=\"display: flex; align-items: center; gap: 15px;\">\n        <img decoding=\"async\"\n          src=\"https:\/\/www.correiobraziliense.com.br\/cbradar\/wp-content\/uploads\/2025\/08\/dra_anna_luisa.jpeg\"\n          alt=\"Foto da Dra. Anna Lu\u00edsa\"\n          style=\"border-radius: 50%; width: 80px; height: 80px; object-fit: cover;\"\n        \/>\n        <span style=\"display: flex; flex-direction: column;\">\n          <span style=\"font-size: 18px; font-weight: 700; color: #2c3e50;\">Dra. Anna Lu\u00edsa Barbosa Fernandes<\/span>\n          <span style=\"color: #555;\">CRM-GO 33.271<\/span>\n        <\/span>\n      <\/span>\n\n      <!-- Redes -->\n      <span style=\"display: flex; align-items: center; gap: 10px; margin-top: 12px;\">\n        <img decoding=\"async\" src=\"https:\/\/cdn-icons-png.flaticon.com\/24\/1384\/1384063.png\" alt=\"Instagram\" width=\"24\" height=\"24\" \/>\n        <span style=\"text-decoration: underline; color: #2c3e50;\">@dra.annaluisabf<\/span>\n      <\/span>\n\n    <\/span>\n  <\/a>","protected":false},"excerpt":{"rendered":"<p>A Prancha Abdominal \u00e9 um exerc\u00edcio que tem chamado a aten\u00e7\u00e3o de muitos adeptos de academias e fisioterapeutas nos \u00faltimos anos. Considerado um exerc\u00edcio isom\u00e9trico, este movimento ajuda a fortalecer a regi\u00e3o central do corpo, tamb\u00e9m conhecida como core, sem que haja movimento articular. Este fortalecimento \u00e9 fundamental, pois proporciona uma base s\u00f3lida para o [&hellip;]<\/p>\n","protected":false},"author":14,"featured_media":171885,"comment_status":"open","ping_status":"open","sticky":false,"template":"","format":"standard","meta":{"_yoast_wpseo_focuskw":"Prancha Abdominal","_yoast_wpseo_title":"","_yoast_wpseo_metadesc":"A prancha abdominal fortalece o core, protege a coluna e melhora postura quando realizada com t\u00e9cnica e tempo adequados.","jnews-multi-image_gallery":[],"jnews_single_post":{"format":"standard"},"jnews_primary_category":[],"jnews_social_meta":[],"jnews_override_counter":[],"footnotes":""},"categories":[4404],"tags":[281,13641,1318],"class_list":["post-171882","post","type-post","status-publish","format-standard","has-post-thumbnail","hentry","category-saude","tag-alimentacao","tag-prancha-abdominal","tag-saude-2"],"yoast_head":"<!-- This site is optimized with the Yoast SEO plugin v24.6 - https:\/\/yoast.com\/wordpress\/plugins\/seo\/ -->\n<title>O exerc\u00edcio simples que fortalece todo o corpo - Correio Braziliense - Radar<\/title>\n<meta name=\"description\" content=\"A prancha abdominal fortalece o core, protege a coluna e melhora postura quando realizada com t\u00e9cnica e tempo adequados.\" \/>\n<meta name=\"robots\" content=\"index, follow, max-snippet:-1, max-image-preview:large, max-video-preview:-1\" \/>\n<link rel=\"canonical\" href=\"https:\/\/www.correiobraziliense.com.br\/cbradar\/o-exercicio-simples-que-fortalece-todo-o-corpo\/\" \/>\n<meta property=\"og:locale\" content=\"pt_BR\" \/>\n<meta property=\"og:type\" content=\"article\" \/>\n<meta property=\"og:title\" content=\"O exerc\u00edcio simples que fortalece todo o corpo - Correio Braziliense - Radar\" \/>\n<meta property=\"og:description\" content=\"A prancha abdominal fortalece o core, protege a coluna e melhora postura quando realizada com t\u00e9cnica e tempo adequados.\" \/>\n<meta property=\"og:url\" content=\"https:\/\/www.correiobraziliense.com.br\/cbradar\/o-exercicio-simples-que-fortalece-todo-o-corpo\/\" \/>\n<meta property=\"og:site_name\" content=\"Correio Braziliense - Radar\" \/>\n<meta property=\"article:published_time\" content=\"2026-01-10T16:15:00+00:00\" \/>\n<meta property=\"og:image\" content=\"https:\/\/www.correiobraziliense.com.br\/cbradar\/wp-content\/uploads\/2026\/01\/abdominal-plank_1768001980676.jpg\" \/>\n\t<meta property=\"og:image:width\" content=\"1280\" \/>\n\t<meta property=\"og:image:height\" content=\"720\" \/>\n\t<meta property=\"og:image:type\" content=\"image\/jpeg\" \/>\n<meta name=\"author\" content=\"guilherme_saude\" \/>\n<meta name=\"twitter:card\" content=\"summary_large_image\" \/>\n<meta name=\"twitter:label1\" content=\"Escrito por\" \/>\n\t<meta name=\"twitter:data1\" content=\"guilherme_saude\" \/>\n\t<meta name=\"twitter:label2\" content=\"Est. tempo de leitura\" \/>\n\t<meta name=\"twitter:data2\" content=\"4 minutos\" \/>\n<!-- \/ Yoast SEO plugin. -->","yoast_head_json":{"title":"O exerc\u00edcio simples que fortalece todo o corpo - Correio Braziliense - Radar","description":"A prancha abdominal fortalece o core, protege a coluna e melhora postura quando realizada com t\u00e9cnica e tempo adequados.","robots":{"index":"index","follow":"follow","max-snippet":"max-snippet:-1","max-image-preview":"max-image-preview:large","max-video-preview":"max-video-preview:-1"},"canonical":"https:\/\/www.correiobraziliense.com.br\/cbradar\/o-exercicio-simples-que-fortalece-todo-o-corpo\/","og_locale":"pt_BR","og_type":"article","og_title":"O exerc\u00edcio simples que fortalece todo o corpo - Correio Braziliense - Radar","og_description":"A prancha abdominal fortalece o core, protege a coluna e melhora postura quando realizada com t\u00e9cnica e tempo adequados.","og_url":"https:\/\/www.correiobraziliense.com.br\/cbradar\/o-exercicio-simples-que-fortalece-todo-o-corpo\/","og_site_name":"Correio Braziliense - Radar","article_published_time":"2026-01-10T16:15:00+00:00","og_image":[{"width":1280,"height":720,"url":"https:\/\/www.correiobraziliense.com.br\/cbradar\/wp-content\/uploads\/2026\/01\/abdominal-plank_1768001980676.jpg","type":"image\/jpeg"}],"author":"guilherme_saude","twitter_card":"summary_large_image","twitter_misc":{"Escrito por":"guilherme_saude","Est. tempo de leitura":"4 minutos"},"schema":{"@context":"https:\/\/schema.org","@graph":[{"@type":"WebPage","@id":"https:\/\/www.correiobraziliense.com.br\/cbradar\/o-exercicio-simples-que-fortalece-todo-o-corpo\/","url":"https:\/\/www.correiobraziliense.com.br\/cbradar\/o-exercicio-simples-que-fortalece-todo-o-corpo\/","name":"O exerc\u00edcio simples que fortalece todo o corpo - Correio Braziliense - Radar","isPartOf":{"@id":"https:\/\/www.correiobraziliense.com.br\/cbradar\/#website"},"primaryImageOfPage":{"@id":"https:\/\/www.correiobraziliense.com.br\/cbradar\/o-exercicio-simples-que-fortalece-todo-o-corpo\/#primaryimage"},"image":{"@id":"https:\/\/www.correiobraziliense.com.br\/cbradar\/o-exercicio-simples-que-fortalece-todo-o-corpo\/#primaryimage"},"thumbnailUrl":"https:\/\/www.correiobraziliense.com.br\/cbradar\/wp-content\/uploads\/2026\/01\/abdominal-plank_1768001980676.jpg","datePublished":"2026-01-10T16:15:00+00:00","author":{"@id":"https:\/\/www.correiobraziliense.com.br\/cbradar\/#\/schema\/person\/5aa4bf3c8fa699c267933611de12978b"},"description":"A prancha abdominal fortalece o core, protege a coluna e melhora postura quando realizada com t\u00e9cnica e tempo adequados.","breadcrumb":{"@id":"https:\/\/www.correiobraziliense.com.br\/cbradar\/o-exercicio-simples-que-fortalece-todo-o-corpo\/#breadcrumb"},"inLanguage":"pt-BR","potentialAction":[{"@type":"ReadAction","target":["https:\/\/www.correiobraziliense.com.br\/cbradar\/o-exercicio-simples-que-fortalece-todo-o-corpo\/"]}]},{"@type":"ImageObject","inLanguage":"pt-BR","@id":"https:\/\/www.correiobraziliense.com.br\/cbradar\/o-exercicio-simples-que-fortalece-todo-o-corpo\/#primaryimage","url":"https:\/\/www.correiobraziliense.com.br\/cbradar\/wp-content\/uploads\/2026\/01\/abdominal-plank_1768001980676.jpg","contentUrl":"https:\/\/www.correiobraziliense.com.br\/cbradar\/wp-content\/uploads\/2026\/01\/abdominal-plank_1768001980676.jpg","width":1280,"height":720,"caption":"Prancha Abdominal - Cr\u00e9ditos: depositphotos.com \/ undrey"},{"@type":"BreadcrumbList","@id":"https:\/\/www.correiobraziliense.com.br\/cbradar\/o-exercicio-simples-que-fortalece-todo-o-corpo\/#breadcrumb","itemListElement":[{"@type":"ListItem","position":1,"name":"In\u00edcio","item":"https:\/\/www.correiobraziliense.com.br\/cbradar\/"},{"@type":"ListItem","position":2,"name":"O exerc\u00edcio simples que fortalece todo o corpo"}]},{"@type":"WebSite","@id":"https:\/\/www.correiobraziliense.com.br\/cbradar\/#website","url":"https:\/\/www.correiobraziliense.com.br\/cbradar\/","name":"Correio Braziliense - Radar","description":"Acompanhe as \u00faltimas not\u00edcias e fique bem informado sobre tudo o que acontece no Brasil e no mundo.","potentialAction":[{"@type":"SearchAction","target":{"@type":"EntryPoint","urlTemplate":"https:\/\/www.correiobraziliense.com.br\/cbradar\/?s={search_term_string}"},"query-input":{"@type":"PropertyValueSpecification","valueRequired":true,"valueName":"search_term_string"}}],"inLanguage":"pt-BR"},{"@type":"Person","@id":"https:\/\/www.correiobraziliense.com.br\/cbradar\/#\/schema\/person\/5aa4bf3c8fa699c267933611de12978b","name":"guilherme_saude","image":{"@type":"ImageObject","inLanguage":"pt-BR","@id":"https:\/\/www.correiobraziliense.com.br\/cbradar\/#\/schema\/person\/image\/","url":"https:\/\/secure.gravatar.com\/avatar\/df9adfb835d344bc0af109d41756253f?s=96&d=mm&r=g","contentUrl":"https:\/\/secure.gravatar.com\/avatar\/df9adfb835d344bc0af109d41756253f?s=96&d=mm&r=g","caption":"guilherme_saude"},"url":"https:\/\/www.correiobraziliense.com.br\/cbradar\/author\/guilherme_saude\/"}]}},"_links":{"self":[{"href":"https:\/\/www.correiobraziliense.com.br\/cbradar\/wp-json\/wp\/v2\/posts\/171882","targetHints":{"allow":["GET"]}}],"collection":[{"href":"https:\/\/www.correiobraziliense.com.br\/cbradar\/wp-json\/wp\/v2\/posts"}],"about":[{"href":"https:\/\/www.correiobraziliense.com.br\/cbradar\/wp-json\/wp\/v2\/types\/post"}],"author":[{"embeddable":true,"href":"https:\/\/www.correiobraziliense.com.br\/cbradar\/wp-json\/wp\/v2\/users\/14"}],"replies":[{"embeddable":true,"href":"https:\/\/www.correiobraziliense.com.br\/cbradar\/wp-json\/wp\/v2\/comments?post=171882"}],"version-history":[{"count":1,"href":"https:\/\/www.correiobraziliense.com.br\/cbradar\/wp-json\/wp\/v2\/posts\/171882\/revisions"}],"predecessor-version":[{"id":171887,"href":"https:\/\/www.correiobraziliense.com.br\/cbradar\/wp-json\/wp\/v2\/posts\/171882\/revisions\/171887"}],"wp:featuredmedia":[{"embeddable":true,"href":"https:\/\/www.correiobraziliense.com.br\/cbradar\/wp-json\/wp\/v2\/media\/171885"}],"wp:attachment":[{"href":"https:\/\/www.correiobraziliense.com.br\/cbradar\/wp-json\/wp\/v2\/media?parent=171882"}],"wp:term":[{"taxonomy":"category","embeddable":true,"href":"https:\/\/www.correiobraziliense.com.br\/cbradar\/wp-json\/wp\/v2\/categories?post=171882"},{"taxonomy":"post_tag","embeddable":true,"href":"https:\/\/www.correiobraziliense.com.br\/cbradar\/wp-json\/wp\/v2\/tags?post=171882"}],"curies":[{"name":"wp","href":"https:\/\/api.w.org\/{rel}","templated":true}]}}