{"id":171889,"date":"2026-01-10T15:55:00","date_gmt":"2026-01-10T18:55:00","guid":{"rendered":"https:\/\/www.correiobraziliense.com.br\/cbradar\/?p=171889"},"modified":"2026-01-09T20:42:08","modified_gmt":"2026-01-09T23:42:08","slug":"as-ervas-amargas-que-podem-fortalecer-o-figado","status":"publish","type":"post","link":"https:\/\/www.correiobraziliense.com.br\/cbradar\/as-ervas-amargas-que-podem-fortalecer-o-figado\/","title":{"rendered":"As ervas amargas que podem fortalecer o f\u00edgado"},"content":{"rendered":"\n<p>O uso de <strong>Ervas Amargas<\/strong> como um m\u00e9todo de cuidado natural para a sa\u00fade do f\u00edgado vem ganhando destaque \u00e0 medida que mais pessoas buscam alternativas para promover o bem-estar hep\u00e1tico. Essas plantas s\u00e3o conhecidas por seu sabor intenso que estimula o sistema digestivo, contribuindo para uma melhor digest\u00e3o e potencial limpeza do organismo. Em 2025, pesquisas continuam a explorar suas propriedades, especialmente em contextos de esteatose hep\u00e1tica leve e dietas desequilibradas, onde o f\u00edgado frequentemente necessita de um apoio adicional.<\/p>\n\n\n\n<p>O interesse por essas ervas amargas est\u00e1 intimamente ligado a suas caracter\u00edsticas antioxidantes e anti-inflamat\u00f3rias, que podem atuar na prote\u00e7\u00e3o das c\u00e9lulas hep\u00e1ticas contra danos causados por toxinas e uma dieta rica em gorduras. Com o aumento da conscientiza\u00e7\u00e3o sobre a sa\u00fade do f\u00edgado, termos como &#8220;ervas hepatoprotetoras&#8221; se popularizam, destacando seu uso na prote\u00e7\u00e3o e suporte \u00e0 regenera\u00e7\u00e3o dos hepat\u00f3citos.<\/p>\n\n\n\n<h2 class=\"wp-block-heading\">Por que Ervas Amargas Beneficiam o F\u00edgado?<\/h2>\n\n\n\n<p>O consumo de ervas amargas ativa o paladar de forma intensa, desencadeando a produ\u00e7\u00e3o de saliva, sucos g\u00e1stricos e bile. Esse mecanismo ajuda a facilitar o processo digestivo, reduzindo a sensa\u00e7\u00e3o de desconforto ap\u00f3s refei\u00e7\u00f5es pesadas. Al\u00e9m disso, muitas dessas ervas cont\u00eam compostos com propriedades ben\u00e9ficas ao f\u00edgado, oferecendo uma prote\u00e7\u00e3o adicional contra danos potenciais.<\/p>\n\n\n\n<p>No cen\u00e1rio contempor\u00e2neo, ervas como o\u00a0<strong>boldo<\/strong>, a\u00a0<strong>alcachofra<\/strong>\u00a0e o\u00a0<strong>dente-de-le\u00e3o<\/strong>\u00a0ganharam destaque por seus potenciais benef\u00edcios \u00e0 <a href=\"https:\/\/www.correiobraziliense.com.br\/cbradar\/o-anti-inflamatorio-natural-mais-poderoso-da-atualidade\/\" target=\"_blank\" rel=\"noreferrer noopener\">sa\u00fade <\/a>hep\u00e1tica. O boldo \u00e9 frequentemente associado ao al\u00edvio de sintomas como gases e m\u00e1 digest\u00e3o, ao passo que a alcachofra \u00e9 conhecida por reduzir a gordura hep\u00e1tica e melhorar o metabolismo lip\u00eddico. O dente-de-le\u00e3o, por sua vez, atua como um t\u00f4nico digestivo, auxiliando na depura\u00e7\u00e3o do organismo.<\/p>\n\n\n<div class=\"wp-block-image\">\n<figure class=\"aligncenter size-large\"><img decoding=\"async\" width=\"1024\" height=\"576\" src=\"https:\/\/www.correiobraziliense.com.br\/cbradar\/wp-content\/uploads\/2025\/08\/transplante-de-figado_1754678024787-1024x576.jpg\" alt=\"\" class=\"wp-image-83079\" srcset=\"https:\/\/www.correiobraziliense.com.br\/cbradar\/wp-content\/uploads\/2025\/08\/transplante-de-figado_1754678024787-1024x576.jpg 1024w, https:\/\/www.correiobraziliense.com.br\/cbradar\/wp-content\/uploads\/2025\/08\/transplante-de-figado_1754678024787-300x169.jpg 300w, https:\/\/www.correiobraziliense.com.br\/cbradar\/wp-content\/uploads\/2025\/08\/transplante-de-figado_1754678024787-768x432.jpg 768w, https:\/\/www.correiobraziliense.com.br\/cbradar\/wp-content\/uploads\/2025\/08\/transplante-de-figado_1754678024787-750x422.jpg 750w, https:\/\/www.correiobraziliense.com.br\/cbradar\/wp-content\/uploads\/2025\/08\/transplante-de-figado_1754678024787-1140x641.jpg 1140w, https:\/\/www.correiobraziliense.com.br\/cbradar\/wp-content\/uploads\/2025\/08\/transplante-de-figado_1754678024787.jpg 1280w\" sizes=\"(max-width: 1024px) 100vw, 1024px\" \/><figcaption class=\"wp-element-caption\">F\u00edgado &#8211; Cr\u00e9ditos: depositphotos.com \/ Shidlovski<\/figcaption><\/figure><\/div>\n\n\n<h2 class=\"wp-block-heading\">Quais Ervas se Destacam no Cuidado do F\u00edgado?<\/h2>\n\n\n\n<p>Entre as diversas ervas amargas mencionadas na medicina tradicional, tr\u00eas se destacam por seu potencial hepatoprotetor:&nbsp;<strong>boldo<\/strong>,&nbsp;<strong>alcachofra<\/strong>&nbsp;e&nbsp;<strong>dente-de-le\u00e3o<\/strong>. O boldo, comum em culturas de l\u00edngua portuguesa, \u00e9 utilizado principalmente na forma de ch\u00e1 para aliviar sintomas de desconforto digestivo. A alcachofra, famosa n\u00e3o s\u00f3 como alimento mas tamb\u00e9m como planta medicinal, \u00e9 estudada por sua capacidade de estimular a fun\u00e7\u00e3o hep\u00e1tica e reduzir lip\u00eddeos no f\u00edgado. O dente-de-le\u00e3o, amplamente utilizado na fitoterapia, complementa a limpeza do organismo, funcionando de forma sin\u00e9rgica com o f\u00edgado.<\/p>\n\n\n\n<h2 class=\"wp-block-heading\">Como Usar Ervas Amargas com Seguran\u00e7a?<\/h2>\n\n\n\n<p>Com o crescimento do acesso a ch\u00e1s, extratos e c\u00e1psulas dessas ervas, a cren\u00e7a comum de que produtos naturais s\u00e3o isentos de riscos exige precau\u00e7\u00e3o. Em contexto de uso cont\u00ednuo ou junto a medicamentos, essas ervas podem representar uma carga adicional ao f\u00edgado ou interagir com tratamentos em andamento.<\/p>\n\n\n\n<ol class=\"wp-block-list\">\n<li><strong>Consulta Pr\u00e9via:<\/strong>\u00a0Antes de iniciar o uso de qualquer erva, especialmente para pessoas com condi\u00e7\u00f5es hep\u00e1ticas, em uso cont\u00ednuo de medicamentos ou gestantes, \u00e9 indispens\u00e1vel consultar um profissional de sa\u00fade.<\/li>\n\n\n\n<li><strong>Dosagem Correta:<\/strong>\u00a0Seguir rigorosamente as doses recomendadas em r\u00f3tulos ou orienta\u00e7\u00f5es m\u00e9dicas para evitar complica\u00e7\u00f5es.<\/li>\n\n\n\n<li><strong>Uso Prolongado:<\/strong>\u00a0Evitar o uso cont\u00ednuo sem reavalia\u00e7\u00f5es m\u00e9dicas, especialmente em grupos mais sens\u00edveis como crian\u00e7as e idosos.<\/li>\n\n\n\n<li><strong>Sinais de Alerta:<\/strong>\u00a0Atentar para sintomas como dor abdominal intensa ou icter\u00edcia e buscar atendimento m\u00e9dico imediato se ocorrerem.<\/li>\n<\/ol>\n\n\n\n<h2 class=\"wp-block-heading\">Pode o Dente-de-le\u00e3o Apoiar a Sa\u00fade Hep\u00e1tica?<\/h2>\n\n\n\n<p>O dente-de-le\u00e3o, uma erva frequentemente utilizada em ch\u00e1s e suplementos, possui um hist\u00f3rico de uso no est\u00edmulo das fun\u00e7\u00f5es digestivas e renais, al\u00e9m do suporte hep\u00e1tico na elimina\u00e7\u00e3o de res\u00edduos. Ele atua como t\u00f4nico digestivo, estimulando a produ\u00e7\u00e3o biliar e contendo compostos antioxidantes e anti-inflamat\u00f3rios. Apesar de seu uso seguro em geral, \u00e9 importante observar suas poss\u00edveis intera\u00e7\u00f5es com outros medicamentos e informar seu uso ao m\u00e9dico.<\/p>\n\n\n\n<p>Assim, quando utilizadas de maneira adequada e com acompanhamento profissional, as ervas amargas como boldo, alcachofra e dente-de-le\u00e3o podem ser \u00f3timas aliadas na manuten\u00e7\u00e3o da sa\u00fade do f\u00edgado e do bem-estar geral do organismo.<\/p>\n\n\n<a href=\"https:\/\/www.instagram.com\/dra.annaluisabf\/\" target=\"_blank\" rel=\"noopener\" style=\"text-decoration: none; color: inherit;\">\n    <span style=\"display: inline-block; border: 1px solid #ccc; border-radius: 10px; padding: 15px; max-width: 550px; font-family: sans-serif; box-shadow: 0 2px 5px rgba(0,0,0,0.1); width: 100%;\">\n\n      <!-- T\u00edtulo -->\n      <span style=\"display: block; margin: 0 0 15px 0; font-weight: bold; color: #2c3e50; text-align: center;\">\n        Entre em contato:\n      <\/span>\n\n      <!-- Linha do perfil -->\n      <span style=\"display: flex; align-items: center; gap: 15px;\">\n        <img decoding=\"async\"\n          src=\"https:\/\/www.correiobraziliense.com.br\/cbradar\/wp-content\/uploads\/2025\/08\/dra_anna_luisa.jpeg\"\n          alt=\"Foto da Dra. Anna Lu\u00edsa\"\n          style=\"border-radius: 50%; width: 80px; height: 80px; object-fit: cover;\"\n        \/>\n        <span style=\"display: flex; flex-direction: column;\">\n          <span style=\"font-size: 18px; font-weight: 700; color: #2c3e50;\">Dra. Anna Lu\u00edsa Barbosa Fernandes<\/span>\n          <span style=\"color: #555;\">CRM-GO 33.271<\/span>\n        <\/span>\n      <\/span>\n\n      <!-- Redes -->\n      <span style=\"display: flex; align-items: center; gap: 10px; margin-top: 12px;\">\n        <img decoding=\"async\" src=\"https:\/\/cdn-icons-png.flaticon.com\/24\/1384\/1384063.png\" alt=\"Instagram\" width=\"24\" height=\"24\" \/>\n        <span style=\"text-decoration: underline; color: #2c3e50;\">@dra.annaluisabf<\/span>\n      <\/span>\n\n    <\/span>\n  <\/a>\n\n\n<p><\/p>\n","protected":false},"excerpt":{"rendered":"<p>O uso de Ervas Amargas como um m\u00e9todo de cuidado natural para a sa\u00fade do f\u00edgado vem ganhando destaque \u00e0 medida que mais pessoas buscam alternativas para promover o bem-estar hep\u00e1tico. Essas plantas s\u00e3o conhecidas por seu sabor intenso que estimula o sistema digestivo, contribuindo para uma melhor digest\u00e3o e potencial limpeza do organismo. Em [&hellip;]<\/p>\n","protected":false},"author":14,"featured_media":148896,"comment_status":"open","ping_status":"open","sticky":false,"template":"","format":"standard","meta":{"_yoast_wpseo_focuskw":"Ervas Amargas","_yoast_wpseo_title":"","_yoast_wpseo_metadesc":"As ervas amargas v\u00eam sendo usadas para apoiar a sa\u00fade do f\u00edgado e a digest\u00e3o quando consumidas com orienta\u00e7\u00e3o adequada.","jnews-multi-image_gallery":[],"jnews_single_post":{"format":"standard"},"jnews_primary_category":[],"jnews_social_meta":[],"jnews_override_counter":[],"footnotes":""},"categories":[4404],"tags":[120,13343,1318],"class_list":["post-171889","post","type-post","status-publish","format-standard","has-post-thumbnail","hentry","category-saude","tag-bem-estar","tag-ervas-amargas","tag-saude-2"],"yoast_head":"<!-- This site is optimized with the Yoast SEO plugin v24.6 - https:\/\/yoast.com\/wordpress\/plugins\/seo\/ -->\n<title>As ervas amargas que podem fortalecer o f\u00edgado - Correio Braziliense - Radar<\/title>\n<meta name=\"description\" content=\"As ervas amargas v\u00eam sendo usadas para apoiar a sa\u00fade do f\u00edgado e a digest\u00e3o quando consumidas com orienta\u00e7\u00e3o adequada.\" \/>\n<meta name=\"robots\" content=\"index, follow, max-snippet:-1, max-image-preview:large, max-video-preview:-1\" \/>\n<link rel=\"canonical\" href=\"https:\/\/www.correiobraziliense.com.br\/cbradar\/as-ervas-amargas-que-podem-fortalecer-o-figado\/\" \/>\n<meta property=\"og:locale\" content=\"pt_BR\" \/>\n<meta property=\"og:type\" content=\"article\" \/>\n<meta property=\"og:title\" content=\"As ervas amargas que podem fortalecer o f\u00edgado - Correio Braziliense - Radar\" \/>\n<meta property=\"og:description\" content=\"As ervas amargas v\u00eam sendo usadas para apoiar a sa\u00fade do f\u00edgado e a digest\u00e3o quando consumidas com orienta\u00e7\u00e3o adequada.\" \/>\n<meta property=\"og:url\" content=\"https:\/\/www.correiobraziliense.com.br\/cbradar\/as-ervas-amargas-que-podem-fortalecer-o-figado\/\" \/>\n<meta property=\"og:site_name\" content=\"Correio Braziliense - Radar\" \/>\n<meta property=\"article:published_time\" content=\"2026-01-10T18:55:00+00:00\" \/>\n<meta property=\"og:image\" content=\"https:\/\/www.correiobraziliense.com.br\/cbradar\/wp-content\/uploads\/2025\/12\/boldo_1764704074983.jpg\" \/>\n\t<meta property=\"og:image:width\" content=\"1280\" \/>\n\t<meta property=\"og:image:height\" content=\"720\" \/>\n\t<meta property=\"og:image:type\" content=\"image\/jpeg\" \/>\n<meta name=\"author\" content=\"guilherme_saude\" \/>\n<meta name=\"twitter:card\" content=\"summary_large_image\" \/>\n<meta name=\"twitter:label1\" content=\"Escrito por\" \/>\n\t<meta name=\"twitter:data1\" content=\"guilherme_saude\" \/>\n\t<meta name=\"twitter:label2\" content=\"Est. tempo de leitura\" \/>\n\t<meta name=\"twitter:data2\" content=\"5 minutos\" \/>\n<!-- \/ Yoast SEO plugin. -->","yoast_head_json":{"title":"As ervas amargas que podem fortalecer o f\u00edgado - Correio Braziliense - Radar","description":"As ervas amargas v\u00eam sendo usadas para apoiar a sa\u00fade do f\u00edgado e a digest\u00e3o quando consumidas com orienta\u00e7\u00e3o adequada.","robots":{"index":"index","follow":"follow","max-snippet":"max-snippet:-1","max-image-preview":"max-image-preview:large","max-video-preview":"max-video-preview:-1"},"canonical":"https:\/\/www.correiobraziliense.com.br\/cbradar\/as-ervas-amargas-que-podem-fortalecer-o-figado\/","og_locale":"pt_BR","og_type":"article","og_title":"As ervas amargas que podem fortalecer o f\u00edgado - Correio Braziliense - Radar","og_description":"As ervas amargas v\u00eam sendo usadas para apoiar a sa\u00fade do f\u00edgado e a digest\u00e3o quando consumidas com orienta\u00e7\u00e3o adequada.","og_url":"https:\/\/www.correiobraziliense.com.br\/cbradar\/as-ervas-amargas-que-podem-fortalecer-o-figado\/","og_site_name":"Correio Braziliense - Radar","article_published_time":"2026-01-10T18:55:00+00:00","og_image":[{"width":1280,"height":720,"url":"https:\/\/www.correiobraziliense.com.br\/cbradar\/wp-content\/uploads\/2025\/12\/boldo_1764704074983.jpg","type":"image\/jpeg"}],"author":"guilherme_saude","twitter_card":"summary_large_image","twitter_misc":{"Escrito por":"guilherme_saude","Est. tempo de leitura":"5 minutos"},"schema":{"@context":"https:\/\/schema.org","@graph":[{"@type":"WebPage","@id":"https:\/\/www.correiobraziliense.com.br\/cbradar\/as-ervas-amargas-que-podem-fortalecer-o-figado\/","url":"https:\/\/www.correiobraziliense.com.br\/cbradar\/as-ervas-amargas-que-podem-fortalecer-o-figado\/","name":"As ervas amargas que podem fortalecer o f\u00edgado - Correio Braziliense - Radar","isPartOf":{"@id":"https:\/\/www.correiobraziliense.com.br\/cbradar\/#website"},"primaryImageOfPage":{"@id":"https:\/\/www.correiobraziliense.com.br\/cbradar\/as-ervas-amargas-que-podem-fortalecer-o-figado\/#primaryimage"},"image":{"@id":"https:\/\/www.correiobraziliense.com.br\/cbradar\/as-ervas-amargas-que-podem-fortalecer-o-figado\/#primaryimage"},"thumbnailUrl":"https:\/\/www.correiobraziliense.com.br\/cbradar\/wp-content\/uploads\/2025\/12\/boldo_1764704074983.jpg","datePublished":"2026-01-10T18:55:00+00:00","author":{"@id":"https:\/\/www.correiobraziliense.com.br\/cbradar\/#\/schema\/person\/5aa4bf3c8fa699c267933611de12978b"},"description":"As ervas amargas v\u00eam sendo usadas para apoiar a sa\u00fade do f\u00edgado e a digest\u00e3o quando consumidas com orienta\u00e7\u00e3o adequada.","breadcrumb":{"@id":"https:\/\/www.correiobraziliense.com.br\/cbradar\/as-ervas-amargas-que-podem-fortalecer-o-figado\/#breadcrumb"},"inLanguage":"pt-BR","potentialAction":[{"@type":"ReadAction","target":["https:\/\/www.correiobraziliense.com.br\/cbradar\/as-ervas-amargas-que-podem-fortalecer-o-figado\/"]}]},{"@type":"ImageObject","inLanguage":"pt-BR","@id":"https:\/\/www.correiobraziliense.com.br\/cbradar\/as-ervas-amargas-que-podem-fortalecer-o-figado\/#primaryimage","url":"https:\/\/www.correiobraziliense.com.br\/cbradar\/wp-content\/uploads\/2025\/12\/boldo_1764704074983.jpg","contentUrl":"https:\/\/www.correiobraziliense.com.br\/cbradar\/wp-content\/uploads\/2025\/12\/boldo_1764704074983.jpg","width":1280,"height":720,"caption":"Boldo - Cr\u00e9ditos: depositphotos.com \/ u_aurora"},{"@type":"BreadcrumbList","@id":"https:\/\/www.correiobraziliense.com.br\/cbradar\/as-ervas-amargas-que-podem-fortalecer-o-figado\/#breadcrumb","itemListElement":[{"@type":"ListItem","position":1,"name":"In\u00edcio","item":"https:\/\/www.correiobraziliense.com.br\/cbradar\/"},{"@type":"ListItem","position":2,"name":"As ervas amargas que podem fortalecer o f\u00edgado"}]},{"@type":"WebSite","@id":"https:\/\/www.correiobraziliense.com.br\/cbradar\/#website","url":"https:\/\/www.correiobraziliense.com.br\/cbradar\/","name":"Correio Braziliense - Radar","description":"Acompanhe as \u00faltimas not\u00edcias e fique bem informado sobre tudo o que acontece no Brasil e no mundo.","potentialAction":[{"@type":"SearchAction","target":{"@type":"EntryPoint","urlTemplate":"https:\/\/www.correiobraziliense.com.br\/cbradar\/?s={search_term_string}"},"query-input":{"@type":"PropertyValueSpecification","valueRequired":true,"valueName":"search_term_string"}}],"inLanguage":"pt-BR"},{"@type":"Person","@id":"https:\/\/www.correiobraziliense.com.br\/cbradar\/#\/schema\/person\/5aa4bf3c8fa699c267933611de12978b","name":"guilherme_saude","image":{"@type":"ImageObject","inLanguage":"pt-BR","@id":"https:\/\/www.correiobraziliense.com.br\/cbradar\/#\/schema\/person\/image\/","url":"https:\/\/secure.gravatar.com\/avatar\/df9adfb835d344bc0af109d41756253f?s=96&d=mm&r=g","contentUrl":"https:\/\/secure.gravatar.com\/avatar\/df9adfb835d344bc0af109d41756253f?s=96&d=mm&r=g","caption":"guilherme_saude"},"url":"https:\/\/www.correiobraziliense.com.br\/cbradar\/author\/guilherme_saude\/"}]}},"_links":{"self":[{"href":"https:\/\/www.correiobraziliense.com.br\/cbradar\/wp-json\/wp\/v2\/posts\/171889","targetHints":{"allow":["GET"]}}],"collection":[{"href":"https:\/\/www.correiobraziliense.com.br\/cbradar\/wp-json\/wp\/v2\/posts"}],"about":[{"href":"https:\/\/www.correiobraziliense.com.br\/cbradar\/wp-json\/wp\/v2\/types\/post"}],"author":[{"embeddable":true,"href":"https:\/\/www.correiobraziliense.com.br\/cbradar\/wp-json\/wp\/v2\/users\/14"}],"replies":[{"embeddable":true,"href":"https:\/\/www.correiobraziliense.com.br\/cbradar\/wp-json\/wp\/v2\/comments?post=171889"}],"version-history":[{"count":1,"href":"https:\/\/www.correiobraziliense.com.br\/cbradar\/wp-json\/wp\/v2\/posts\/171889\/revisions"}],"predecessor-version":[{"id":171891,"href":"https:\/\/www.correiobraziliense.com.br\/cbradar\/wp-json\/wp\/v2\/posts\/171889\/revisions\/171891"}],"wp:featuredmedia":[{"embeddable":true,"href":"https:\/\/www.correiobraziliense.com.br\/cbradar\/wp-json\/wp\/v2\/media\/148896"}],"wp:attachment":[{"href":"https:\/\/www.correiobraziliense.com.br\/cbradar\/wp-json\/wp\/v2\/media?parent=171889"}],"wp:term":[{"taxonomy":"category","embeddable":true,"href":"https:\/\/www.correiobraziliense.com.br\/cbradar\/wp-json\/wp\/v2\/categories?post=171889"},{"taxonomy":"post_tag","embeddable":true,"href":"https:\/\/www.correiobraziliense.com.br\/cbradar\/wp-json\/wp\/v2\/tags?post=171889"}],"curies":[{"name":"wp","href":"https:\/\/api.w.org\/{rel}","templated":true}]}}