{"id":171897,"date":"2026-01-10T18:25:00","date_gmt":"2026-01-10T21:25:00","guid":{"rendered":"https:\/\/www.correiobraziliense.com.br\/cbradar\/?p=171897"},"modified":"2026-01-09T20:47:09","modified_gmt":"2026-01-09T23:47:09","slug":"o-problema-silencioso-da-tireoide-que-afeta-milhoes","status":"publish","type":"post","link":"https:\/\/www.correiobraziliense.com.br\/cbradar\/o-problema-silencioso-da-tireoide-que-afeta-milhoes\/","title":{"rendered":"O problema silencioso da tireoide que afeta milh\u00f5es"},"content":{"rendered":"\n<p>A <strong>Gl\u00e2ndula Tireoide<\/strong> exerce um papel crucial no funcionamento do organismo humano, regulando desde o metabolismo at\u00e9 a sa\u00fade \u00f3ssea. Apesar de ser uma pequena estrutura localizada na base do pesco\u00e7o, suas fun\u00e7\u00f5es s\u00e3o essenciais para o equil\u00edbrio de v\u00e1rias atividades do corpo, incluindo o sistema cardiovascular e o eixo neurops\u00edquico. Todavia, uma parcela significativa da popula\u00e7\u00e3o brasileira permanece sem diagn\u00f3stico, mesmo sofrendo com dist\u00farbios relacionados a essa gl\u00e2ndula, como o hipotireoidismo e o hipertireoidismo.<\/p>\n\n\n\n<p>Esses dist\u00farbios tireoidianos impactam diretamente a sa\u00fade p\u00fablica e o bem-estar das pessoas, mas seus sintomas muitas vezes passam despercebidos ou s\u00e3o confundidos com condi\u00e7\u00f5es menos graves, como estresse ou envelhecimento natural. Isso acontece porque as manifesta\u00e7\u00f5es cl\u00ednicas, como cansa\u00e7o persistente, altera\u00e7\u00f5es de humor e varia\u00e7\u00e3o de peso, podem ser atribu\u00eddas a uma variedade de problemas de sa\u00fade. Assim, a identifica\u00e7\u00e3o precoce das doen\u00e7as da tireoide depende de um olhar cl\u00ednico atento aliado a exames laboratoriais adequados.<\/p>\n\n\n\n<h2 class=\"wp-block-heading\">Por que os sintomas das doen\u00e7as da tireoide s\u00e3o frequentemente subdiagnosticados?<\/h2>\n\n\n\n<p>Um dos grandes desafios no diagn\u00f3stico dos dist\u00farbios tireoidianos \u00e9 a inespecificidade dos sintomas apresentados. Cansa\u00e7o n\u00e3o justificado, mudan\u00e7as de humor bruscas e at\u00e9 mesmo queda de cabelo s\u00e3o sinais que podem estar associados a diversas doen\u00e7as, o que dificulta a identifica\u00e7\u00e3o contundente das desordens da tireoide. Dessa forma, a extrema similaridade dos sintomas das doen\u00e7as tireoidianas com outras condi\u00e7\u00f5es dificulta a suspeita inicial por parte dos profissionais de sa\u00fade.<\/p>\n\n\n\n<h2 class=\"wp-block-heading\">Quais s\u00e3o as consequ\u00eancias da aus\u00eancia de tratamento adequado?<\/h2>\n\n\n\n<p>A falta de tratamento para as disfun\u00e7\u00f5es tireoidianas pode resultar em graves consequ\u00eancias para o organismo. No sistema cardiovascular, por exemplo, o hipertireoidismo pode levar a complica\u00e7\u00f5es como a fibrila\u00e7\u00e3o atrial, especialmente em idosos. J\u00e1 o hipotireoidismo pode influenciar negativamente nos n\u00edveis de colesterol e press\u00e3o arterial, aumentando o risco de doen\u00e7as cardiovasculares. Na sa\u00fade \u00f3ssea, a doen\u00e7a pode reduzir a densidade mineral, elevando o risco de fraturas.<\/p>\n\n\n<div class=\"wp-block-image\">\n<figure class=\"aligncenter size-large\"><img decoding=\"async\" width=\"1024\" height=\"576\" src=\"https:\/\/www.correiobraziliense.com.br\/cbradar\/wp-content\/uploads\/2026\/01\/Tireoide_1768002396586-1024x576.jpg\" alt=\"\" class=\"wp-image-171900\" srcset=\"https:\/\/www.correiobraziliense.com.br\/cbradar\/wp-content\/uploads\/2026\/01\/Tireoide_1768002396586-1024x576.jpg 1024w, https:\/\/www.correiobraziliense.com.br\/cbradar\/wp-content\/uploads\/2026\/01\/Tireoide_1768002396586-300x169.jpg 300w, https:\/\/www.correiobraziliense.com.br\/cbradar\/wp-content\/uploads\/2026\/01\/Tireoide_1768002396586-768x432.jpg 768w, https:\/\/www.correiobraziliense.com.br\/cbradar\/wp-content\/uploads\/2026\/01\/Tireoide_1768002396586-750x422.jpg 750w, https:\/\/www.correiobraziliense.com.br\/cbradar\/wp-content\/uploads\/2026\/01\/Tireoide_1768002396586-1140x641.jpg 1140w, https:\/\/www.correiobraziliense.com.br\/cbradar\/wp-content\/uploads\/2026\/01\/Tireoide_1768002396586.jpg 1280w\" sizes=\"(max-width: 1024px) 100vw, 1024px\" \/><figcaption class=\"wp-element-caption\">Gl\u00e2ndula Tireoide &#8211; Cr\u00e9ditos: depositphotos.com \/ HayDmitriy<\/figcaption><\/figure><\/div>\n\n\n<h2 class=\"wp-block-heading\">Quem deve estar mais atento aos sintomas das doen\u00e7as da tireoide?<\/h2>\n\n\n\n<p>Grupos espec\u00edficos da popula\u00e7\u00e3o requerem uma aten\u00e7\u00e3o especial quanto \u00e0 sa\u00fade da tireoide. Gestantes e mulheres em idade f\u00e9rtil precisam estar alertas, uma vez que qualquer disfun\u00e7\u00e3o pode afetar o desenvolvimento do beb\u00ea. Al\u00e9m disso, pessoas com doen\u00e7as autoimunes, como diabetes tipo 1 e l\u00fapus, t\u00eam uma maior predisposi\u00e7\u00e3o a problemas tireoidianos. Sintomas persistentes e inexplicados, como fadiga extrema e palpita\u00e7\u00f5es, tamb\u00e9m s\u00e3o sinais que n\u00e3o devem ser ignorados.<\/p>\n\n\n\n<h2 class=\"wp-block-heading\">Como \u00e9 realizado o diagn\u00f3stico eficaz das doen\u00e7as da tireoide?<\/h2>\n\n\n\n<p>O processo diagn\u00f3stico geralmente se inicia com a dosagem do horm\u00f4nio estimulador da tireoide (TSH), seguida da avalia\u00e7\u00e3o dos n\u00edveis de T4 livre. Nos casos onde h\u00e1 suspeita de doen\u00e7as autoimunes, exames adicionais como anti-TPO e anti-TG podem ser requisitados. A ultrassonografia \u00e9 o m\u00e9todo de escolha para explorar a estrutura e a presen\u00e7a de n\u00f3dulos na tireoide, complementando a avalia\u00e7\u00e3o cl\u00ednica e laboratorial.<\/p>\n\n\n\n<p>Consciente dos avan\u00e7os nos m\u00e9todos diagn\u00f3sticos, o profissional de <a href=\"https:\/\/www.correiobraziliense.com.br\/cbradar\/o-anti-inflamatorio-natural-mais-poderoso-da-atualidade\/\" target=\"_blank\" rel=\"noreferrer noopener\">sa\u00fade<\/a> hoje disp\u00f5e de um arsenal de ferramentas validadas para rastrear e confirmar doen\u00e7as tireoidianas. Acrescenta-se que a suspeita inicial por parte dos m\u00e9dicos \u00e9 um fator cr\u00edtico na detec\u00e7\u00e3o precoce e na condu\u00e7\u00e3o do tratamento, assegurando melhor qualidade de vida aos pacientes afetados por essas disfun\u00e7\u00f5es silenciosas.<\/p>\n\n\n<a href=\"https:\/\/www.instagram.com\/dra.annaluisabf\/\" target=\"_blank\" rel=\"noopener\" style=\"text-decoration: none; color: inherit;\">\n    <span style=\"display: inline-block; border: 1px solid #ccc; border-radius: 10px; padding: 15px; max-width: 550px; font-family: sans-serif; box-shadow: 0 2px 5px rgba(0,0,0,0.1); width: 100%;\">\n\n      <!-- T\u00edtulo -->\n      <span style=\"display: block; margin: 0 0 15px 0; font-weight: bold; color: #2c3e50; text-align: center;\">\n        Entre em contato:\n      <\/span>\n\n      <!-- Linha do perfil -->\n      <span style=\"display: flex; align-items: center; gap: 15px;\">\n        <img decoding=\"async\"\n          src=\"https:\/\/www.correiobraziliense.com.br\/cbradar\/wp-content\/uploads\/2025\/08\/dra_anna_luisa.jpeg\"\n          alt=\"Foto da Dra. Anna Lu\u00edsa\"\n          style=\"border-radius: 50%; width: 80px; height: 80px; object-fit: cover;\"\n        \/>\n        <span style=\"display: flex; flex-direction: column;\">\n          <span style=\"font-size: 18px; font-weight: 700; color: #2c3e50;\">Dra. Anna Lu\u00edsa Barbosa Fernandes<\/span>\n          <span style=\"color: #555;\">CRM-GO 33.271<\/span>\n        <\/span>\n      <\/span>\n\n      <!-- Redes -->\n      <span style=\"display: flex; align-items: center; gap: 10px; margin-top: 12px;\">\n        <img decoding=\"async\" src=\"https:\/\/cdn-icons-png.flaticon.com\/24\/1384\/1384063.png\" alt=\"Instagram\" width=\"24\" height=\"24\" \/>\n        <span style=\"text-decoration: underline; color: #2c3e50;\">@dra.annaluisabf<\/span>\n      <\/span>\n\n    <\/span>\n  <\/a>","protected":false},"excerpt":{"rendered":"<p>A Gl\u00e2ndula Tireoide exerce um papel crucial no funcionamento do organismo humano, regulando desde o metabolismo at\u00e9 a sa\u00fade \u00f3ssea. Apesar de ser uma pequena estrutura localizada na base do pesco\u00e7o, suas fun\u00e7\u00f5es s\u00e3o essenciais para o equil\u00edbrio de v\u00e1rias atividades do corpo, incluindo o sistema cardiovascular e o eixo neurops\u00edquico. Todavia, uma parcela significativa [&hellip;]<\/p>\n","protected":false},"author":14,"featured_media":116197,"comment_status":"open","ping_status":"open","sticky":false,"template":"","format":"standard","meta":{"_yoast_wpseo_focuskw":"Gl\u00e2ndula Tireoide","_yoast_wpseo_title":"","_yoast_wpseo_metadesc":"Doen\u00e7as da tireoide podem passar anos sem diagn\u00f3stico e causar impactos no cora\u00e7\u00e3o, ossos e metabolismo se n\u00e3o tratadas.","jnews-multi-image_gallery":[],"jnews_single_post":{"format":"standard"},"jnews_primary_category":[],"jnews_social_meta":[],"jnews_override_counter":[],"footnotes":""},"categories":[4404],"tags":[281,120,1318],"class_list":["post-171897","post","type-post","status-publish","format-standard","has-post-thumbnail","hentry","category-saude","tag-alimentacao","tag-bem-estar","tag-saude-2"],"yoast_head":"<!-- This site is optimized with the Yoast SEO plugin v24.6 - https:\/\/yoast.com\/wordpress\/plugins\/seo\/ -->\n<title>O problema silencioso da tireoide que afeta milh\u00f5es - Correio Braziliense - Radar<\/title>\n<meta name=\"description\" content=\"Doen\u00e7as da tireoide podem passar anos sem diagn\u00f3stico e causar impactos no cora\u00e7\u00e3o, ossos e metabolismo se n\u00e3o tratadas.\" \/>\n<meta name=\"robots\" content=\"index, follow, max-snippet:-1, max-image-preview:large, max-video-preview:-1\" \/>\n<link rel=\"canonical\" href=\"https:\/\/www.correiobraziliense.com.br\/cbradar\/o-problema-silencioso-da-tireoide-que-afeta-milhoes\/\" \/>\n<meta property=\"og:locale\" content=\"pt_BR\" \/>\n<meta property=\"og:type\" content=\"article\" \/>\n<meta property=\"og:title\" content=\"O problema silencioso da tireoide que afeta milh\u00f5es - Correio Braziliense - Radar\" \/>\n<meta property=\"og:description\" content=\"Doen\u00e7as da tireoide podem passar anos sem diagn\u00f3stico e causar impactos no cora\u00e7\u00e3o, ossos e metabolismo se n\u00e3o tratadas.\" \/>\n<meta property=\"og:url\" content=\"https:\/\/www.correiobraziliense.com.br\/cbradar\/o-problema-silencioso-da-tireoide-que-afeta-milhoes\/\" \/>\n<meta property=\"og:site_name\" content=\"Correio Braziliense - Radar\" \/>\n<meta property=\"article:published_time\" content=\"2026-01-10T21:25:00+00:00\" \/>\n<meta property=\"og:image\" content=\"https:\/\/www.correiobraziliense.com.br\/cbradar\/wp-content\/uploads\/2025\/10\/Cancer-na-Tireoide_1759957018751.jpg\" \/>\n\t<meta property=\"og:image:width\" content=\"1280\" \/>\n\t<meta property=\"og:image:height\" content=\"720\" \/>\n\t<meta property=\"og:image:type\" content=\"image\/jpeg\" \/>\n<meta name=\"author\" content=\"guilherme_saude\" \/>\n<meta name=\"twitter:card\" content=\"summary_large_image\" \/>\n<meta name=\"twitter:label1\" content=\"Escrito por\" \/>\n\t<meta name=\"twitter:data1\" content=\"guilherme_saude\" \/>\n\t<meta name=\"twitter:label2\" content=\"Est. tempo de leitura\" \/>\n\t<meta name=\"twitter:data2\" content=\"4 minutos\" \/>\n<!-- \/ Yoast SEO plugin. -->","yoast_head_json":{"title":"O problema silencioso da tireoide que afeta milh\u00f5es - Correio Braziliense - Radar","description":"Doen\u00e7as da tireoide podem passar anos sem diagn\u00f3stico e causar impactos no cora\u00e7\u00e3o, ossos e metabolismo se n\u00e3o tratadas.","robots":{"index":"index","follow":"follow","max-snippet":"max-snippet:-1","max-image-preview":"max-image-preview:large","max-video-preview":"max-video-preview:-1"},"canonical":"https:\/\/www.correiobraziliense.com.br\/cbradar\/o-problema-silencioso-da-tireoide-que-afeta-milhoes\/","og_locale":"pt_BR","og_type":"article","og_title":"O problema silencioso da tireoide que afeta milh\u00f5es - Correio Braziliense - Radar","og_description":"Doen\u00e7as da tireoide podem passar anos sem diagn\u00f3stico e causar impactos no cora\u00e7\u00e3o, ossos e metabolismo se n\u00e3o tratadas.","og_url":"https:\/\/www.correiobraziliense.com.br\/cbradar\/o-problema-silencioso-da-tireoide-que-afeta-milhoes\/","og_site_name":"Correio Braziliense - Radar","article_published_time":"2026-01-10T21:25:00+00:00","og_image":[{"width":1280,"height":720,"url":"https:\/\/www.correiobraziliense.com.br\/cbradar\/wp-content\/uploads\/2025\/10\/Cancer-na-Tireoide_1759957018751.jpg","type":"image\/jpeg"}],"author":"guilherme_saude","twitter_card":"summary_large_image","twitter_misc":{"Escrito por":"guilherme_saude","Est. tempo de leitura":"4 minutos"},"schema":{"@context":"https:\/\/schema.org","@graph":[{"@type":"WebPage","@id":"https:\/\/www.correiobraziliense.com.br\/cbradar\/o-problema-silencioso-da-tireoide-que-afeta-milhoes\/","url":"https:\/\/www.correiobraziliense.com.br\/cbradar\/o-problema-silencioso-da-tireoide-que-afeta-milhoes\/","name":"O problema silencioso da tireoide que afeta milh\u00f5es - Correio Braziliense - Radar","isPartOf":{"@id":"https:\/\/www.correiobraziliense.com.br\/cbradar\/#website"},"primaryImageOfPage":{"@id":"https:\/\/www.correiobraziliense.com.br\/cbradar\/o-problema-silencioso-da-tireoide-que-afeta-milhoes\/#primaryimage"},"image":{"@id":"https:\/\/www.correiobraziliense.com.br\/cbradar\/o-problema-silencioso-da-tireoide-que-afeta-milhoes\/#primaryimage"},"thumbnailUrl":"https:\/\/www.correiobraziliense.com.br\/cbradar\/wp-content\/uploads\/2025\/10\/Cancer-na-Tireoide_1759957018751.jpg","datePublished":"2026-01-10T21:25:00+00:00","author":{"@id":"https:\/\/www.correiobraziliense.com.br\/cbradar\/#\/schema\/person\/5aa4bf3c8fa699c267933611de12978b"},"description":"Doen\u00e7as da tireoide podem passar anos sem diagn\u00f3stico e causar impactos no cora\u00e7\u00e3o, ossos e metabolismo se n\u00e3o tratadas.","breadcrumb":{"@id":"https:\/\/www.correiobraziliense.com.br\/cbradar\/o-problema-silencioso-da-tireoide-que-afeta-milhoes\/#breadcrumb"},"inLanguage":"pt-BR","potentialAction":[{"@type":"ReadAction","target":["https:\/\/www.correiobraziliense.com.br\/cbradar\/o-problema-silencioso-da-tireoide-que-afeta-milhoes\/"]}]},{"@type":"ImageObject","inLanguage":"pt-BR","@id":"https:\/\/www.correiobraziliense.com.br\/cbradar\/o-problema-silencioso-da-tireoide-que-afeta-milhoes\/#primaryimage","url":"https:\/\/www.correiobraziliense.com.br\/cbradar\/wp-content\/uploads\/2025\/10\/Cancer-na-Tireoide_1759957018751.jpg","contentUrl":"https:\/\/www.correiobraziliense.com.br\/cbradar\/wp-content\/uploads\/2025\/10\/Cancer-na-Tireoide_1759957018751.jpg","width":1280,"height":720,"caption":"C\u00e2ncer na Tireoide - Cr\u00e9ditos: depositphotos.com \/ Tharakorn"},{"@type":"BreadcrumbList","@id":"https:\/\/www.correiobraziliense.com.br\/cbradar\/o-problema-silencioso-da-tireoide-que-afeta-milhoes\/#breadcrumb","itemListElement":[{"@type":"ListItem","position":1,"name":"In\u00edcio","item":"https:\/\/www.correiobraziliense.com.br\/cbradar\/"},{"@type":"ListItem","position":2,"name":"O problema silencioso da tireoide que afeta milh\u00f5es"}]},{"@type":"WebSite","@id":"https:\/\/www.correiobraziliense.com.br\/cbradar\/#website","url":"https:\/\/www.correiobraziliense.com.br\/cbradar\/","name":"Correio Braziliense - Radar","description":"Acompanhe as \u00faltimas not\u00edcias e fique bem informado sobre tudo o que acontece no Brasil e no mundo.","potentialAction":[{"@type":"SearchAction","target":{"@type":"EntryPoint","urlTemplate":"https:\/\/www.correiobraziliense.com.br\/cbradar\/?s={search_term_string}"},"query-input":{"@type":"PropertyValueSpecification","valueRequired":true,"valueName":"search_term_string"}}],"inLanguage":"pt-BR"},{"@type":"Person","@id":"https:\/\/www.correiobraziliense.com.br\/cbradar\/#\/schema\/person\/5aa4bf3c8fa699c267933611de12978b","name":"guilherme_saude","image":{"@type":"ImageObject","inLanguage":"pt-BR","@id":"https:\/\/www.correiobraziliense.com.br\/cbradar\/#\/schema\/person\/image\/","url":"https:\/\/secure.gravatar.com\/avatar\/df9adfb835d344bc0af109d41756253f?s=96&d=mm&r=g","contentUrl":"https:\/\/secure.gravatar.com\/avatar\/df9adfb835d344bc0af109d41756253f?s=96&d=mm&r=g","caption":"guilherme_saude"},"url":"https:\/\/www.correiobraziliense.com.br\/cbradar\/author\/guilherme_saude\/"}]}},"_links":{"self":[{"href":"https:\/\/www.correiobraziliense.com.br\/cbradar\/wp-json\/wp\/v2\/posts\/171897","targetHints":{"allow":["GET"]}}],"collection":[{"href":"https:\/\/www.correiobraziliense.com.br\/cbradar\/wp-json\/wp\/v2\/posts"}],"about":[{"href":"https:\/\/www.correiobraziliense.com.br\/cbradar\/wp-json\/wp\/v2\/types\/post"}],"author":[{"embeddable":true,"href":"https:\/\/www.correiobraziliense.com.br\/cbradar\/wp-json\/wp\/v2\/users\/14"}],"replies":[{"embeddable":true,"href":"https:\/\/www.correiobraziliense.com.br\/cbradar\/wp-json\/wp\/v2\/comments?post=171897"}],"version-history":[{"count":1,"href":"https:\/\/www.correiobraziliense.com.br\/cbradar\/wp-json\/wp\/v2\/posts\/171897\/revisions"}],"predecessor-version":[{"id":171901,"href":"https:\/\/www.correiobraziliense.com.br\/cbradar\/wp-json\/wp\/v2\/posts\/171897\/revisions\/171901"}],"wp:featuredmedia":[{"embeddable":true,"href":"https:\/\/www.correiobraziliense.com.br\/cbradar\/wp-json\/wp\/v2\/media\/116197"}],"wp:attachment":[{"href":"https:\/\/www.correiobraziliense.com.br\/cbradar\/wp-json\/wp\/v2\/media?parent=171897"}],"wp:term":[{"taxonomy":"category","embeddable":true,"href":"https:\/\/www.correiobraziliense.com.br\/cbradar\/wp-json\/wp\/v2\/categories?post=171897"},{"taxonomy":"post_tag","embeddable":true,"href":"https:\/\/www.correiobraziliense.com.br\/cbradar\/wp-json\/wp\/v2\/tags?post=171897"}],"curies":[{"name":"wp","href":"https:\/\/api.w.org\/{rel}","templated":true}]}}