{"id":171934,"date":"2026-01-11T10:25:00","date_gmt":"2026-01-11T13:25:00","guid":{"rendered":"https:\/\/www.correiobraziliense.com.br\/cbradar\/?p=171934"},"modified":"2026-01-11T07:52:27","modified_gmt":"2026-01-11T10:52:27","slug":"a-ilha-do-nordeste-onde-so-se-chega-de-barco-que-preserva-praias-intocadas-que-poucos-conhecem","status":"publish","type":"post","link":"https:\/\/www.correiobraziliense.com.br\/cbradar\/a-ilha-do-nordeste-onde-so-se-chega-de-barco-que-preserva-praias-intocadas-que-poucos-conhecem\/","title":{"rendered":"A ilha do Nordeste onde s\u00f3 se chega de barco que preserva praias intocadas que poucos conhecem"},"content":{"rendered":"\n<p>O distrito de <strong>Morro de S\u00e3o Paulo<\/strong>, situado na <strong>Ilha de Tinhar\u00e9<\/strong> no munic\u00edpio de <strong>Cairu<\/strong>, consolida-se como um dos destinos sem carros mais exclusivos do <strong>Brasil<\/strong>. O <strong>morretense<\/strong> e os visitantes desfrutam de um ecossistema onde o transporte motorizado \u00e9 proibido, permitindo que a natureza e a arquitetura colonial ditem o ritmo do cotidiano. Esta localiza\u00e7\u00e3o estrat\u00e9gica na <strong>Costa do Dend\u00ea<\/strong> combina praias de \u00e1guas mornas com uma infraestrutura de lazer cosmopolita que atrai o turismo internacional em 2026.<\/p>\n\n\n\n<h2 class=\"wp-block-heading\">Como \u00e9 a experi\u00eancia de viver em uma ilha sem autom\u00f3veis?<\/h2>\n\n\n\n<p>Viver em <strong>Morro de S\u00e3o Paulo<\/strong> significa habitar um cen\u00e1rio onde as ruas s\u00e3o pavimentadas com areia e pedras, exigindo que todo o fluxo de mercadorias e bagagens ocorra via carregadores em carrinhos de m\u00e3o. Um detalhe que define a rotina local \u00e9 a divis\u00e3o das praias por ordem num\u00e9rica, facilitando a navega\u00e7\u00e3o geogr\u00e1fica entre o agito da <strong>Segunda Praia<\/strong> e o isolamento da <strong>Quarta Praia<\/strong>.<\/p>\n\n\n\n<p>A tranquilidade de resid\u00eancias situadas no <strong>Alto do Morro<\/strong> ou a sofistica\u00e7\u00e3o das vilas na <strong>Quinta Praia<\/strong> oferecem uma qualidade de vida focada na desconex\u00e3o e no bem-estar marinho. A vila oferece uma rede de servi\u00e7os que integra gastronomia mediterr\u00e2nea e baiana, mantendo a seguran\u00e7a p\u00fablica natural proporcionada pelo controle rigoroso de acesso via catamar\u00e3s ou t\u00e1xis a\u00e9reos.<\/p>\n\n\n<div class=\"wp-block-image\">\n<figure class=\"aligncenter size-large\"><img decoding=\"async\" width=\"1024\" height=\"576\" src=\"https:\/\/www.correiobraziliense.com.br\/cbradar\/wp-content\/uploads\/2025\/12\/G-2025-12-03T230231.520-1024x576.png\" alt=\"A ilha do Nordeste onde s\u00f3 se chega de barco que preserva praias intocadas que poucos conhecem\" class=\"wp-image-149666\" srcset=\"https:\/\/www.correiobraziliense.com.br\/cbradar\/wp-content\/uploads\/2025\/12\/G-2025-12-03T230231.520-1024x576.png 1024w, https:\/\/www.correiobraziliense.com.br\/cbradar\/wp-content\/uploads\/2025\/12\/G-2025-12-03T230231.520-300x169.png 300w, https:\/\/www.correiobraziliense.com.br\/cbradar\/wp-content\/uploads\/2025\/12\/G-2025-12-03T230231.520-768x432.png 768w, https:\/\/www.correiobraziliense.com.br\/cbradar\/wp-content\/uploads\/2025\/12\/G-2025-12-03T230231.520-750x422.png 750w, https:\/\/www.correiobraziliense.com.br\/cbradar\/wp-content\/uploads\/2025\/12\/G-2025-12-03T230231.520-1140x641.png 1140w, https:\/\/www.correiobraziliense.com.br\/cbradar\/wp-content\/uploads\/2025\/12\/G-2025-12-03T230231.520.png 1280w\" sizes=\"(max-width: 1024px) 100vw, 1024px\" \/><figcaption class=\"wp-element-caption\">Viva a magia do Morro de S\u00e3o Paulo, onde praias de \u00e1guas cristalinas e pores do sol incr\u00edveis criam um ref\u00fagio tropical inesquec\u00edvel. \/\/ Cr\u00e9ditos: Wikipedia<\/figcaption><\/figure><\/div>\n\n\n<h2 class=\"wp-block-heading\">Por que o local det\u00e9m o t\u00edtulo de Ouro na hist\u00f3ria naval?<\/h2>\n\n\n\n<p>A localidade det\u00e9m o recorde de import\u00e2ncia defensiva no <strong>Brasil Col\u00f4nia<\/strong> devido \u00e0 <strong>Fortaleza do Tapirandu<\/strong>, cujas muralhas se estendem por quase mil metros \u00e0 beira-mar. Segundo o <strong>IPHAN<\/strong> (<strong>Instituto do Patrim\u00f4nio Hist\u00f3rico e Art\u00edstico Nacional<\/strong>), este complexo militar foi vital para proteger a <strong>Ba\u00eda de Todos os Santos<\/strong> contra invas\u00f5es holandesas e inglesas no s\u00e9culo XVII.<\/p>\n\n\n\n<p>O sucesso deste polo hist\u00f3rico reside na preserva\u00e7\u00e3o do <strong>Farol do Morro<\/strong> e da <strong>Igreja de Nossa Senhora da Luz<\/strong>, que formam um conjunto arquitet\u00f4nico ic\u00f4nico no topo da colina. Essa heran\u00e7a cultural eleva o valor do turismo local, transformando a vila em um centro de preserva\u00e7\u00e3o que une o lazer n\u00e1utico ao conhecimento da forma\u00e7\u00e3o territorial da <strong>Bahia<\/strong>.<\/p>\n\n\n\n<p><strong>Descubra um para\u00edso baiano que combina a vibe da Tail\u00e2ndia com o calor do Nordeste.<\/strong> O v\u00eddeo \u00e9 do canal <strong>Vamos Fugir Blog<\/strong>, que conta com mais de <strong>70 mil inscritos<\/strong>, e detalha como chegar, o que fazer nas cinco praias e dicas de passeios imperd\u00edveis em Morro de S\u00e3o Paulo<strong>.<\/strong><\/p>\n\n\n\n<figure class=\"wp-block-embed aligncenter is-type-video is-provider-youtube wp-block-embed-youtube wp-embed-aspect-16-9 wp-has-aspect-ratio\"><div class=\"wp-block-embed__wrapper\">\n<div class=\"jeg_video_container jeg_video_content\"><iframe loading=\"lazy\" title=\"MORRO DE S\u00c3O PAULO, Bahia (Como ir, o que fazer, praias, melhores passeios) - COM PRE\u00c7OS\" width=\"500\" height=\"281\" src=\"https:\/\/www.youtube.com\/embed\/defcoc1weco?start=333&#038;feature=oembed\" frameborder=\"0\" allow=\"accelerometer; autoplay; clipboard-write; encrypted-media; gyroscope; picture-in-picture; web-share\" referrerpolicy=\"strict-origin-when-cross-origin\" allowfullscreen><\/iframe><\/div>\n<\/div><\/figure>\n\n\n\n<h2 class=\"wp-block-heading\">O que visitar na vila das \u00e1guas turquesas?<\/h2>\n\n\n\n<p>O turismo local \u00e9 movido pela diversidade das praias, sendo a <strong>Primeira Praia<\/strong> famosa pelo surfe e a <strong>Terceira Praia<\/strong> pelo ponto de partida dos passeios de barco para <strong>Boipeba<\/strong>. A descida na tirolesa que parte do <strong>Farol<\/strong> e termina nas \u00e1guas da <strong>Primeira Praia<\/strong> \u00e9 indispens\u00e1vel para quem busca adrenalina com uma vista panor\u00e2mica inigual\u00e1vel.<\/p>\n\n\n\n<p>Al\u00e9m do banho de mar, a observa\u00e7\u00e3o de baleias-jubarte entre os meses de julho e outubro oferece um espet\u00e1culo natural de propor\u00e7\u00f5es monumentais em alto-mar. O entardecer na <strong>Toca do Morcego<\/strong> ou no <strong>Forte<\/strong> completa a jornada, onde o sol se p\u00f5e diretamente no oceano sob o som de m\u00fasica ao vivo e celebra\u00e7\u00f5es espont\u00e2neas.<\/p>\n\n\n\n<p>Abaixo, listamos os pontos de elite que definem a identidade visual e o charme insular desta regi\u00e3o privilegiada do litoral sul baiano.<\/p>\n\n\n\n<ul class=\"wp-block-list\">\n<li><strong>Fortaleza do Tapirandu<\/strong>: Ru\u00ednas hist\u00f3ricas ideais para caminhadas ao p\u00f4r do sol e observa\u00e7\u00e3o frequente de golfinhos no canal.<\/li>\n\n\n\n<li><strong>Quarta Praia<\/strong>: Extens\u00e3o de quatro km de areia branca com piscinas naturais formadas por imensos recifes de corais.<\/li>\n\n\n\n<li><strong>Farol do Morro<\/strong>: Ponto mais alto da ilha que oferece a vis\u00e3o geogr\u00e1fica completa do arquip\u00e9lago de <strong>Tinhar\u00e9<\/strong>.<\/li>\n\n\n\n<li><strong>Ilha da Saudade<\/strong>: Pequena pen\u00ednsula arborizada que divide a <strong>Segunda<\/strong> e a <strong>Terceira Praia<\/strong>, \u00edcone das fotos tur\u00edsticas.<\/li>\n\n\n\n<li><strong>Garapu\u00e1<\/strong>: Enseada vizinha com formato de ferradura e \u00e1guas extremamente cristalinas, acess\u00edvel via trilha ou barco.<\/li>\n<\/ul>\n\n\n<div class=\"wp-block-image\">\n<figure class=\"aligncenter size-large\"><img decoding=\"async\" width=\"1024\" height=\"576\" src=\"https:\/\/www.correiobraziliense.com.br\/cbradar\/wp-content\/uploads\/2025\/12\/G-2025-12-10T221938.598-1024x576.png\" alt=\"A ilha do Nordeste onde s\u00f3 se chega de barco que preserva praias intocadas que poucos conhecem\" class=\"wp-image-154189\" srcset=\"https:\/\/www.correiobraziliense.com.br\/cbradar\/wp-content\/uploads\/2025\/12\/G-2025-12-10T221938.598-1024x576.png 1024w, https:\/\/www.correiobraziliense.com.br\/cbradar\/wp-content\/uploads\/2025\/12\/G-2025-12-10T221938.598-300x169.png 300w, https:\/\/www.correiobraziliense.com.br\/cbradar\/wp-content\/uploads\/2025\/12\/G-2025-12-10T221938.598-768x432.png 768w, https:\/\/www.correiobraziliense.com.br\/cbradar\/wp-content\/uploads\/2025\/12\/G-2025-12-10T221938.598-750x422.png 750w, https:\/\/www.correiobraziliense.com.br\/cbradar\/wp-content\/uploads\/2025\/12\/G-2025-12-10T221938.598-1140x641.png 1140w, https:\/\/www.correiobraziliense.com.br\/cbradar\/wp-content\/uploads\/2025\/12\/G-2025-12-10T221938.598.png 1280w\" sizes=\"(max-width: 1024px) 100vw, 1024px\" \/><figcaption class=\"wp-element-caption\">Vista a\u00e9rea de Morro de S\u00e3o Paulo BA com mar azul, vilarejo charmoso e praias numeradas ao longo da ilha. \/\/ Cr\u00e9ditos: Wikipedia<\/figcaption><\/figure><\/div>\n\n\n<p><strong>Leia tamb\u00e9m: <a href=\"https:\/\/www.correiobraziliense.com.br\/cbradar\/o-que-significa-o-aparecimento-de-cupim-nos-moveis-de-casa\/\" target=\"_blank\" rel=\"noreferrer noopener\">O que significa o aparecimento de cupim nos m\u00f3veis de casa?<\/a><\/strong><\/p>\n\n\n\n<h2 class=\"wp-block-heading\">Qual \u00e9 o perfil clim\u00e1tico da regi\u00e3o?<\/h2>\n\n\n\n<p><strong>O clima \u00e9 classificado como tropical \u00famido, apresentando sol constante e chuvas passageiras que n\u00e3o comprometem o lazer ao ar livre na maior parte do ano.<\/strong> A altitude m\u00e9dia de 35 metros no topo do morro garante uma ventila\u00e7\u00e3o constante que dispersa o calor, mantendo a temperatura sempre agrad\u00e1vel para caminhadas.<\/p>\n\n\n\n<p>Os meses entre setembro e mar\u00e7o s\u00e3o marcados por \u00e1guas mais calmas e transparentes, condi\u00e7\u00e3o perfeita para o mergulho de observa\u00e7\u00e3o nos recifes. A umidade vinda do oceano mant\u00e9m a vegeta\u00e7\u00e3o de <strong>Mata Atl\u00e2ntica<\/strong> sempre vi\u00e7osa, criando um contraste vibrante entre o verde das encostas e o azul do mar da <strong>Bahia<\/strong>.<\/p>\n\n\n\n<p>A tabela a seguir apresenta as m\u00e9dias meteorol\u00f3gicas e o que esperar de cada temporada baseada em dados do <strong><a href=\"https:\/\/www.climatempo.com.br\/previsao-do-tempo\/cidade\/3140\/morrodesaopaulo-ba\" target=\"_blank\" rel=\"noreferrer noopener\">Climatempo<\/a><\/strong>.<\/p>\n\n\n\n<figure class=\"wp-block-table\"><table class=\"has-fixed-layout\"><tbody><tr><td>Esta\u00e7\u00e3o\/Meses<\/td><td>Temperatura<\/td><td>O que esperar<\/td><\/tr><tr><td>Ver\u00e3o (Dez-Mar)<\/td><td>25\u00b0C a 31\u00b0C<\/td><td>Sol intenso, vida noturna agitada e mar muito calmo<\/td><\/tr><tr><td>Outono (Abr-Jun)<\/td><td>23\u00b0C a 29\u00b0C<\/td><td>Pancadas de chuva frequentes e renova\u00e7\u00e3o da vegeta\u00e7\u00e3o<\/td><\/tr><tr><td>Inverno (Jul-Set)<\/td><td>21\u00b0C a 27\u00b0C<\/td><td>Ventos al\u00edsios e temporada de observa\u00e7\u00e3o das baleias<\/td><\/tr><tr><td>Primavera (Out-Nov)<\/td><td>23\u00b0C a 29\u00b0C<\/td><td>Retorno do tempo seco e mar\u00e9 ideal para as piscinas<\/td><\/tr><\/tbody><\/table><\/figure>\n\n\n<div class=\"wp-block-image\">\n<figure class=\"aligncenter size-large\"><img decoding=\"async\" width=\"1024\" height=\"576\" src=\"https:\/\/www.correiobraziliense.com.br\/cbradar\/wp-content\/uploads\/2025\/12\/G-2025-12-10T222021.453-1024x576.png\" alt=\"A ilha do Nordeste onde o tempo desacelera e cada praia revela uma experi\u00eancia diferente\" class=\"wp-image-154187\" srcset=\"https:\/\/www.correiobraziliense.com.br\/cbradar\/wp-content\/uploads\/2025\/12\/G-2025-12-10T222021.453-1024x576.png 1024w, https:\/\/www.correiobraziliense.com.br\/cbradar\/wp-content\/uploads\/2025\/12\/G-2025-12-10T222021.453-300x169.png 300w, https:\/\/www.correiobraziliense.com.br\/cbradar\/wp-content\/uploads\/2025\/12\/G-2025-12-10T222021.453-768x432.png 768w, https:\/\/www.correiobraziliense.com.br\/cbradar\/wp-content\/uploads\/2025\/12\/G-2025-12-10T222021.453-750x422.png 750w, https:\/\/www.correiobraziliense.com.br\/cbradar\/wp-content\/uploads\/2025\/12\/G-2025-12-10T222021.453-1140x641.png 1140w, https:\/\/www.correiobraziliense.com.br\/cbradar\/wp-content\/uploads\/2025\/12\/G-2025-12-10T222021.453.png 1280w\" sizes=\"(max-width: 1024px) 100vw, 1024px\" \/><figcaption class=\"wp-element-caption\">Morro de S\u00e3o Paulo volta aos holofotes como um dos destinos mais procurados da Bahia, com alta ocupa\u00e7\u00e3o hoteleira anual. \/\/ Cr\u00e9ditos: Wikip\u00e9dia<\/figcaption><\/figure><\/div>\n\n\n<h2 class=\"wp-block-heading\">Vantagens competitivas de Morro de S\u00e3o Paulo<\/h2>\n\n\n\n<p><strong>A decis\u00e3o de visitar ou investir nesta joia da Bahia fundamenta-se na exclusividade de um local que eliminou a polui\u00e7\u00e3o sonora e atmosf\u00e9rica dos ve\u00edculos.<\/strong> A conectividade atrav\u00e9s do <strong>Aeroporto de Salvador \u2014 Deputado Lu\u00eds Eduardo Magalh\u00e3es<\/strong> facilita o acesso r\u00e1pido via t\u00e1xi a\u00e9reo em apenas 20 minutos.<\/p>\n\n\n\n<ul class=\"wp-block-list\">\n<li><strong>Mobilidade Sustent\u00e1vel<\/strong>: Conceito \u00fanico de vila para pedestres que eleva o valor do sil\u00eancio e da seguran\u00e7a infantil.<\/li>\n\n\n\n<li><strong>Gastronomia de Fus\u00e3o<\/strong>: Alta concentra\u00e7\u00e3o de chefs europeus e locais que criam menus exclusivos com frutos-do-mar frescos.<\/li>\n\n\n\n<li><strong>Investimento Resiliente<\/strong>: Mercado imobili\u00e1rio de luxo com alta taxa de ocupa\u00e7\u00e3o em todas as esta\u00e7\u00f5es do ano.<\/li>\n<\/ul>\n\n\n\n<p>Voc\u00ea precisa conhecer este destino que prova ser poss\u00edvel viver em um para\u00edso isolado sem prescindir do conforto cosmopolita. Venha visitar <strong>Morro de S\u00e3o Paulo<\/strong> e sinta a liberdade de caminhar descal\u00e7o por uma das ilhas mais bonitas do planeta.<\/p>\n","protected":false},"excerpt":{"rendered":"<p>O distrito de Morro de S\u00e3o Paulo, situado na Ilha de Tinhar\u00e9 no munic\u00edpio de Cairu, consolida-se como um dos destinos sem carros mais exclusivos do Brasil. O morretense e os visitantes desfrutam de um ecossistema onde o transporte motorizado \u00e9 proibido, permitindo que a natureza e a arquitetura colonial ditem o ritmo do cotidiano. [&hellip;]<\/p>\n","protected":false},"author":8,"featured_media":154190,"comment_status":"open","ping_status":"open","sticky":false,"template":"","format":"standard","meta":{"_yoast_wpseo_focuskw":"Ilha do Nordeste","_yoast_wpseo_title":"","_yoast_wpseo_metadesc":"Ilha do Nordeste com acesso apenas por barco preserva praias naturais onde poucos visitantes conseguem chegar.","jnews-multi-image_gallery":[],"jnews_single_post":{"format":"standard"},"jnews_primary_category":[],"jnews_social_meta":[],"jnews_override_counter":[],"footnotes":""},"categories":[108,111],"post_tag":[225,12587,632],"class_list":["post-171934","post","type-post","status-publish","format-standard","has-post-thumbnail","hentry","category-cidades","category-turismo","tag-brasil","tag-morro-de-sao-paulo","tag-nordeste"],"yoast_head":"<!-- This site is optimized with the Yoast SEO plugin v24.6 - https:\/\/yoast.com\/wordpress\/plugins\/seo\/ -->\n<title>A ilha do Nordeste onde s\u00f3 se chega de barco que preserva praias intocadas que poucos conhecem - Correio Braziliense - Radar<\/title>\n<meta name=\"description\" content=\"Ilha do Nordeste com acesso apenas por barco preserva praias naturais onde poucos visitantes conseguem chegar.\" \/>\n<meta name=\"robots\" content=\"index, follow, max-snippet:-1, max-image-preview:large, max-video-preview:-1\" \/>\n<link rel=\"canonical\" href=\"https:\/\/www.correiobraziliense.com.br\/cbradar\/a-ilha-do-nordeste-onde-so-se-chega-de-barco-que-preserva-praias-intocadas-que-poucos-conhecem\/\" \/>\n<meta property=\"og:locale\" content=\"pt_BR\" \/>\n<meta property=\"og:type\" content=\"article\" \/>\n<meta property=\"og:title\" content=\"A ilha do Nordeste onde s\u00f3 se chega de barco que preserva praias intocadas que poucos conhecem - Correio Braziliense - Radar\" \/>\n<meta property=\"og:description\" content=\"Ilha do Nordeste com acesso apenas por barco preserva praias naturais onde poucos visitantes conseguem chegar.\" \/>\n<meta property=\"og:url\" content=\"https:\/\/www.correiobraziliense.com.br\/cbradar\/a-ilha-do-nordeste-onde-so-se-chega-de-barco-que-preserva-praias-intocadas-que-poucos-conhecem\/\" \/>\n<meta property=\"og:site_name\" content=\"Correio Braziliense - Radar\" \/>\n<meta property=\"article:published_time\" content=\"2026-01-11T13:25:00+00:00\" \/>\n<meta property=\"og:image\" content=\"https:\/\/www.correiobraziliense.com.br\/cbradar\/wp-content\/uploads\/2025\/12\/G-2025-12-10T221928.830.png\" \/>\n\t<meta property=\"og:image:width\" content=\"1280\" \/>\n\t<meta property=\"og:image:height\" content=\"720\" \/>\n\t<meta property=\"og:image:type\" content=\"image\/png\" \/>\n<meta name=\"author\" content=\"Maura Pereira\" \/>\n<meta name=\"twitter:card\" content=\"summary_large_image\" \/>\n<meta name=\"twitter:label1\" content=\"Escrito por\" \/>\n\t<meta name=\"twitter:data1\" content=\"Maura Pereira\" \/>\n\t<meta name=\"twitter:label2\" content=\"Est. tempo de leitura\" \/>\n\t<meta name=\"twitter:data2\" content=\"7 minutos\" \/>\n<!-- \/ Yoast SEO plugin. -->","yoast_head_json":{"title":"A ilha do Nordeste onde s\u00f3 se chega de barco que preserva praias intocadas que poucos conhecem - Correio Braziliense - Radar","description":"Ilha do Nordeste com acesso apenas por barco preserva praias naturais onde poucos visitantes conseguem chegar.","robots":{"index":"index","follow":"follow","max-snippet":"max-snippet:-1","max-image-preview":"max-image-preview:large","max-video-preview":"max-video-preview:-1"},"canonical":"https:\/\/www.correiobraziliense.com.br\/cbradar\/a-ilha-do-nordeste-onde-so-se-chega-de-barco-que-preserva-praias-intocadas-que-poucos-conhecem\/","og_locale":"pt_BR","og_type":"article","og_title":"A ilha do Nordeste onde s\u00f3 se chega de barco que preserva praias intocadas que poucos conhecem - Correio Braziliense - Radar","og_description":"Ilha do Nordeste com acesso apenas por barco preserva praias naturais onde poucos visitantes conseguem chegar.","og_url":"https:\/\/www.correiobraziliense.com.br\/cbradar\/a-ilha-do-nordeste-onde-so-se-chega-de-barco-que-preserva-praias-intocadas-que-poucos-conhecem\/","og_site_name":"Correio Braziliense - Radar","article_published_time":"2026-01-11T13:25:00+00:00","og_image":[{"width":1280,"height":720,"url":"https:\/\/www.correiobraziliense.com.br\/cbradar\/wp-content\/uploads\/2025\/12\/G-2025-12-10T221928.830.png","type":"image\/png"}],"author":"Maura Pereira","twitter_card":"summary_large_image","twitter_misc":{"Escrito por":"Maura Pereira","Est. tempo de leitura":"7 minutos"},"schema":{"@context":"https:\/\/schema.org","@graph":[{"@type":"WebPage","@id":"https:\/\/www.correiobraziliense.com.br\/cbradar\/a-ilha-do-nordeste-onde-so-se-chega-de-barco-que-preserva-praias-intocadas-que-poucos-conhecem\/","url":"https:\/\/www.correiobraziliense.com.br\/cbradar\/a-ilha-do-nordeste-onde-so-se-chega-de-barco-que-preserva-praias-intocadas-que-poucos-conhecem\/","name":"A ilha do Nordeste onde s\u00f3 se chega de barco que preserva praias intocadas que poucos conhecem - Correio Braziliense - Radar","isPartOf":{"@id":"https:\/\/www.correiobraziliense.com.br\/cbradar\/#website"},"primaryImageOfPage":{"@id":"https:\/\/www.correiobraziliense.com.br\/cbradar\/a-ilha-do-nordeste-onde-so-se-chega-de-barco-que-preserva-praias-intocadas-que-poucos-conhecem\/#primaryimage"},"image":{"@id":"https:\/\/www.correiobraziliense.com.br\/cbradar\/a-ilha-do-nordeste-onde-so-se-chega-de-barco-que-preserva-praias-intocadas-que-poucos-conhecem\/#primaryimage"},"thumbnailUrl":"https:\/\/www.correiobraziliense.com.br\/cbradar\/wp-content\/uploads\/2025\/12\/G-2025-12-10T221928.830.png","datePublished":"2026-01-11T13:25:00+00:00","author":{"@id":"https:\/\/www.correiobraziliense.com.br\/cbradar\/#\/schema\/person\/4053c651a9bfc785afc6f4cbc9032fd3"},"description":"Ilha do Nordeste com acesso apenas por barco preserva praias naturais onde poucos visitantes conseguem chegar.","breadcrumb":{"@id":"https:\/\/www.correiobraziliense.com.br\/cbradar\/a-ilha-do-nordeste-onde-so-se-chega-de-barco-que-preserva-praias-intocadas-que-poucos-conhecem\/#breadcrumb"},"inLanguage":"pt-BR","potentialAction":[{"@type":"ReadAction","target":["https:\/\/www.correiobraziliense.com.br\/cbradar\/a-ilha-do-nordeste-onde-so-se-chega-de-barco-que-preserva-praias-intocadas-que-poucos-conhecem\/"]}]},{"@type":"ImageObject","inLanguage":"pt-BR","@id":"https:\/\/www.correiobraziliense.com.br\/cbradar\/a-ilha-do-nordeste-onde-so-se-chega-de-barco-que-preserva-praias-intocadas-que-poucos-conhecem\/#primaryimage","url":"https:\/\/www.correiobraziliense.com.br\/cbradar\/wp-content\/uploads\/2025\/12\/G-2025-12-10T221928.830.png","contentUrl":"https:\/\/www.correiobraziliense.com.br\/cbradar\/wp-content\/uploads\/2025\/12\/G-2025-12-10T221928.830.png","width":1280,"height":720,"caption":"Morro de S\u00e3o Paulo \u00e9 ref\u00fagio baiano perfeito para relaxar, curtir festas na Segunda Praia e pores do sol marcantes. \/\/ Cr\u00e9ditos: Wikip\u00e9dia"},{"@type":"BreadcrumbList","@id":"https:\/\/www.correiobraziliense.com.br\/cbradar\/a-ilha-do-nordeste-onde-so-se-chega-de-barco-que-preserva-praias-intocadas-que-poucos-conhecem\/#breadcrumb","itemListElement":[{"@type":"ListItem","position":1,"name":"In\u00edcio","item":"https:\/\/www.correiobraziliense.com.br\/cbradar\/"},{"@type":"ListItem","position":2,"name":"A ilha do Nordeste onde s\u00f3 se chega de barco que preserva praias intocadas que poucos conhecem"}]},{"@type":"WebSite","@id":"https:\/\/www.correiobraziliense.com.br\/cbradar\/#website","url":"https:\/\/www.correiobraziliense.com.br\/cbradar\/","name":"Correio Braziliense - Radar","description":"Acompanhe as \u00faltimas not\u00edcias e fique bem informado sobre tudo o que acontece no Brasil e no mundo.","potentialAction":[{"@type":"SearchAction","target":{"@type":"EntryPoint","urlTemplate":"https:\/\/www.correiobraziliense.com.br\/cbradar\/?s={search_term_string}"},"query-input":{"@type":"PropertyValueSpecification","valueRequired":true,"valueName":"search_term_string"}}],"inLanguage":"pt-BR"},{"@type":"Person","@id":"https:\/\/www.correiobraziliense.com.br\/cbradar\/#\/schema\/person\/4053c651a9bfc785afc6f4cbc9032fd3","name":"Maura Pereira","image":{"@type":"ImageObject","inLanguage":"pt-BR","@id":"https:\/\/www.correiobraziliense.com.br\/cbradar\/#\/schema\/person\/image\/","url":"https:\/\/secure.gravatar.com\/avatar\/3effd6bdadfa447f15089c7f7144eaa6?s=96&d=mm&r=g","contentUrl":"https:\/\/secure.gravatar.com\/avatar\/3effd6bdadfa447f15089c7f7144eaa6?s=96&d=mm&r=g","caption":"Maura Pereira"},"sameAs":["https:\/\/www.correiobraziliense.com.br\/"],"url":"https:\/\/www.correiobraziliense.com.br\/cbradar\/author\/mauramyth\/"}]}},"_links":{"self":[{"href":"https:\/\/www.correiobraziliense.com.br\/cbradar\/wp-json\/wp\/v2\/posts\/171934","targetHints":{"allow":["GET"]}}],"collection":[{"href":"https:\/\/www.correiobraziliense.com.br\/cbradar\/wp-json\/wp\/v2\/posts"}],"about":[{"href":"https:\/\/www.correiobraziliense.com.br\/cbradar\/wp-json\/wp\/v2\/types\/post"}],"author":[{"embeddable":true,"href":"https:\/\/www.correiobraziliense.com.br\/cbradar\/wp-json\/wp\/v2\/users\/8"}],"replies":[{"embeddable":true,"href":"https:\/\/www.correiobraziliense.com.br\/cbradar\/wp-json\/wp\/v2\/comments?post=171934"}],"version-history":[{"count":17,"href":"https:\/\/www.correiobraziliense.com.br\/cbradar\/wp-json\/wp\/v2\/posts\/171934\/revisions"}],"predecessor-version":[{"id":172351,"href":"https:\/\/www.correiobraziliense.com.br\/cbradar\/wp-json\/wp\/v2\/posts\/171934\/revisions\/172351"}],"wp:featuredmedia":[{"embeddable":true,"href":"https:\/\/www.correiobraziliense.com.br\/cbradar\/wp-json\/wp\/v2\/media\/154190"}],"wp:attachment":[{"href":"https:\/\/www.correiobraziliense.com.br\/cbradar\/wp-json\/wp\/v2\/media?parent=171934"}],"wp:term":[{"taxonomy":"category","embeddable":true,"href":"https:\/\/www.correiobraziliense.com.br\/cbradar\/wp-json\/wp\/v2\/categories?post=171934"},{"taxonomy":"post_tag","embeddable":true,"href":"https:\/\/www.correiobraziliense.com.br\/cbradar\/wp-json\/wp\/v2\/post_tag?post=171934"}],"curies":[{"name":"wp","href":"https:\/\/api.w.org\/{rel}","templated":true}]}}