{"id":171994,"date":"2026-01-14T09:45:00","date_gmt":"2026-01-14T12:45:00","guid":{"rendered":"https:\/\/www.correiobraziliense.com.br\/cbradar\/?p=171994"},"modified":"2026-01-13T13:52:11","modified_gmt":"2026-01-13T16:52:11","slug":"o-que-a-psicologia-diz-sobre-as-pessoas-que-amam-ficar-sozinhas","status":"publish","type":"post","link":"https:\/\/www.correiobraziliense.com.br\/cbradar\/o-que-a-psicologia-diz-sobre-as-pessoas-que-amam-ficar-sozinhas\/","title":{"rendered":"O que a Psicologia diz sobre as pessoas que amam ficar sozinhas"},"content":{"rendered":"\n<p>Ficar sozinho costuma ser associado \u00e0 falta de companhia ou a momentos de tristeza. No entanto, para muitas pessoas, a solid\u00e3o escolhida \u00e9 um estado desejado e confort\u00e1vel, inclusive em datas que costumam ser vividas em grupo, como Natal, Ano-Novo, feriados prolongados ou fins de semana. Nesses casos, apreciar o tempo a s\u00f3s n\u00e3o est\u00e1 ligado a isolamento social, timidez ou dificuldade de relacionamento, mas a uma forma diferente de funcionamento mental, baseada em uma <strong>cogni\u00e7\u00e3o introspectiva<\/strong> ativa e produtiva.<\/p>\n\n\n\n<h2 class=\"wp-block-heading\">O que \u00e9 cogni\u00e7\u00e3o introspectiva e qual \u00e9 sua import\u00e2ncia<\/h2>\n\n\n\n<p>A palavra-chave <strong>cogni\u00e7\u00e3o introspectiva<\/strong> descreve um tipo de funcionamento mental em que o indiv\u00edduo tende a voltar a aten\u00e7\u00e3o para dentro: pensamentos, reflex\u00f5es, mem\u00f3rias, hip\u00f3teses e an\u00e1lises. O c\u00e9rebro encontra prazer em <strong>racioc\u00ednio profundo<\/strong> e em per\u00edodos de concentra\u00e7\u00e3o prolongada, em vez de depender de conversas frequentes ou de ambientes cheios de movimento, como mostra a pesquisa<a href=\"https:\/\/psycnet.apa.org\/record\/2020-03328-001\" target=\"_blank\" rel=\"noreferrer noopener\"> &#8220;Predicting psychological and subjective well-being from personality: A meta-analysis&#8221;<\/a>.<\/p>\n\n\n\n<p>Do ponto de vista neuropsicol\u00f3gico, essa forma de pensar est\u00e1 relacionada ao modo como o c\u00e9rebro regula a <strong>dopamina<\/strong>, neurotransmissor ligado \u00e0 motiva\u00e7\u00e3o e \u00e0 sensa\u00e7\u00e3o de recompensa. Algumas pessoas sentem esse \u201crefor\u00e7o\u201d em intera\u00e7\u00f5es sociais intensas; outras o obt\u00eam ao mergulhar em tarefas cognitivas exigentes, como <strong>resolver problemas complexos<\/strong>, planejar projetos ou simplesmente refletir sem interrup\u00e7\u00f5es.<\/p>\n\n\n\n<h2 class=\"wp-block-heading\">Por que algumas pessoas preferem a solid\u00e3o produtiva<\/h2>\n\n\n\n<p>Pessoas com <strong>cogni\u00e7\u00e3o introspectiva intensa<\/strong> costumam se cansar rapidamente de ambientes muito cheios, barulhentos ou repletos de pequenas distra\u00e7\u00f5es. Uma sala movimentada, muitos di\u00e1logos superficiais ou notifica\u00e7\u00f5es constantes podem ser percebidos como excesso de est\u00edmulo, enquanto um desafio intelectual tende a ser energizante e restaurador.<\/p>\n\n\n\n<p>Nessa l\u00f3gica, n\u00e3o se trata de rejeitar o contato com os outros, mas de <strong>proteger o foco<\/strong> e reduzir a fragmenta\u00e7\u00e3o da aten\u00e7\u00e3o. Ao diminuir interrup\u00e7\u00f5es, a mente ganha espa\u00e7o para organizar ideias, identificar padr\u00f5es e avan\u00e7ar em tarefas profundas, valorizando uma rotina que privilegie <strong>concentra\u00e7\u00e3o sustentada<\/strong> e momentos de sil\u00eancio.<\/p>\n\n\n\n<p>Para aprofundarmos no tema, trouxemos o v\u00eddeo do perfil @dicasdotorele:<\/p>\n\n\n\n<blockquote class=\"tiktok-embed\" cite=\"https:\/\/www.tiktok.com\/@dicasdotorele\/video\/7531752307415977221\" data-video-id=\"7531752307415977221\" style=\"max-width: 605px;min-width: 325px;\" > <section> <a target=\"_blank\" title=\"@dicasdotorele\" href=\"https:\/\/www.tiktok.com\/@dicasdotorele?refer=embed\">@dicasdotorele<\/a> As pessoas que gostam de ficar sozinhas&#8230; . . . . .  <a title=\"fatos\" target=\"_blank\" href=\"https:\/\/www.tiktok.com\/tag\/fatos?refer=embed\">#fatos<\/a> <a title=\"teoria\" target=\"_blank\" href=\"https:\/\/www.tiktok.com\/tag\/teoria?refer=embed\">#teoria<\/a> <a title=\"curiosidades\" target=\"_blank\" href=\"https:\/\/www.tiktok.com\/tag\/curiosidades?refer=embed\">#curiosidades<\/a> <a title=\"pessoas\" target=\"_blank\" href=\"https:\/\/www.tiktok.com\/tag\/pessoas?refer=embed\">#pessoas<\/a> <a title=\"psicologia\" target=\"_blank\" href=\"https:\/\/www.tiktok.com\/tag\/psicologia?refer=embed\">#psicologia<\/a> <a title=\"saber\" target=\"_blank\" href=\"https:\/\/www.tiktok.com\/tag\/saber?refer=embed\">#saber<\/a> <a target=\"_blank\" title=\"\u266c som original - dicasdotorele\" href=\"https:\/\/www.tiktok.com\/music\/som-original-7531752317436070662?refer=embed\">\u266c som original &#8211; dicasdotorele<\/a> <\/section> <\/blockquote> <script async src=\"https:\/\/www.tiktok.com\/embed.js\"><\/script>\n\n\n\n<h2 class=\"wp-block-heading\">Como a cogni\u00e7\u00e3o introspectiva influencia os relacionamentos<\/h2>\n\n\n\n<p>Um tra\u00e7o frequente entre indiv\u00edduos que apreciam a solid\u00e3o \u00e9 a prefer\u00eancia por rela\u00e7\u00f5es em menor n\u00famero, por\u00e9m mais intensas e significativas. Em vez de grandes grupos, eles tendem a valorizar la\u00e7os marcados por <strong>afinidade intelectual<\/strong>, confian\u00e7a e trocas profundas, nas quais o sentimento de conex\u00e3o vem da qualidade da conversa.<\/p>\n\n\n\n<p>Conversas muito superficiais, repetitivas ou centradas apenas em assuntos triviais podem gerar <strong>cansa\u00e7o mental<\/strong>. J\u00e1 di\u00e1logos que envolvem curiosidade, questionamentos e an\u00e1lise de ideias funcionam como \u201ccombust\u00edvel\u201d para a mente introspectiva, favorecendo v\u00ednculos baseados em <strong>escuta genu\u00edna<\/strong> e respeito \u00e0s diferen\u00e7as.<\/p>\n\n\n\n<h2 class=\"wp-block-heading\">Como desenvolver a cogni\u00e7\u00e3o introspectiva no dia a dia<\/h2>\n\n\n\n<p>A <strong>cogni\u00e7\u00e3o introspectiva<\/strong> n\u00e3o \u00e9 exclusiva de um pequeno grupo; ela pode ser treinada e fortalecida com pr\u00e1ticas simples. Criar espa\u00e7os reais de sil\u00eancio \u00e9 um primeiro passo importante, reduzindo n\u00e3o apenas ru\u00eddos externos, mas tamb\u00e9m est\u00edmulos constantes, como redes sociais, mensagens e consumo ininterrupto de informa\u00e7\u00e3o.<\/p>\n\n\n\n<p>Outra pr\u00e1tica eficaz \u00e9 a <strong>escrita reflexiva<\/strong>, que ajuda a organizar ideias e esclarecer emo\u00e7\u00f5es pouco n\u00edtidas. Para tornar esse processo mais concreto, algumas estrat\u00e9gias pr\u00e1ticas podem ser incorporadas de forma gradual na rotina:<\/p>\n\n\n\n<ul class=\"wp-block-list\">\n<li><strong>Reduzir a superestimula\u00e7\u00e3o:<\/strong> diminuir o tempo de tela, filtrar not\u00edcias e evitar alternar de tarefa em tarefa a todo momento.<\/li>\n\n\n\n<li><strong>Fazer perguntas claras a si mesmo:<\/strong> em vez de \u201cpor que isso acontece comigo?\u201d, usar quest\u00f5es como \u201co que posso aprender com essa situa\u00e7\u00e3o?\u201d.<\/li>\n\n\n\n<li><strong>Praticar aten\u00e7\u00e3o plena:<\/strong> t\u00e9cnicas de respira\u00e7\u00e3o ou medita\u00e7\u00e3o ajudam a observar pensamentos sem se perder neles.<\/li>\n\n\n\n<li><strong>Aproveitar momentos simples:<\/strong> caminhadas, banhos demorados ou atividades repetitivas podem se tornar oportunidades de reflex\u00e3o.<\/li>\n<\/ul>\n\n\n\n<figure class=\"wp-block-image size-large\"><img decoding=\"async\" width=\"1024\" height=\"576\" src=\"https:\/\/www.correiobraziliense.com.br\/cbradar\/wp-content\/uploads\/2026\/01\/\u2705-BANNER-MYTH-3-10-1024x576.png\" alt=\"O que a Psicologia diz sobre as pessoas que amam ficar sozinhas\" class=\"wp-image-171996\" srcset=\"https:\/\/www.correiobraziliense.com.br\/cbradar\/wp-content\/uploads\/2026\/01\/\u2705-BANNER-MYTH-3-10-1024x576.png 1024w, https:\/\/www.correiobraziliense.com.br\/cbradar\/wp-content\/uploads\/2026\/01\/\u2705-BANNER-MYTH-3-10-300x169.png 300w, https:\/\/www.correiobraziliense.com.br\/cbradar\/wp-content\/uploads\/2026\/01\/\u2705-BANNER-MYTH-3-10-768x432.png 768w, https:\/\/www.correiobraziliense.com.br\/cbradar\/wp-content\/uploads\/2026\/01\/\u2705-BANNER-MYTH-3-10-750x422.png 750w, https:\/\/www.correiobraziliense.com.br\/cbradar\/wp-content\/uploads\/2026\/01\/\u2705-BANNER-MYTH-3-10-1140x641.png 1140w, https:\/\/www.correiobraziliense.com.br\/cbradar\/wp-content\/uploads\/2026\/01\/\u2705-BANNER-MYTH-3-10.png 1280w\" sizes=\"(max-width: 1024px) 100vw, 1024px\" \/><figcaption class=\"wp-element-caption\">Cogni\u00e7\u00e3o introspectiva ativa define solid\u00e3o volunt\u00e1ria, distinta de isolamento, com foco em processamento mental aut\u00f4nomo<\/figcaption><\/figure>\n\n\n\n<h2 class=\"wp-block-heading\">Como diferenciar introspec\u00e7\u00e3o saud\u00e1vel de rumina\u00e7\u00e3o<\/h2>\n\n\n\n<p>Olhar para dentro \u00e9 considerado produtivo quando ajuda a <strong>compreender melhor situa\u00e7\u00f5es<\/strong>, ajustar comportamentos e tomar decis\u00f5es mais conscientes. A introspec\u00e7\u00e3o perde utilidade quando se transforma em <strong>rumina\u00e7\u00e3o<\/strong>, isto \u00e9, quando a mente gira em c\u00edrculos sempre sobre os mesmos temas, sem gerar novos entendimentos nem a\u00e7\u00f5es concretas.<\/p>\n\n\n\n<p>Um sinal de alerta \u00e9 a sensa\u00e7\u00e3o de estar preso \u00e0s mesmas perguntas, sem avan\u00e7o ou al\u00edvio emocional. Nesses casos, mudar de atividade, conversar com algu\u00e9m de confian\u00e7a, registrar pensamentos por escrito ou buscar apoio profissional pode ser \u00fatil, combinando <strong>reflex\u00e3o e a\u00e7\u00e3o<\/strong> para que a solid\u00e3o escolhida se torne um espa\u00e7o de elabora\u00e7\u00e3o, clareza e crescimento interno.<\/p>\n","protected":false},"excerpt":{"rendered":"<p>Solid\u00e3o inteligente: entenda a cogni\u00e7\u00e3o introspectiva, seus benef\u00edcios, como desenvolv\u00ea\u2011la no dia a dia e transformar estar s\u00f3 em for\u00e7a interior.<\/p>\n","protected":false},"author":3,"featured_media":174642,"comment_status":"open","ping_status":"open","sticky":false,"template":"","format":"standard","meta":{"jnews-multi-image_gallery":[],"jnews_single_post":{"format":"standard"},"jnews_primary_category":[],"jnews_social_meta":[],"jnews_override_counter":[],"footnotes":""},"categories":[112],"post_tag":[11341,6396,144,404,10437],"class_list":["post-171994","post","type-post","status-publish","format-standard","has-post-thumbnail","hentry","category-curiosidades","tag-barulhos","tag-cognicao","tag-curiosidades","tag-psicologia","tag-sentimentos"],"yoast_head":"<!-- This site is optimized with the Yoast SEO plugin v24.6 - https:\/\/yoast.com\/wordpress\/plugins\/seo\/ -->\n<title>O que a Psicologia diz sobre as pessoas que amam ficar sozinhas<\/title>\n<meta name=\"description\" content=\"Solid\u00e3o inteligente: entenda a cogni\u00e7\u00e3o introspectiva, seus benef\u00edcios, como desenvolv\u00ea\u2011la no dia a dia e transformar estar s\u00f3 em for\u00e7a interior.\" \/>\n<meta name=\"robots\" content=\"index, follow, max-snippet:-1, max-image-preview:large, max-video-preview:-1\" \/>\n<link rel=\"canonical\" href=\"https:\/\/www.correiobraziliense.com.br\/cbradar\/o-que-a-psicologia-diz-sobre-as-pessoas-que-amam-ficar-sozinhas\/\" \/>\n<meta property=\"og:locale\" content=\"pt_BR\" \/>\n<meta property=\"og:type\" content=\"article\" \/>\n<meta property=\"og:title\" content=\"O que a Psicologia diz sobre as pessoas que amam ficar sozinhas\" \/>\n<meta property=\"og:description\" content=\"Solid\u00e3o inteligente: entenda a cogni\u00e7\u00e3o introspectiva, seus benef\u00edcios, como desenvolv\u00ea\u2011la no dia a dia e transformar estar s\u00f3 em for\u00e7a interior.\" \/>\n<meta property=\"og:url\" content=\"https:\/\/www.correiobraziliense.com.br\/cbradar\/o-que-a-psicologia-diz-sobre-as-pessoas-que-amam-ficar-sozinhas\/\" \/>\n<meta property=\"og:site_name\" content=\"Correio Braziliense - Radar\" \/>\n<meta property=\"article:published_time\" content=\"2026-01-14T12:45:00+00:00\" \/>\n<meta property=\"og:image\" content=\"https:\/\/www.correiobraziliense.com.br\/cbradar\/wp-content\/uploads\/2026\/01\/freepik__imagem-realista-de-uma-pessoa-amando-ficar-sozinha__65193.png\" \/>\n\t<meta property=\"og:image:width\" content=\"1280\" \/>\n\t<meta property=\"og:image:height\" content=\"720\" \/>\n\t<meta property=\"og:image:type\" content=\"image\/png\" \/>\n<meta name=\"author\" content=\"Larissa Carvalho\" \/>\n<meta name=\"twitter:card\" content=\"summary_large_image\" \/>\n<meta name=\"twitter:label1\" content=\"Escrito por\" \/>\n\t<meta name=\"twitter:data1\" content=\"Larissa Carvalho\" \/>\n\t<meta name=\"twitter:label2\" content=\"Est. tempo de leitura\" \/>\n\t<meta name=\"twitter:data2\" content=\"5 minutos\" \/>\n<!-- \/ Yoast SEO plugin. -->","yoast_head_json":{"title":"O que a Psicologia diz sobre as pessoas que amam ficar sozinhas","description":"Solid\u00e3o inteligente: entenda a cogni\u00e7\u00e3o introspectiva, seus benef\u00edcios, como desenvolv\u00ea\u2011la no dia a dia e transformar estar s\u00f3 em for\u00e7a interior.","robots":{"index":"index","follow":"follow","max-snippet":"max-snippet:-1","max-image-preview":"max-image-preview:large","max-video-preview":"max-video-preview:-1"},"canonical":"https:\/\/www.correiobraziliense.com.br\/cbradar\/o-que-a-psicologia-diz-sobre-as-pessoas-que-amam-ficar-sozinhas\/","og_locale":"pt_BR","og_type":"article","og_title":"O que a Psicologia diz sobre as pessoas que amam ficar sozinhas","og_description":"Solid\u00e3o inteligente: entenda a cogni\u00e7\u00e3o introspectiva, seus benef\u00edcios, como desenvolv\u00ea\u2011la no dia a dia e transformar estar s\u00f3 em for\u00e7a interior.","og_url":"https:\/\/www.correiobraziliense.com.br\/cbradar\/o-que-a-psicologia-diz-sobre-as-pessoas-que-amam-ficar-sozinhas\/","og_site_name":"Correio Braziliense - Radar","article_published_time":"2026-01-14T12:45:00+00:00","og_image":[{"width":1280,"height":720,"url":"https:\/\/www.correiobraziliense.com.br\/cbradar\/wp-content\/uploads\/2026\/01\/freepik__imagem-realista-de-uma-pessoa-amando-ficar-sozinha__65193.png","type":"image\/png"}],"author":"Larissa Carvalho","twitter_card":"summary_large_image","twitter_misc":{"Escrito por":"Larissa Carvalho","Est. tempo de leitura":"5 minutos"},"schema":{"@context":"https:\/\/schema.org","@graph":[{"@type":"WebPage","@id":"https:\/\/www.correiobraziliense.com.br\/cbradar\/o-que-a-psicologia-diz-sobre-as-pessoas-que-amam-ficar-sozinhas\/","url":"https:\/\/www.correiobraziliense.com.br\/cbradar\/o-que-a-psicologia-diz-sobre-as-pessoas-que-amam-ficar-sozinhas\/","name":"O que a Psicologia diz sobre as pessoas que amam ficar sozinhas","isPartOf":{"@id":"https:\/\/www.correiobraziliense.com.br\/cbradar\/#website"},"primaryImageOfPage":{"@id":"https:\/\/www.correiobraziliense.com.br\/cbradar\/o-que-a-psicologia-diz-sobre-as-pessoas-que-amam-ficar-sozinhas\/#primaryimage"},"image":{"@id":"https:\/\/www.correiobraziliense.com.br\/cbradar\/o-que-a-psicologia-diz-sobre-as-pessoas-que-amam-ficar-sozinhas\/#primaryimage"},"thumbnailUrl":"https:\/\/www.correiobraziliense.com.br\/cbradar\/wp-content\/uploads\/2026\/01\/freepik__imagem-realista-de-uma-pessoa-amando-ficar-sozinha__65193.png","datePublished":"2026-01-14T12:45:00+00:00","author":{"@id":"https:\/\/www.correiobraziliense.com.br\/cbradar\/#\/schema\/person\/58422787644df994b53a19d3e56c1513"},"description":"Solid\u00e3o inteligente: entenda a cogni\u00e7\u00e3o introspectiva, seus benef\u00edcios, como desenvolv\u00ea\u2011la no dia a dia e transformar estar s\u00f3 em for\u00e7a interior.","breadcrumb":{"@id":"https:\/\/www.correiobraziliense.com.br\/cbradar\/o-que-a-psicologia-diz-sobre-as-pessoas-que-amam-ficar-sozinhas\/#breadcrumb"},"inLanguage":"pt-BR","potentialAction":[{"@type":"ReadAction","target":["https:\/\/www.correiobraziliense.com.br\/cbradar\/o-que-a-psicologia-diz-sobre-as-pessoas-que-amam-ficar-sozinhas\/"]}]},{"@type":"ImageObject","inLanguage":"pt-BR","@id":"https:\/\/www.correiobraziliense.com.br\/cbradar\/o-que-a-psicologia-diz-sobre-as-pessoas-que-amam-ficar-sozinhas\/#primaryimage","url":"https:\/\/www.correiobraziliense.com.br\/cbradar\/wp-content\/uploads\/2026\/01\/freepik__imagem-realista-de-uma-pessoa-amando-ficar-sozinha__65193.png","contentUrl":"https:\/\/www.correiobraziliense.com.br\/cbradar\/wp-content\/uploads\/2026\/01\/freepik__imagem-realista-de-uma-pessoa-amando-ficar-sozinha__65193.png","width":1280,"height":720,"caption":"A solid\u00e3o escolhida pode ser uma experi\u00eancia positiva e consciente"},{"@type":"BreadcrumbList","@id":"https:\/\/www.correiobraziliense.com.br\/cbradar\/o-que-a-psicologia-diz-sobre-as-pessoas-que-amam-ficar-sozinhas\/#breadcrumb","itemListElement":[{"@type":"ListItem","position":1,"name":"In\u00edcio","item":"https:\/\/www.correiobraziliense.com.br\/cbradar\/"},{"@type":"ListItem","position":2,"name":"O que a Psicologia diz sobre as pessoas que amam ficar sozinhas"}]},{"@type":"WebSite","@id":"https:\/\/www.correiobraziliense.com.br\/cbradar\/#website","url":"https:\/\/www.correiobraziliense.com.br\/cbradar\/","name":"Correio Braziliense - Radar","description":"Acompanhe as \u00faltimas not\u00edcias e fique bem informado sobre tudo o que acontece no Brasil e no mundo.","potentialAction":[{"@type":"SearchAction","target":{"@type":"EntryPoint","urlTemplate":"https:\/\/www.correiobraziliense.com.br\/cbradar\/?s={search_term_string}"},"query-input":{"@type":"PropertyValueSpecification","valueRequired":true,"valueName":"search_term_string"}}],"inLanguage":"pt-BR"},{"@type":"Person","@id":"https:\/\/www.correiobraziliense.com.br\/cbradar\/#\/schema\/person\/58422787644df994b53a19d3e56c1513","name":"Larissa Carvalho","image":{"@type":"ImageObject","inLanguage":"pt-BR","@id":"https:\/\/www.correiobraziliense.com.br\/cbradar\/#\/schema\/person\/image\/","url":"https:\/\/secure.gravatar.com\/avatar\/fe4f91a0de32b52a838d0d612abdc1aa?s=96&d=mm&r=g","contentUrl":"https:\/\/secure.gravatar.com\/avatar\/fe4f91a0de32b52a838d0d612abdc1aa?s=96&d=mm&r=g","caption":"Larissa Carvalho"},"url":"https:\/\/www.correiobraziliense.com.br\/cbradar\/author\/larissamyth\/"}]}},"_links":{"self":[{"href":"https:\/\/www.correiobraziliense.com.br\/cbradar\/wp-json\/wp\/v2\/posts\/171994","targetHints":{"allow":["GET"]}}],"collection":[{"href":"https:\/\/www.correiobraziliense.com.br\/cbradar\/wp-json\/wp\/v2\/posts"}],"about":[{"href":"https:\/\/www.correiobraziliense.com.br\/cbradar\/wp-json\/wp\/v2\/types\/post"}],"author":[{"embeddable":true,"href":"https:\/\/www.correiobraziliense.com.br\/cbradar\/wp-json\/wp\/v2\/users\/3"}],"replies":[{"embeddable":true,"href":"https:\/\/www.correiobraziliense.com.br\/cbradar\/wp-json\/wp\/v2\/comments?post=171994"}],"version-history":[{"count":2,"href":"https:\/\/www.correiobraziliense.com.br\/cbradar\/wp-json\/wp\/v2\/posts\/171994\/revisions"}],"predecessor-version":[{"id":171997,"href":"https:\/\/www.correiobraziliense.com.br\/cbradar\/wp-json\/wp\/v2\/posts\/171994\/revisions\/171997"}],"wp:featuredmedia":[{"embeddable":true,"href":"https:\/\/www.correiobraziliense.com.br\/cbradar\/wp-json\/wp\/v2\/media\/174642"}],"wp:attachment":[{"href":"https:\/\/www.correiobraziliense.com.br\/cbradar\/wp-json\/wp\/v2\/media?parent=171994"}],"wp:term":[{"taxonomy":"category","embeddable":true,"href":"https:\/\/www.correiobraziliense.com.br\/cbradar\/wp-json\/wp\/v2\/categories?post=171994"},{"taxonomy":"post_tag","embeddable":true,"href":"https:\/\/www.correiobraziliense.com.br\/cbradar\/wp-json\/wp\/v2\/post_tag?post=171994"}],"curies":[{"name":"wp","href":"https:\/\/api.w.org\/{rel}","templated":true}]}}