{"id":17200,"date":"2025-03-31T21:10:00","date_gmt":"2025-04-01T00:10:00","guid":{"rendered":"https:\/\/www.correiobraziliense.com.br\/cbradar\/?p=17200"},"modified":"2025-03-30T14:30:52","modified_gmt":"2025-03-30T17:30:52","slug":"confira-o-problema-dos-carros-autonomos-que-ninguem-percebeu","status":"publish","type":"post","link":"https:\/\/www.correiobraziliense.com.br\/cbradar\/confira-o-problema-dos-carros-autonomos-que-ninguem-percebeu\/","title":{"rendered":"Confira o problema dos carros aut\u00f4nomos que ningu\u00e9m percebeu"},"content":{"rendered":"\n<p>Com o avan\u00e7o da tecnologia, os ve\u00edculos aut\u00f4nomos est\u00e3o se tornando uma presen\u00e7a cada vez mais comum nas estradas. No entanto, a legisla\u00e7\u00e3o de tr\u00e2nsito ainda n\u00e3o est\u00e1 totalmente preparada para lidar com essa nova realidade. Um estudo recente da <strong>Charles Darwin University<\/strong>, na <strong>Austr\u00e1lia<\/strong>, destaca a necessidade urgente de adaptar as leis de tr\u00e2nsito, que atualmente s\u00e3o voltadas principalmente para motoristas humanos.<\/p>\n\n\n\n<p>O estudo, publicado na Computer <strong>Law and Security Review<\/strong>, examina as limita\u00e7\u00f5es das leis de tr\u00e2nsito vigentes quando aplicadas a ve\u00edculos automatizados. Esses ve\u00edculos, capazes de operar sem interven\u00e7\u00e3o humana, desafiam a estrutura legal existente, que foi desenvolvida com base na presen\u00e7a de um motorista humano ao volante.<\/p>\n\n\n\n<h2 class=\"wp-block-heading\"><strong>Quais s\u00e3o as limita\u00e7\u00f5es das leis atuais?<\/strong><\/h2>\n\n\n\n<p>Na Austr\u00e1lia, por exemplo, as leis de tr\u00e2nsito, como o poder de um policial para ordenar que um ve\u00edculo pare, est\u00e3o centradas no conceito de motorista humano. No <strong>Road Traffic Act<\/strong> da <strong>Austr\u00e1lia do Sul<\/strong>, um motorista \u00e9 definido como uma &#8220;pessoa&#8221;, o que complica a aplica\u00e7\u00e3o dessas leis a ve\u00edculos aut\u00f4nomos. Essa defini\u00e7\u00e3o legal limita a capacidade de fiscaliza\u00e7\u00e3o e controle sobre os ve\u00edculos que operam de forma aut\u00f4noma.<\/p>\n\n\n\n<p>Por outro lado, algumas legisla\u00e7\u00f5es, como as que regulam o transporte de passageiros em Nova Gales do Sul, j\u00e1 permitem que ve\u00edculos sejam parados independentemente de quem esteja dirigindo. Isso sugere que tais leis poderiam servir de modelo para a atualiza\u00e7\u00e3o das regulamenta\u00e7\u00f5es de tr\u00e2nsito, focando no ve\u00edculo em vez do motorista.<\/p>\n\n\n\n<figure class=\"wp-block-image size-large\"><img decoding=\"async\" width=\"1024\" height=\"576\" src=\"https:\/\/www.correiobraziliense.com.br\/cbradar\/wp-content\/uploads\/2025\/03\/carros-autonomos_1743275952902-1024x576.jpg\" alt=\"Confira o problema dos carros aut\u00f4nomos que ningu\u00e9m percebeu\" class=\"wp-image-17202\" srcset=\"https:\/\/www.correiobraziliense.com.br\/cbradar\/wp-content\/uploads\/2025\/03\/carros-autonomos_1743275952902-1024x576.jpg 1024w, https:\/\/www.correiobraziliense.com.br\/cbradar\/wp-content\/uploads\/2025\/03\/carros-autonomos_1743275952902-300x169.jpg 300w, https:\/\/www.correiobraziliense.com.br\/cbradar\/wp-content\/uploads\/2025\/03\/carros-autonomos_1743275952902-768x432.jpg 768w, https:\/\/www.correiobraziliense.com.br\/cbradar\/wp-content\/uploads\/2025\/03\/carros-autonomos_1743275952902-750x422.jpg 750w, https:\/\/www.correiobraziliense.com.br\/cbradar\/wp-content\/uploads\/2025\/03\/carros-autonomos_1743275952902-1140x642.jpg 1140w, https:\/\/www.correiobraziliense.com.br\/cbradar\/wp-content\/uploads\/2025\/03\/carros-autonomos_1743275952902.jpg 1279w\" sizes=\"(max-width: 1024px) 100vw, 1024px\" \/><figcaption class=\"wp-element-caption\">carros aut\u00f4nomos. Cr\u00e9ditos: depositphotos.com \/ chesky_w<\/figcaption><\/figure>\n\n\n\n<h2 class=\"wp-block-heading\"><strong>Como adaptar as leis para a era dos ve\u00edculos aut\u00f4nomos?<\/strong><\/h2>\n\n\n\n<p>Os pesquisadores sugerem que, com a crescente aceita\u00e7\u00e3o dos ve\u00edculos aut\u00f4nomos, \u00e9 crucial que as leis de tr\u00e2nsito evoluam para refletir essa mudan\u00e7a. A proposta \u00e9 que as regulamenta\u00e7\u00f5es sejam adaptadas para considerar o ve\u00edculo como o foco principal, permitindo que a fiscaliza\u00e7\u00e3o nas estradas continue eficaz, mesmo na aus\u00eancia de um motorista humano.<\/p>\n\n\n\n<p>Atualmente, a Austr\u00e1lia est\u00e1 desenvolvendo uma estrutura nacional para ve\u00edculos aut\u00f4nomos, mas ainda n\u00e3o h\u00e1 uma regulamenta\u00e7\u00e3o integrada. A pesquisa alerta que, \u00e0 medida que a automa\u00e7\u00e3o aumenta, as leis de tr\u00e2nsito precisam se adaptar para lidar com a nova realidade dos ve\u00edculos aut\u00f4nomos.<\/p>\n\n\n\n<h2 class=\"wp-block-heading\"><strong>O que o futuro reserva para a legisla\u00e7\u00e3o de ve\u00edculos aut\u00f4nomos?<\/strong><\/h2>\n\n\n\n<p>Com a crescente ado\u00e7\u00e3o de ve\u00edculos aut\u00f4nomos, \u00e9 inevit\u00e1vel que novas legisla\u00e7\u00f5es surjam para contemplar essa tecnologia. A transi\u00e7\u00e3o para um sistema de transporte mais automatizado exigir\u00e1 n\u00e3o apenas ajustes nas leis existentes, mas tamb\u00e9m a cria\u00e7\u00e3o de novas regulamenta\u00e7\u00f5es que garantam a seguran\u00e7a e a efici\u00eancia nas estradas.<\/p>\n\n\n\n<p>Enquanto os ve\u00edculos aut\u00f4nomos continuam a evoluir, a legisla\u00e7\u00e3o precisa acompanhar esse ritmo para garantir que a tecnologia seja integrada de forma segura e eficaz na sociedade. A adapta\u00e7\u00e3o das leis de tr\u00e2nsito \u00e9 um passo crucial para garantir que os benef\u00edcios dos ve\u00edculos aut\u00f4nomos possam ser plenamente realizados.<\/p>\n","protected":false},"excerpt":{"rendered":"<p>Ve\u00edculos aut\u00f4nomos mudam o panorama das estradas, mas as leis de tr\u00e2nsito ainda n\u00e3o est\u00e3o adaptadas a essa realidade.<\/p>\n","protected":false},"author":3,"featured_media":17201,"comment_status":"open","ping_status":"open","sticky":false,"template":"","format":"standard","meta":{"_yoast_wpseo_focuskw":"carros aut\u00f4nomos","_yoast_wpseo_title":"%%title%%","_yoast_wpseo_metadesc":"Ve\u00edculos aut\u00f4nomos mudam o panorama das estradas, mas as leis de tr\u00e2nsito ainda n\u00e3o est\u00e3o adaptadas a essa realidade.","jnews-multi-image_gallery":[],"jnews_single_post":{"format":"standard"},"jnews_primary_category":[],"jnews_social_meta":[],"jnews_override_counter":[],"footnotes":""},"categories":[122],"tags":[2617],"class_list":["post-17200","post","type-post","status-publish","format-standard","has-post-thumbnail","hentry","category-automobilismo","tag-carros-autonomos"],"yoast_head":"<!-- This site is optimized with the Yoast SEO plugin v24.6 - https:\/\/yoast.com\/wordpress\/plugins\/seo\/ -->\n<title>Confira o problema dos carros aut\u00f4nomos que ningu\u00e9m percebeu<\/title>\n<meta name=\"description\" content=\"Ve\u00edculos aut\u00f4nomos mudam o panorama das estradas, mas as leis de tr\u00e2nsito ainda n\u00e3o est\u00e3o adaptadas a essa realidade.\" \/>\n<meta name=\"robots\" content=\"index, follow, max-snippet:-1, max-image-preview:large, max-video-preview:-1\" \/>\n<link rel=\"canonical\" href=\"https:\/\/www.correiobraziliense.com.br\/cbradar\/confira-o-problema-dos-carros-autonomos-que-ninguem-percebeu\/\" \/>\n<meta property=\"og:locale\" content=\"pt_BR\" \/>\n<meta property=\"og:type\" content=\"article\" \/>\n<meta property=\"og:title\" content=\"Confira o problema dos carros aut\u00f4nomos que ningu\u00e9m percebeu\" \/>\n<meta property=\"og:description\" content=\"Ve\u00edculos aut\u00f4nomos mudam o panorama das estradas, mas as leis de tr\u00e2nsito ainda n\u00e3o est\u00e3o adaptadas a essa realidade.\" \/>\n<meta property=\"og:url\" content=\"https:\/\/www.correiobraziliense.com.br\/cbradar\/confira-o-problema-dos-carros-autonomos-que-ninguem-percebeu\/\" \/>\n<meta property=\"og:site_name\" content=\"Correio Braziliense - Radar\" \/>\n<meta property=\"article:published_time\" content=\"2025-04-01T00:10:00+00:00\" \/>\n<meta property=\"og:image\" content=\"https:\/\/www.correiobraziliense.com.br\/cbradar\/wp-content\/uploads\/2025\/03\/carros-autonomos_1743275883439.jpg\" \/>\n\t<meta property=\"og:image:width\" content=\"1280\" \/>\n\t<meta property=\"og:image:height\" content=\"720\" \/>\n\t<meta property=\"og:image:type\" content=\"image\/jpeg\" \/>\n<meta name=\"author\" content=\"Larissa Carvalho\" \/>\n<meta name=\"twitter:card\" content=\"summary_large_image\" \/>\n<meta name=\"twitter:label1\" content=\"Escrito por\" \/>\n\t<meta name=\"twitter:data1\" content=\"Larissa Carvalho\" \/>\n\t<meta name=\"twitter:label2\" content=\"Est. tempo de leitura\" \/>\n\t<meta name=\"twitter:data2\" content=\"3 minutos\" \/>\n<!-- \/ Yoast SEO plugin. -->","yoast_head_json":{"title":"Confira o problema dos carros aut\u00f4nomos que ningu\u00e9m percebeu","description":"Ve\u00edculos aut\u00f4nomos mudam o panorama das estradas, mas as leis de tr\u00e2nsito ainda n\u00e3o est\u00e3o adaptadas a essa realidade.","robots":{"index":"index","follow":"follow","max-snippet":"max-snippet:-1","max-image-preview":"max-image-preview:large","max-video-preview":"max-video-preview:-1"},"canonical":"https:\/\/www.correiobraziliense.com.br\/cbradar\/confira-o-problema-dos-carros-autonomos-que-ninguem-percebeu\/","og_locale":"pt_BR","og_type":"article","og_title":"Confira o problema dos carros aut\u00f4nomos que ningu\u00e9m percebeu","og_description":"Ve\u00edculos aut\u00f4nomos mudam o panorama das estradas, mas as leis de tr\u00e2nsito ainda n\u00e3o est\u00e3o adaptadas a essa realidade.","og_url":"https:\/\/www.correiobraziliense.com.br\/cbradar\/confira-o-problema-dos-carros-autonomos-que-ninguem-percebeu\/","og_site_name":"Correio Braziliense - Radar","article_published_time":"2025-04-01T00:10:00+00:00","og_image":[{"width":1280,"height":720,"url":"https:\/\/www.correiobraziliense.com.br\/cbradar\/wp-content\/uploads\/2025\/03\/carros-autonomos_1743275883439.jpg","type":"image\/jpeg"}],"author":"Larissa Carvalho","twitter_card":"summary_large_image","twitter_misc":{"Escrito por":"Larissa Carvalho","Est. tempo de leitura":"3 minutos"},"schema":{"@context":"https:\/\/schema.org","@graph":[{"@type":"WebPage","@id":"https:\/\/www.correiobraziliense.com.br\/cbradar\/confira-o-problema-dos-carros-autonomos-que-ninguem-percebeu\/","url":"https:\/\/www.correiobraziliense.com.br\/cbradar\/confira-o-problema-dos-carros-autonomos-que-ninguem-percebeu\/","name":"Confira o problema dos carros aut\u00f4nomos que ningu\u00e9m percebeu","isPartOf":{"@id":"https:\/\/www.correiobraziliense.com.br\/cbradar\/#website"},"primaryImageOfPage":{"@id":"https:\/\/www.correiobraziliense.com.br\/cbradar\/confira-o-problema-dos-carros-autonomos-que-ninguem-percebeu\/#primaryimage"},"image":{"@id":"https:\/\/www.correiobraziliense.com.br\/cbradar\/confira-o-problema-dos-carros-autonomos-que-ninguem-percebeu\/#primaryimage"},"thumbnailUrl":"https:\/\/www.correiobraziliense.com.br\/cbradar\/wp-content\/uploads\/2025\/03\/carros-autonomos_1743275883439.jpg","datePublished":"2025-04-01T00:10:00+00:00","author":{"@id":"https:\/\/www.correiobraziliense.com.br\/cbradar\/#\/schema\/person\/58422787644df994b53a19d3e56c1513"},"description":"Ve\u00edculos aut\u00f4nomos mudam o panorama das estradas, mas as leis de tr\u00e2nsito ainda n\u00e3o est\u00e3o adaptadas a essa realidade.","breadcrumb":{"@id":"https:\/\/www.correiobraziliense.com.br\/cbradar\/confira-o-problema-dos-carros-autonomos-que-ninguem-percebeu\/#breadcrumb"},"inLanguage":"pt-BR","potentialAction":[{"@type":"ReadAction","target":["https:\/\/www.correiobraziliense.com.br\/cbradar\/confira-o-problema-dos-carros-autonomos-que-ninguem-percebeu\/"]}]},{"@type":"ImageObject","inLanguage":"pt-BR","@id":"https:\/\/www.correiobraziliense.com.br\/cbradar\/confira-o-problema-dos-carros-autonomos-que-ninguem-percebeu\/#primaryimage","url":"https:\/\/www.correiobraziliense.com.br\/cbradar\/wp-content\/uploads\/2025\/03\/carros-autonomos_1743275883439.jpg","contentUrl":"https:\/\/www.correiobraziliense.com.br\/cbradar\/wp-content\/uploads\/2025\/03\/carros-autonomos_1743275883439.jpg","width":1280,"height":720,"caption":"carros aut\u00f4nomos. Cr\u00e9ditos: depositphotos.com \/ Yucalora"},{"@type":"BreadcrumbList","@id":"https:\/\/www.correiobraziliense.com.br\/cbradar\/confira-o-problema-dos-carros-autonomos-que-ninguem-percebeu\/#breadcrumb","itemListElement":[{"@type":"ListItem","position":1,"name":"In\u00edcio","item":"https:\/\/www.correiobraziliense.com.br\/cbradar\/"},{"@type":"ListItem","position":2,"name":"Confira o problema dos carros aut\u00f4nomos que ningu\u00e9m percebeu"}]},{"@type":"WebSite","@id":"https:\/\/www.correiobraziliense.com.br\/cbradar\/#website","url":"https:\/\/www.correiobraziliense.com.br\/cbradar\/","name":"Correio Braziliense - Radar","description":"Acompanhe as \u00faltimas not\u00edcias e fique bem informado sobre tudo o que acontece no Brasil e no mundo.","potentialAction":[{"@type":"SearchAction","target":{"@type":"EntryPoint","urlTemplate":"https:\/\/www.correiobraziliense.com.br\/cbradar\/?s={search_term_string}"},"query-input":{"@type":"PropertyValueSpecification","valueRequired":true,"valueName":"search_term_string"}}],"inLanguage":"pt-BR"},{"@type":"Person","@id":"https:\/\/www.correiobraziliense.com.br\/cbradar\/#\/schema\/person\/58422787644df994b53a19d3e56c1513","name":"Larissa Carvalho","image":{"@type":"ImageObject","inLanguage":"pt-BR","@id":"https:\/\/www.correiobraziliense.com.br\/cbradar\/#\/schema\/person\/image\/","url":"https:\/\/secure.gravatar.com\/avatar\/fe4f91a0de32b52a838d0d612abdc1aa?s=96&d=mm&r=g","contentUrl":"https:\/\/secure.gravatar.com\/avatar\/fe4f91a0de32b52a838d0d612abdc1aa?s=96&d=mm&r=g","caption":"Larissa Carvalho"},"url":"https:\/\/www.correiobraziliense.com.br\/cbradar\/author\/larissamyth\/"}]}},"_links":{"self":[{"href":"https:\/\/www.correiobraziliense.com.br\/cbradar\/wp-json\/wp\/v2\/posts\/17200","targetHints":{"allow":["GET"]}}],"collection":[{"href":"https:\/\/www.correiobraziliense.com.br\/cbradar\/wp-json\/wp\/v2\/posts"}],"about":[{"href":"https:\/\/www.correiobraziliense.com.br\/cbradar\/wp-json\/wp\/v2\/types\/post"}],"author":[{"embeddable":true,"href":"https:\/\/www.correiobraziliense.com.br\/cbradar\/wp-json\/wp\/v2\/users\/3"}],"replies":[{"embeddable":true,"href":"https:\/\/www.correiobraziliense.com.br\/cbradar\/wp-json\/wp\/v2\/comments?post=17200"}],"version-history":[{"count":1,"href":"https:\/\/www.correiobraziliense.com.br\/cbradar\/wp-json\/wp\/v2\/posts\/17200\/revisions"}],"predecessor-version":[{"id":17203,"href":"https:\/\/www.correiobraziliense.com.br\/cbradar\/wp-json\/wp\/v2\/posts\/17200\/revisions\/17203"}],"wp:featuredmedia":[{"embeddable":true,"href":"https:\/\/www.correiobraziliense.com.br\/cbradar\/wp-json\/wp\/v2\/media\/17201"}],"wp:attachment":[{"href":"https:\/\/www.correiobraziliense.com.br\/cbradar\/wp-json\/wp\/v2\/media?parent=17200"}],"wp:term":[{"taxonomy":"category","embeddable":true,"href":"https:\/\/www.correiobraziliense.com.br\/cbradar\/wp-json\/wp\/v2\/categories?post=17200"},{"taxonomy":"post_tag","embeddable":true,"href":"https:\/\/www.correiobraziliense.com.br\/cbradar\/wp-json\/wp\/v2\/tags?post=17200"}],"curies":[{"name":"wp","href":"https:\/\/api.w.org\/{rel}","templated":true}]}}